{"id":208646,"date":"2026-02-11T15:10:27","date_gmt":"2026-02-11T18:10:27","guid":{"rendered":"https:\/\/portaltela.pt\/noticias\/2026\/02\/11\/dgs-confirma-ausencia-de-intoxicacao-por-leite-artificial-infantil-em-portugal\/"},"modified":"2026-02-11T15:10:27","modified_gmt":"2026-02-11T18:10:27","slug":"dgs-confirma-ausencia-de-intoxicacao-por-leite-artificial-infantil-em-portugal","status":"publish","type":"post","link":"https:\/\/portaltela.pt\/noticias\/2026\/02\/11\/dgs-confirma-ausencia-de-intoxicacao-por-leite-artificial-infantil-em-portugal\/","title":{"rendered":"DGS confirma aus\u00eancia de intoxica\u00e7\u00e3o por leite artificial infantil em Portugal"},"content":{"rendered":"<p>A Dire\u00e7\u00e3o-Geral da Sa\u00fade afirmou nesta quarta-feira que n\u00e3o h\u00e1 casos confirmados de intoxica\u00e7\u00e3o por leite artificial infantil em Portugal. Lotes est\u00e3o a ser retirados do mercado por iniciativa de duas empresas.<\/p>\n<p>As retiradas devem-se a contamina\u00e7\u00e3o com a toxina em\u00e9tica cereulida, associada a Bacillus cereus, pelo que t\u00eam sido emitidos alertas pelas autoridades europeias de sa\u00fade e seguran\u00e7a alimentar.<\/p>\n<p>A recolha \u00e9 volunt\u00e1ria e envolve os produtos NAN e Aptamil, fabricados pela Nestl\u00e9 e pela Danone. A DGS coordena a opera\u00e7\u00e3o com a DGAV e a ASAE.<\/p>\n<p>A lista completa dos lotes est\u00e1 dispon\u00edvel nos sites das marcas. Caso tenha adquirido o leite, verifique o n\u00famero de lote e comunique \u00e0 marca se o lote consta da lista.<\/p>\n<p>A DGS refere que o risco global na Europa \u00e9 moderado para lactentes expostos a lotes identificados, e que a retirada do mercado tem sido refor\u00e7ada pela EU. O risco tende a diminuir.<\/p>\n<p>Quem comprou leite infantil deve suspender o uso se o lote constar da lista e contactar a marca para instru\u00e7\u00f5es de devolu\u00e7\u00e3o. Em caso de ingest\u00e3o, manter vigil\u00e2ncia durante seis horas.<\/p>\n<p>Os sintomas comuns s\u00e3o n\u00e1useas, v\u00f3mitos intensos e, por vezes, diarreia. Em caso de piora, deve contactar o m\u00e9dico assistente ou a linha SNS24 (808242424).<\/p>\n<p>Em Fran\u00e7a j\u00e1 se registaram tr\u00eas \u00f3bitos entre beb\u00e9s, segundo an\u00fancio do minist\u00e9rio da Sa\u00fade; em Espanha e Fran\u00e7a tamb\u00e9m houve hospitaliza\u00e7\u00f5es.<\/p>\n","protected":false},"excerpt":{"rendered":"<ul>\n<li>A Dire\u00e7\u00e3o-Geral da Sa\u00fade afirmou que n\u00e3o h\u00e1, em Portugal, casos confirmados de intoxica\u00e7\u00e3o associados ao consumo de leite artificial infantil; h\u00e1 uma retirada volunt\u00e1ria de lotes das marcas NAN (Nestl\u00e9) e Aptamil (Danone).<\/li>\n<li>Os lotes contaminados cont\u00eam a toxina cereulida, produzida pela bact\u00e9ria Bacillus cereus, o que levou a alertas da autoridade europeia de sa\u00fade p\u00fablica (ECDC) e de seguran\u00e7a alimentar.<\/li>\n<li>A recolha volunt\u00e1ria em Portugal foi desencadeada pelas pr\u00f3prias empresas, com apoio da DGAV e da ASAE; a lista de lotes afetados est\u00e1 dispon\u00edvel nos sites das marcas e deve ser comunicada \u00e0s produtoras se comprada.<\/li>\n<li>Em caso de ter adquirido leite afetado, deve verificar o n\u00famero de lote e, se constar da lista, parar de usar o produto e contactar a marca para devolu\u00e7\u00e3o; em caso de consumo, monitorizar a crian\u00e7a durante seis horas, com sinais como n\u00e1useas, v\u00f3mitos intensos e, por vezes, diarreia.<\/li>\n<li>O risco global na Europa \u00e9 considerado moderado, mas tende a diminuir com a retirada dos produtos; em Fran\u00e7a j\u00e1 foram reportados tr\u00eas \u00f3bitos de beb\u00e9s, e em Espanha e Fran\u00e7a houve necessidade de tratamento hospitalar.<\/li>\n<\/ul>\n","protected":false},"author":2,"featured_media":208649,"comment_status":"closed","ping_status":"closed","sticky":false,"template":"","format":"standard","meta":{"footnotes":""},"categories":[1],"tags":[3289,1698,2738,3276,271,2867],"class_list":["post-208646","post","type-post","status-publish","format-standard","has-post-thumbnail","hentry","category-noticias","tag-alimentos","tag-infantil","tag-infantis","tag-intoxicacao","tag-saude-publica","tag-seguranca-alimentar"],"yoast_head":"<!-- This site is optimized with the Yoast SEO plugin v27.2 - https:\/\/yoast.com\/product\/yoast-seo-wordpress\/ -->\n<title>DGS confirma aus\u00eancia de intoxica\u00e7\u00e3o por leite artificial infantil em Portugal - Portal Tela Portugal<\/title>\n<meta name=\"robots\" content=\"index, follow, max-snippet:-1, max-image-preview:large, max-video-preview:-1\" \/>\n<meta property=\"og:locale\" content=\"pt_PT\" \/>\n<meta property=\"og:type\" content=\"article\" \/>\n<meta property=\"og:title\" content=\"DGS confirma aus\u00eancia de intoxica\u00e7\u00e3o por leite artificial infantil em Portugal - Portal Tela Portugal\" \/>\n<meta property=\"og:description\" content=\"A Dire\u00e7\u00e3o-Geral da Sa\u00fade afirmou que n\u00e3o h\u00e1, em Portugal, casos confirmados de intoxica\u00e7\u00e3o associados ao consumo de leite artificial infantil; h\u00e1 uma retirada volunt\u00e1ria de lotes das marcas NAN (Nestl\u00e9) e Aptamil (Danone). Os lotes contaminados cont\u00eam a toxina cereulida, produzida pela bact\u00e9ria Bacillus cereus, o que levou a alertas da autoridade europeia de sa\u00fade p\u00fablica (ECDC) e de seguran\u00e7a alimentar. A recolha volunt\u00e1ria em Portugal foi desencadeada pelas pr\u00f3prias empresas, com apoio da DGAV e da ASAE; a lista de lotes afetados est\u00e1 dispon\u00edvel nos sites das marcas e deve ser comunicada \u00e0s produtoras se comprada. Em caso de ter adquirido leite afetado, deve verificar o n\u00famero de lote e, se constar da lista, parar de usar o produto e contactar a marca para devolu\u00e7\u00e3o; em caso de consumo, monitorizar a crian\u00e7a durante seis horas, com sinais como n\u00e1useas, v\u00f3mitos intensos e, por vezes, diarreia. O risco global na Europa \u00e9 considerado moderado, mas tende a diminuir com a retirada dos produtos; em Fran\u00e7a j\u00e1 foram reportados tr\u00eas \u00f3bitos de beb\u00e9s, e em Espanha e Fran\u00e7a houve necessidade de tratamento hospitalar.\" \/>\n<meta property=\"og:url\" content=\"https:\/\/portaltela.pt\/noticias\/2026\/02\/11\/dgs-confirma-ausencia-de-intoxicacao-por-leite-artificial-infantil-em-portugal\/\" \/>\n<meta property=\"og:site_name\" content=\"Portal Tela Portugal\" \/>\n<meta property=\"article:published_time\" content=\"2026-02-11T18:10:27+00:00\" \/>\n<meta name=\"author\" content=\"Telinha\" \/>\n<meta name=\"twitter:card\" content=\"summary_large_image\" \/>\n<meta name=\"twitter:label1\" content=\"Escrito por\" \/>\n\t<meta name=\"twitter:data1\" content=\"Telinha\" \/>\n\t<meta name=\"twitter:label2\" content=\"Tempo estimado de leitura\" \/>\n\t<meta name=\"twitter:data2\" content=\"1 minuto\" \/>\n<script type=\"application\/ld+json\" class=\"yoast-schema-graph\">{\"@context\":\"https:\/\/schema.org\",\"@graph\":[{\"@type\":\"Article\",\"@id\":\"https:\/\/portaltela.pt\/noticias\/2026\/02\/11\/dgs-confirma-ausencia-de-intoxicacao-por-leite-artificial-infantil-em-portugal\/#article\",\"isPartOf\":{\"@id\":\"https:\/\/portaltela.pt\/noticias\/2026\/02\/11\/dgs-confirma-ausencia-de-intoxicacao-por-leite-artificial-infantil-em-portugal\/\"},\"author\":{\"name\":\"Telinha\",\"@id\":\"https:\/\/portaltela.pt\/#\/schema\/person\/c4278d4a6028830caff9ee44b42d32ed\"},\"headline\":\"DGS confirma aus\u00eancia de intoxica\u00e7\u00e3o por leite artificial infantil em Portugal\",\"datePublished\":\"2026-02-11T18:10:27+00:00\",\"mainEntityOfPage\":{\"@id\":\"https:\/\/portaltela.pt\/noticias\/2026\/02\/11\/dgs-confirma-ausencia-de-intoxicacao-por-leite-artificial-infantil-em-portugal\/\"},\"wordCount\":271,\"image\":{\"@id\":\"https:\/\/portaltela.pt\/noticias\/2026\/02\/11\/dgs-confirma-ausencia-de-intoxicacao-por-leite-artificial-infantil-em-portugal\/#primaryimage\"},\"thumbnailUrl\":\"https:\/\/portaltela.pt\/s.01k8rhncp4jt1\/2026\/02\/img_1500x1000uu2025-12-05-14-34-27-2252644.jpg\",\"keywords\":[\"alimentos\",\"infantil\",\"infantis\",\"intoxica\u00e7\u00e3o\",\"sa\u00fade p\u00fablica\",\"Seguran\u00e7a Alimentar\"],\"articleSection\":[\"Not\u00edcias\"],\"inLanguage\":\"pt-PT\"},{\"@type\":\"WebPage\",\"@id\":\"https:\/\/portaltela.pt\/noticias\/2026\/02\/11\/dgs-confirma-ausencia-de-intoxicacao-por-leite-artificial-infantil-em-portugal\/\",\"url\":\"https:\/\/portaltela.pt\/noticias\/2026\/02\/11\/dgs-confirma-ausencia-de-intoxicacao-por-leite-artificial-infantil-em-portugal\/\",\"name\":\"DGS confirma aus\u00eancia de intoxica\u00e7\u00e3o por leite artificial infantil em Portugal - Portal Tela Portugal\",\"isPartOf\":{\"@id\":\"https:\/\/portaltela.pt\/#website\"},\"primaryImageOfPage\":{\"@id\":\"https:\/\/portaltela.pt\/noticias\/2026\/02\/11\/dgs-confirma-ausencia-de-intoxicacao-por-leite-artificial-infantil-em-portugal\/#primaryimage\"},\"image\":{\"@id\":\"https:\/\/portaltela.pt\/noticias\/2026\/02\/11\/dgs-confirma-ausencia-de-intoxicacao-por-leite-artificial-infantil-em-portugal\/#primaryimage\"},\"thumbnailUrl\":\"https:\/\/portaltela.pt\/s.01k8rhncp4jt1\/2026\/02\/img_1500x1000uu2025-12-05-14-34-27-2252644.jpg\",\"datePublished\":\"2026-02-11T18:10:27+00:00\",\"author\":{\"@id\":\"https:\/\/portaltela.pt\/#\/schema\/person\/c4278d4a6028830caff9ee44b42d32ed\"},\"breadcrumb\":{\"@id\":\"https:\/\/portaltela.pt\/noticias\/2026\/02\/11\/dgs-confirma-ausencia-de-intoxicacao-por-leite-artificial-infantil-em-portugal\/#breadcrumb\"},\"inLanguage\":\"pt-PT\",\"potentialAction\":[{\"@type\":\"ReadAction\",\"target\":[\"https:\/\/portaltela.pt\/noticias\/2026\/02\/11\/dgs-confirma-ausencia-de-intoxicacao-por-leite-artificial-infantil-em-portugal\/\"]}]},{\"@type\":\"ImageObject\",\"inLanguage\":\"pt-PT\",\"@id\":\"https:\/\/portaltela.pt\/noticias\/2026\/02\/11\/dgs-confirma-ausencia-de-intoxicacao-por-leite-artificial-infantil-em-portugal\/#primaryimage\",\"url\":\"https:\/\/portaltela.pt\/s.01k8rhncp4jt1\/2026\/02\/img_1500x1000uu2025-12-05-14-34-27-2252644.jpg\",\"contentUrl\":\"https:\/\/portaltela.pt\/s.01k8rhncp4jt1\/2026\/02\/img_1500x1000uu2025-12-05-14-34-27-2252644.jpg\",\"width\":796,\"height\":448,\"caption\":\"Em causa est\u00e3o lotes de leite artificial infantil contaminados com a toxina em\u00e9tica 'cereulida'\"},{\"@type\":\"BreadcrumbList\",\"@id\":\"https:\/\/portaltela.pt\/noticias\/2026\/02\/11\/dgs-confirma-ausencia-de-intoxicacao-por-leite-artificial-infantil-em-portugal\/#breadcrumb\",\"itemListElement\":[{\"@type\":\"ListItem\",\"position\":1,\"name\":\"In\u00edcio\",\"item\":\"https:\/\/portaltela.pt\/\"},{\"@type\":\"ListItem\",\"position\":2,\"name\":\"DGS confirma aus\u00eancia de intoxica\u00e7\u00e3o por leite artificial infantil em Portugal\"}]},{\"@type\":\"WebSite\",\"@id\":\"https:\/\/portaltela.pt\/#website\",\"url\":\"https:\/\/portaltela.pt\/\",\"name\":\"Portal Tela Portugal\",\"description\":\"\",\"potentialAction\":[{\"@type\":\"SearchAction\",\"target\":{\"@type\":\"EntryPoint\",\"urlTemplate\":\"https:\/\/portaltela.pt\/?s={search_term_string}\"},\"query-input\":{\"@type\":\"PropertyValueSpecification\",\"valueRequired\":true,\"valueName\":\"search_term_string\"}}],\"inLanguage\":\"pt-PT\"},{\"@type\":\"Person\",\"@id\":\"https:\/\/portaltela.pt\/#\/schema\/person\/c4278d4a6028830caff9ee44b42d32ed\",\"name\":\"Telinha\",\"image\":{\"@type\":\"ImageObject\",\"inLanguage\":\"pt-PT\",\"@id\":\"https:\/\/portaltela.pt\/s.01k8rhncp4jt1\/2025\/11\/talking-bot-125x125.png\",\"url\":\"https:\/\/portaltela.pt\/s.01k8rhncp4jt1\/2025\/11\/talking-bot-125x125.png\",\"contentUrl\":\"https:\/\/portaltela.pt\/s.01k8rhncp4jt1\/2025\/11\/talking-bot-125x125.png\",\"caption\":\"Telinha\"},\"sameAs\":[\"https:\/\/portaltela.pt\/\"],\"url\":\"https:\/\/portaltela.pt\/por\/367410592786\/\"}]}<\/script>\n<!-- \/ Yoast SEO plugin. -->","yoast_head_json":{"title":"DGS confirma aus\u00eancia de intoxica\u00e7\u00e3o por leite artificial infantil em Portugal - Portal Tela Portugal","robots":{"index":"index","follow":"follow","max-snippet":"max-snippet:-1","max-image-preview":"max-image-preview:large","max-video-preview":"max-video-preview:-1"},"og_locale":"pt_PT","og_type":"article","og_title":"DGS confirma aus\u00eancia de intoxica\u00e7\u00e3o por leite artificial infantil em Portugal - Portal Tela Portugal","og_description":"A Dire\u00e7\u00e3o-Geral da Sa\u00fade afirmou que n\u00e3o h\u00e1, em Portugal, casos confirmados de intoxica\u00e7\u00e3o associados ao consumo de leite artificial infantil; h\u00e1 uma retirada volunt\u00e1ria de lotes das marcas NAN (Nestl\u00e9) e Aptamil (Danone). Os lotes contaminados cont\u00eam a toxina cereulida, produzida pela bact\u00e9ria Bacillus cereus, o que levou a alertas da autoridade europeia de sa\u00fade p\u00fablica (ECDC) e de seguran\u00e7a alimentar. A recolha volunt\u00e1ria em Portugal foi desencadeada pelas pr\u00f3prias empresas, com apoio da DGAV e da ASAE; a lista de lotes afetados est\u00e1 dispon\u00edvel nos sites das marcas e deve ser comunicada \u00e0s produtoras se comprada. Em caso de ter adquirido leite afetado, deve verificar o n\u00famero de lote e, se constar da lista, parar de usar o produto e contactar a marca para devolu\u00e7\u00e3o; em caso de consumo, monitorizar a crian\u00e7a durante seis horas, com sinais como n\u00e1useas, v\u00f3mitos intensos e, por vezes, diarreia. O risco global na Europa \u00e9 considerado moderado, mas tende a diminuir com a retirada dos produtos; em Fran\u00e7a j\u00e1 foram reportados tr\u00eas \u00f3bitos de beb\u00e9s, e em Espanha e Fran\u00e7a houve necessidade de tratamento hospitalar.","og_url":"https:\/\/portaltela.pt\/noticias\/2026\/02\/11\/dgs-confirma-ausencia-de-intoxicacao-por-leite-artificial-infantil-em-portugal\/","og_site_name":"Portal Tela Portugal","article_published_time":"2026-02-11T18:10:27+00:00","author":"Telinha","twitter_card":"summary_large_image","twitter_misc":{"Escrito por":"Telinha","Tempo estimado de leitura":"1 minuto"},"schema":{"@context":"https:\/\/schema.org","@graph":[{"@type":"Article","@id":"https:\/\/portaltela.pt\/noticias\/2026\/02\/11\/dgs-confirma-ausencia-de-intoxicacao-por-leite-artificial-infantil-em-portugal\/#article","isPartOf":{"@id":"https:\/\/portaltela.pt\/noticias\/2026\/02\/11\/dgs-confirma-ausencia-de-intoxicacao-por-leite-artificial-infantil-em-portugal\/"},"author":{"name":"Telinha","@id":"https:\/\/portaltela.pt\/#\/schema\/person\/c4278d4a6028830caff9ee44b42d32ed"},"headline":"DGS confirma aus\u00eancia de intoxica\u00e7\u00e3o por leite artificial infantil em Portugal","datePublished":"2026-02-11T18:10:27+00:00","mainEntityOfPage":{"@id":"https:\/\/portaltela.pt\/noticias\/2026\/02\/11\/dgs-confirma-ausencia-de-intoxicacao-por-leite-artificial-infantil-em-portugal\/"},"wordCount":271,"image":{"@id":"https:\/\/portaltela.pt\/noticias\/2026\/02\/11\/dgs-confirma-ausencia-de-intoxicacao-por-leite-artificial-infantil-em-portugal\/#primaryimage"},"thumbnailUrl":"https:\/\/portaltela.pt\/s.01k8rhncp4jt1\/2026\/02\/img_1500x1000uu2025-12-05-14-34-27-2252644.jpg","keywords":["alimentos","infantil","infantis","intoxica\u00e7\u00e3o","sa\u00fade p\u00fablica","Seguran\u00e7a Alimentar"],"articleSection":["Not\u00edcias"],"inLanguage":"pt-PT"},{"@type":"WebPage","@id":"https:\/\/portaltela.pt\/noticias\/2026\/02\/11\/dgs-confirma-ausencia-de-intoxicacao-por-leite-artificial-infantil-em-portugal\/","url":"https:\/\/portaltela.pt\/noticias\/2026\/02\/11\/dgs-confirma-ausencia-de-intoxicacao-por-leite-artificial-infantil-em-portugal\/","name":"DGS confirma aus\u00eancia de intoxica\u00e7\u00e3o por leite artificial infantil em Portugal - Portal Tela Portugal","isPartOf":{"@id":"https:\/\/portaltela.pt\/#website"},"primaryImageOfPage":{"@id":"https:\/\/portaltela.pt\/noticias\/2026\/02\/11\/dgs-confirma-ausencia-de-intoxicacao-por-leite-artificial-infantil-em-portugal\/#primaryimage"},"image":{"@id":"https:\/\/portaltela.pt\/noticias\/2026\/02\/11\/dgs-confirma-ausencia-de-intoxicacao-por-leite-artificial-infantil-em-portugal\/#primaryimage"},"thumbnailUrl":"https:\/\/portaltela.pt\/s.01k8rhncp4jt1\/2026\/02\/img_1500x1000uu2025-12-05-14-34-27-2252644.jpg","datePublished":"2026-02-11T18:10:27+00:00","author":{"@id":"https:\/\/portaltela.pt\/#\/schema\/person\/c4278d4a6028830caff9ee44b42d32ed"},"breadcrumb":{"@id":"https:\/\/portaltela.pt\/noticias\/2026\/02\/11\/dgs-confirma-ausencia-de-intoxicacao-por-leite-artificial-infantil-em-portugal\/#breadcrumb"},"inLanguage":"pt-PT","potentialAction":[{"@type":"ReadAction","target":["https:\/\/portaltela.pt\/noticias\/2026\/02\/11\/dgs-confirma-ausencia-de-intoxicacao-por-leite-artificial-infantil-em-portugal\/"]}]},{"@type":"ImageObject","inLanguage":"pt-PT","@id":"https:\/\/portaltela.pt\/noticias\/2026\/02\/11\/dgs-confirma-ausencia-de-intoxicacao-por-leite-artificial-infantil-em-portugal\/#primaryimage","url":"https:\/\/portaltela.pt\/s.01k8rhncp4jt1\/2026\/02\/img_1500x1000uu2025-12-05-14-34-27-2252644.jpg","contentUrl":"https:\/\/portaltela.pt\/s.01k8rhncp4jt1\/2026\/02\/img_1500x1000uu2025-12-05-14-34-27-2252644.jpg","width":796,"height":448,"caption":"Em causa est\u00e3o lotes de leite artificial infantil contaminados com a toxina em\u00e9tica 'cereulida'"},{"@type":"BreadcrumbList","@id":"https:\/\/portaltela.pt\/noticias\/2026\/02\/11\/dgs-confirma-ausencia-de-intoxicacao-por-leite-artificial-infantil-em-portugal\/#breadcrumb","itemListElement":[{"@type":"ListItem","position":1,"name":"In\u00edcio","item":"https:\/\/portaltela.pt\/"},{"@type":"ListItem","position":2,"name":"DGS confirma aus\u00eancia de intoxica\u00e7\u00e3o por leite artificial infantil em Portugal"}]},{"@type":"WebSite","@id":"https:\/\/portaltela.pt\/#website","url":"https:\/\/portaltela.pt\/","name":"Portal Tela Portugal","description":"","potentialAction":[{"@type":"SearchAction","target":{"@type":"EntryPoint","urlTemplate":"https:\/\/portaltela.pt\/?s={search_term_string}"},"query-input":{"@type":"PropertyValueSpecification","valueRequired":true,"valueName":"search_term_string"}}],"inLanguage":"pt-PT"},{"@type":"Person","@id":"https:\/\/portaltela.pt\/#\/schema\/person\/c4278d4a6028830caff9ee44b42d32ed","name":"Telinha","image":{"@type":"ImageObject","inLanguage":"pt-PT","@id":"https:\/\/portaltela.pt\/s.01k8rhncp4jt1\/2025\/11\/talking-bot-125x125.png","url":"https:\/\/portaltela.pt\/s.01k8rhncp4jt1\/2025\/11\/talking-bot-125x125.png","contentUrl":"https:\/\/portaltela.pt\/s.01k8rhncp4jt1\/2025\/11\/talking-bot-125x125.png","caption":"Telinha"},"sameAs":["https:\/\/portaltela.pt\/"],"url":"https:\/\/portaltela.pt\/por\/367410592786\/"}]}},"_links":{"self":[{"href":"https:\/\/portaltela.pt\/api\/wp\/v2\/posts\/208646","targetHints":{"allow":["GET"]}}],"collection":[{"href":"https:\/\/portaltela.pt\/api\/wp\/v2\/posts"}],"about":[{"href":"https:\/\/portaltela.pt\/api\/wp\/v2\/types\/post"}],"author":[{"embeddable":true,"href":"https:\/\/portaltela.pt\/api\/wp\/v2\/users\/2"}],"replies":[{"embeddable":true,"href":"https:\/\/portaltela.pt\/api\/wp\/v2\/comments?post=208646"}],"version-history":[{"count":0,"href":"https:\/\/portaltela.pt\/api\/wp\/v2\/posts\/208646\/revisions"}],"wp:featuredmedia":[{"embeddable":true,"href":"https:\/\/portaltela.pt\/api\/wp\/v2\/media\/208649"}],"wp:attachment":[{"href":"https:\/\/portaltela.pt\/api\/wp\/v2\/media?parent=208646"}],"wp:term":[{"taxonomy":"category","embeddable":true,"href":"https:\/\/portaltela.pt\/api\/wp\/v2\/categories?post=208646"},{"taxonomy":"post_tag","embeddable":true,"href":"https:\/\/portaltela.pt\/api\/wp\/v2\/tags?post=208646"}],"curies":[{"name":"wp","href":"https:\/\/api.w.org\/{rel}","templated":true}]}}