{"id":208606,"date":"2026-02-11T14:32:32","date_gmt":"2026-02-11T17:32:32","guid":{"rendered":"https:\/\/portaltela.pt\/noticias\/2026\/02\/11\/oposicao-acusa-governo-espanhol-de-negligencia-no-acidente-ferroviario\/"},"modified":"2026-02-11T14:32:32","modified_gmt":"2026-02-11T17:32:32","slug":"oposicao-acusa-governo-espanhol-de-negligencia-no-acidente-ferroviario","status":"publish","type":"post","link":"https:\/\/portaltela.pt\/noticias\/politica\/2026\/02\/11\/oposicao-acusa-governo-espanhol-de-negligencia-no-acidente-ferroviario\/","title":{"rendered":"Oposi\u00e7\u00e3o acusa Governo espanhol de neglig\u00eancia no acidente ferrovi\u00e1rio"},"content":{"rendered":"<p>O acidente ferrovi\u00e1rio entre dois comboios de alta velocidade em Adamuz, C\u00f3rdoba, no sul de Espanha, em 18 de janeiro, provocou 46 mortes. A oposi\u00e7\u00e3o afirma que o Governo pode encarar processo por neglig\u00eancia, alegando incumprimento de avisos de maquinistas e entidades europeias.<\/p>\n<p>O l\u00edder do Partido Popular (PP), Alberto N\u00fa\u00f1ez Feij\u00f3o, disse no parlamento que o Governo de Pedro S\u00e1nchez ficar\u00e1 no banco dos r\u00e9us por neglig\u00eancia. Acusou a administra\u00e7\u00e3o de ter ignorado alertas sobre o estado das linhas e definiu o epis\u00f3dio como evit\u00e1vel.<\/p>\n<p>Feij\u00f3o pediu a demiss\u00e3o do Presidente do Governo e do ministro dos Transportes, \u00d3scar Puente, comparando a gest\u00e3o \u00e0 roleta russa com a seguran\u00e7a dos passageiros. O PP sustenta que o Executivo vendeu uma imagem de melhoria sem altera\u00e7\u00f5es relevantes.<\/p>\n<p>S\u00e1nchez respondeu no parlamento que as causas est\u00e3o a ser apuradas e que o Estado far\u00e1 justi\u00e7a, se necess\u00e1rio. Tamb\u00e9m afirmou que a rede ferrovi\u00e1ria espanhola n\u00e3o \u00e9 perfeita, mas \u00e9 segura e segue protocolos nacionais e europeus.<\/p>\n<p>O primeiro relat\u00f3rio preliminar da comiss\u00e3o de investiga\u00e7\u00e3o aponta para uma rutura de carril, num ponto de soldadura realizado h\u00e1 meses, como poss\u00edvel causa. A an\u00e1lise detalhada continua em curso.<\/p>\n<p>O Governo destacou que, desde 2018, aumentou verbas para renova\u00e7\u00e3o e manuten\u00e7\u00e3o da ferrovia, contrastando com anos de cortes. Refere ainda que a renova\u00e7\u00e3o da via de Adamuz, em 2025, envolveu empresas de topo e passou testes.<\/p>\n<p>S\u00e1nchez admitiu que o estudo pode exigir mais recursos e revis\u00e3o de protocolos de seguran\u00e7a. Garantiu que, quando falhas ficarem confirmadas, ser\u00e3o tomadas medidas para evitar repeti\u00e7\u00e3o. N\u00e3o foram apresentadas conclus\u00f5es finais.<\/p>\n<p>Espanha possui a maior rede de alta velocidade da Europa, com mais de 4.500 quil\u00f3metros. O Primeiro-Ministro frisou que o sistema \u00e9 um dos melhores do mundo, com base em relat\u00f3rios europeus.<\/p>\n","protected":false},"excerpt":{"rendered":"<ul>\n<li>A oposi\u00e7\u00e3o, liderada por Alberto N\u00fa\u00f1ez Feij\u00f3o, afirmou que o Governo de Pedro S\u00e1nchez acabar\u00e1 no banco dos r\u00e9us por neglig\u00eancia no acidente de Adamuz, em 18 de janeiro, que deixou 46 mortos.<\/li>\n<li>Feij\u00f3o disse que o Governo ignorou alertas de maquinistas e de entidades europeias sobre o estado das linhas e que o acidente foi evit\u00e1vel, exigindo a demiss\u00e3o de S\u00e1nchez e do ministro dos Transportes, \u00d3scar Puente.<\/li>\n<li>O primeiro-ministro reiterou que as causas est\u00e3o a ser apuradas, prometeu justi\u00e7a se necess\u00e1rio e defendeu que a rede ferrovi\u00e1ria espanhola \u00e9 segura, com trabalhos de renova\u00e7\u00e3o feitos conforme protocolos.<\/li>\n<li>O relat\u00f3rio preliminar aponta uma rutura de carril numa soldadura realizada h\u00e1 meses como poss\u00edvel causa, e apontou a renova\u00e7\u00e3o integral da via para 2025.<\/li>\n<li>S\u00e1nchez apresentou dados de aumento de verbas para renova\u00e7\u00e3o e manuten\u00e7\u00e3o desde 2018 e refor\u00e7ou que a rede ferrovi\u00e1ria de Espanha \u00e9 uma das maiores da Europa, com a alta velocidade a dominar.<\/li>\n<\/ul>\n","protected":false},"author":2,"featured_media":208609,"comment_status":"closed","ping_status":"closed","sticky":false,"template":"","format":"standard","meta":{"footnotes":""},"categories":[1,5],"tags":[5487,3447,3465,34,3767,363],"class_list":["post-208606","post","type-post","status-publish","format-standard","has-post-thumbnail","hentry","category-noticias","category-politica","tag-acidente","tag-acidente-ferroviario","tag-adamuz","tag-governo","tag-oposicao","tag-transportes"],"yoast_head":"<!-- This site is optimized with the Yoast SEO plugin v27.2 - https:\/\/yoast.com\/product\/yoast-seo-wordpress\/ -->\n<title>Oposi\u00e7\u00e3o acusa Governo espanhol de neglig\u00eancia no acidente ferrovi\u00e1rio - Portal Tela Portugal<\/title>\n<meta name=\"robots\" content=\"index, follow, max-snippet:-1, max-image-preview:large, max-video-preview:-1\" \/>\n<meta property=\"og:locale\" content=\"pt_PT\" \/>\n<meta property=\"og:type\" content=\"article\" \/>\n<meta property=\"og:title\" content=\"Oposi\u00e7\u00e3o acusa Governo espanhol de neglig\u00eancia no acidente ferrovi\u00e1rio - Portal Tela Portugal\" \/>\n<meta property=\"og:description\" content=\"A oposi\u00e7\u00e3o, liderada por Alberto N\u00fa\u00f1ez Feij\u00f3o, afirmou que o Governo de Pedro S\u00e1nchez acabar\u00e1 no banco dos r\u00e9us por neglig\u00eancia no acidente de Adamuz, em 18 de janeiro, que deixou 46 mortos. Feij\u00f3o disse que o Governo ignorou alertas de maquinistas e de entidades europeias sobre o estado das linhas e que o acidente foi evit\u00e1vel, exigindo a demiss\u00e3o de S\u00e1nchez e do ministro dos Transportes, \u00d3scar Puente. O primeiro-ministro reiterou que as causas est\u00e3o a ser apuradas, prometeu justi\u00e7a se necess\u00e1rio e defendeu que a rede ferrovi\u00e1ria espanhola \u00e9 segura, com trabalhos de renova\u00e7\u00e3o feitos conforme protocolos. O relat\u00f3rio preliminar aponta uma rutura de carril numa soldadura realizada h\u00e1 meses como poss\u00edvel causa, e apontou a renova\u00e7\u00e3o integral da via para 2025. S\u00e1nchez apresentou dados de aumento de verbas para renova\u00e7\u00e3o e manuten\u00e7\u00e3o desde 2018 e refor\u00e7ou que a rede ferrovi\u00e1ria de Espanha \u00e9 uma das maiores da Europa, com a alta velocidade a dominar.\" \/>\n<meta property=\"og:url\" content=\"https:\/\/portaltela.pt\/noticias\/2026\/02\/11\/oposicao-acusa-governo-espanhol-de-negligencia-no-acidente-ferroviario\/\" \/>\n<meta property=\"og:site_name\" content=\"Portal Tela Portugal\" \/>\n<meta property=\"article:published_time\" content=\"2026-02-11T17:32:32+00:00\" \/>\n<meta name=\"author\" content=\"Telinha\" \/>\n<meta name=\"twitter:card\" content=\"summary_large_image\" \/>\n<meta name=\"twitter:label1\" content=\"Escrito por\" \/>\n\t<meta name=\"twitter:data1\" content=\"Telinha\" \/>\n\t<meta name=\"twitter:label2\" content=\"Tempo estimado de leitura\" \/>\n\t<meta name=\"twitter:data2\" content=\"2 minutos\" \/>\n<script type=\"application\/ld+json\" class=\"yoast-schema-graph\">{\"@context\":\"https:\/\/schema.org\",\"@graph\":[{\"@type\":\"Article\",\"@id\":\"https:\/\/portaltela.pt\/noticias\/2026\/02\/11\/oposicao-acusa-governo-espanhol-de-negligencia-no-acidente-ferroviario\/#article\",\"isPartOf\":{\"@id\":\"https:\/\/portaltela.pt\/noticias\/2026\/02\/11\/oposicao-acusa-governo-espanhol-de-negligencia-no-acidente-ferroviario\/\"},\"author\":{\"name\":\"Telinha\",\"@id\":\"https:\/\/portaltela.pt\/#\/schema\/person\/c4278d4a6028830caff9ee44b42d32ed\"},\"headline\":\"Oposi\u00e7\u00e3o acusa Governo espanhol de neglig\u00eancia no acidente ferrovi\u00e1rio\",\"datePublished\":\"2026-02-11T17:32:32+00:00\",\"mainEntityOfPage\":{\"@id\":\"https:\/\/portaltela.pt\/noticias\/2026\/02\/11\/oposicao-acusa-governo-espanhol-de-negligencia-no-acidente-ferroviario\/\"},\"wordCount\":340,\"image\":{\"@id\":\"https:\/\/portaltela.pt\/noticias\/2026\/02\/11\/oposicao-acusa-governo-espanhol-de-negligencia-no-acidente-ferroviario\/#primaryimage\"},\"thumbnailUrl\":\"https:\/\/portaltela.pt\/s.01k8rhncp4jt1\/2026\/02\/img_1280x721uu2026-01-19-18-31-00-2261344.jpg\",\"keywords\":[\"acidente\",\"acidente ferrovi\u00e1rio\",\"Adamuz\",\"governo\",\"oposi\u00e7\u00e3o\",\"transportes\"],\"articleSection\":[\"Not\u00edcias\",\"Pol\u00edtica\"],\"inLanguage\":\"pt-PT\"},{\"@type\":\"WebPage\",\"@id\":\"https:\/\/portaltela.pt\/noticias\/2026\/02\/11\/oposicao-acusa-governo-espanhol-de-negligencia-no-acidente-ferroviario\/\",\"url\":\"https:\/\/portaltela.pt\/noticias\/2026\/02\/11\/oposicao-acusa-governo-espanhol-de-negligencia-no-acidente-ferroviario\/\",\"name\":\"Oposi\u00e7\u00e3o acusa Governo espanhol de neglig\u00eancia no acidente ferrovi\u00e1rio - Portal Tela Portugal\",\"isPartOf\":{\"@id\":\"https:\/\/portaltela.pt\/#website\"},\"primaryImageOfPage\":{\"@id\":\"https:\/\/portaltela.pt\/noticias\/2026\/02\/11\/oposicao-acusa-governo-espanhol-de-negligencia-no-acidente-ferroviario\/#primaryimage\"},\"image\":{\"@id\":\"https:\/\/portaltela.pt\/noticias\/2026\/02\/11\/oposicao-acusa-governo-espanhol-de-negligencia-no-acidente-ferroviario\/#primaryimage\"},\"thumbnailUrl\":\"https:\/\/portaltela.pt\/s.01k8rhncp4jt1\/2026\/02\/img_1280x721uu2026-01-19-18-31-00-2261344.jpg\",\"datePublished\":\"2026-02-11T17:32:32+00:00\",\"author\":{\"@id\":\"https:\/\/portaltela.pt\/#\/schema\/person\/c4278d4a6028830caff9ee44b42d32ed\"},\"breadcrumb\":{\"@id\":\"https:\/\/portaltela.pt\/noticias\/2026\/02\/11\/oposicao-acusa-governo-espanhol-de-negligencia-no-acidente-ferroviario\/#breadcrumb\"},\"inLanguage\":\"pt-PT\",\"potentialAction\":[{\"@type\":\"ReadAction\",\"target\":[\"https:\/\/portaltela.pt\/noticias\/2026\/02\/11\/oposicao-acusa-governo-espanhol-de-negligencia-no-acidente-ferroviario\/\"]}]},{\"@type\":\"ImageObject\",\"inLanguage\":\"pt-PT\",\"@id\":\"https:\/\/portaltela.pt\/noticias\/2026\/02\/11\/oposicao-acusa-governo-espanhol-de-negligencia-no-acidente-ferroviario\/#primaryimage\",\"url\":\"https:\/\/portaltela.pt\/s.01k8rhncp4jt1\/2026\/02\/img_1280x721uu2026-01-19-18-31-00-2261344.jpg\",\"contentUrl\":\"https:\/\/portaltela.pt\/s.01k8rhncp4jt1\/2026\/02\/img_1280x721uu2026-01-19-18-31-00-2261344.jpg\",\"width\":796,\"height\":448,\"caption\":\"Photo\"},{\"@type\":\"BreadcrumbList\",\"@id\":\"https:\/\/portaltela.pt\/noticias\/2026\/02\/11\/oposicao-acusa-governo-espanhol-de-negligencia-no-acidente-ferroviario\/#breadcrumb\",\"itemListElement\":[{\"@type\":\"ListItem\",\"position\":1,\"name\":\"In\u00edcio\",\"item\":\"https:\/\/portaltela.pt\/\"},{\"@type\":\"ListItem\",\"position\":2,\"name\":\"Oposi\u00e7\u00e3o acusa Governo espanhol de neglig\u00eancia no acidente ferrovi\u00e1rio\"}]},{\"@type\":\"WebSite\",\"@id\":\"https:\/\/portaltela.pt\/#website\",\"url\":\"https:\/\/portaltela.pt\/\",\"name\":\"Portal Tela Portugal\",\"description\":\"\",\"potentialAction\":[{\"@type\":\"SearchAction\",\"target\":{\"@type\":\"EntryPoint\",\"urlTemplate\":\"https:\/\/portaltela.pt\/?s={search_term_string}\"},\"query-input\":{\"@type\":\"PropertyValueSpecification\",\"valueRequired\":true,\"valueName\":\"search_term_string\"}}],\"inLanguage\":\"pt-PT\"},{\"@type\":\"Person\",\"@id\":\"https:\/\/portaltela.pt\/#\/schema\/person\/c4278d4a6028830caff9ee44b42d32ed\",\"name\":\"Telinha\",\"image\":{\"@type\":\"ImageObject\",\"inLanguage\":\"pt-PT\",\"@id\":\"https:\/\/portaltela.pt\/s.01k8rhncp4jt1\/2025\/11\/talking-bot-125x125.png\",\"url\":\"https:\/\/portaltela.pt\/s.01k8rhncp4jt1\/2025\/11\/talking-bot-125x125.png\",\"contentUrl\":\"https:\/\/portaltela.pt\/s.01k8rhncp4jt1\/2025\/11\/talking-bot-125x125.png\",\"caption\":\"Telinha\"},\"sameAs\":[\"https:\/\/portaltela.pt\/\"],\"url\":\"https:\/\/portaltela.pt\/por\/367410592786\/\"}]}<\/script>\n<!-- \/ Yoast SEO plugin. -->","yoast_head_json":{"title":"Oposi\u00e7\u00e3o acusa Governo espanhol de neglig\u00eancia no acidente ferrovi\u00e1rio - Portal Tela Portugal","robots":{"index":"index","follow":"follow","max-snippet":"max-snippet:-1","max-image-preview":"max-image-preview:large","max-video-preview":"max-video-preview:-1"},"og_locale":"pt_PT","og_type":"article","og_title":"Oposi\u00e7\u00e3o acusa Governo espanhol de neglig\u00eancia no acidente ferrovi\u00e1rio - Portal Tela Portugal","og_description":"A oposi\u00e7\u00e3o, liderada por Alberto N\u00fa\u00f1ez Feij\u00f3o, afirmou que o Governo de Pedro S\u00e1nchez acabar\u00e1 no banco dos r\u00e9us por neglig\u00eancia no acidente de Adamuz, em 18 de janeiro, que deixou 46 mortos. Feij\u00f3o disse que o Governo ignorou alertas de maquinistas e de entidades europeias sobre o estado das linhas e que o acidente foi evit\u00e1vel, exigindo a demiss\u00e3o de S\u00e1nchez e do ministro dos Transportes, \u00d3scar Puente. O primeiro-ministro reiterou que as causas est\u00e3o a ser apuradas, prometeu justi\u00e7a se necess\u00e1rio e defendeu que a rede ferrovi\u00e1ria espanhola \u00e9 segura, com trabalhos de renova\u00e7\u00e3o feitos conforme protocolos. O relat\u00f3rio preliminar aponta uma rutura de carril numa soldadura realizada h\u00e1 meses como poss\u00edvel causa, e apontou a renova\u00e7\u00e3o integral da via para 2025. S\u00e1nchez apresentou dados de aumento de verbas para renova\u00e7\u00e3o e manuten\u00e7\u00e3o desde 2018 e refor\u00e7ou que a rede ferrovi\u00e1ria de Espanha \u00e9 uma das maiores da Europa, com a alta velocidade a dominar.","og_url":"https:\/\/portaltela.pt\/noticias\/2026\/02\/11\/oposicao-acusa-governo-espanhol-de-negligencia-no-acidente-ferroviario\/","og_site_name":"Portal Tela Portugal","article_published_time":"2026-02-11T17:32:32+00:00","author":"Telinha","twitter_card":"summary_large_image","twitter_misc":{"Escrito por":"Telinha","Tempo estimado de leitura":"2 minutos"},"schema":{"@context":"https:\/\/schema.org","@graph":[{"@type":"Article","@id":"https:\/\/portaltela.pt\/noticias\/2026\/02\/11\/oposicao-acusa-governo-espanhol-de-negligencia-no-acidente-ferroviario\/#article","isPartOf":{"@id":"https:\/\/portaltela.pt\/noticias\/2026\/02\/11\/oposicao-acusa-governo-espanhol-de-negligencia-no-acidente-ferroviario\/"},"author":{"name":"Telinha","@id":"https:\/\/portaltela.pt\/#\/schema\/person\/c4278d4a6028830caff9ee44b42d32ed"},"headline":"Oposi\u00e7\u00e3o acusa Governo espanhol de neglig\u00eancia no acidente ferrovi\u00e1rio","datePublished":"2026-02-11T17:32:32+00:00","mainEntityOfPage":{"@id":"https:\/\/portaltela.pt\/noticias\/2026\/02\/11\/oposicao-acusa-governo-espanhol-de-negligencia-no-acidente-ferroviario\/"},"wordCount":340,"image":{"@id":"https:\/\/portaltela.pt\/noticias\/2026\/02\/11\/oposicao-acusa-governo-espanhol-de-negligencia-no-acidente-ferroviario\/#primaryimage"},"thumbnailUrl":"https:\/\/portaltela.pt\/s.01k8rhncp4jt1\/2026\/02\/img_1280x721uu2026-01-19-18-31-00-2261344.jpg","keywords":["acidente","acidente ferrovi\u00e1rio","Adamuz","governo","oposi\u00e7\u00e3o","transportes"],"articleSection":["Not\u00edcias","Pol\u00edtica"],"inLanguage":"pt-PT"},{"@type":"WebPage","@id":"https:\/\/portaltela.pt\/noticias\/2026\/02\/11\/oposicao-acusa-governo-espanhol-de-negligencia-no-acidente-ferroviario\/","url":"https:\/\/portaltela.pt\/noticias\/2026\/02\/11\/oposicao-acusa-governo-espanhol-de-negligencia-no-acidente-ferroviario\/","name":"Oposi\u00e7\u00e3o acusa Governo espanhol de neglig\u00eancia no acidente ferrovi\u00e1rio - Portal Tela Portugal","isPartOf":{"@id":"https:\/\/portaltela.pt\/#website"},"primaryImageOfPage":{"@id":"https:\/\/portaltela.pt\/noticias\/2026\/02\/11\/oposicao-acusa-governo-espanhol-de-negligencia-no-acidente-ferroviario\/#primaryimage"},"image":{"@id":"https:\/\/portaltela.pt\/noticias\/2026\/02\/11\/oposicao-acusa-governo-espanhol-de-negligencia-no-acidente-ferroviario\/#primaryimage"},"thumbnailUrl":"https:\/\/portaltela.pt\/s.01k8rhncp4jt1\/2026\/02\/img_1280x721uu2026-01-19-18-31-00-2261344.jpg","datePublished":"2026-02-11T17:32:32+00:00","author":{"@id":"https:\/\/portaltela.pt\/#\/schema\/person\/c4278d4a6028830caff9ee44b42d32ed"},"breadcrumb":{"@id":"https:\/\/portaltela.pt\/noticias\/2026\/02\/11\/oposicao-acusa-governo-espanhol-de-negligencia-no-acidente-ferroviario\/#breadcrumb"},"inLanguage":"pt-PT","potentialAction":[{"@type":"ReadAction","target":["https:\/\/portaltela.pt\/noticias\/2026\/02\/11\/oposicao-acusa-governo-espanhol-de-negligencia-no-acidente-ferroviario\/"]}]},{"@type":"ImageObject","inLanguage":"pt-PT","@id":"https:\/\/portaltela.pt\/noticias\/2026\/02\/11\/oposicao-acusa-governo-espanhol-de-negligencia-no-acidente-ferroviario\/#primaryimage","url":"https:\/\/portaltela.pt\/s.01k8rhncp4jt1\/2026\/02\/img_1280x721uu2026-01-19-18-31-00-2261344.jpg","contentUrl":"https:\/\/portaltela.pt\/s.01k8rhncp4jt1\/2026\/02\/img_1280x721uu2026-01-19-18-31-00-2261344.jpg","width":796,"height":448,"caption":"Photo"},{"@type":"BreadcrumbList","@id":"https:\/\/portaltela.pt\/noticias\/2026\/02\/11\/oposicao-acusa-governo-espanhol-de-negligencia-no-acidente-ferroviario\/#breadcrumb","itemListElement":[{"@type":"ListItem","position":1,"name":"In\u00edcio","item":"https:\/\/portaltela.pt\/"},{"@type":"ListItem","position":2,"name":"Oposi\u00e7\u00e3o acusa Governo espanhol de neglig\u00eancia no acidente ferrovi\u00e1rio"}]},{"@type":"WebSite","@id":"https:\/\/portaltela.pt\/#website","url":"https:\/\/portaltela.pt\/","name":"Portal Tela Portugal","description":"","potentialAction":[{"@type":"SearchAction","target":{"@type":"EntryPoint","urlTemplate":"https:\/\/portaltela.pt\/?s={search_term_string}"},"query-input":{"@type":"PropertyValueSpecification","valueRequired":true,"valueName":"search_term_string"}}],"inLanguage":"pt-PT"},{"@type":"Person","@id":"https:\/\/portaltela.pt\/#\/schema\/person\/c4278d4a6028830caff9ee44b42d32ed","name":"Telinha","image":{"@type":"ImageObject","inLanguage":"pt-PT","@id":"https:\/\/portaltela.pt\/s.01k8rhncp4jt1\/2025\/11\/talking-bot-125x125.png","url":"https:\/\/portaltela.pt\/s.01k8rhncp4jt1\/2025\/11\/talking-bot-125x125.png","contentUrl":"https:\/\/portaltela.pt\/s.01k8rhncp4jt1\/2025\/11\/talking-bot-125x125.png","caption":"Telinha"},"sameAs":["https:\/\/portaltela.pt\/"],"url":"https:\/\/portaltela.pt\/por\/367410592786\/"}]}},"_links":{"self":[{"href":"https:\/\/portaltela.pt\/api\/wp\/v2\/posts\/208606","targetHints":{"allow":["GET"]}}],"collection":[{"href":"https:\/\/portaltela.pt\/api\/wp\/v2\/posts"}],"about":[{"href":"https:\/\/portaltela.pt\/api\/wp\/v2\/types\/post"}],"author":[{"embeddable":true,"href":"https:\/\/portaltela.pt\/api\/wp\/v2\/users\/2"}],"replies":[{"embeddable":true,"href":"https:\/\/portaltela.pt\/api\/wp\/v2\/comments?post=208606"}],"version-history":[{"count":0,"href":"https:\/\/portaltela.pt\/api\/wp\/v2\/posts\/208606\/revisions"}],"wp:featuredmedia":[{"embeddable":true,"href":"https:\/\/portaltela.pt\/api\/wp\/v2\/media\/208609"}],"wp:attachment":[{"href":"https:\/\/portaltela.pt\/api\/wp\/v2\/media?parent=208606"}],"wp:term":[{"taxonomy":"category","embeddable":true,"href":"https:\/\/portaltela.pt\/api\/wp\/v2\/categories?post=208606"},{"taxonomy":"post_tag","embeddable":true,"href":"https:\/\/portaltela.pt\/api\/wp\/v2\/tags?post=208606"}],"curies":[{"name":"wp","href":"https:\/\/api.w.org\/{rel}","templated":true}]}}