{"id":208571,"date":"2026-02-11T14:22:00","date_gmt":"2026-02-11T17:22:00","guid":{"rendered":"https:\/\/portaltela.pt\/noticias\/2026\/02\/11\/transportes-respondem-por-45-da-poluicao-no-norte\/"},"modified":"2026-02-11T14:22:00","modified_gmt":"2026-02-11T17:22:00","slug":"transportes-respondem-por-45-da-poluicao-no-norte","status":"publish","type":"post","link":"https:\/\/portaltela.pt\/noticias\/2026\/02\/11\/transportes-respondem-por-45-da-poluicao-no-norte\/","title":{"rendered":"Transportes respondem por 45% da polui\u00e7\u00e3o no Norte"},"content":{"rendered":"<p>Os transportes representaram 45% das emiss\u00f5es de gases com efeito de estufa no Norte em 2023, ultrapassando os valores pr\u00e9-pandemia. A regi\u00e3o mant\u00e9m-se longe da meta nacional para 2030, que aponta para uma redu\u00e7\u00e3o de 40%; a proje\u00e7\u00e3o \u00e9 de apenas 24%.<\/p>\n<h3>Desempenho Setorial<\/h3>\n<p>Um estudo da Universidade Nova de Lisboa, sobre o desempenho da regi\u00e3o em GEE, indica que as emiss\u00f5es no Norte ca\u00edram cerca de 20% desde 2005. No entanto, 73% da totalidade proveniente de transportes, energia e ind\u00fastria.<\/p>\n<p>O peso dos transportes manteve-se como o principal contributo, subindo de 36% em 2005 para 45% em 2023. Embora haja uma ligeira tend\u00eancia de redu\u00e7\u00e3o ao longo dos anos, desde 2020 o setor apresentou aumentos que superaram os n\u00edveis pr\u00e9-pandemia, mantendo-se longe dos objetivos para 2030.<\/p>\n","protected":false},"excerpt":{"rendered":"<ul>\n<li>Em 2023, as emiss\u00f5es de gases com efeito de estufa provocadas pelos transportes no Norte ultrapassaram os n\u00edveis pr\u00e9-pandemia, representando 45% do total regional.<\/li>\n<li>O estudo da Universidade Nova de Lisboa indica que as emiss\u00f5es na regi\u00e3o reduziram cerca de 20% desde 2005, mas 73% prov\u00eam principalmente dos setores transportes, energia e ind\u00fastria.<\/li>\n<li>Os transportes passaram de 36% das emiss\u00f5es em 2005 para 45% em 2023, mantendo o maior peso no total de GEE.<\/li>\n<li>Apesar de uma tend\u00eancia de redu\u00e7\u00e3o ao longo dos anos, o setor apresentou aumentos a partir de 2020, permanecendo longe de atingir os objetivos para 2030.<\/li>\n<li>A meta nacional para 2030 exige uma redu\u00e7\u00e3o de 40% nas emiss\u00f5es, com a regi\u00e3o a prever uma redu\u00e7\u00e3o m\u00e1xima de 24%.<\/li>\n<\/ul>\n","protected":false},"author":2,"featured_media":208580,"comment_status":"closed","ping_status":"closed","sticky":false,"template":"","format":"standard","meta":{"footnotes":""},"categories":[1],"tags":[167,755,1241,255,2765,363],"class_list":["post-208571","post","type-post","status-publish","format-standard","has-post-thumbnail","hentry","category-noticias","tag-ambiente","tag-desenvolvimento-sustentavel","tag-emissoes-de-gases-de-estufa","tag-industria","tag-norte","tag-transportes"],"yoast_head":"<!-- This site is optimized with the Yoast SEO plugin v27.2 - https:\/\/yoast.com\/product\/yoast-seo-wordpress\/ -->\n<title>Transportes respondem por 45% da polui\u00e7\u00e3o no Norte - Portal Tela Portugal<\/title>\n<meta name=\"robots\" content=\"index, follow, max-snippet:-1, max-image-preview:large, max-video-preview:-1\" \/>\n<meta property=\"og:locale\" content=\"pt_PT\" \/>\n<meta property=\"og:type\" content=\"article\" \/>\n<meta property=\"og:title\" content=\"Transportes respondem por 45% da polui\u00e7\u00e3o no Norte - Portal Tela Portugal\" \/>\n<meta property=\"og:description\" content=\"Em 2023, as emiss\u00f5es de gases com efeito de estufa provocadas pelos transportes no Norte ultrapassaram os n\u00edveis pr\u00e9-pandemia, representando 45% do total regional. O estudo da Universidade Nova de Lisboa indica que as emiss\u00f5es na regi\u00e3o reduziram cerca de 20% desde 2005, mas 73% prov\u00eam principalmente dos setores transportes, energia e ind\u00fastria. Os transportes passaram de 36% das emiss\u00f5es em 2005 para 45% em 2023, mantendo o maior peso no total de GEE. Apesar de uma tend\u00eancia de redu\u00e7\u00e3o ao longo dos anos, o setor apresentou aumentos a partir de 2020, permanecendo longe de atingir os objetivos para 2030. A meta nacional para 2030 exige uma redu\u00e7\u00e3o de 40% nas emiss\u00f5es, com a regi\u00e3o a prever uma redu\u00e7\u00e3o m\u00e1xima de 24%.\" \/>\n<meta property=\"og:url\" content=\"https:\/\/portaltela.pt\/noticias\/2026\/02\/11\/transportes-respondem-por-45-da-poluicao-no-norte\/\" \/>\n<meta property=\"og:site_name\" content=\"Portal Tela Portugal\" \/>\n<meta property=\"article:published_time\" content=\"2026-02-11T17:22:00+00:00\" \/>\n<meta name=\"author\" content=\"Telinha\" \/>\n<meta name=\"twitter:card\" content=\"summary_large_image\" \/>\n<meta name=\"twitter:label1\" content=\"Escrito por\" \/>\n\t<meta name=\"twitter:data1\" content=\"Telinha\" \/>\n\t<meta name=\"twitter:label2\" content=\"Tempo estimado de leitura\" \/>\n\t<meta name=\"twitter:data2\" content=\"1 minuto\" \/>\n<script type=\"application\/ld+json\" class=\"yoast-schema-graph\">{\"@context\":\"https:\/\/schema.org\",\"@graph\":[{\"@type\":\"Article\",\"@id\":\"https:\/\/portaltela.pt\/noticias\/2026\/02\/11\/transportes-respondem-por-45-da-poluicao-no-norte\/#article\",\"isPartOf\":{\"@id\":\"https:\/\/portaltela.pt\/noticias\/2026\/02\/11\/transportes-respondem-por-45-da-poluicao-no-norte\/\"},\"author\":{\"name\":\"Telinha\",\"@id\":\"https:\/\/portaltela.pt\/#\/schema\/person\/c4278d4a6028830caff9ee44b42d32ed\"},\"headline\":\"Transportes respondem por 45% da polui\u00e7\u00e3o no Norte\",\"datePublished\":\"2026-02-11T17:22:00+00:00\",\"mainEntityOfPage\":{\"@id\":\"https:\/\/portaltela.pt\/noticias\/2026\/02\/11\/transportes-respondem-por-45-da-poluicao-no-norte\/\"},\"wordCount\":134,\"image\":{\"@id\":\"https:\/\/portaltela.pt\/noticias\/2026\/02\/11\/transportes-respondem-por-45-da-poluicao-no-norte\/#primaryimage\"},\"thumbnailUrl\":\"https:\/\/portaltela.pt\/s.01k8rhncp4jt1\/2026\/02\/image-903.jpg\",\"keywords\":[\"ambiente\",\"desenvolvimento sustent\u00e1vel\",\"Emiss\u00f5es de Gases de Estufa\",\"ind\u00fastria\",\"Norte\",\"transportes\"],\"articleSection\":[\"Not\u00edcias\"],\"inLanguage\":\"pt-PT\"},{\"@type\":\"WebPage\",\"@id\":\"https:\/\/portaltela.pt\/noticias\/2026\/02\/11\/transportes-respondem-por-45-da-poluicao-no-norte\/\",\"url\":\"https:\/\/portaltela.pt\/noticias\/2026\/02\/11\/transportes-respondem-por-45-da-poluicao-no-norte\/\",\"name\":\"Transportes respondem por 45% da polui\u00e7\u00e3o no Norte - Portal Tela Portugal\",\"isPartOf\":{\"@id\":\"https:\/\/portaltela.pt\/#website\"},\"primaryImageOfPage\":{\"@id\":\"https:\/\/portaltela.pt\/noticias\/2026\/02\/11\/transportes-respondem-por-45-da-poluicao-no-norte\/#primaryimage\"},\"image\":{\"@id\":\"https:\/\/portaltela.pt\/noticias\/2026\/02\/11\/transportes-respondem-por-45-da-poluicao-no-norte\/#primaryimage\"},\"thumbnailUrl\":\"https:\/\/portaltela.pt\/s.01k8rhncp4jt1\/2026\/02\/image-903.jpg\",\"datePublished\":\"2026-02-11T17:22:00+00:00\",\"author\":{\"@id\":\"https:\/\/portaltela.pt\/#\/schema\/person\/c4278d4a6028830caff9ee44b42d32ed\"},\"breadcrumb\":{\"@id\":\"https:\/\/portaltela.pt\/noticias\/2026\/02\/11\/transportes-respondem-por-45-da-poluicao-no-norte\/#breadcrumb\"},\"inLanguage\":\"pt-PT\",\"potentialAction\":[{\"@type\":\"ReadAction\",\"target\":[\"https:\/\/portaltela.pt\/noticias\/2026\/02\/11\/transportes-respondem-por-45-da-poluicao-no-norte\/\"]}]},{\"@type\":\"ImageObject\",\"inLanguage\":\"pt-PT\",\"@id\":\"https:\/\/portaltela.pt\/noticias\/2026\/02\/11\/transportes-respondem-por-45-da-poluicao-no-norte\/#primaryimage\",\"url\":\"https:\/\/portaltela.pt\/s.01k8rhncp4jt1\/2026\/02\/image-903.jpg\",\"contentUrl\":\"https:\/\/portaltela.pt\/s.01k8rhncp4jt1\/2026\/02\/image-903.jpg\",\"width\":796,\"height\":448,\"caption\":\"Setor dos transportes est\u00e1 longe da meta para 2030\"},{\"@type\":\"BreadcrumbList\",\"@id\":\"https:\/\/portaltela.pt\/noticias\/2026\/02\/11\/transportes-respondem-por-45-da-poluicao-no-norte\/#breadcrumb\",\"itemListElement\":[{\"@type\":\"ListItem\",\"position\":1,\"name\":\"In\u00edcio\",\"item\":\"https:\/\/portaltela.pt\/\"},{\"@type\":\"ListItem\",\"position\":2,\"name\":\"Transportes respondem por 45% da polui\u00e7\u00e3o no Norte\"}]},{\"@type\":\"WebSite\",\"@id\":\"https:\/\/portaltela.pt\/#website\",\"url\":\"https:\/\/portaltela.pt\/\",\"name\":\"Portal Tela Portugal\",\"description\":\"\",\"potentialAction\":[{\"@type\":\"SearchAction\",\"target\":{\"@type\":\"EntryPoint\",\"urlTemplate\":\"https:\/\/portaltela.pt\/?s={search_term_string}\"},\"query-input\":{\"@type\":\"PropertyValueSpecification\",\"valueRequired\":true,\"valueName\":\"search_term_string\"}}],\"inLanguage\":\"pt-PT\"},{\"@type\":\"Person\",\"@id\":\"https:\/\/portaltela.pt\/#\/schema\/person\/c4278d4a6028830caff9ee44b42d32ed\",\"name\":\"Telinha\",\"image\":{\"@type\":\"ImageObject\",\"inLanguage\":\"pt-PT\",\"@id\":\"https:\/\/portaltela.pt\/s.01k8rhncp4jt1\/2025\/11\/talking-bot-125x125.png\",\"url\":\"https:\/\/portaltela.pt\/s.01k8rhncp4jt1\/2025\/11\/talking-bot-125x125.png\",\"contentUrl\":\"https:\/\/portaltela.pt\/s.01k8rhncp4jt1\/2025\/11\/talking-bot-125x125.png\",\"caption\":\"Telinha\"},\"sameAs\":[\"https:\/\/portaltela.pt\/\"],\"url\":\"https:\/\/portaltela.pt\/por\/367410592786\/\"}]}<\/script>\n<!-- \/ Yoast SEO plugin. -->","yoast_head_json":{"title":"Transportes respondem por 45% da polui\u00e7\u00e3o no Norte - Portal Tela Portugal","robots":{"index":"index","follow":"follow","max-snippet":"max-snippet:-1","max-image-preview":"max-image-preview:large","max-video-preview":"max-video-preview:-1"},"og_locale":"pt_PT","og_type":"article","og_title":"Transportes respondem por 45% da polui\u00e7\u00e3o no Norte - Portal Tela Portugal","og_description":"Em 2023, as emiss\u00f5es de gases com efeito de estufa provocadas pelos transportes no Norte ultrapassaram os n\u00edveis pr\u00e9-pandemia, representando 45% do total regional. O estudo da Universidade Nova de Lisboa indica que as emiss\u00f5es na regi\u00e3o reduziram cerca de 20% desde 2005, mas 73% prov\u00eam principalmente dos setores transportes, energia e ind\u00fastria. Os transportes passaram de 36% das emiss\u00f5es em 2005 para 45% em 2023, mantendo o maior peso no total de GEE. Apesar de uma tend\u00eancia de redu\u00e7\u00e3o ao longo dos anos, o setor apresentou aumentos a partir de 2020, permanecendo longe de atingir os objetivos para 2030. A meta nacional para 2030 exige uma redu\u00e7\u00e3o de 40% nas emiss\u00f5es, com a regi\u00e3o a prever uma redu\u00e7\u00e3o m\u00e1xima de 24%.","og_url":"https:\/\/portaltela.pt\/noticias\/2026\/02\/11\/transportes-respondem-por-45-da-poluicao-no-norte\/","og_site_name":"Portal Tela Portugal","article_published_time":"2026-02-11T17:22:00+00:00","author":"Telinha","twitter_card":"summary_large_image","twitter_misc":{"Escrito por":"Telinha","Tempo estimado de leitura":"1 minuto"},"schema":{"@context":"https:\/\/schema.org","@graph":[{"@type":"Article","@id":"https:\/\/portaltela.pt\/noticias\/2026\/02\/11\/transportes-respondem-por-45-da-poluicao-no-norte\/#article","isPartOf":{"@id":"https:\/\/portaltela.pt\/noticias\/2026\/02\/11\/transportes-respondem-por-45-da-poluicao-no-norte\/"},"author":{"name":"Telinha","@id":"https:\/\/portaltela.pt\/#\/schema\/person\/c4278d4a6028830caff9ee44b42d32ed"},"headline":"Transportes respondem por 45% da polui\u00e7\u00e3o no Norte","datePublished":"2026-02-11T17:22:00+00:00","mainEntityOfPage":{"@id":"https:\/\/portaltela.pt\/noticias\/2026\/02\/11\/transportes-respondem-por-45-da-poluicao-no-norte\/"},"wordCount":134,"image":{"@id":"https:\/\/portaltela.pt\/noticias\/2026\/02\/11\/transportes-respondem-por-45-da-poluicao-no-norte\/#primaryimage"},"thumbnailUrl":"https:\/\/portaltela.pt\/s.01k8rhncp4jt1\/2026\/02\/image-903.jpg","keywords":["ambiente","desenvolvimento sustent\u00e1vel","Emiss\u00f5es de Gases de Estufa","ind\u00fastria","Norte","transportes"],"articleSection":["Not\u00edcias"],"inLanguage":"pt-PT"},{"@type":"WebPage","@id":"https:\/\/portaltela.pt\/noticias\/2026\/02\/11\/transportes-respondem-por-45-da-poluicao-no-norte\/","url":"https:\/\/portaltela.pt\/noticias\/2026\/02\/11\/transportes-respondem-por-45-da-poluicao-no-norte\/","name":"Transportes respondem por 45% da polui\u00e7\u00e3o no Norte - Portal Tela Portugal","isPartOf":{"@id":"https:\/\/portaltela.pt\/#website"},"primaryImageOfPage":{"@id":"https:\/\/portaltela.pt\/noticias\/2026\/02\/11\/transportes-respondem-por-45-da-poluicao-no-norte\/#primaryimage"},"image":{"@id":"https:\/\/portaltela.pt\/noticias\/2026\/02\/11\/transportes-respondem-por-45-da-poluicao-no-norte\/#primaryimage"},"thumbnailUrl":"https:\/\/portaltela.pt\/s.01k8rhncp4jt1\/2026\/02\/image-903.jpg","datePublished":"2026-02-11T17:22:00+00:00","author":{"@id":"https:\/\/portaltela.pt\/#\/schema\/person\/c4278d4a6028830caff9ee44b42d32ed"},"breadcrumb":{"@id":"https:\/\/portaltela.pt\/noticias\/2026\/02\/11\/transportes-respondem-por-45-da-poluicao-no-norte\/#breadcrumb"},"inLanguage":"pt-PT","potentialAction":[{"@type":"ReadAction","target":["https:\/\/portaltela.pt\/noticias\/2026\/02\/11\/transportes-respondem-por-45-da-poluicao-no-norte\/"]}]},{"@type":"ImageObject","inLanguage":"pt-PT","@id":"https:\/\/portaltela.pt\/noticias\/2026\/02\/11\/transportes-respondem-por-45-da-poluicao-no-norte\/#primaryimage","url":"https:\/\/portaltela.pt\/s.01k8rhncp4jt1\/2026\/02\/image-903.jpg","contentUrl":"https:\/\/portaltela.pt\/s.01k8rhncp4jt1\/2026\/02\/image-903.jpg","width":796,"height":448,"caption":"Setor dos transportes est\u00e1 longe da meta para 2030"},{"@type":"BreadcrumbList","@id":"https:\/\/portaltela.pt\/noticias\/2026\/02\/11\/transportes-respondem-por-45-da-poluicao-no-norte\/#breadcrumb","itemListElement":[{"@type":"ListItem","position":1,"name":"In\u00edcio","item":"https:\/\/portaltela.pt\/"},{"@type":"ListItem","position":2,"name":"Transportes respondem por 45% da polui\u00e7\u00e3o no Norte"}]},{"@type":"WebSite","@id":"https:\/\/portaltela.pt\/#website","url":"https:\/\/portaltela.pt\/","name":"Portal Tela Portugal","description":"","potentialAction":[{"@type":"SearchAction","target":{"@type":"EntryPoint","urlTemplate":"https:\/\/portaltela.pt\/?s={search_term_string}"},"query-input":{"@type":"PropertyValueSpecification","valueRequired":true,"valueName":"search_term_string"}}],"inLanguage":"pt-PT"},{"@type":"Person","@id":"https:\/\/portaltela.pt\/#\/schema\/person\/c4278d4a6028830caff9ee44b42d32ed","name":"Telinha","image":{"@type":"ImageObject","inLanguage":"pt-PT","@id":"https:\/\/portaltela.pt\/s.01k8rhncp4jt1\/2025\/11\/talking-bot-125x125.png","url":"https:\/\/portaltela.pt\/s.01k8rhncp4jt1\/2025\/11\/talking-bot-125x125.png","contentUrl":"https:\/\/portaltela.pt\/s.01k8rhncp4jt1\/2025\/11\/talking-bot-125x125.png","caption":"Telinha"},"sameAs":["https:\/\/portaltela.pt\/"],"url":"https:\/\/portaltela.pt\/por\/367410592786\/"}]}},"_links":{"self":[{"href":"https:\/\/portaltela.pt\/api\/wp\/v2\/posts\/208571","targetHints":{"allow":["GET"]}}],"collection":[{"href":"https:\/\/portaltela.pt\/api\/wp\/v2\/posts"}],"about":[{"href":"https:\/\/portaltela.pt\/api\/wp\/v2\/types\/post"}],"author":[{"embeddable":true,"href":"https:\/\/portaltela.pt\/api\/wp\/v2\/users\/2"}],"replies":[{"embeddable":true,"href":"https:\/\/portaltela.pt\/api\/wp\/v2\/comments?post=208571"}],"version-history":[{"count":0,"href":"https:\/\/portaltela.pt\/api\/wp\/v2\/posts\/208571\/revisions"}],"wp:featuredmedia":[{"embeddable":true,"href":"https:\/\/portaltela.pt\/api\/wp\/v2\/media\/208580"}],"wp:attachment":[{"href":"https:\/\/portaltela.pt\/api\/wp\/v2\/media?parent=208571"}],"wp:term":[{"taxonomy":"category","embeddable":true,"href":"https:\/\/portaltela.pt\/api\/wp\/v2\/categories?post=208571"},{"taxonomy":"post_tag","embeddable":true,"href":"https:\/\/portaltela.pt\/api\/wp\/v2\/tags?post=208571"}],"curies":[{"name":"wp","href":"https:\/\/api.w.org\/{rel}","templated":true}]}}