{"id":208570,"date":"2026-02-11T14:19:24","date_gmt":"2026-02-11T17:19:24","guid":{"rendered":"https:\/\/portaltela.pt\/noticias\/2026\/02\/11\/martin-tejon-vence-pela-segunda-vez-o-premio-de-jovem-do-mes-da-2-a-liga\/"},"modified":"2026-02-11T14:19:24","modified_gmt":"2026-02-11T17:19:24","slug":"martin-tejon-vence-pela-segunda-vez-o-premio-de-jovem-do-mes-da-2-a-liga","status":"publish","type":"post","link":"https:\/\/portaltela.pt\/desporto\/futebol\/2026\/02\/11\/martin-tejon-vence-pela-segunda-vez-o-premio-de-jovem-do-mes-da-2-a-liga\/","title":{"rendered":"Mart\u00edn Tej\u00f3n vence pela segunda vez o pr\u00e9mio de Jovem do M\u00eas da 2.\u00aa Liga"},"content":{"rendered":"<p>Mart\u00edn T\u00e9jon, do Mar\u00edtimo, venceu pela segunda vez consecutiva o pr\u00e9mio de jovem do m\u00eas da 2.\u00aa Liga, correspondente a janeiro. O avan\u00e7ado espanhol, de 21 anos, conquistou 34,13% dos votos, derrotando Gon\u00e7alo Sousa e Jo\u00e3o Teixeira (FC Porto).<\/p>\n<p>No \u00faltimo m\u00eas, T\u00e9jon foi titular nas tr\u00eas partidas dos insulares, apontando dois golos e a entregar uma assist\u00eancia. O Mar\u00edtimo soma 41 pontos no campeonato e lidera a classifica\u00e7\u00e3o, com vantagem de seis pontos sobre o Ac. Viseu.<\/p>\n<p>O camisola 10:<\/p>\n<ul>\n<li>chegou no ver\u00e3o, ao Madeira, proveniente do Val\u00eancia, a custo zero;<\/li>\n<li>nesta \u00e9poca, regista 5 golos e 3 assist\u00eancias em 22 jogos.<\/li>\n<\/ul>\n<h3>Contexto: posi\u00e7\u00e3o do Mar\u00edtimo na tabela<\/h3>\n<p>A n\u00edvel de lideran\u00e7a, o clube insular est\u00e1 em primeira posi\u00e7\u00e3o na 2.\u00aa Liga, com vantagem clara sobre o segundo. A presta\u00e7\u00e3o de T\u00e9jon tem sido um elemento-chave para esse desempenho.<\/p>\n<h3>Relev\u00e2ncia individual do pr\u00e9mio<\/h3>\n<p>Este \u00e9 o segundo reconhecimento mensal de T\u00e9jon na competi\u00e7\u00e3o, refor\u00e7ando o impacto do jogador espanhol no futebol do recinto madeirense.<\/p>\n","protected":false},"excerpt":{"rendered":"<ul>\n<li>Mart\u00edn Tej\u00f3n, do Mar\u00edtimo, foi eleito o jovem do m\u00eas da 2.\u00aa Liga pela segunda vez consecutiva, desta vez em janeiro, com 34,13% dos votos.<\/li>\n<li>Bateu Gon\u00e7alo Sousa e Jo\u00e3o Teixeira (ambos do FC Porto) na vota\u00e7\u00e3o.<\/li>\n<li>O avan\u00e7ado espanhol, de 21 anos, foi titular nas tr\u00eas partidas do \u00faltimo m\u00eas e registrou dois golos e uma assist\u00eancia.<\/li>\n<li>O Mar\u00edtimo lidera a 2.\u00aa Liga com 41 pontos, seis acima do Ac. Viseu, segundo.<\/li>\n<li>Tej\u00f3n chegou \u00e0 Madeira no ver\u00e3o passado, vindo do Val\u00eancia a custo zero; nesta \u00e9poca leva cinco golos e tr\u00eas assist\u00eancias em 22 jogos.<\/li>\n<\/ul>\n","protected":false},"author":2,"featured_media":208582,"comment_status":"closed","ping_status":"closed","sticky":false,"template":"","format":"standard","meta":{"footnotes":""},"categories":[21,24],"tags":[4175,32,242,859,3011,3097],"class_list":["post-208570","post","type-post","status-publish","format-standard","has-post-thumbnail","hentry","category-desporto","category-futebol","tag-2-a-liga","tag-futebol","tag-jogadores","tag-madeira","tag-madeira-sad","tag-maritimo"],"yoast_head":"<!-- This site is optimized with the Yoast SEO plugin v27.2 - https:\/\/yoast.com\/product\/yoast-seo-wordpress\/ -->\n<title>Mart\u00edn Tej\u00f3n vence pela segunda vez o pr\u00e9mio de Jovem do M\u00eas da 2.\u00aa Liga - Portal Tela Portugal<\/title>\n<meta name=\"robots\" content=\"index, follow, max-snippet:-1, max-image-preview:large, max-video-preview:-1\" \/>\n<meta property=\"og:locale\" content=\"pt_PT\" \/>\n<meta property=\"og:type\" content=\"article\" \/>\n<meta property=\"og:title\" content=\"Mart\u00edn Tej\u00f3n vence pela segunda vez o pr\u00e9mio de Jovem do M\u00eas da 2.\u00aa Liga - Portal Tela Portugal\" \/>\n<meta property=\"og:description\" content=\"Mart\u00edn Tej\u00f3n, do Mar\u00edtimo, foi eleito o jovem do m\u00eas da 2.\u00aa Liga pela segunda vez consecutiva, desta vez em janeiro, com 34,13% dos votos. Bateu Gon\u00e7alo Sousa e Jo\u00e3o Teixeira (ambos do FC Porto) na vota\u00e7\u00e3o. O avan\u00e7ado espanhol, de 21 anos, foi titular nas tr\u00eas partidas do \u00faltimo m\u00eas e registrou dois golos e uma assist\u00eancia. O Mar\u00edtimo lidera a 2.\u00aa Liga com 41 pontos, seis acima do Ac. Viseu, segundo. Tej\u00f3n chegou \u00e0 Madeira no ver\u00e3o passado, vindo do Val\u00eancia a custo zero; nesta \u00e9poca leva cinco golos e tr\u00eas assist\u00eancias em 22 jogos.\" \/>\n<meta property=\"og:url\" content=\"https:\/\/portaltela.pt\/noticias\/2026\/02\/11\/martin-tejon-vence-pela-segunda-vez-o-premio-de-jovem-do-mes-da-2-a-liga\/\" \/>\n<meta property=\"og:site_name\" content=\"Portal Tela Portugal\" \/>\n<meta property=\"article:published_time\" content=\"2026-02-11T17:19:24+00:00\" \/>\n<meta name=\"author\" content=\"Telinha\" \/>\n<meta name=\"twitter:card\" content=\"summary_large_image\" \/>\n<meta name=\"twitter:label1\" content=\"Escrito por\" \/>\n\t<meta name=\"twitter:data1\" content=\"Telinha\" \/>\n\t<meta name=\"twitter:label2\" content=\"Tempo estimado de leitura\" \/>\n\t<meta name=\"twitter:data2\" content=\"1 minuto\" \/>\n<script type=\"application\/ld+json\" class=\"yoast-schema-graph\">{\"@context\":\"https:\/\/schema.org\",\"@graph\":[{\"@type\":\"Article\",\"@id\":\"https:\/\/portaltela.pt\/noticias\/2026\/02\/11\/martin-tejon-vence-pela-segunda-vez-o-premio-de-jovem-do-mes-da-2-a-liga\/#article\",\"isPartOf\":{\"@id\":\"https:\/\/portaltela.pt\/noticias\/2026\/02\/11\/martin-tejon-vence-pela-segunda-vez-o-premio-de-jovem-do-mes-da-2-a-liga\/\"},\"author\":{\"name\":\"Telinha\",\"@id\":\"https:\/\/portaltela.pt\/#\/schema\/person\/c4278d4a6028830caff9ee44b42d32ed\"},\"headline\":\"Mart\u00edn Tej\u00f3n vence pela segunda vez o pr\u00e9mio de Jovem do M\u00eas da 2.\u00aa Liga\",\"datePublished\":\"2026-02-11T17:19:24+00:00\",\"mainEntityOfPage\":{\"@id\":\"https:\/\/portaltela.pt\/noticias\/2026\/02\/11\/martin-tejon-vence-pela-segunda-vez-o-premio-de-jovem-do-mes-da-2-a-liga\/\"},\"wordCount\":202,\"image\":{\"@id\":\"https:\/\/portaltela.pt\/noticias\/2026\/02\/11\/martin-tejon-vence-pela-segunda-vez-o-premio-de-jovem-do-mes-da-2-a-liga\/#primaryimage\"},\"thumbnailUrl\":\"https:\/\/portaltela.pt\/s.01k8rhncp4jt1\/2026\/02\/img_920x518uu2026-02-11-17-07-16-2420979-im-639064264724661292.jpg\",\"keywords\":[\"2.\u00aa Liga\",\"futebol\",\"jogadores\",\"Madeira\",\"Madeira SAD\",\"Mar\u00edtimo\"],\"articleSection\":[\"Desporto\",\"Futebol\"],\"inLanguage\":\"pt-PT\"},{\"@type\":\"WebPage\",\"@id\":\"https:\/\/portaltela.pt\/noticias\/2026\/02\/11\/martin-tejon-vence-pela-segunda-vez-o-premio-de-jovem-do-mes-da-2-a-liga\/\",\"url\":\"https:\/\/portaltela.pt\/noticias\/2026\/02\/11\/martin-tejon-vence-pela-segunda-vez-o-premio-de-jovem-do-mes-da-2-a-liga\/\",\"name\":\"Mart\u00edn Tej\u00f3n vence pela segunda vez o pr\u00e9mio de Jovem do M\u00eas da 2.\u00aa Liga - Portal Tela Portugal\",\"isPartOf\":{\"@id\":\"https:\/\/portaltela.pt\/#website\"},\"primaryImageOfPage\":{\"@id\":\"https:\/\/portaltela.pt\/noticias\/2026\/02\/11\/martin-tejon-vence-pela-segunda-vez-o-premio-de-jovem-do-mes-da-2-a-liga\/#primaryimage\"},\"image\":{\"@id\":\"https:\/\/portaltela.pt\/noticias\/2026\/02\/11\/martin-tejon-vence-pela-segunda-vez-o-premio-de-jovem-do-mes-da-2-a-liga\/#primaryimage\"},\"thumbnailUrl\":\"https:\/\/portaltela.pt\/s.01k8rhncp4jt1\/2026\/02\/img_920x518uu2026-02-11-17-07-16-2420979-im-639064264724661292.jpg\",\"datePublished\":\"2026-02-11T17:19:24+00:00\",\"author\":{\"@id\":\"https:\/\/portaltela.pt\/#\/schema\/person\/c4278d4a6028830caff9ee44b42d32ed\"},\"breadcrumb\":{\"@id\":\"https:\/\/portaltela.pt\/noticias\/2026\/02\/11\/martin-tejon-vence-pela-segunda-vez-o-premio-de-jovem-do-mes-da-2-a-liga\/#breadcrumb\"},\"inLanguage\":\"pt-PT\",\"potentialAction\":[{\"@type\":\"ReadAction\",\"target\":[\"https:\/\/portaltela.pt\/noticias\/2026\/02\/11\/martin-tejon-vence-pela-segunda-vez-o-premio-de-jovem-do-mes-da-2-a-liga\/\"]}]},{\"@type\":\"ImageObject\",\"inLanguage\":\"pt-PT\",\"@id\":\"https:\/\/portaltela.pt\/noticias\/2026\/02\/11\/martin-tejon-vence-pela-segunda-vez-o-premio-de-jovem-do-mes-da-2-a-liga\/#primaryimage\",\"url\":\"https:\/\/portaltela.pt\/s.01k8rhncp4jt1\/2026\/02\/img_920x518uu2026-02-11-17-07-16-2420979-im-639064264724661292.jpg\",\"contentUrl\":\"https:\/\/portaltela.pt\/s.01k8rhncp4jt1\/2026\/02\/img_920x518uu2026-02-11-17-07-16-2420979-im-639064264724661292.jpg\",\"width\":796,\"height\":448,\"caption\":\"Mart\u00edn T\u00e9jon vence pr\u00e9mio de jovem do m\u00eas da 2.\u00aa Liga pela segunda vez\"},{\"@type\":\"BreadcrumbList\",\"@id\":\"https:\/\/portaltela.pt\/noticias\/2026\/02\/11\/martin-tejon-vence-pela-segunda-vez-o-premio-de-jovem-do-mes-da-2-a-liga\/#breadcrumb\",\"itemListElement\":[{\"@type\":\"ListItem\",\"position\":1,\"name\":\"In\u00edcio\",\"item\":\"https:\/\/portaltela.pt\/\"},{\"@type\":\"ListItem\",\"position\":2,\"name\":\"Mart\u00edn Tej\u00f3n vence pela segunda vez o pr\u00e9mio de Jovem do M\u00eas da 2.\u00aa Liga\"}]},{\"@type\":\"WebSite\",\"@id\":\"https:\/\/portaltela.pt\/#website\",\"url\":\"https:\/\/portaltela.pt\/\",\"name\":\"Portal Tela Portugal\",\"description\":\"\",\"potentialAction\":[{\"@type\":\"SearchAction\",\"target\":{\"@type\":\"EntryPoint\",\"urlTemplate\":\"https:\/\/portaltela.pt\/?s={search_term_string}\"},\"query-input\":{\"@type\":\"PropertyValueSpecification\",\"valueRequired\":true,\"valueName\":\"search_term_string\"}}],\"inLanguage\":\"pt-PT\"},{\"@type\":\"Person\",\"@id\":\"https:\/\/portaltela.pt\/#\/schema\/person\/c4278d4a6028830caff9ee44b42d32ed\",\"name\":\"Telinha\",\"image\":{\"@type\":\"ImageObject\",\"inLanguage\":\"pt-PT\",\"@id\":\"https:\/\/portaltela.pt\/s.01k8rhncp4jt1\/2025\/11\/talking-bot-125x125.png\",\"url\":\"https:\/\/portaltela.pt\/s.01k8rhncp4jt1\/2025\/11\/talking-bot-125x125.png\",\"contentUrl\":\"https:\/\/portaltela.pt\/s.01k8rhncp4jt1\/2025\/11\/talking-bot-125x125.png\",\"caption\":\"Telinha\"},\"sameAs\":[\"https:\/\/portaltela.pt\/\"],\"url\":\"https:\/\/portaltela.pt\/por\/367410592786\/\"}]}<\/script>\n<!-- \/ Yoast SEO plugin. -->","yoast_head_json":{"title":"Mart\u00edn Tej\u00f3n vence pela segunda vez o pr\u00e9mio de Jovem do M\u00eas da 2.\u00aa Liga - Portal Tela Portugal","robots":{"index":"index","follow":"follow","max-snippet":"max-snippet:-1","max-image-preview":"max-image-preview:large","max-video-preview":"max-video-preview:-1"},"og_locale":"pt_PT","og_type":"article","og_title":"Mart\u00edn Tej\u00f3n vence pela segunda vez o pr\u00e9mio de Jovem do M\u00eas da 2.\u00aa Liga - Portal Tela Portugal","og_description":"Mart\u00edn Tej\u00f3n, do Mar\u00edtimo, foi eleito o jovem do m\u00eas da 2.\u00aa Liga pela segunda vez consecutiva, desta vez em janeiro, com 34,13% dos votos. Bateu Gon\u00e7alo Sousa e Jo\u00e3o Teixeira (ambos do FC Porto) na vota\u00e7\u00e3o. O avan\u00e7ado espanhol, de 21 anos, foi titular nas tr\u00eas partidas do \u00faltimo m\u00eas e registrou dois golos e uma assist\u00eancia. O Mar\u00edtimo lidera a 2.\u00aa Liga com 41 pontos, seis acima do Ac. Viseu, segundo. Tej\u00f3n chegou \u00e0 Madeira no ver\u00e3o passado, vindo do Val\u00eancia a custo zero; nesta \u00e9poca leva cinco golos e tr\u00eas assist\u00eancias em 22 jogos.","og_url":"https:\/\/portaltela.pt\/noticias\/2026\/02\/11\/martin-tejon-vence-pela-segunda-vez-o-premio-de-jovem-do-mes-da-2-a-liga\/","og_site_name":"Portal Tela Portugal","article_published_time":"2026-02-11T17:19:24+00:00","author":"Telinha","twitter_card":"summary_large_image","twitter_misc":{"Escrito por":"Telinha","Tempo estimado de leitura":"1 minuto"},"schema":{"@context":"https:\/\/schema.org","@graph":[{"@type":"Article","@id":"https:\/\/portaltela.pt\/noticias\/2026\/02\/11\/martin-tejon-vence-pela-segunda-vez-o-premio-de-jovem-do-mes-da-2-a-liga\/#article","isPartOf":{"@id":"https:\/\/portaltela.pt\/noticias\/2026\/02\/11\/martin-tejon-vence-pela-segunda-vez-o-premio-de-jovem-do-mes-da-2-a-liga\/"},"author":{"name":"Telinha","@id":"https:\/\/portaltela.pt\/#\/schema\/person\/c4278d4a6028830caff9ee44b42d32ed"},"headline":"Mart\u00edn Tej\u00f3n vence pela segunda vez o pr\u00e9mio de Jovem do M\u00eas da 2.\u00aa Liga","datePublished":"2026-02-11T17:19:24+00:00","mainEntityOfPage":{"@id":"https:\/\/portaltela.pt\/noticias\/2026\/02\/11\/martin-tejon-vence-pela-segunda-vez-o-premio-de-jovem-do-mes-da-2-a-liga\/"},"wordCount":202,"image":{"@id":"https:\/\/portaltela.pt\/noticias\/2026\/02\/11\/martin-tejon-vence-pela-segunda-vez-o-premio-de-jovem-do-mes-da-2-a-liga\/#primaryimage"},"thumbnailUrl":"https:\/\/portaltela.pt\/s.01k8rhncp4jt1\/2026\/02\/img_920x518uu2026-02-11-17-07-16-2420979-im-639064264724661292.jpg","keywords":["2.\u00aa Liga","futebol","jogadores","Madeira","Madeira SAD","Mar\u00edtimo"],"articleSection":["Desporto","Futebol"],"inLanguage":"pt-PT"},{"@type":"WebPage","@id":"https:\/\/portaltela.pt\/noticias\/2026\/02\/11\/martin-tejon-vence-pela-segunda-vez-o-premio-de-jovem-do-mes-da-2-a-liga\/","url":"https:\/\/portaltela.pt\/noticias\/2026\/02\/11\/martin-tejon-vence-pela-segunda-vez-o-premio-de-jovem-do-mes-da-2-a-liga\/","name":"Mart\u00edn Tej\u00f3n vence pela segunda vez o pr\u00e9mio de Jovem do M\u00eas da 2.\u00aa Liga - Portal Tela Portugal","isPartOf":{"@id":"https:\/\/portaltela.pt\/#website"},"primaryImageOfPage":{"@id":"https:\/\/portaltela.pt\/noticias\/2026\/02\/11\/martin-tejon-vence-pela-segunda-vez-o-premio-de-jovem-do-mes-da-2-a-liga\/#primaryimage"},"image":{"@id":"https:\/\/portaltela.pt\/noticias\/2026\/02\/11\/martin-tejon-vence-pela-segunda-vez-o-premio-de-jovem-do-mes-da-2-a-liga\/#primaryimage"},"thumbnailUrl":"https:\/\/portaltela.pt\/s.01k8rhncp4jt1\/2026\/02\/img_920x518uu2026-02-11-17-07-16-2420979-im-639064264724661292.jpg","datePublished":"2026-02-11T17:19:24+00:00","author":{"@id":"https:\/\/portaltela.pt\/#\/schema\/person\/c4278d4a6028830caff9ee44b42d32ed"},"breadcrumb":{"@id":"https:\/\/portaltela.pt\/noticias\/2026\/02\/11\/martin-tejon-vence-pela-segunda-vez-o-premio-de-jovem-do-mes-da-2-a-liga\/#breadcrumb"},"inLanguage":"pt-PT","potentialAction":[{"@type":"ReadAction","target":["https:\/\/portaltela.pt\/noticias\/2026\/02\/11\/martin-tejon-vence-pela-segunda-vez-o-premio-de-jovem-do-mes-da-2-a-liga\/"]}]},{"@type":"ImageObject","inLanguage":"pt-PT","@id":"https:\/\/portaltela.pt\/noticias\/2026\/02\/11\/martin-tejon-vence-pela-segunda-vez-o-premio-de-jovem-do-mes-da-2-a-liga\/#primaryimage","url":"https:\/\/portaltela.pt\/s.01k8rhncp4jt1\/2026\/02\/img_920x518uu2026-02-11-17-07-16-2420979-im-639064264724661292.jpg","contentUrl":"https:\/\/portaltela.pt\/s.01k8rhncp4jt1\/2026\/02\/img_920x518uu2026-02-11-17-07-16-2420979-im-639064264724661292.jpg","width":796,"height":448,"caption":"Mart\u00edn T\u00e9jon vence pr\u00e9mio de jovem do m\u00eas da 2.\u00aa Liga pela segunda vez"},{"@type":"BreadcrumbList","@id":"https:\/\/portaltela.pt\/noticias\/2026\/02\/11\/martin-tejon-vence-pela-segunda-vez-o-premio-de-jovem-do-mes-da-2-a-liga\/#breadcrumb","itemListElement":[{"@type":"ListItem","position":1,"name":"In\u00edcio","item":"https:\/\/portaltela.pt\/"},{"@type":"ListItem","position":2,"name":"Mart\u00edn Tej\u00f3n vence pela segunda vez o pr\u00e9mio de Jovem do M\u00eas da 2.\u00aa Liga"}]},{"@type":"WebSite","@id":"https:\/\/portaltela.pt\/#website","url":"https:\/\/portaltela.pt\/","name":"Portal Tela Portugal","description":"","potentialAction":[{"@type":"SearchAction","target":{"@type":"EntryPoint","urlTemplate":"https:\/\/portaltela.pt\/?s={search_term_string}"},"query-input":{"@type":"PropertyValueSpecification","valueRequired":true,"valueName":"search_term_string"}}],"inLanguage":"pt-PT"},{"@type":"Person","@id":"https:\/\/portaltela.pt\/#\/schema\/person\/c4278d4a6028830caff9ee44b42d32ed","name":"Telinha","image":{"@type":"ImageObject","inLanguage":"pt-PT","@id":"https:\/\/portaltela.pt\/s.01k8rhncp4jt1\/2025\/11\/talking-bot-125x125.png","url":"https:\/\/portaltela.pt\/s.01k8rhncp4jt1\/2025\/11\/talking-bot-125x125.png","contentUrl":"https:\/\/portaltela.pt\/s.01k8rhncp4jt1\/2025\/11\/talking-bot-125x125.png","caption":"Telinha"},"sameAs":["https:\/\/portaltela.pt\/"],"url":"https:\/\/portaltela.pt\/por\/367410592786\/"}]}},"_links":{"self":[{"href":"https:\/\/portaltela.pt\/api\/wp\/v2\/posts\/208570","targetHints":{"allow":["GET"]}}],"collection":[{"href":"https:\/\/portaltela.pt\/api\/wp\/v2\/posts"}],"about":[{"href":"https:\/\/portaltela.pt\/api\/wp\/v2\/types\/post"}],"author":[{"embeddable":true,"href":"https:\/\/portaltela.pt\/api\/wp\/v2\/users\/2"}],"replies":[{"embeddable":true,"href":"https:\/\/portaltela.pt\/api\/wp\/v2\/comments?post=208570"}],"version-history":[{"count":0,"href":"https:\/\/portaltela.pt\/api\/wp\/v2\/posts\/208570\/revisions"}],"wp:featuredmedia":[{"embeddable":true,"href":"https:\/\/portaltela.pt\/api\/wp\/v2\/media\/208582"}],"wp:attachment":[{"href":"https:\/\/portaltela.pt\/api\/wp\/v2\/media?parent=208570"}],"wp:term":[{"taxonomy":"category","embeddable":true,"href":"https:\/\/portaltela.pt\/api\/wp\/v2\/categories?post=208570"},{"taxonomy":"post_tag","embeddable":true,"href":"https:\/\/portaltela.pt\/api\/wp\/v2\/tags?post=208570"}],"curies":[{"name":"wp","href":"https:\/\/api.w.org\/{rel}","templated":true}]}}