{"id":208569,"date":"2026-02-11T14:27:44","date_gmt":"2026-02-11T17:27:44","guid":{"rendered":"https:\/\/portaltela.pt\/noticias\/2026\/02\/11\/e-amadora-rescinde-com-ryan-carlos\/"},"modified":"2026-02-11T14:27:44","modified_gmt":"2026-02-11T17:27:44","slug":"e-amadora-rescinde-com-ryan-carlos","status":"publish","type":"post","link":"https:\/\/portaltela.pt\/desporto\/futebol\/2026\/02\/11\/e-amadora-rescinde-com-ryan-carlos\/","title":{"rendered":"E. Amadora rescinde com Ryan Carlos"},"content":{"rendered":"<p>O Estrela da Amadora anunciou na quarta-feira a rescis\u00e3o de contrato com o defesa brasileiro Ryan Carlos. A sa\u00edda ocorre ap\u00f3s o final do mercado de transfer\u00eancias e \u00e9 a primeira baixa do plantel na altura em que a equipa joga pela Liga Betclic.<\/p>\n<p>Ryan Carlos Santos de Sousa, de 23 anos, deixou o clube da Reboleira ao cabo de meia \u00e9poca. O jogador participou em quatro encontros na presente temporada, sendo titular em apenas um, ao longo de 21 jornadas disputadas.<\/p>\n<p>Natural de Diadema, S\u00e3o Paulo, o defesa atuava pela ala esquerda. Chegado ao Estrela no in\u00edcio da \u00e9poca proveniente do Bahia, onde marcou dois gols em 31 jogos, o atleta j\u00e1 tinha passagens pelo CRB, Inhulets Petrove e Chornomorets, de nacionalidade brasileira.<\/p>\n<p>A not\u00edcia da rescis\u00e3o surge num momento em que o Estrela da Amadora ocupa o 11\u00ba lugar da Liga, com 23 pontos, ap\u00f3s 21 jornadas. A SAD agradeceu o empenho de Ryan Carlos e desejou sucesso na continuidade da sua carreira.<\/p>\n<h3>Sa\u00edda e contexto<\/h3>\n<p>A decis\u00e3o foi comunicada por meio de um comunicado oficial da SAD do Estrela da Amadora, que descreve o acordo de revoga\u00e7\u00e3o do v\u00ednculo por m\u00fatuo consentimento, com efeitos imediatos. O clube n\u00e3o indicou pr\u00f3ximos passos para o refor\u00e7o da posi\u00e7\u00e3o.<\/p>\n","protected":false},"excerpt":{"rendered":"<ul>\n<li>O Estrela da Amadora anunciou a rescis\u00e3o de contrato com o defesa brasileiro Ryan Carlos Santos de Sousa, por m\u00fatuo acordo, com efeitos imediatos.<\/li>\n<li>Ryan Carlos, de 23 anos, disputou apenas quatro jogos nesta temporada, sendo um deles como titular.<\/li>\n<li>O jogador natural de Diadema, S\u00e3o Paulo, chegou ao Estrela no in\u00edcio da presente \u00e9poca, vindo do Bahia.<\/li>\n<li>No Bahia, apontou dois golos em 31 jogos, tendo antes sido cedido ao CRB, ao Inhulets Petrove e ao Chornomorets.<\/li>\n<li>A sa\u00edda coincide com o Estrela em 11.\u00ba lugar na Liga, com 23 pontos em 21 jornadas.<\/li>\n<\/ul>\n","protected":false},"author":2,"featured_media":208579,"comment_status":"closed","ping_status":"closed","sticky":false,"template":"","format":"standard","meta":{"footnotes":""},"categories":[21,24],"tags":[4059,4172,1489,32,242,3501],"class_list":["post-208569","post","type-post","status-publish","format-standard","has-post-thumbnail","hentry","category-desporto","category-futebol","tag-1-a-liga","tag-brasileiro","tag-estrela-da-amadora","tag-futebol","tag-jogadores","tag-rescisao"],"yoast_head":"<!-- This site is optimized with the Yoast SEO plugin v27.2 - https:\/\/yoast.com\/product\/yoast-seo-wordpress\/ -->\n<title>E. Amadora rescinde com Ryan Carlos - Portal Tela Portugal<\/title>\n<meta name=\"robots\" content=\"index, follow, max-snippet:-1, max-image-preview:large, max-video-preview:-1\" \/>\n<meta property=\"og:locale\" content=\"pt_PT\" \/>\n<meta property=\"og:type\" content=\"article\" \/>\n<meta property=\"og:title\" content=\"E. Amadora rescinde com Ryan Carlos - Portal Tela Portugal\" \/>\n<meta property=\"og:description\" content=\"O Estrela da Amadora anunciou a rescis\u00e3o de contrato com o defesa brasileiro Ryan Carlos Santos de Sousa, por m\u00fatuo acordo, com efeitos imediatos. Ryan Carlos, de 23 anos, disputou apenas quatro jogos nesta temporada, sendo um deles como titular. O jogador natural de Diadema, S\u00e3o Paulo, chegou ao Estrela no in\u00edcio da presente \u00e9poca, vindo do Bahia. No Bahia, apontou dois golos em 31 jogos, tendo antes sido cedido ao CRB, ao Inhulets Petrove e ao Chornomorets. A sa\u00edda coincide com o Estrela em 11.\u00ba lugar na Liga, com 23 pontos em 21 jornadas.\" \/>\n<meta property=\"og:url\" content=\"https:\/\/portaltela.pt\/noticias\/2026\/02\/11\/e-amadora-rescinde-com-ryan-carlos\/\" \/>\n<meta property=\"og:site_name\" content=\"Portal Tela Portugal\" \/>\n<meta property=\"article:published_time\" content=\"2026-02-11T17:27:44+00:00\" \/>\n<meta name=\"author\" content=\"Telinha\" \/>\n<meta name=\"twitter:card\" content=\"summary_large_image\" \/>\n<meta name=\"twitter:label1\" content=\"Escrito por\" \/>\n\t<meta name=\"twitter:data1\" content=\"Telinha\" \/>\n\t<meta name=\"twitter:label2\" content=\"Tempo estimado de leitura\" \/>\n\t<meta name=\"twitter:data2\" content=\"1 minuto\" \/>\n<script type=\"application\/ld+json\" class=\"yoast-schema-graph\">{\"@context\":\"https:\/\/schema.org\",\"@graph\":[{\"@type\":\"Article\",\"@id\":\"https:\/\/portaltela.pt\/noticias\/2026\/02\/11\/e-amadora-rescinde-com-ryan-carlos\/#article\",\"isPartOf\":{\"@id\":\"https:\/\/portaltela.pt\/noticias\/2026\/02\/11\/e-amadora-rescinde-com-ryan-carlos\/\"},\"author\":{\"name\":\"Telinha\",\"@id\":\"https:\/\/portaltela.pt\/#\/schema\/person\/c4278d4a6028830caff9ee44b42d32ed\"},\"headline\":\"E. Amadora rescinde com Ryan Carlos\",\"datePublished\":\"2026-02-11T17:27:44+00:00\",\"mainEntityOfPage\":{\"@id\":\"https:\/\/portaltela.pt\/noticias\/2026\/02\/11\/e-amadora-rescinde-com-ryan-carlos\/\"},\"wordCount\":226,\"image\":{\"@id\":\"https:\/\/portaltela.pt\/noticias\/2026\/02\/11\/e-amadora-rescinde-com-ryan-carlos\/#primaryimage\"},\"thumbnailUrl\":\"https:\/\/portaltela.pt\/s.01k8rhncp4jt1\/2026\/02\/img_920x518uu2025-08-13-21-11-08-2383549-im-639064276185531950.jpg\",\"keywords\":[\"1.\u00aa Liga\",\"brasileiro\",\"Estrela da Amadora\",\"futebol\",\"jogadores\",\"rescis\u00e3o\"],\"articleSection\":[\"Desporto\",\"Futebol\"],\"inLanguage\":\"pt-PT\"},{\"@type\":\"WebPage\",\"@id\":\"https:\/\/portaltela.pt\/noticias\/2026\/02\/11\/e-amadora-rescinde-com-ryan-carlos\/\",\"url\":\"https:\/\/portaltela.pt\/noticias\/2026\/02\/11\/e-amadora-rescinde-com-ryan-carlos\/\",\"name\":\"E. Amadora rescinde com Ryan Carlos - Portal Tela Portugal\",\"isPartOf\":{\"@id\":\"https:\/\/portaltela.pt\/#website\"},\"primaryImageOfPage\":{\"@id\":\"https:\/\/portaltela.pt\/noticias\/2026\/02\/11\/e-amadora-rescinde-com-ryan-carlos\/#primaryimage\"},\"image\":{\"@id\":\"https:\/\/portaltela.pt\/noticias\/2026\/02\/11\/e-amadora-rescinde-com-ryan-carlos\/#primaryimage\"},\"thumbnailUrl\":\"https:\/\/portaltela.pt\/s.01k8rhncp4jt1\/2026\/02\/img_920x518uu2025-08-13-21-11-08-2383549-im-639064276185531950.jpg\",\"datePublished\":\"2026-02-11T17:27:44+00:00\",\"author\":{\"@id\":\"https:\/\/portaltela.pt\/#\/schema\/person\/c4278d4a6028830caff9ee44b42d32ed\"},\"breadcrumb\":{\"@id\":\"https:\/\/portaltela.pt\/noticias\/2026\/02\/11\/e-amadora-rescinde-com-ryan-carlos\/#breadcrumb\"},\"inLanguage\":\"pt-PT\",\"potentialAction\":[{\"@type\":\"ReadAction\",\"target\":[\"https:\/\/portaltela.pt\/noticias\/2026\/02\/11\/e-amadora-rescinde-com-ryan-carlos\/\"]}]},{\"@type\":\"ImageObject\",\"inLanguage\":\"pt-PT\",\"@id\":\"https:\/\/portaltela.pt\/noticias\/2026\/02\/11\/e-amadora-rescinde-com-ryan-carlos\/#primaryimage\",\"url\":\"https:\/\/portaltela.pt\/s.01k8rhncp4jt1\/2026\/02\/img_920x518uu2025-08-13-21-11-08-2383549-im-639064276185531950.jpg\",\"contentUrl\":\"https:\/\/portaltela.pt\/s.01k8rhncp4jt1\/2026\/02\/img_920x518uu2025-08-13-21-11-08-2383549-im-639064276185531950.jpg\",\"width\":796,\"height\":448,\"caption\":\"Ryan Carlos jogou meia temporada no Estrela da Amadora\"},{\"@type\":\"BreadcrumbList\",\"@id\":\"https:\/\/portaltela.pt\/noticias\/2026\/02\/11\/e-amadora-rescinde-com-ryan-carlos\/#breadcrumb\",\"itemListElement\":[{\"@type\":\"ListItem\",\"position\":1,\"name\":\"In\u00edcio\",\"item\":\"https:\/\/portaltela.pt\/\"},{\"@type\":\"ListItem\",\"position\":2,\"name\":\"E. Amadora rescinde com Ryan Carlos\"}]},{\"@type\":\"WebSite\",\"@id\":\"https:\/\/portaltela.pt\/#website\",\"url\":\"https:\/\/portaltela.pt\/\",\"name\":\"Portal Tela Portugal\",\"description\":\"\",\"potentialAction\":[{\"@type\":\"SearchAction\",\"target\":{\"@type\":\"EntryPoint\",\"urlTemplate\":\"https:\/\/portaltela.pt\/?s={search_term_string}\"},\"query-input\":{\"@type\":\"PropertyValueSpecification\",\"valueRequired\":true,\"valueName\":\"search_term_string\"}}],\"inLanguage\":\"pt-PT\"},{\"@type\":\"Person\",\"@id\":\"https:\/\/portaltela.pt\/#\/schema\/person\/c4278d4a6028830caff9ee44b42d32ed\",\"name\":\"Telinha\",\"image\":{\"@type\":\"ImageObject\",\"inLanguage\":\"pt-PT\",\"@id\":\"https:\/\/portaltela.pt\/s.01k8rhncp4jt1\/2025\/11\/talking-bot-125x125.png\",\"url\":\"https:\/\/portaltela.pt\/s.01k8rhncp4jt1\/2025\/11\/talking-bot-125x125.png\",\"contentUrl\":\"https:\/\/portaltela.pt\/s.01k8rhncp4jt1\/2025\/11\/talking-bot-125x125.png\",\"caption\":\"Telinha\"},\"sameAs\":[\"https:\/\/portaltela.pt\/\"],\"url\":\"https:\/\/portaltela.pt\/por\/367410592786\/\"}]}<\/script>\n<!-- \/ Yoast SEO plugin. -->","yoast_head_json":{"title":"E. Amadora rescinde com Ryan Carlos - Portal Tela Portugal","robots":{"index":"index","follow":"follow","max-snippet":"max-snippet:-1","max-image-preview":"max-image-preview:large","max-video-preview":"max-video-preview:-1"},"og_locale":"pt_PT","og_type":"article","og_title":"E. Amadora rescinde com Ryan Carlos - Portal Tela Portugal","og_description":"O Estrela da Amadora anunciou a rescis\u00e3o de contrato com o defesa brasileiro Ryan Carlos Santos de Sousa, por m\u00fatuo acordo, com efeitos imediatos. Ryan Carlos, de 23 anos, disputou apenas quatro jogos nesta temporada, sendo um deles como titular. O jogador natural de Diadema, S\u00e3o Paulo, chegou ao Estrela no in\u00edcio da presente \u00e9poca, vindo do Bahia. No Bahia, apontou dois golos em 31 jogos, tendo antes sido cedido ao CRB, ao Inhulets Petrove e ao Chornomorets. A sa\u00edda coincide com o Estrela em 11.\u00ba lugar na Liga, com 23 pontos em 21 jornadas.","og_url":"https:\/\/portaltela.pt\/noticias\/2026\/02\/11\/e-amadora-rescinde-com-ryan-carlos\/","og_site_name":"Portal Tela Portugal","article_published_time":"2026-02-11T17:27:44+00:00","author":"Telinha","twitter_card":"summary_large_image","twitter_misc":{"Escrito por":"Telinha","Tempo estimado de leitura":"1 minuto"},"schema":{"@context":"https:\/\/schema.org","@graph":[{"@type":"Article","@id":"https:\/\/portaltela.pt\/noticias\/2026\/02\/11\/e-amadora-rescinde-com-ryan-carlos\/#article","isPartOf":{"@id":"https:\/\/portaltela.pt\/noticias\/2026\/02\/11\/e-amadora-rescinde-com-ryan-carlos\/"},"author":{"name":"Telinha","@id":"https:\/\/portaltela.pt\/#\/schema\/person\/c4278d4a6028830caff9ee44b42d32ed"},"headline":"E. Amadora rescinde com Ryan Carlos","datePublished":"2026-02-11T17:27:44+00:00","mainEntityOfPage":{"@id":"https:\/\/portaltela.pt\/noticias\/2026\/02\/11\/e-amadora-rescinde-com-ryan-carlos\/"},"wordCount":226,"image":{"@id":"https:\/\/portaltela.pt\/noticias\/2026\/02\/11\/e-amadora-rescinde-com-ryan-carlos\/#primaryimage"},"thumbnailUrl":"https:\/\/portaltela.pt\/s.01k8rhncp4jt1\/2026\/02\/img_920x518uu2025-08-13-21-11-08-2383549-im-639064276185531950.jpg","keywords":["1.\u00aa Liga","brasileiro","Estrela da Amadora","futebol","jogadores","rescis\u00e3o"],"articleSection":["Desporto","Futebol"],"inLanguage":"pt-PT"},{"@type":"WebPage","@id":"https:\/\/portaltela.pt\/noticias\/2026\/02\/11\/e-amadora-rescinde-com-ryan-carlos\/","url":"https:\/\/portaltela.pt\/noticias\/2026\/02\/11\/e-amadora-rescinde-com-ryan-carlos\/","name":"E. Amadora rescinde com Ryan Carlos - Portal Tela Portugal","isPartOf":{"@id":"https:\/\/portaltela.pt\/#website"},"primaryImageOfPage":{"@id":"https:\/\/portaltela.pt\/noticias\/2026\/02\/11\/e-amadora-rescinde-com-ryan-carlos\/#primaryimage"},"image":{"@id":"https:\/\/portaltela.pt\/noticias\/2026\/02\/11\/e-amadora-rescinde-com-ryan-carlos\/#primaryimage"},"thumbnailUrl":"https:\/\/portaltela.pt\/s.01k8rhncp4jt1\/2026\/02\/img_920x518uu2025-08-13-21-11-08-2383549-im-639064276185531950.jpg","datePublished":"2026-02-11T17:27:44+00:00","author":{"@id":"https:\/\/portaltela.pt\/#\/schema\/person\/c4278d4a6028830caff9ee44b42d32ed"},"breadcrumb":{"@id":"https:\/\/portaltela.pt\/noticias\/2026\/02\/11\/e-amadora-rescinde-com-ryan-carlos\/#breadcrumb"},"inLanguage":"pt-PT","potentialAction":[{"@type":"ReadAction","target":["https:\/\/portaltela.pt\/noticias\/2026\/02\/11\/e-amadora-rescinde-com-ryan-carlos\/"]}]},{"@type":"ImageObject","inLanguage":"pt-PT","@id":"https:\/\/portaltela.pt\/noticias\/2026\/02\/11\/e-amadora-rescinde-com-ryan-carlos\/#primaryimage","url":"https:\/\/portaltela.pt\/s.01k8rhncp4jt1\/2026\/02\/img_920x518uu2025-08-13-21-11-08-2383549-im-639064276185531950.jpg","contentUrl":"https:\/\/portaltela.pt\/s.01k8rhncp4jt1\/2026\/02\/img_920x518uu2025-08-13-21-11-08-2383549-im-639064276185531950.jpg","width":796,"height":448,"caption":"Ryan Carlos jogou meia temporada no Estrela da Amadora"},{"@type":"BreadcrumbList","@id":"https:\/\/portaltela.pt\/noticias\/2026\/02\/11\/e-amadora-rescinde-com-ryan-carlos\/#breadcrumb","itemListElement":[{"@type":"ListItem","position":1,"name":"In\u00edcio","item":"https:\/\/portaltela.pt\/"},{"@type":"ListItem","position":2,"name":"E. Amadora rescinde com Ryan Carlos"}]},{"@type":"WebSite","@id":"https:\/\/portaltela.pt\/#website","url":"https:\/\/portaltela.pt\/","name":"Portal Tela Portugal","description":"","potentialAction":[{"@type":"SearchAction","target":{"@type":"EntryPoint","urlTemplate":"https:\/\/portaltela.pt\/?s={search_term_string}"},"query-input":{"@type":"PropertyValueSpecification","valueRequired":true,"valueName":"search_term_string"}}],"inLanguage":"pt-PT"},{"@type":"Person","@id":"https:\/\/portaltela.pt\/#\/schema\/person\/c4278d4a6028830caff9ee44b42d32ed","name":"Telinha","image":{"@type":"ImageObject","inLanguage":"pt-PT","@id":"https:\/\/portaltela.pt\/s.01k8rhncp4jt1\/2025\/11\/talking-bot-125x125.png","url":"https:\/\/portaltela.pt\/s.01k8rhncp4jt1\/2025\/11\/talking-bot-125x125.png","contentUrl":"https:\/\/portaltela.pt\/s.01k8rhncp4jt1\/2025\/11\/talking-bot-125x125.png","caption":"Telinha"},"sameAs":["https:\/\/portaltela.pt\/"],"url":"https:\/\/portaltela.pt\/por\/367410592786\/"}]}},"_links":{"self":[{"href":"https:\/\/portaltela.pt\/api\/wp\/v2\/posts\/208569","targetHints":{"allow":["GET"]}}],"collection":[{"href":"https:\/\/portaltela.pt\/api\/wp\/v2\/posts"}],"about":[{"href":"https:\/\/portaltela.pt\/api\/wp\/v2\/types\/post"}],"author":[{"embeddable":true,"href":"https:\/\/portaltela.pt\/api\/wp\/v2\/users\/2"}],"replies":[{"embeddable":true,"href":"https:\/\/portaltela.pt\/api\/wp\/v2\/comments?post=208569"}],"version-history":[{"count":0,"href":"https:\/\/portaltela.pt\/api\/wp\/v2\/posts\/208569\/revisions"}],"wp:featuredmedia":[{"embeddable":true,"href":"https:\/\/portaltela.pt\/api\/wp\/v2\/media\/208579"}],"wp:attachment":[{"href":"https:\/\/portaltela.pt\/api\/wp\/v2\/media?parent=208569"}],"wp:term":[{"taxonomy":"category","embeddable":true,"href":"https:\/\/portaltela.pt\/api\/wp\/v2\/categories?post=208569"},{"taxonomy":"post_tag","embeddable":true,"href":"https:\/\/portaltela.pt\/api\/wp\/v2\/tags?post=208569"}],"curies":[{"name":"wp","href":"https:\/\/api.w.org\/{rel}","templated":true}]}}