{"id":208565,"date":"2026-02-11T14:15:32","date_gmt":"2026-02-11T17:15:32","guid":{"rendered":"https:\/\/portaltela.pt\/noticias\/2026\/02\/11\/drone-mostra-destruicao-em-tabuaco-causada-pelo-mau-tempo\/"},"modified":"2026-02-11T14:15:32","modified_gmt":"2026-02-11T17:15:32","slug":"drone-mostra-destruicao-em-tabuaco-causada-pelo-mau-tempo","status":"publish","type":"post","link":"https:\/\/portaltela.pt\/noticias\/2026\/02\/11\/drone-mostra-destruicao-em-tabuaco-causada-pelo-mau-tempo\/","title":{"rendered":"Drone mostra destrui\u00e7\u00e3o em Tabua\u00e7o causada pelo mau tempo"},"content":{"rendered":"<p>O qu\u00ea aconteceu: imagens de drone mostram a destrui\u00e7\u00e3o causada pelo mau tempo em Tabua\u00e7o. O mal tempo persiste em Portugal, afetando diversas zonas do pa\u00eds.<\/p>\n<p>Quem est\u00e1 envolvido: n\u00e3o h\u00e1 detalhes adicionais sobre pessoas ou entidades espec\u00edficas no momento. As imagens destacam danos provocados pela situa\u00e7\u00e3o meteorol\u00f3gica na localidade.<\/p>\n<p>Quando e onde: hoje, 11 de fevereiro de 2026, Tabua\u00e7o, distrito de Viseu, Portugal. As autoridades continuam a acompanhar os efeitos do tempo severo na regi\u00e3o.<\/p>\n<p>Porqu\u00ea: o impacto deve-se ao mau tempo em curso, que continua a afetar infraestruturas e vias, segundo a observa\u00e7\u00e3o com drones.<\/p>\n","protected":false},"excerpt":{"rendered":"<ul>\n<li>O mau tempo continua a afetar Portugal.<\/li>\n<li>Em Tabua\u00e7o, imagens de drone mostram a destrui\u00e7\u00e3o causada pelas intemp\u00e9ries.<\/li>\n<li>As imagens refor\u00e7am os danos materiais provocados pelo mau tempo na regi\u00e3o.<\/li>\n<li>O texto n\u00e3o fornece n\u00fameros ou dados adicionais sobre o caso.<\/li>\n<\/ul>\n","protected":false},"author":2,"featured_media":208572,"comment_status":"closed","ping_status":"closed","sticky":false,"template":"","format":"standard","meta":{"footnotes":""},"categories":[1],"tags":[3812,5215,3931,1083,4665,4531],"class_list":["post-208565","post","type-post","status-publish","format-standard","has-post-thumbnail","hentry","category-noticias","tag-alagamentos","tag-catastrofes-naturais","tag-chuva-forte","tag-estradas","tag-fenomenos-climaticos-adversos","tag-tabuaco"],"yoast_head":"<!-- This site is optimized with the Yoast SEO plugin v27.2 - https:\/\/yoast.com\/product\/yoast-seo-wordpress\/ -->\n<title>Drone mostra destrui\u00e7\u00e3o em Tabua\u00e7o causada pelo mau tempo - Portal Tela Portugal<\/title>\n<meta name=\"robots\" content=\"index, follow, max-snippet:-1, max-image-preview:large, max-video-preview:-1\" \/>\n<meta property=\"og:locale\" content=\"pt_PT\" \/>\n<meta property=\"og:type\" content=\"article\" \/>\n<meta property=\"og:title\" content=\"Drone mostra destrui\u00e7\u00e3o em Tabua\u00e7o causada pelo mau tempo - Portal Tela Portugal\" \/>\n<meta property=\"og:description\" content=\"O mau tempo continua a afetar Portugal. Em Tabua\u00e7o, imagens de drone mostram a destrui\u00e7\u00e3o causada pelas intemp\u00e9ries. As imagens refor\u00e7am os danos materiais provocados pelo mau tempo na regi\u00e3o. O texto n\u00e3o fornece n\u00fameros ou dados adicionais sobre o caso.\" \/>\n<meta property=\"og:url\" content=\"https:\/\/portaltela.pt\/noticias\/2026\/02\/11\/drone-mostra-destruicao-em-tabuaco-causada-pelo-mau-tempo\/\" \/>\n<meta property=\"og:site_name\" content=\"Portal Tela Portugal\" \/>\n<meta property=\"article:published_time\" content=\"2026-02-11T17:15:32+00:00\" \/>\n<meta name=\"author\" content=\"Telinha\" \/>\n<meta name=\"twitter:card\" content=\"summary_large_image\" \/>\n<meta name=\"twitter:label1\" content=\"Escrito por\" \/>\n\t<meta name=\"twitter:data1\" content=\"Telinha\" \/>\n\t<meta name=\"twitter:label2\" content=\"Tempo estimado de leitura\" \/>\n\t<meta name=\"twitter:data2\" content=\"1 minuto\" \/>\n<script type=\"application\/ld+json\" class=\"yoast-schema-graph\">{\"@context\":\"https:\/\/schema.org\",\"@graph\":[{\"@type\":\"Article\",\"@id\":\"https:\/\/portaltela.pt\/noticias\/2026\/02\/11\/drone-mostra-destruicao-em-tabuaco-causada-pelo-mau-tempo\/#article\",\"isPartOf\":{\"@id\":\"https:\/\/portaltela.pt\/noticias\/2026\/02\/11\/drone-mostra-destruicao-em-tabuaco-causada-pelo-mau-tempo\/\"},\"author\":{\"name\":\"Telinha\",\"@id\":\"https:\/\/portaltela.pt\/#\/schema\/person\/c4278d4a6028830caff9ee44b42d32ed\"},\"headline\":\"Drone mostra destrui\u00e7\u00e3o em Tabua\u00e7o causada pelo mau tempo\",\"datePublished\":\"2026-02-11T17:15:32+00:00\",\"mainEntityOfPage\":{\"@id\":\"https:\/\/portaltela.pt\/noticias\/2026\/02\/11\/drone-mostra-destruicao-em-tabuaco-causada-pelo-mau-tempo\/\"},\"wordCount\":116,\"image\":{\"@id\":\"https:\/\/portaltela.pt\/noticias\/2026\/02\/11\/drone-mostra-destruicao-em-tabuaco-causada-pelo-mau-tempo\/#primaryimage\"},\"thumbnailUrl\":\"https:\/\/portaltela.pt\/s.01k8rhncp4jt1\/2026\/02\/img_1280x722uu2026-02-11-17-06-05-2266300.jpg\",\"keywords\":[\"alagamentos\",\"cat\u00e1strofes naturais\",\"chuva forte\",\"estradas\",\"fen\u00f3menos clim\u00e1ticos adversos\",\"Tabua\u00e7o\"],\"articleSection\":[\"Not\u00edcias\"],\"inLanguage\":\"pt-PT\"},{\"@type\":\"WebPage\",\"@id\":\"https:\/\/portaltela.pt\/noticias\/2026\/02\/11\/drone-mostra-destruicao-em-tabuaco-causada-pelo-mau-tempo\/\",\"url\":\"https:\/\/portaltela.pt\/noticias\/2026\/02\/11\/drone-mostra-destruicao-em-tabuaco-causada-pelo-mau-tempo\/\",\"name\":\"Drone mostra destrui\u00e7\u00e3o em Tabua\u00e7o causada pelo mau tempo - Portal Tela Portugal\",\"isPartOf\":{\"@id\":\"https:\/\/portaltela.pt\/#website\"},\"primaryImageOfPage\":{\"@id\":\"https:\/\/portaltela.pt\/noticias\/2026\/02\/11\/drone-mostra-destruicao-em-tabuaco-causada-pelo-mau-tempo\/#primaryimage\"},\"image\":{\"@id\":\"https:\/\/portaltela.pt\/noticias\/2026\/02\/11\/drone-mostra-destruicao-em-tabuaco-causada-pelo-mau-tempo\/#primaryimage\"},\"thumbnailUrl\":\"https:\/\/portaltela.pt\/s.01k8rhncp4jt1\/2026\/02\/img_1280x722uu2026-02-11-17-06-05-2266300.jpg\",\"datePublished\":\"2026-02-11T17:15:32+00:00\",\"author\":{\"@id\":\"https:\/\/portaltela.pt\/#\/schema\/person\/c4278d4a6028830caff9ee44b42d32ed\"},\"breadcrumb\":{\"@id\":\"https:\/\/portaltela.pt\/noticias\/2026\/02\/11\/drone-mostra-destruicao-em-tabuaco-causada-pelo-mau-tempo\/#breadcrumb\"},\"inLanguage\":\"pt-PT\",\"potentialAction\":[{\"@type\":\"ReadAction\",\"target\":[\"https:\/\/portaltela.pt\/noticias\/2026\/02\/11\/drone-mostra-destruicao-em-tabuaco-causada-pelo-mau-tempo\/\"]}]},{\"@type\":\"ImageObject\",\"inLanguage\":\"pt-PT\",\"@id\":\"https:\/\/portaltela.pt\/noticias\/2026\/02\/11\/drone-mostra-destruicao-em-tabuaco-causada-pelo-mau-tempo\/#primaryimage\",\"url\":\"https:\/\/portaltela.pt\/s.01k8rhncp4jt1\/2026\/02\/img_1280x722uu2026-02-11-17-06-05-2266300.jpg\",\"contentUrl\":\"https:\/\/portaltela.pt\/s.01k8rhncp4jt1\/2026\/02\/img_1280x722uu2026-02-11-17-06-05-2266300.jpg\",\"width\":796,\"height\":448,\"caption\":\"Imagens de drone mostram a destrui\u00e7\u00e3o causada pelo mau tempo em Tabua\u00e7o\"},{\"@type\":\"BreadcrumbList\",\"@id\":\"https:\/\/portaltela.pt\/noticias\/2026\/02\/11\/drone-mostra-destruicao-em-tabuaco-causada-pelo-mau-tempo\/#breadcrumb\",\"itemListElement\":[{\"@type\":\"ListItem\",\"position\":1,\"name\":\"In\u00edcio\",\"item\":\"https:\/\/portaltela.pt\/\"},{\"@type\":\"ListItem\",\"position\":2,\"name\":\"Drone mostra destrui\u00e7\u00e3o em Tabua\u00e7o causada pelo mau tempo\"}]},{\"@type\":\"WebSite\",\"@id\":\"https:\/\/portaltela.pt\/#website\",\"url\":\"https:\/\/portaltela.pt\/\",\"name\":\"Portal Tela Portugal\",\"description\":\"\",\"potentialAction\":[{\"@type\":\"SearchAction\",\"target\":{\"@type\":\"EntryPoint\",\"urlTemplate\":\"https:\/\/portaltela.pt\/?s={search_term_string}\"},\"query-input\":{\"@type\":\"PropertyValueSpecification\",\"valueRequired\":true,\"valueName\":\"search_term_string\"}}],\"inLanguage\":\"pt-PT\"},{\"@type\":\"Person\",\"@id\":\"https:\/\/portaltela.pt\/#\/schema\/person\/c4278d4a6028830caff9ee44b42d32ed\",\"name\":\"Telinha\",\"image\":{\"@type\":\"ImageObject\",\"inLanguage\":\"pt-PT\",\"@id\":\"https:\/\/portaltela.pt\/s.01k8rhncp4jt1\/2025\/11\/talking-bot-125x125.png\",\"url\":\"https:\/\/portaltela.pt\/s.01k8rhncp4jt1\/2025\/11\/talking-bot-125x125.png\",\"contentUrl\":\"https:\/\/portaltela.pt\/s.01k8rhncp4jt1\/2025\/11\/talking-bot-125x125.png\",\"caption\":\"Telinha\"},\"sameAs\":[\"https:\/\/portaltela.pt\/\"],\"url\":\"https:\/\/portaltela.pt\/por\/367410592786\/\"}]}<\/script>\n<!-- \/ Yoast SEO plugin. -->","yoast_head_json":{"title":"Drone mostra destrui\u00e7\u00e3o em Tabua\u00e7o causada pelo mau tempo - Portal Tela Portugal","robots":{"index":"index","follow":"follow","max-snippet":"max-snippet:-1","max-image-preview":"max-image-preview:large","max-video-preview":"max-video-preview:-1"},"og_locale":"pt_PT","og_type":"article","og_title":"Drone mostra destrui\u00e7\u00e3o em Tabua\u00e7o causada pelo mau tempo - Portal Tela Portugal","og_description":"O mau tempo continua a afetar Portugal. Em Tabua\u00e7o, imagens de drone mostram a destrui\u00e7\u00e3o causada pelas intemp\u00e9ries. As imagens refor\u00e7am os danos materiais provocados pelo mau tempo na regi\u00e3o. O texto n\u00e3o fornece n\u00fameros ou dados adicionais sobre o caso.","og_url":"https:\/\/portaltela.pt\/noticias\/2026\/02\/11\/drone-mostra-destruicao-em-tabuaco-causada-pelo-mau-tempo\/","og_site_name":"Portal Tela Portugal","article_published_time":"2026-02-11T17:15:32+00:00","author":"Telinha","twitter_card":"summary_large_image","twitter_misc":{"Escrito por":"Telinha","Tempo estimado de leitura":"1 minuto"},"schema":{"@context":"https:\/\/schema.org","@graph":[{"@type":"Article","@id":"https:\/\/portaltela.pt\/noticias\/2026\/02\/11\/drone-mostra-destruicao-em-tabuaco-causada-pelo-mau-tempo\/#article","isPartOf":{"@id":"https:\/\/portaltela.pt\/noticias\/2026\/02\/11\/drone-mostra-destruicao-em-tabuaco-causada-pelo-mau-tempo\/"},"author":{"name":"Telinha","@id":"https:\/\/portaltela.pt\/#\/schema\/person\/c4278d4a6028830caff9ee44b42d32ed"},"headline":"Drone mostra destrui\u00e7\u00e3o em Tabua\u00e7o causada pelo mau tempo","datePublished":"2026-02-11T17:15:32+00:00","mainEntityOfPage":{"@id":"https:\/\/portaltela.pt\/noticias\/2026\/02\/11\/drone-mostra-destruicao-em-tabuaco-causada-pelo-mau-tempo\/"},"wordCount":116,"image":{"@id":"https:\/\/portaltela.pt\/noticias\/2026\/02\/11\/drone-mostra-destruicao-em-tabuaco-causada-pelo-mau-tempo\/#primaryimage"},"thumbnailUrl":"https:\/\/portaltela.pt\/s.01k8rhncp4jt1\/2026\/02\/img_1280x722uu2026-02-11-17-06-05-2266300.jpg","keywords":["alagamentos","cat\u00e1strofes naturais","chuva forte","estradas","fen\u00f3menos clim\u00e1ticos adversos","Tabua\u00e7o"],"articleSection":["Not\u00edcias"],"inLanguage":"pt-PT"},{"@type":"WebPage","@id":"https:\/\/portaltela.pt\/noticias\/2026\/02\/11\/drone-mostra-destruicao-em-tabuaco-causada-pelo-mau-tempo\/","url":"https:\/\/portaltela.pt\/noticias\/2026\/02\/11\/drone-mostra-destruicao-em-tabuaco-causada-pelo-mau-tempo\/","name":"Drone mostra destrui\u00e7\u00e3o em Tabua\u00e7o causada pelo mau tempo - Portal Tela Portugal","isPartOf":{"@id":"https:\/\/portaltela.pt\/#website"},"primaryImageOfPage":{"@id":"https:\/\/portaltela.pt\/noticias\/2026\/02\/11\/drone-mostra-destruicao-em-tabuaco-causada-pelo-mau-tempo\/#primaryimage"},"image":{"@id":"https:\/\/portaltela.pt\/noticias\/2026\/02\/11\/drone-mostra-destruicao-em-tabuaco-causada-pelo-mau-tempo\/#primaryimage"},"thumbnailUrl":"https:\/\/portaltela.pt\/s.01k8rhncp4jt1\/2026\/02\/img_1280x722uu2026-02-11-17-06-05-2266300.jpg","datePublished":"2026-02-11T17:15:32+00:00","author":{"@id":"https:\/\/portaltela.pt\/#\/schema\/person\/c4278d4a6028830caff9ee44b42d32ed"},"breadcrumb":{"@id":"https:\/\/portaltela.pt\/noticias\/2026\/02\/11\/drone-mostra-destruicao-em-tabuaco-causada-pelo-mau-tempo\/#breadcrumb"},"inLanguage":"pt-PT","potentialAction":[{"@type":"ReadAction","target":["https:\/\/portaltela.pt\/noticias\/2026\/02\/11\/drone-mostra-destruicao-em-tabuaco-causada-pelo-mau-tempo\/"]}]},{"@type":"ImageObject","inLanguage":"pt-PT","@id":"https:\/\/portaltela.pt\/noticias\/2026\/02\/11\/drone-mostra-destruicao-em-tabuaco-causada-pelo-mau-tempo\/#primaryimage","url":"https:\/\/portaltela.pt\/s.01k8rhncp4jt1\/2026\/02\/img_1280x722uu2026-02-11-17-06-05-2266300.jpg","contentUrl":"https:\/\/portaltela.pt\/s.01k8rhncp4jt1\/2026\/02\/img_1280x722uu2026-02-11-17-06-05-2266300.jpg","width":796,"height":448,"caption":"Imagens de drone mostram a destrui\u00e7\u00e3o causada pelo mau tempo em Tabua\u00e7o"},{"@type":"BreadcrumbList","@id":"https:\/\/portaltela.pt\/noticias\/2026\/02\/11\/drone-mostra-destruicao-em-tabuaco-causada-pelo-mau-tempo\/#breadcrumb","itemListElement":[{"@type":"ListItem","position":1,"name":"In\u00edcio","item":"https:\/\/portaltela.pt\/"},{"@type":"ListItem","position":2,"name":"Drone mostra destrui\u00e7\u00e3o em Tabua\u00e7o causada pelo mau tempo"}]},{"@type":"WebSite","@id":"https:\/\/portaltela.pt\/#website","url":"https:\/\/portaltela.pt\/","name":"Portal Tela Portugal","description":"","potentialAction":[{"@type":"SearchAction","target":{"@type":"EntryPoint","urlTemplate":"https:\/\/portaltela.pt\/?s={search_term_string}"},"query-input":{"@type":"PropertyValueSpecification","valueRequired":true,"valueName":"search_term_string"}}],"inLanguage":"pt-PT"},{"@type":"Person","@id":"https:\/\/portaltela.pt\/#\/schema\/person\/c4278d4a6028830caff9ee44b42d32ed","name":"Telinha","image":{"@type":"ImageObject","inLanguage":"pt-PT","@id":"https:\/\/portaltela.pt\/s.01k8rhncp4jt1\/2025\/11\/talking-bot-125x125.png","url":"https:\/\/portaltela.pt\/s.01k8rhncp4jt1\/2025\/11\/talking-bot-125x125.png","contentUrl":"https:\/\/portaltela.pt\/s.01k8rhncp4jt1\/2025\/11\/talking-bot-125x125.png","caption":"Telinha"},"sameAs":["https:\/\/portaltela.pt\/"],"url":"https:\/\/portaltela.pt\/por\/367410592786\/"}]}},"_links":{"self":[{"href":"https:\/\/portaltela.pt\/api\/wp\/v2\/posts\/208565","targetHints":{"allow":["GET"]}}],"collection":[{"href":"https:\/\/portaltela.pt\/api\/wp\/v2\/posts"}],"about":[{"href":"https:\/\/portaltela.pt\/api\/wp\/v2\/types\/post"}],"author":[{"embeddable":true,"href":"https:\/\/portaltela.pt\/api\/wp\/v2\/users\/2"}],"replies":[{"embeddable":true,"href":"https:\/\/portaltela.pt\/api\/wp\/v2\/comments?post=208565"}],"version-history":[{"count":0,"href":"https:\/\/portaltela.pt\/api\/wp\/v2\/posts\/208565\/revisions"}],"wp:featuredmedia":[{"embeddable":true,"href":"https:\/\/portaltela.pt\/api\/wp\/v2\/media\/208572"}],"wp:attachment":[{"href":"https:\/\/portaltela.pt\/api\/wp\/v2\/media?parent=208565"}],"wp:term":[{"taxonomy":"category","embeddable":true,"href":"https:\/\/portaltela.pt\/api\/wp\/v2\/categories?post=208565"},{"taxonomy":"post_tag","embeddable":true,"href":"https:\/\/portaltela.pt\/api\/wp\/v2\/tags?post=208565"}],"curies":[{"name":"wp","href":"https:\/\/api.w.org\/{rel}","templated":true}]}}