{"id":208514,"date":"2026-02-11T13:58:50","date_gmt":"2026-02-11T16:58:50","guid":{"rendered":"https:\/\/portaltela.pt\/noticias\/2026\/02\/11\/menino-de-nove-anos-aciona-o-inem-e-salva-a-mae\/"},"modified":"2026-02-11T13:58:50","modified_gmt":"2026-02-11T16:58:50","slug":"menino-de-nove-anos-aciona-o-inem-e-salva-a-mae","status":"publish","type":"post","link":"https:\/\/portaltela.pt\/noticias\/2026\/02\/11\/menino-de-nove-anos-aciona-o-inem-e-salva-a-mae\/","title":{"rendered":"Menino de nove anos aciona o INEM e salva a m\u00e3e"},"content":{"rendered":"<p>Na manh\u00e3 de ontem, Rodrigo, um menino de nove anos, agiu r\u00e1pido ao ver a m\u00e3e desmaiar ao volante de um carro em que estavam tamb\u00e9m os g\u00e9meos mais novos. O incidente ocorreu no interior, sem localiza\u00e7\u00e3o especificada.<\/p>\n<p>A progenitora, que sofre de problemas card\u00edacos, perdeu o controlo do ve\u00edculo. Rodrigo ligou de imediato para o INEM, que enviou uma equipa de emerg\u00eancia ao local para prestar aux\u00edlio.<\/p>\n<p>O garoto manteve a calma e orientou os socorristas at\u00e9 \u00e0 chegada da ambul\u00e2ncia. A m\u00e3e foi estabilizada no local e encaminhada para o hospital para receber os cuidados necess\u00e1rios.<\/p>\n<p>O papel de Rodrigo foi reconhecido pela comunidade, que o descreve como um exemplo de responsabilidade e coragem em situa\u00e7\u00e3o de crise. Autoridades destacam a import\u00e2ncia de agir com rapidez e clareza.<\/p>\n<h3>O que fazer em caso de emerg\u00eancia<\/h3>\n<ul>\n<li>Manter a calma<\/li>\n<li>Ligar para 112 ou o n\u00famero de emerg\u00eancia local<\/li>\n<li>Fornecer informa\u00e7\u00f5es claras e precisas<\/li>\n<li>Ajudar a manter a v\u00edtima est\u00e1vel at\u00e9 a chegada dos profissionais<\/li>\n<\/ul>\n<h3>Prepara\u00e7\u00e3o e forma\u00e7\u00e3o<\/h3>\n<p>Conhecimentos b\u00e1sicos de primeiros socorros podem salvar vidas. Cursos de forma\u00e7\u00e3o est\u00e3o dispon\u00edveis em v\u00e1rias institui\u00e7\u00f5es e podem ser feitos por qualquer pessoa interessada em aprender a agir em situa\u00e7\u00f5es de emerg\u00eancia.<\/p>\n","protected":false},"excerpt":{"rendered":"<ul>\n<li>O menino de nove anos, Rodrigo, ligou para o INEM depois de a m\u00e3e desmaiar ao volante, no carro em que estavam com os dois irm\u00e3os g\u00e9meos.<\/li>\n<li>A m\u00e3e, que tem problemas card\u00edacos, foi estabilizada pela equipa de emerg\u00eancia que chegou ao local.<\/li>\n<li>Rodrigo manteve a calma e orientou os socorristas at\u00e9 \u00e0 chegada da ambul\u00e2ncia.<\/li>\n<li>A m\u00e3e foi transportada para o hospital para receber os cuidados necess\u00e1rios.<\/li>\n<li>A comunidade e as autoridades reconhecem o gesto como exemplo de coragem e responsabilidade, destacando a import\u00e2ncia de saber atuar em emerg\u00eancias.<\/li>\n<\/ul>\n","protected":false},"author":2,"featured_media":208519,"comment_status":"closed","ping_status":"closed","sticky":false,"template":"","format":"standard","meta":{"footnotes":""},"categories":[1],"tags":[3953,960,1935,1922,40,3809],"class_list":["post-208514","post","type-post","status-publish","format-standard","has-post-thumbnail","hentry","category-noticias","tag-criancas","tag-emergencia-pre-hospitalar","tag-emergencias","tag-inem","tag-pessoas","tag-primeiros-socorros"],"yoast_head":"<!-- This site is optimized with the Yoast SEO plugin v27.2 - https:\/\/yoast.com\/product\/yoast-seo-wordpress\/ -->\n<title>Menino de nove anos aciona o INEM e salva a m\u00e3e - Portal Tela Portugal<\/title>\n<meta name=\"robots\" content=\"index, follow, max-snippet:-1, max-image-preview:large, max-video-preview:-1\" \/>\n<meta property=\"og:locale\" content=\"pt_PT\" \/>\n<meta property=\"og:type\" content=\"article\" \/>\n<meta property=\"og:title\" content=\"Menino de nove anos aciona o INEM e salva a m\u00e3e - Portal Tela Portugal\" \/>\n<meta property=\"og:description\" content=\"O menino de nove anos, Rodrigo, ligou para o INEM depois de a m\u00e3e desmaiar ao volante, no carro em que estavam com os dois irm\u00e3os g\u00e9meos. A m\u00e3e, que tem problemas card\u00edacos, foi estabilizada pela equipa de emerg\u00eancia que chegou ao local. Rodrigo manteve a calma e orientou os socorristas at\u00e9 \u00e0 chegada da ambul\u00e2ncia. A m\u00e3e foi transportada para o hospital para receber os cuidados necess\u00e1rios. A comunidade e as autoridades reconhecem o gesto como exemplo de coragem e responsabilidade, destacando a import\u00e2ncia de saber atuar em emerg\u00eancias.\" \/>\n<meta property=\"og:url\" content=\"https:\/\/portaltela.pt\/noticias\/2026\/02\/11\/menino-de-nove-anos-aciona-o-inem-e-salva-a-mae\/\" \/>\n<meta property=\"og:site_name\" content=\"Portal Tela Portugal\" \/>\n<meta property=\"article:published_time\" content=\"2026-02-11T16:58:50+00:00\" \/>\n<meta name=\"author\" content=\"Telinha\" \/>\n<meta name=\"twitter:card\" content=\"summary_large_image\" \/>\n<meta name=\"twitter:label1\" content=\"Escrito por\" \/>\n\t<meta name=\"twitter:data1\" content=\"Telinha\" \/>\n\t<meta name=\"twitter:label2\" content=\"Tempo estimado de leitura\" \/>\n\t<meta name=\"twitter:data2\" content=\"1 minuto\" \/>\n<script type=\"application\/ld+json\" class=\"yoast-schema-graph\">{\"@context\":\"https:\/\/schema.org\",\"@graph\":[{\"@type\":\"Article\",\"@id\":\"https:\/\/portaltela.pt\/noticias\/2026\/02\/11\/menino-de-nove-anos-aciona-o-inem-e-salva-a-mae\/#article\",\"isPartOf\":{\"@id\":\"https:\/\/portaltela.pt\/noticias\/2026\/02\/11\/menino-de-nove-anos-aciona-o-inem-e-salva-a-mae\/\"},\"author\":{\"name\":\"Telinha\",\"@id\":\"https:\/\/portaltela.pt\/#\/schema\/person\/c4278d4a6028830caff9ee44b42d32ed\"},\"headline\":\"Menino de nove anos aciona o INEM e salva a m\u00e3e\",\"datePublished\":\"2026-02-11T16:58:50+00:00\",\"mainEntityOfPage\":{\"@id\":\"https:\/\/portaltela.pt\/noticias\/2026\/02\/11\/menino-de-nove-anos-aciona-o-inem-e-salva-a-mae\/\"},\"wordCount\":240,\"image\":{\"@id\":\"https:\/\/portaltela.pt\/noticias\/2026\/02\/11\/menino-de-nove-anos-aciona-o-inem-e-salva-a-mae\/#primaryimage\"},\"thumbnailUrl\":\"https:\/\/portaltela.pt\/s.01k8rhncp4jt1\/2026\/02\/img_932x621uu2026-02-11-16-58-29-2266297.jpg\",\"keywords\":[\"crian\u00e7as\",\"emerg\u00eancia pr\u00e9-hospitalar\",\"emerg\u00eancias\",\"INEM\",\"pessoas\",\"primeiros socorros\"],\"articleSection\":[\"Not\u00edcias\"],\"inLanguage\":\"pt-PT\"},{\"@type\":\"WebPage\",\"@id\":\"https:\/\/portaltela.pt\/noticias\/2026\/02\/11\/menino-de-nove-anos-aciona-o-inem-e-salva-a-mae\/\",\"url\":\"https:\/\/portaltela.pt\/noticias\/2026\/02\/11\/menino-de-nove-anos-aciona-o-inem-e-salva-a-mae\/\",\"name\":\"Menino de nove anos aciona o INEM e salva a m\u00e3e - Portal Tela Portugal\",\"isPartOf\":{\"@id\":\"https:\/\/portaltela.pt\/#website\"},\"primaryImageOfPage\":{\"@id\":\"https:\/\/portaltela.pt\/noticias\/2026\/02\/11\/menino-de-nove-anos-aciona-o-inem-e-salva-a-mae\/#primaryimage\"},\"image\":{\"@id\":\"https:\/\/portaltela.pt\/noticias\/2026\/02\/11\/menino-de-nove-anos-aciona-o-inem-e-salva-a-mae\/#primaryimage\"},\"thumbnailUrl\":\"https:\/\/portaltela.pt\/s.01k8rhncp4jt1\/2026\/02\/img_932x621uu2026-02-11-16-58-29-2266297.jpg\",\"datePublished\":\"2026-02-11T16:58:50+00:00\",\"author\":{\"@id\":\"https:\/\/portaltela.pt\/#\/schema\/person\/c4278d4a6028830caff9ee44b42d32ed\"},\"breadcrumb\":{\"@id\":\"https:\/\/portaltela.pt\/noticias\/2026\/02\/11\/menino-de-nove-anos-aciona-o-inem-e-salva-a-mae\/#breadcrumb\"},\"inLanguage\":\"pt-PT\",\"potentialAction\":[{\"@type\":\"ReadAction\",\"target\":[\"https:\/\/portaltela.pt\/noticias\/2026\/02\/11\/menino-de-nove-anos-aciona-o-inem-e-salva-a-mae\/\"]}]},{\"@type\":\"ImageObject\",\"inLanguage\":\"pt-PT\",\"@id\":\"https:\/\/portaltela.pt\/noticias\/2026\/02\/11\/menino-de-nove-anos-aciona-o-inem-e-salva-a-mae\/#primaryimage\",\"url\":\"https:\/\/portaltela.pt\/s.01k8rhncp4jt1\/2026\/02\/img_932x621uu2026-02-11-16-58-29-2266297.jpg\",\"contentUrl\":\"https:\/\/portaltela.pt\/s.01k8rhncp4jt1\/2026\/02\/img_932x621uu2026-02-11-16-58-29-2266297.jpg\",\"width\":796,\"height\":448,\"caption\":\"Rodrigo foi um \\\"verdadeiro her\u00f3i\\\": chamada de menino de nove anos para o INEM salva vida da m\u00e3e\"},{\"@type\":\"BreadcrumbList\",\"@id\":\"https:\/\/portaltela.pt\/noticias\/2026\/02\/11\/menino-de-nove-anos-aciona-o-inem-e-salva-a-mae\/#breadcrumb\",\"itemListElement\":[{\"@type\":\"ListItem\",\"position\":1,\"name\":\"In\u00edcio\",\"item\":\"https:\/\/portaltela.pt\/\"},{\"@type\":\"ListItem\",\"position\":2,\"name\":\"Menino de nove anos aciona o INEM e salva a m\u00e3e\"}]},{\"@type\":\"WebSite\",\"@id\":\"https:\/\/portaltela.pt\/#website\",\"url\":\"https:\/\/portaltela.pt\/\",\"name\":\"Portal Tela Portugal\",\"description\":\"\",\"potentialAction\":[{\"@type\":\"SearchAction\",\"target\":{\"@type\":\"EntryPoint\",\"urlTemplate\":\"https:\/\/portaltela.pt\/?s={search_term_string}\"},\"query-input\":{\"@type\":\"PropertyValueSpecification\",\"valueRequired\":true,\"valueName\":\"search_term_string\"}}],\"inLanguage\":\"pt-PT\"},{\"@type\":\"Person\",\"@id\":\"https:\/\/portaltela.pt\/#\/schema\/person\/c4278d4a6028830caff9ee44b42d32ed\",\"name\":\"Telinha\",\"image\":{\"@type\":\"ImageObject\",\"inLanguage\":\"pt-PT\",\"@id\":\"https:\/\/portaltela.pt\/s.01k8rhncp4jt1\/2025\/11\/talking-bot-125x125.png\",\"url\":\"https:\/\/portaltela.pt\/s.01k8rhncp4jt1\/2025\/11\/talking-bot-125x125.png\",\"contentUrl\":\"https:\/\/portaltela.pt\/s.01k8rhncp4jt1\/2025\/11\/talking-bot-125x125.png\",\"caption\":\"Telinha\"},\"sameAs\":[\"https:\/\/portaltela.pt\/\"],\"url\":\"https:\/\/portaltela.pt\/por\/367410592786\/\"}]}<\/script>\n<!-- \/ Yoast SEO plugin. -->","yoast_head_json":{"title":"Menino de nove anos aciona o INEM e salva a m\u00e3e - Portal Tela Portugal","robots":{"index":"index","follow":"follow","max-snippet":"max-snippet:-1","max-image-preview":"max-image-preview:large","max-video-preview":"max-video-preview:-1"},"og_locale":"pt_PT","og_type":"article","og_title":"Menino de nove anos aciona o INEM e salva a m\u00e3e - Portal Tela Portugal","og_description":"O menino de nove anos, Rodrigo, ligou para o INEM depois de a m\u00e3e desmaiar ao volante, no carro em que estavam com os dois irm\u00e3os g\u00e9meos. A m\u00e3e, que tem problemas card\u00edacos, foi estabilizada pela equipa de emerg\u00eancia que chegou ao local. Rodrigo manteve a calma e orientou os socorristas at\u00e9 \u00e0 chegada da ambul\u00e2ncia. A m\u00e3e foi transportada para o hospital para receber os cuidados necess\u00e1rios. A comunidade e as autoridades reconhecem o gesto como exemplo de coragem e responsabilidade, destacando a import\u00e2ncia de saber atuar em emerg\u00eancias.","og_url":"https:\/\/portaltela.pt\/noticias\/2026\/02\/11\/menino-de-nove-anos-aciona-o-inem-e-salva-a-mae\/","og_site_name":"Portal Tela Portugal","article_published_time":"2026-02-11T16:58:50+00:00","author":"Telinha","twitter_card":"summary_large_image","twitter_misc":{"Escrito por":"Telinha","Tempo estimado de leitura":"1 minuto"},"schema":{"@context":"https:\/\/schema.org","@graph":[{"@type":"Article","@id":"https:\/\/portaltela.pt\/noticias\/2026\/02\/11\/menino-de-nove-anos-aciona-o-inem-e-salva-a-mae\/#article","isPartOf":{"@id":"https:\/\/portaltela.pt\/noticias\/2026\/02\/11\/menino-de-nove-anos-aciona-o-inem-e-salva-a-mae\/"},"author":{"name":"Telinha","@id":"https:\/\/portaltela.pt\/#\/schema\/person\/c4278d4a6028830caff9ee44b42d32ed"},"headline":"Menino de nove anos aciona o INEM e salva a m\u00e3e","datePublished":"2026-02-11T16:58:50+00:00","mainEntityOfPage":{"@id":"https:\/\/portaltela.pt\/noticias\/2026\/02\/11\/menino-de-nove-anos-aciona-o-inem-e-salva-a-mae\/"},"wordCount":240,"image":{"@id":"https:\/\/portaltela.pt\/noticias\/2026\/02\/11\/menino-de-nove-anos-aciona-o-inem-e-salva-a-mae\/#primaryimage"},"thumbnailUrl":"https:\/\/portaltela.pt\/s.01k8rhncp4jt1\/2026\/02\/img_932x621uu2026-02-11-16-58-29-2266297.jpg","keywords":["crian\u00e7as","emerg\u00eancia pr\u00e9-hospitalar","emerg\u00eancias","INEM","pessoas","primeiros socorros"],"articleSection":["Not\u00edcias"],"inLanguage":"pt-PT"},{"@type":"WebPage","@id":"https:\/\/portaltela.pt\/noticias\/2026\/02\/11\/menino-de-nove-anos-aciona-o-inem-e-salva-a-mae\/","url":"https:\/\/portaltela.pt\/noticias\/2026\/02\/11\/menino-de-nove-anos-aciona-o-inem-e-salva-a-mae\/","name":"Menino de nove anos aciona o INEM e salva a m\u00e3e - Portal Tela Portugal","isPartOf":{"@id":"https:\/\/portaltela.pt\/#website"},"primaryImageOfPage":{"@id":"https:\/\/portaltela.pt\/noticias\/2026\/02\/11\/menino-de-nove-anos-aciona-o-inem-e-salva-a-mae\/#primaryimage"},"image":{"@id":"https:\/\/portaltela.pt\/noticias\/2026\/02\/11\/menino-de-nove-anos-aciona-o-inem-e-salva-a-mae\/#primaryimage"},"thumbnailUrl":"https:\/\/portaltela.pt\/s.01k8rhncp4jt1\/2026\/02\/img_932x621uu2026-02-11-16-58-29-2266297.jpg","datePublished":"2026-02-11T16:58:50+00:00","author":{"@id":"https:\/\/portaltela.pt\/#\/schema\/person\/c4278d4a6028830caff9ee44b42d32ed"},"breadcrumb":{"@id":"https:\/\/portaltela.pt\/noticias\/2026\/02\/11\/menino-de-nove-anos-aciona-o-inem-e-salva-a-mae\/#breadcrumb"},"inLanguage":"pt-PT","potentialAction":[{"@type":"ReadAction","target":["https:\/\/portaltela.pt\/noticias\/2026\/02\/11\/menino-de-nove-anos-aciona-o-inem-e-salva-a-mae\/"]}]},{"@type":"ImageObject","inLanguage":"pt-PT","@id":"https:\/\/portaltela.pt\/noticias\/2026\/02\/11\/menino-de-nove-anos-aciona-o-inem-e-salva-a-mae\/#primaryimage","url":"https:\/\/portaltela.pt\/s.01k8rhncp4jt1\/2026\/02\/img_932x621uu2026-02-11-16-58-29-2266297.jpg","contentUrl":"https:\/\/portaltela.pt\/s.01k8rhncp4jt1\/2026\/02\/img_932x621uu2026-02-11-16-58-29-2266297.jpg","width":796,"height":448,"caption":"Rodrigo foi um \"verdadeiro her\u00f3i\": chamada de menino de nove anos para o INEM salva vida da m\u00e3e"},{"@type":"BreadcrumbList","@id":"https:\/\/portaltela.pt\/noticias\/2026\/02\/11\/menino-de-nove-anos-aciona-o-inem-e-salva-a-mae\/#breadcrumb","itemListElement":[{"@type":"ListItem","position":1,"name":"In\u00edcio","item":"https:\/\/portaltela.pt\/"},{"@type":"ListItem","position":2,"name":"Menino de nove anos aciona o INEM e salva a m\u00e3e"}]},{"@type":"WebSite","@id":"https:\/\/portaltela.pt\/#website","url":"https:\/\/portaltela.pt\/","name":"Portal Tela Portugal","description":"","potentialAction":[{"@type":"SearchAction","target":{"@type":"EntryPoint","urlTemplate":"https:\/\/portaltela.pt\/?s={search_term_string}"},"query-input":{"@type":"PropertyValueSpecification","valueRequired":true,"valueName":"search_term_string"}}],"inLanguage":"pt-PT"},{"@type":"Person","@id":"https:\/\/portaltela.pt\/#\/schema\/person\/c4278d4a6028830caff9ee44b42d32ed","name":"Telinha","image":{"@type":"ImageObject","inLanguage":"pt-PT","@id":"https:\/\/portaltela.pt\/s.01k8rhncp4jt1\/2025\/11\/talking-bot-125x125.png","url":"https:\/\/portaltela.pt\/s.01k8rhncp4jt1\/2025\/11\/talking-bot-125x125.png","contentUrl":"https:\/\/portaltela.pt\/s.01k8rhncp4jt1\/2025\/11\/talking-bot-125x125.png","caption":"Telinha"},"sameAs":["https:\/\/portaltela.pt\/"],"url":"https:\/\/portaltela.pt\/por\/367410592786\/"}]}},"_links":{"self":[{"href":"https:\/\/portaltela.pt\/api\/wp\/v2\/posts\/208514","targetHints":{"allow":["GET"]}}],"collection":[{"href":"https:\/\/portaltela.pt\/api\/wp\/v2\/posts"}],"about":[{"href":"https:\/\/portaltela.pt\/api\/wp\/v2\/types\/post"}],"author":[{"embeddable":true,"href":"https:\/\/portaltela.pt\/api\/wp\/v2\/users\/2"}],"replies":[{"embeddable":true,"href":"https:\/\/portaltela.pt\/api\/wp\/v2\/comments?post=208514"}],"version-history":[{"count":0,"href":"https:\/\/portaltela.pt\/api\/wp\/v2\/posts\/208514\/revisions"}],"wp:featuredmedia":[{"embeddable":true,"href":"https:\/\/portaltela.pt\/api\/wp\/v2\/media\/208519"}],"wp:attachment":[{"href":"https:\/\/portaltela.pt\/api\/wp\/v2\/media?parent=208514"}],"wp:term":[{"taxonomy":"category","embeddable":true,"href":"https:\/\/portaltela.pt\/api\/wp\/v2\/categories?post=208514"},{"taxonomy":"post_tag","embeddable":true,"href":"https:\/\/portaltela.pt\/api\/wp\/v2\/tags?post=208514"}],"curies":[{"name":"wp","href":"https:\/\/api.w.org\/{rel}","templated":true}]}}