{"id":208489,"date":"2026-02-11T13:34:49","date_gmt":"2026-02-11T16:34:49","guid":{"rendered":"https:\/\/portaltela.pt\/noticias\/2026\/02\/11\/funeral-de-militar-de-estremoz-realiza-se-sexta-feira-em-alter-do-chao\/"},"modified":"2026-02-11T13:34:49","modified_gmt":"2026-02-11T16:34:49","slug":"funeral-de-militar-de-estremoz-realiza-se-sexta-feira-em-alter-do-chao","status":"publish","type":"post","link":"https:\/\/portaltela.pt\/noticias\/2026\/02\/11\/funeral-de-militar-de-estremoz-realiza-se-sexta-feira-em-alter-do-chao\/","title":{"rendered":"Funeral de militar de Estremoz realiza-se sexta-feira em Alter do Ch\u00e3o"},"content":{"rendered":"<p>O funeral do soldado G\u00e9rson Pinto, de 21 anos, realiza-se sexta-feira em Alter do Ch\u00e3o. O militar do Regimento de Cavalaria 3 morreu de forma s\u00fabita na tarde de segunda-feira, enquanto praticava desporto em Estremoz.<\/p>\n<p>O vel\u00f3rio inicia na quinta-feira, \u00e0s 16h00, na Igreja de S. Francisco, em Alter do Ch\u00e3o, prolongando-se at\u00e9 sexta-feira, quando recome\u00e7a \u00e0s 09h00. \u00c0s 11h00, o corpo \u00e9 transportado para a Igreja Matriz, onde se realiza a missa de corpo presente \u00e0s 12h00.<\/p>\n<p>\u00c0s 13h45, est\u00e1 prevista a chegada do corpo ao Complexo Funer\u00e1rio de Elvas. G\u00e9rson Pinto morreu durante uma atividade desportiva com um camarada, em Estremoz, situa\u00e7\u00e3o que levou \u00e0 organiza\u00e7\u00e3o do se\u00f1alado funeral.<\/p>\n<h3>Programa f\u00fanebre<\/h3>\n<ul>\n<li><strong>Cerim\u00f3nias:<\/strong> missa de corpo presente \u00e0s 12h no S. Francisco, Alter do Ch\u00e3o.<\/li>\n<li><strong>Desloca\u00e7\u00f5es:<\/strong> transporte do corpo entre estabelecimentos religiosos em Alter do Ch\u00e3o.<\/li>\n<li><strong>Encerramento:<\/strong> encaminhamento final ao Complexo Funer\u00e1rio de Elvas.<\/li>\n<\/ul>\n","protected":false},"excerpt":{"rendered":"<ul>\n<li>O funeral do soldado G\u00e9rson Pinto, de 21 anos, realiza-se sexta-feira em Alter do Ch\u00e3o, natural da regi\u00e3o.<\/li>\n<li>O vel\u00f3rio inicia-se quinta-feira, \u00e0s 16h00, na Igreja de S. Francisco \u2014 Alter do Ch\u00e3o, retomando na sexta-feira \u00e0s 09h00.<\/li>\n<li>\u00c0s 11h00 o corpo \u00e9 transportado para a Igreja Matriz, onde ocorre a missa de corpo presente \u00e0s 12h00.<\/li>\n<li>A partir das 13h45 prev\u00ea-se a chegada do corpo ao Complexo Funer\u00e1rio de Elvas.<\/li>\n<li>G\u00e9rson Pinto morreu de forma s\u00fabita na tarde de segunda-feira, em Estremoz, enquanto praticava desporto com um camarada.<\/li>\n<\/ul>\n","protected":false},"author":2,"featured_media":208491,"comment_status":"closed","ping_status":"closed","sticky":false,"template":"","format":"standard","meta":{"footnotes":""},"categories":[1],"tags":[4673,152,1089,1098,5119],"class_list":["post-208489","post","type-post","status-publish","format-standard","has-post-thumbnail","hentry","category-noticias","tag-alter-do-chao","tag-desporto","tag-elvas","tag-estremoz","tag-funerais"],"yoast_head":"<!-- This site is optimized with the Yoast SEO plugin v27.2 - https:\/\/yoast.com\/product\/yoast-seo-wordpress\/ -->\n<title>Funeral de militar de Estremoz realiza-se sexta-feira em Alter do Ch\u00e3o - Portal Tela Portugal<\/title>\n<meta name=\"robots\" content=\"index, follow, max-snippet:-1, max-image-preview:large, max-video-preview:-1\" \/>\n<meta property=\"og:locale\" content=\"pt_PT\" \/>\n<meta property=\"og:type\" content=\"article\" \/>\n<meta property=\"og:title\" content=\"Funeral de militar de Estremoz realiza-se sexta-feira em Alter do Ch\u00e3o - Portal Tela Portugal\" \/>\n<meta property=\"og:description\" content=\"O funeral do soldado G\u00e9rson Pinto, de 21 anos, realiza-se sexta-feira em Alter do Ch\u00e3o, natural da regi\u00e3o. O vel\u00f3rio inicia-se quinta-feira, \u00e0s 16h00, na Igreja de S. Francisco \u2014 Alter do Ch\u00e3o, retomando na sexta-feira \u00e0s 09h00. \u00c0s 11h00 o corpo \u00e9 transportado para a Igreja Matriz, onde ocorre a missa de corpo presente \u00e0s 12h00. A partir das 13h45 prev\u00ea-se a chegada do corpo ao Complexo Funer\u00e1rio de Elvas. G\u00e9rson Pinto morreu de forma s\u00fabita na tarde de segunda-feira, em Estremoz, enquanto praticava desporto com um camarada.\" \/>\n<meta property=\"og:url\" content=\"https:\/\/portaltela.pt\/noticias\/2026\/02\/11\/funeral-de-militar-de-estremoz-realiza-se-sexta-feira-em-alter-do-chao\/\" \/>\n<meta property=\"og:site_name\" content=\"Portal Tela Portugal\" \/>\n<meta property=\"article:published_time\" content=\"2026-02-11T16:34:49+00:00\" \/>\n<meta name=\"author\" content=\"Telinha\" \/>\n<meta name=\"twitter:card\" content=\"summary_large_image\" \/>\n<meta name=\"twitter:label1\" content=\"Escrito por\" \/>\n\t<meta name=\"twitter:data1\" content=\"Telinha\" \/>\n\t<meta name=\"twitter:label2\" content=\"Tempo estimado de leitura\" \/>\n\t<meta name=\"twitter:data2\" content=\"1 minuto\" \/>\n<script type=\"application\/ld+json\" class=\"yoast-schema-graph\">{\"@context\":\"https:\/\/schema.org\",\"@graph\":[{\"@type\":\"Article\",\"@id\":\"https:\/\/portaltela.pt\/noticias\/2026\/02\/11\/funeral-de-militar-de-estremoz-realiza-se-sexta-feira-em-alter-do-chao\/#article\",\"isPartOf\":{\"@id\":\"https:\/\/portaltela.pt\/noticias\/2026\/02\/11\/funeral-de-militar-de-estremoz-realiza-se-sexta-feira-em-alter-do-chao\/\"},\"author\":{\"name\":\"Telinha\",\"@id\":\"https:\/\/portaltela.pt\/#\/schema\/person\/c4278d4a6028830caff9ee44b42d32ed\"},\"headline\":\"Funeral de militar de Estremoz realiza-se sexta-feira em Alter do Ch\u00e3o\",\"datePublished\":\"2026-02-11T16:34:49+00:00\",\"mainEntityOfPage\":{\"@id\":\"https:\/\/portaltela.pt\/noticias\/2026\/02\/11\/funeral-de-militar-de-estremoz-realiza-se-sexta-feira-em-alter-do-chao\/\"},\"wordCount\":170,\"image\":{\"@id\":\"https:\/\/portaltela.pt\/noticias\/2026\/02\/11\/funeral-de-militar-de-estremoz-realiza-se-sexta-feira-em-alter-do-chao\/#primaryimage\"},\"thumbnailUrl\":\"https:\/\/portaltela.pt\/s.01k8rhncp4jt1\/2026\/02\/img_1280x721uu2026-02-10-23-26-43-2266201-im-639063628100686396.jpg\",\"keywords\":[\"Alter do Ch\u00e3o\",\"desporto\",\"Elvas\",\"Estremoz\",\"funerais\"],\"articleSection\":[\"Not\u00edcias\"],\"inLanguage\":\"pt-PT\"},{\"@type\":\"WebPage\",\"@id\":\"https:\/\/portaltela.pt\/noticias\/2026\/02\/11\/funeral-de-militar-de-estremoz-realiza-se-sexta-feira-em-alter-do-chao\/\",\"url\":\"https:\/\/portaltela.pt\/noticias\/2026\/02\/11\/funeral-de-militar-de-estremoz-realiza-se-sexta-feira-em-alter-do-chao\/\",\"name\":\"Funeral de militar de Estremoz realiza-se sexta-feira em Alter do Ch\u00e3o - Portal Tela Portugal\",\"isPartOf\":{\"@id\":\"https:\/\/portaltela.pt\/#website\"},\"primaryImageOfPage\":{\"@id\":\"https:\/\/portaltela.pt\/noticias\/2026\/02\/11\/funeral-de-militar-de-estremoz-realiza-se-sexta-feira-em-alter-do-chao\/#primaryimage\"},\"image\":{\"@id\":\"https:\/\/portaltela.pt\/noticias\/2026\/02\/11\/funeral-de-militar-de-estremoz-realiza-se-sexta-feira-em-alter-do-chao\/#primaryimage\"},\"thumbnailUrl\":\"https:\/\/portaltela.pt\/s.01k8rhncp4jt1\/2026\/02\/img_1280x721uu2026-02-10-23-26-43-2266201-im-639063628100686396.jpg\",\"datePublished\":\"2026-02-11T16:34:49+00:00\",\"author\":{\"@id\":\"https:\/\/portaltela.pt\/#\/schema\/person\/c4278d4a6028830caff9ee44b42d32ed\"},\"breadcrumb\":{\"@id\":\"https:\/\/portaltela.pt\/noticias\/2026\/02\/11\/funeral-de-militar-de-estremoz-realiza-se-sexta-feira-em-alter-do-chao\/#breadcrumb\"},\"inLanguage\":\"pt-PT\",\"potentialAction\":[{\"@type\":\"ReadAction\",\"target\":[\"https:\/\/portaltela.pt\/noticias\/2026\/02\/11\/funeral-de-militar-de-estremoz-realiza-se-sexta-feira-em-alter-do-chao\/\"]}]},{\"@type\":\"ImageObject\",\"inLanguage\":\"pt-PT\",\"@id\":\"https:\/\/portaltela.pt\/noticias\/2026\/02\/11\/funeral-de-militar-de-estremoz-realiza-se-sexta-feira-em-alter-do-chao\/#primaryimage\",\"url\":\"https:\/\/portaltela.pt\/s.01k8rhncp4jt1\/2026\/02\/img_1280x721uu2026-02-10-23-26-43-2266201-im-639063628100686396.jpg\",\"contentUrl\":\"https:\/\/portaltela.pt\/s.01k8rhncp4jt1\/2026\/02\/img_1280x721uu2026-02-10-23-26-43-2266201-im-639063628100686396.jpg\",\"width\":796,\"height\":448,\"caption\":\"G\u00e9rson Pinto tinha 21 anos\"},{\"@type\":\"BreadcrumbList\",\"@id\":\"https:\/\/portaltela.pt\/noticias\/2026\/02\/11\/funeral-de-militar-de-estremoz-realiza-se-sexta-feira-em-alter-do-chao\/#breadcrumb\",\"itemListElement\":[{\"@type\":\"ListItem\",\"position\":1,\"name\":\"In\u00edcio\",\"item\":\"https:\/\/portaltela.pt\/\"},{\"@type\":\"ListItem\",\"position\":2,\"name\":\"Funeral de militar de Estremoz realiza-se sexta-feira em Alter do Ch\u00e3o\"}]},{\"@type\":\"WebSite\",\"@id\":\"https:\/\/portaltela.pt\/#website\",\"url\":\"https:\/\/portaltela.pt\/\",\"name\":\"Portal Tela Portugal\",\"description\":\"\",\"potentialAction\":[{\"@type\":\"SearchAction\",\"target\":{\"@type\":\"EntryPoint\",\"urlTemplate\":\"https:\/\/portaltela.pt\/?s={search_term_string}\"},\"query-input\":{\"@type\":\"PropertyValueSpecification\",\"valueRequired\":true,\"valueName\":\"search_term_string\"}}],\"inLanguage\":\"pt-PT\"},{\"@type\":\"Person\",\"@id\":\"https:\/\/portaltela.pt\/#\/schema\/person\/c4278d4a6028830caff9ee44b42d32ed\",\"name\":\"Telinha\",\"image\":{\"@type\":\"ImageObject\",\"inLanguage\":\"pt-PT\",\"@id\":\"https:\/\/portaltela.pt\/s.01k8rhncp4jt1\/2025\/11\/talking-bot-125x125.png\",\"url\":\"https:\/\/portaltela.pt\/s.01k8rhncp4jt1\/2025\/11\/talking-bot-125x125.png\",\"contentUrl\":\"https:\/\/portaltela.pt\/s.01k8rhncp4jt1\/2025\/11\/talking-bot-125x125.png\",\"caption\":\"Telinha\"},\"sameAs\":[\"https:\/\/portaltela.pt\/\"],\"url\":\"https:\/\/portaltela.pt\/por\/367410592786\/\"}]}<\/script>\n<!-- \/ Yoast SEO plugin. -->","yoast_head_json":{"title":"Funeral de militar de Estremoz realiza-se sexta-feira em Alter do Ch\u00e3o - Portal Tela Portugal","robots":{"index":"index","follow":"follow","max-snippet":"max-snippet:-1","max-image-preview":"max-image-preview:large","max-video-preview":"max-video-preview:-1"},"og_locale":"pt_PT","og_type":"article","og_title":"Funeral de militar de Estremoz realiza-se sexta-feira em Alter do Ch\u00e3o - Portal Tela Portugal","og_description":"O funeral do soldado G\u00e9rson Pinto, de 21 anos, realiza-se sexta-feira em Alter do Ch\u00e3o, natural da regi\u00e3o. O vel\u00f3rio inicia-se quinta-feira, \u00e0s 16h00, na Igreja de S. Francisco \u2014 Alter do Ch\u00e3o, retomando na sexta-feira \u00e0s 09h00. \u00c0s 11h00 o corpo \u00e9 transportado para a Igreja Matriz, onde ocorre a missa de corpo presente \u00e0s 12h00. A partir das 13h45 prev\u00ea-se a chegada do corpo ao Complexo Funer\u00e1rio de Elvas. G\u00e9rson Pinto morreu de forma s\u00fabita na tarde de segunda-feira, em Estremoz, enquanto praticava desporto com um camarada.","og_url":"https:\/\/portaltela.pt\/noticias\/2026\/02\/11\/funeral-de-militar-de-estremoz-realiza-se-sexta-feira-em-alter-do-chao\/","og_site_name":"Portal Tela Portugal","article_published_time":"2026-02-11T16:34:49+00:00","author":"Telinha","twitter_card":"summary_large_image","twitter_misc":{"Escrito por":"Telinha","Tempo estimado de leitura":"1 minuto"},"schema":{"@context":"https:\/\/schema.org","@graph":[{"@type":"Article","@id":"https:\/\/portaltela.pt\/noticias\/2026\/02\/11\/funeral-de-militar-de-estremoz-realiza-se-sexta-feira-em-alter-do-chao\/#article","isPartOf":{"@id":"https:\/\/portaltela.pt\/noticias\/2026\/02\/11\/funeral-de-militar-de-estremoz-realiza-se-sexta-feira-em-alter-do-chao\/"},"author":{"name":"Telinha","@id":"https:\/\/portaltela.pt\/#\/schema\/person\/c4278d4a6028830caff9ee44b42d32ed"},"headline":"Funeral de militar de Estremoz realiza-se sexta-feira em Alter do Ch\u00e3o","datePublished":"2026-02-11T16:34:49+00:00","mainEntityOfPage":{"@id":"https:\/\/portaltela.pt\/noticias\/2026\/02\/11\/funeral-de-militar-de-estremoz-realiza-se-sexta-feira-em-alter-do-chao\/"},"wordCount":170,"image":{"@id":"https:\/\/portaltela.pt\/noticias\/2026\/02\/11\/funeral-de-militar-de-estremoz-realiza-se-sexta-feira-em-alter-do-chao\/#primaryimage"},"thumbnailUrl":"https:\/\/portaltela.pt\/s.01k8rhncp4jt1\/2026\/02\/img_1280x721uu2026-02-10-23-26-43-2266201-im-639063628100686396.jpg","keywords":["Alter do Ch\u00e3o","desporto","Elvas","Estremoz","funerais"],"articleSection":["Not\u00edcias"],"inLanguage":"pt-PT"},{"@type":"WebPage","@id":"https:\/\/portaltela.pt\/noticias\/2026\/02\/11\/funeral-de-militar-de-estremoz-realiza-se-sexta-feira-em-alter-do-chao\/","url":"https:\/\/portaltela.pt\/noticias\/2026\/02\/11\/funeral-de-militar-de-estremoz-realiza-se-sexta-feira-em-alter-do-chao\/","name":"Funeral de militar de Estremoz realiza-se sexta-feira em Alter do Ch\u00e3o - Portal Tela Portugal","isPartOf":{"@id":"https:\/\/portaltela.pt\/#website"},"primaryImageOfPage":{"@id":"https:\/\/portaltela.pt\/noticias\/2026\/02\/11\/funeral-de-militar-de-estremoz-realiza-se-sexta-feira-em-alter-do-chao\/#primaryimage"},"image":{"@id":"https:\/\/portaltela.pt\/noticias\/2026\/02\/11\/funeral-de-militar-de-estremoz-realiza-se-sexta-feira-em-alter-do-chao\/#primaryimage"},"thumbnailUrl":"https:\/\/portaltela.pt\/s.01k8rhncp4jt1\/2026\/02\/img_1280x721uu2026-02-10-23-26-43-2266201-im-639063628100686396.jpg","datePublished":"2026-02-11T16:34:49+00:00","author":{"@id":"https:\/\/portaltela.pt\/#\/schema\/person\/c4278d4a6028830caff9ee44b42d32ed"},"breadcrumb":{"@id":"https:\/\/portaltela.pt\/noticias\/2026\/02\/11\/funeral-de-militar-de-estremoz-realiza-se-sexta-feira-em-alter-do-chao\/#breadcrumb"},"inLanguage":"pt-PT","potentialAction":[{"@type":"ReadAction","target":["https:\/\/portaltela.pt\/noticias\/2026\/02\/11\/funeral-de-militar-de-estremoz-realiza-se-sexta-feira-em-alter-do-chao\/"]}]},{"@type":"ImageObject","inLanguage":"pt-PT","@id":"https:\/\/portaltela.pt\/noticias\/2026\/02\/11\/funeral-de-militar-de-estremoz-realiza-se-sexta-feira-em-alter-do-chao\/#primaryimage","url":"https:\/\/portaltela.pt\/s.01k8rhncp4jt1\/2026\/02\/img_1280x721uu2026-02-10-23-26-43-2266201-im-639063628100686396.jpg","contentUrl":"https:\/\/portaltela.pt\/s.01k8rhncp4jt1\/2026\/02\/img_1280x721uu2026-02-10-23-26-43-2266201-im-639063628100686396.jpg","width":796,"height":448,"caption":"G\u00e9rson Pinto tinha 21 anos"},{"@type":"BreadcrumbList","@id":"https:\/\/portaltela.pt\/noticias\/2026\/02\/11\/funeral-de-militar-de-estremoz-realiza-se-sexta-feira-em-alter-do-chao\/#breadcrumb","itemListElement":[{"@type":"ListItem","position":1,"name":"In\u00edcio","item":"https:\/\/portaltela.pt\/"},{"@type":"ListItem","position":2,"name":"Funeral de militar de Estremoz realiza-se sexta-feira em Alter do Ch\u00e3o"}]},{"@type":"WebSite","@id":"https:\/\/portaltela.pt\/#website","url":"https:\/\/portaltela.pt\/","name":"Portal Tela Portugal","description":"","potentialAction":[{"@type":"SearchAction","target":{"@type":"EntryPoint","urlTemplate":"https:\/\/portaltela.pt\/?s={search_term_string}"},"query-input":{"@type":"PropertyValueSpecification","valueRequired":true,"valueName":"search_term_string"}}],"inLanguage":"pt-PT"},{"@type":"Person","@id":"https:\/\/portaltela.pt\/#\/schema\/person\/c4278d4a6028830caff9ee44b42d32ed","name":"Telinha","image":{"@type":"ImageObject","inLanguage":"pt-PT","@id":"https:\/\/portaltela.pt\/s.01k8rhncp4jt1\/2025\/11\/talking-bot-125x125.png","url":"https:\/\/portaltela.pt\/s.01k8rhncp4jt1\/2025\/11\/talking-bot-125x125.png","contentUrl":"https:\/\/portaltela.pt\/s.01k8rhncp4jt1\/2025\/11\/talking-bot-125x125.png","caption":"Telinha"},"sameAs":["https:\/\/portaltela.pt\/"],"url":"https:\/\/portaltela.pt\/por\/367410592786\/"}]}},"_links":{"self":[{"href":"https:\/\/portaltela.pt\/api\/wp\/v2\/posts\/208489","targetHints":{"allow":["GET"]}}],"collection":[{"href":"https:\/\/portaltela.pt\/api\/wp\/v2\/posts"}],"about":[{"href":"https:\/\/portaltela.pt\/api\/wp\/v2\/types\/post"}],"author":[{"embeddable":true,"href":"https:\/\/portaltela.pt\/api\/wp\/v2\/users\/2"}],"replies":[{"embeddable":true,"href":"https:\/\/portaltela.pt\/api\/wp\/v2\/comments?post=208489"}],"version-history":[{"count":0,"href":"https:\/\/portaltela.pt\/api\/wp\/v2\/posts\/208489\/revisions"}],"wp:featuredmedia":[{"embeddable":true,"href":"https:\/\/portaltela.pt\/api\/wp\/v2\/media\/208491"}],"wp:attachment":[{"href":"https:\/\/portaltela.pt\/api\/wp\/v2\/media?parent=208489"}],"wp:term":[{"taxonomy":"category","embeddable":true,"href":"https:\/\/portaltela.pt\/api\/wp\/v2\/categories?post=208489"},{"taxonomy":"post_tag","embeddable":true,"href":"https:\/\/portaltela.pt\/api\/wp\/v2\/tags?post=208489"}],"curies":[{"name":"wp","href":"https:\/\/api.w.org\/{rel}","templated":true}]}}