{"id":208488,"date":"2026-02-11T13:43:00","date_gmt":"2026-02-11T16:43:00","guid":{"rendered":"https:\/\/portaltela.pt\/noticias\/2026\/02\/11\/serra-d-arga-fica-livre-da-exploracao-de-litio-e-um-dia-feliz\/"},"modified":"2026-02-11T13:43:00","modified_gmt":"2026-02-11T16:43:00","slug":"serra-d-arga-fica-livre-da-exploracao-de-litio-e-um-dia-feliz","status":"publish","type":"post","link":"https:\/\/portaltela.pt\/noticias\/2026\/02\/11\/serra-d-arga-fica-livre-da-exploracao-de-litio-e-um-dia-feliz\/","title":{"rendered":"Serra d&#8217;Arga fica livre da explora\u00e7\u00e3o de l\u00edtio, \u00e9 um dia feliz"},"content":{"rendered":"<p>Foi publicado no Di\u00e1rio da Rep\u00fablica o decreto-lei que designa a Serra d\u2019Arga como Zona Especial de Conserva\u00e7\u00e3o (ZEC). A designa\u00e7\u00e3o cria um regime jur\u00eddico de prote\u00e7\u00e3o de habitats e de esp\u00e9cies, nomeadamente o lobo, na \u00e1rea.<\/p>\n<p>O diploma tamb\u00e9m define medidas de conserva\u00e7\u00e3o no ordenamento do territ\u00f3rio, com restri\u00e7\u00f5es a atividades como a explora\u00e7\u00e3o de minerais. Em particular, impede a minera\u00e7\u00e3o de l\u00edtio na zona eleg\u00edvel.<\/p>\n<p>A ZEC abrange os munic\u00edpios de Caminha, Ponte de Lima, Viana do Castelo e Vila Nova de Cerveira, integrando o territ\u00f3rio da Serra d\u2019Arga em pol\u00edticas de preserva\u00e7\u00e3o ambiental.<\/p>\n<h3>Medidas de prote\u00e7\u00e3o e impactos<\/h3>\n<p>O decreto-lei detalha regras para prote\u00e7\u00e3o de esp\u00e9cies e habitats, visando manter o equil\u00edbrio ecol\u00f3gico da regi\u00e3o e evitar press\u00f5es antropog\u00e9nicas sobre a fauna e a flora locais.<\/p>\n<p>A medida surge no contexto de debates sobre explora\u00e7\u00e3o mineral na regi\u00e3o, assegurando uma salvaguarda adicional para o patrim\u00f3nio natural e para a utiliza\u00e7\u00e3o sustent\u00e1vel do solo.<\/p>\n<p>A decis\u00e3o, segundo entes oficiais, pretende oferecer tranquilidade \u00e0 popula\u00e7\u00e3o e \u00e0s entidades locais face \u00e0s perspetivas de desenvolvimento econ\u00f3mico ligadas a recursos naturais.<\/p>\n","protected":false},"excerpt":{"rendered":"<ul>\n<li>Foi publicado no Di\u00e1rio da Rep\u00fablica o decreto-lei que designa a Serra d&#8217;Arga como Zona Especial de Conserva\u00e7\u00e3o (ZEC).<\/li>\n<li>A ZEC confere prote\u00e7\u00e3o a habitats e a esp\u00e9cies selvagens, incluindo o lobo, e define medidas de conserva\u00e7\u00e3o e de ordenamento do territ\u00f3rio.<\/li>\n<li>A decis\u00e3o impede a explora\u00e7\u00e3o de minerais, nomeadamente o l\u00edtio, na \u00e1rea abrangida.<\/li>\n<li>Abrange os concelhos de Caminha, Ponte de Lima, Viana do Castelo e Vila Nova de Cerveira.<\/li>\n<li>A publica\u00e7\u00e3o \u00e9 entendida pela popula\u00e7\u00e3o como tranquilizadora, com melhoria na perce\u00e7\u00e3o de prote\u00e7\u00e3o da regi\u00e3o.<\/li>\n<\/ul>\n","protected":false},"author":2,"featured_media":208492,"comment_status":"closed","ping_status":"closed","sticky":false,"template":"","format":"standard","meta":{"footnotes":""},"categories":[1],"tags":[1525,4880,3090,811,1530,2182],"class_list":["post-208488","post","type-post","status-publish","format-standard","has-post-thumbnail","hentry","category-noticias","tag-caminha","tag-conservacao-ambiental","tag-mineracao-sustentavel","tag-protecao-ambiental","tag-viana-do-castelo","tag-zona-especial-de-conservacao"],"yoast_head":"<!-- This site is optimized with the Yoast SEO plugin v27.2 - https:\/\/yoast.com\/product\/yoast-seo-wordpress\/ -->\n<title>Serra d&#039;Arga fica livre da explora\u00e7\u00e3o de l\u00edtio, \u00e9 um dia feliz - Portal Tela Portugal<\/title>\n<meta name=\"robots\" content=\"index, follow, max-snippet:-1, max-image-preview:large, max-video-preview:-1\" \/>\n<meta property=\"og:locale\" content=\"pt_PT\" \/>\n<meta property=\"og:type\" content=\"article\" \/>\n<meta property=\"og:title\" content=\"Serra d&#039;Arga fica livre da explora\u00e7\u00e3o de l\u00edtio, \u00e9 um dia feliz - Portal Tela Portugal\" \/>\n<meta property=\"og:description\" content=\"Foi publicado no Di\u00e1rio da Rep\u00fablica o decreto-lei que designa a Serra d&#039;Arga como Zona Especial de Conserva\u00e7\u00e3o (ZEC). A ZEC confere prote\u00e7\u00e3o a habitats e a esp\u00e9cies selvagens, incluindo o lobo, e define medidas de conserva\u00e7\u00e3o e de ordenamento do territ\u00f3rio. A decis\u00e3o impede a explora\u00e7\u00e3o de minerais, nomeadamente o l\u00edtio, na \u00e1rea abrangida. Abrange os concelhos de Caminha, Ponte de Lima, Viana do Castelo e Vila Nova de Cerveira. A publica\u00e7\u00e3o \u00e9 entendida pela popula\u00e7\u00e3o como tranquilizadora, com melhoria na perce\u00e7\u00e3o de prote\u00e7\u00e3o da regi\u00e3o.\" \/>\n<meta property=\"og:url\" content=\"https:\/\/portaltela.pt\/noticias\/2026\/02\/11\/serra-d-arga-fica-livre-da-exploracao-de-litio-e-um-dia-feliz\/\" \/>\n<meta property=\"og:site_name\" content=\"Portal Tela Portugal\" \/>\n<meta property=\"article:published_time\" content=\"2026-02-11T16:43:00+00:00\" \/>\n<meta name=\"author\" content=\"Telinha\" \/>\n<meta name=\"twitter:card\" content=\"summary_large_image\" \/>\n<meta name=\"twitter:label1\" content=\"Escrito por\" \/>\n\t<meta name=\"twitter:data1\" content=\"Telinha\" \/>\n\t<meta name=\"twitter:label2\" content=\"Tempo estimado de leitura\" \/>\n\t<meta name=\"twitter:data2\" content=\"1 minuto\" \/>\n<script type=\"application\/ld+json\" class=\"yoast-schema-graph\">{\"@context\":\"https:\/\/schema.org\",\"@graph\":[{\"@type\":\"Article\",\"@id\":\"https:\/\/portaltela.pt\/noticias\/2026\/02\/11\/serra-d-arga-fica-livre-da-exploracao-de-litio-e-um-dia-feliz\/#article\",\"isPartOf\":{\"@id\":\"https:\/\/portaltela.pt\/noticias\/2026\/02\/11\/serra-d-arga-fica-livre-da-exploracao-de-litio-e-um-dia-feliz\/\"},\"author\":{\"name\":\"Telinha\",\"@id\":\"https:\/\/portaltela.pt\/#\/schema\/person\/c4278d4a6028830caff9ee44b42d32ed\"},\"headline\":\"Serra d&#8217;Arga fica livre da explora\u00e7\u00e3o de l\u00edtio, \u00e9 um dia feliz\",\"datePublished\":\"2026-02-11T16:43:00+00:00\",\"mainEntityOfPage\":{\"@id\":\"https:\/\/portaltela.pt\/noticias\/2026\/02\/11\/serra-d-arga-fica-livre-da-exploracao-de-litio-e-um-dia-feliz\/\"},\"wordCount\":230,\"image\":{\"@id\":\"https:\/\/portaltela.pt\/noticias\/2026\/02\/11\/serra-d-arga-fica-livre-da-exploracao-de-litio-e-um-dia-feliz\/#primaryimage\"},\"thumbnailUrl\":\"https:\/\/portaltela.pt\/s.01k8rhncp4jt1\/2026\/02\/image-900.jpg\",\"keywords\":[\"Caminha\",\"conserva\u00e7\u00e3o ambiental\",\"minera\u00e7\u00e3o sustent\u00e1vel\",\"prote\u00e7\u00e3o ambiental\",\"Viana do Castelo\",\"Zona Especial de Conserva\u00e7\u00e3o\"],\"articleSection\":[\"Not\u00edcias\"],\"inLanguage\":\"pt-PT\"},{\"@type\":\"WebPage\",\"@id\":\"https:\/\/portaltela.pt\/noticias\/2026\/02\/11\/serra-d-arga-fica-livre-da-exploracao-de-litio-e-um-dia-feliz\/\",\"url\":\"https:\/\/portaltela.pt\/noticias\/2026\/02\/11\/serra-d-arga-fica-livre-da-exploracao-de-litio-e-um-dia-feliz\/\",\"name\":\"Serra d'Arga fica livre da explora\u00e7\u00e3o de l\u00edtio, \u00e9 um dia feliz - Portal Tela Portugal\",\"isPartOf\":{\"@id\":\"https:\/\/portaltela.pt\/#website\"},\"primaryImageOfPage\":{\"@id\":\"https:\/\/portaltela.pt\/noticias\/2026\/02\/11\/serra-d-arga-fica-livre-da-exploracao-de-litio-e-um-dia-feliz\/#primaryimage\"},\"image\":{\"@id\":\"https:\/\/portaltela.pt\/noticias\/2026\/02\/11\/serra-d-arga-fica-livre-da-exploracao-de-litio-e-um-dia-feliz\/#primaryimage\"},\"thumbnailUrl\":\"https:\/\/portaltela.pt\/s.01k8rhncp4jt1\/2026\/02\/image-900.jpg\",\"datePublished\":\"2026-02-11T16:43:00+00:00\",\"author\":{\"@id\":\"https:\/\/portaltela.pt\/#\/schema\/person\/c4278d4a6028830caff9ee44b42d32ed\"},\"breadcrumb\":{\"@id\":\"https:\/\/portaltela.pt\/noticias\/2026\/02\/11\/serra-d-arga-fica-livre-da-exploracao-de-litio-e-um-dia-feliz\/#breadcrumb\"},\"inLanguage\":\"pt-PT\",\"potentialAction\":[{\"@type\":\"ReadAction\",\"target\":[\"https:\/\/portaltela.pt\/noticias\/2026\/02\/11\/serra-d-arga-fica-livre-da-exploracao-de-litio-e-um-dia-feliz\/\"]}]},{\"@type\":\"ImageObject\",\"inLanguage\":\"pt-PT\",\"@id\":\"https:\/\/portaltela.pt\/noticias\/2026\/02\/11\/serra-d-arga-fica-livre-da-exploracao-de-litio-e-um-dia-feliz\/#primaryimage\",\"url\":\"https:\/\/portaltela.pt\/s.01k8rhncp4jt1\/2026\/02\/image-900.jpg\",\"contentUrl\":\"https:\/\/portaltela.pt\/s.01k8rhncp4jt1\/2026\/02\/image-900.jpg\",\"width\":796,\"height\":448,\"caption\":\"Popula\u00e7\u00e3o mobilizou-se para se opor \u00e0 explora\u00e7\u00e3o do l\u00edtio na Serra d\u00c1rga e conseguiu\"},{\"@type\":\"BreadcrumbList\",\"@id\":\"https:\/\/portaltela.pt\/noticias\/2026\/02\/11\/serra-d-arga-fica-livre-da-exploracao-de-litio-e-um-dia-feliz\/#breadcrumb\",\"itemListElement\":[{\"@type\":\"ListItem\",\"position\":1,\"name\":\"In\u00edcio\",\"item\":\"https:\/\/portaltela.pt\/\"},{\"@type\":\"ListItem\",\"position\":2,\"name\":\"Serra d&#8217;Arga fica livre da explora\u00e7\u00e3o de l\u00edtio, \u00e9 um dia feliz\"}]},{\"@type\":\"WebSite\",\"@id\":\"https:\/\/portaltela.pt\/#website\",\"url\":\"https:\/\/portaltela.pt\/\",\"name\":\"Portal Tela Portugal\",\"description\":\"\",\"potentialAction\":[{\"@type\":\"SearchAction\",\"target\":{\"@type\":\"EntryPoint\",\"urlTemplate\":\"https:\/\/portaltela.pt\/?s={search_term_string}\"},\"query-input\":{\"@type\":\"PropertyValueSpecification\",\"valueRequired\":true,\"valueName\":\"search_term_string\"}}],\"inLanguage\":\"pt-PT\"},{\"@type\":\"Person\",\"@id\":\"https:\/\/portaltela.pt\/#\/schema\/person\/c4278d4a6028830caff9ee44b42d32ed\",\"name\":\"Telinha\",\"image\":{\"@type\":\"ImageObject\",\"inLanguage\":\"pt-PT\",\"@id\":\"https:\/\/portaltela.pt\/s.01k8rhncp4jt1\/2025\/11\/talking-bot-125x125.png\",\"url\":\"https:\/\/portaltela.pt\/s.01k8rhncp4jt1\/2025\/11\/talking-bot-125x125.png\",\"contentUrl\":\"https:\/\/portaltela.pt\/s.01k8rhncp4jt1\/2025\/11\/talking-bot-125x125.png\",\"caption\":\"Telinha\"},\"sameAs\":[\"https:\/\/portaltela.pt\/\"],\"url\":\"https:\/\/portaltela.pt\/por\/367410592786\/\"}]}<\/script>\n<!-- \/ Yoast SEO plugin. -->","yoast_head_json":{"title":"Serra d'Arga fica livre da explora\u00e7\u00e3o de l\u00edtio, \u00e9 um dia feliz - Portal Tela Portugal","robots":{"index":"index","follow":"follow","max-snippet":"max-snippet:-1","max-image-preview":"max-image-preview:large","max-video-preview":"max-video-preview:-1"},"og_locale":"pt_PT","og_type":"article","og_title":"Serra d'Arga fica livre da explora\u00e7\u00e3o de l\u00edtio, \u00e9 um dia feliz - Portal Tela Portugal","og_description":"Foi publicado no Di\u00e1rio da Rep\u00fablica o decreto-lei que designa a Serra d'Arga como Zona Especial de Conserva\u00e7\u00e3o (ZEC). A ZEC confere prote\u00e7\u00e3o a habitats e a esp\u00e9cies selvagens, incluindo o lobo, e define medidas de conserva\u00e7\u00e3o e de ordenamento do territ\u00f3rio. A decis\u00e3o impede a explora\u00e7\u00e3o de minerais, nomeadamente o l\u00edtio, na \u00e1rea abrangida. Abrange os concelhos de Caminha, Ponte de Lima, Viana do Castelo e Vila Nova de Cerveira. A publica\u00e7\u00e3o \u00e9 entendida pela popula\u00e7\u00e3o como tranquilizadora, com melhoria na perce\u00e7\u00e3o de prote\u00e7\u00e3o da regi\u00e3o.","og_url":"https:\/\/portaltela.pt\/noticias\/2026\/02\/11\/serra-d-arga-fica-livre-da-exploracao-de-litio-e-um-dia-feliz\/","og_site_name":"Portal Tela Portugal","article_published_time":"2026-02-11T16:43:00+00:00","author":"Telinha","twitter_card":"summary_large_image","twitter_misc":{"Escrito por":"Telinha","Tempo estimado de leitura":"1 minuto"},"schema":{"@context":"https:\/\/schema.org","@graph":[{"@type":"Article","@id":"https:\/\/portaltela.pt\/noticias\/2026\/02\/11\/serra-d-arga-fica-livre-da-exploracao-de-litio-e-um-dia-feliz\/#article","isPartOf":{"@id":"https:\/\/portaltela.pt\/noticias\/2026\/02\/11\/serra-d-arga-fica-livre-da-exploracao-de-litio-e-um-dia-feliz\/"},"author":{"name":"Telinha","@id":"https:\/\/portaltela.pt\/#\/schema\/person\/c4278d4a6028830caff9ee44b42d32ed"},"headline":"Serra d&#8217;Arga fica livre da explora\u00e7\u00e3o de l\u00edtio, \u00e9 um dia feliz","datePublished":"2026-02-11T16:43:00+00:00","mainEntityOfPage":{"@id":"https:\/\/portaltela.pt\/noticias\/2026\/02\/11\/serra-d-arga-fica-livre-da-exploracao-de-litio-e-um-dia-feliz\/"},"wordCount":230,"image":{"@id":"https:\/\/portaltela.pt\/noticias\/2026\/02\/11\/serra-d-arga-fica-livre-da-exploracao-de-litio-e-um-dia-feliz\/#primaryimage"},"thumbnailUrl":"https:\/\/portaltela.pt\/s.01k8rhncp4jt1\/2026\/02\/image-900.jpg","keywords":["Caminha","conserva\u00e7\u00e3o ambiental","minera\u00e7\u00e3o sustent\u00e1vel","prote\u00e7\u00e3o ambiental","Viana do Castelo","Zona Especial de Conserva\u00e7\u00e3o"],"articleSection":["Not\u00edcias"],"inLanguage":"pt-PT"},{"@type":"WebPage","@id":"https:\/\/portaltela.pt\/noticias\/2026\/02\/11\/serra-d-arga-fica-livre-da-exploracao-de-litio-e-um-dia-feliz\/","url":"https:\/\/portaltela.pt\/noticias\/2026\/02\/11\/serra-d-arga-fica-livre-da-exploracao-de-litio-e-um-dia-feliz\/","name":"Serra d'Arga fica livre da explora\u00e7\u00e3o de l\u00edtio, \u00e9 um dia feliz - Portal Tela Portugal","isPartOf":{"@id":"https:\/\/portaltela.pt\/#website"},"primaryImageOfPage":{"@id":"https:\/\/portaltela.pt\/noticias\/2026\/02\/11\/serra-d-arga-fica-livre-da-exploracao-de-litio-e-um-dia-feliz\/#primaryimage"},"image":{"@id":"https:\/\/portaltela.pt\/noticias\/2026\/02\/11\/serra-d-arga-fica-livre-da-exploracao-de-litio-e-um-dia-feliz\/#primaryimage"},"thumbnailUrl":"https:\/\/portaltela.pt\/s.01k8rhncp4jt1\/2026\/02\/image-900.jpg","datePublished":"2026-02-11T16:43:00+00:00","author":{"@id":"https:\/\/portaltela.pt\/#\/schema\/person\/c4278d4a6028830caff9ee44b42d32ed"},"breadcrumb":{"@id":"https:\/\/portaltela.pt\/noticias\/2026\/02\/11\/serra-d-arga-fica-livre-da-exploracao-de-litio-e-um-dia-feliz\/#breadcrumb"},"inLanguage":"pt-PT","potentialAction":[{"@type":"ReadAction","target":["https:\/\/portaltela.pt\/noticias\/2026\/02\/11\/serra-d-arga-fica-livre-da-exploracao-de-litio-e-um-dia-feliz\/"]}]},{"@type":"ImageObject","inLanguage":"pt-PT","@id":"https:\/\/portaltela.pt\/noticias\/2026\/02\/11\/serra-d-arga-fica-livre-da-exploracao-de-litio-e-um-dia-feliz\/#primaryimage","url":"https:\/\/portaltela.pt\/s.01k8rhncp4jt1\/2026\/02\/image-900.jpg","contentUrl":"https:\/\/portaltela.pt\/s.01k8rhncp4jt1\/2026\/02\/image-900.jpg","width":796,"height":448,"caption":"Popula\u00e7\u00e3o mobilizou-se para se opor \u00e0 explora\u00e7\u00e3o do l\u00edtio na Serra d\u00c1rga e conseguiu"},{"@type":"BreadcrumbList","@id":"https:\/\/portaltela.pt\/noticias\/2026\/02\/11\/serra-d-arga-fica-livre-da-exploracao-de-litio-e-um-dia-feliz\/#breadcrumb","itemListElement":[{"@type":"ListItem","position":1,"name":"In\u00edcio","item":"https:\/\/portaltela.pt\/"},{"@type":"ListItem","position":2,"name":"Serra d&#8217;Arga fica livre da explora\u00e7\u00e3o de l\u00edtio, \u00e9 um dia feliz"}]},{"@type":"WebSite","@id":"https:\/\/portaltela.pt\/#website","url":"https:\/\/portaltela.pt\/","name":"Portal Tela Portugal","description":"","potentialAction":[{"@type":"SearchAction","target":{"@type":"EntryPoint","urlTemplate":"https:\/\/portaltela.pt\/?s={search_term_string}"},"query-input":{"@type":"PropertyValueSpecification","valueRequired":true,"valueName":"search_term_string"}}],"inLanguage":"pt-PT"},{"@type":"Person","@id":"https:\/\/portaltela.pt\/#\/schema\/person\/c4278d4a6028830caff9ee44b42d32ed","name":"Telinha","image":{"@type":"ImageObject","inLanguage":"pt-PT","@id":"https:\/\/portaltela.pt\/s.01k8rhncp4jt1\/2025\/11\/talking-bot-125x125.png","url":"https:\/\/portaltela.pt\/s.01k8rhncp4jt1\/2025\/11\/talking-bot-125x125.png","contentUrl":"https:\/\/portaltela.pt\/s.01k8rhncp4jt1\/2025\/11\/talking-bot-125x125.png","caption":"Telinha"},"sameAs":["https:\/\/portaltela.pt\/"],"url":"https:\/\/portaltela.pt\/por\/367410592786\/"}]}},"_links":{"self":[{"href":"https:\/\/portaltela.pt\/api\/wp\/v2\/posts\/208488","targetHints":{"allow":["GET"]}}],"collection":[{"href":"https:\/\/portaltela.pt\/api\/wp\/v2\/posts"}],"about":[{"href":"https:\/\/portaltela.pt\/api\/wp\/v2\/types\/post"}],"author":[{"embeddable":true,"href":"https:\/\/portaltela.pt\/api\/wp\/v2\/users\/2"}],"replies":[{"embeddable":true,"href":"https:\/\/portaltela.pt\/api\/wp\/v2\/comments?post=208488"}],"version-history":[{"count":0,"href":"https:\/\/portaltela.pt\/api\/wp\/v2\/posts\/208488\/revisions"}],"wp:featuredmedia":[{"embeddable":true,"href":"https:\/\/portaltela.pt\/api\/wp\/v2\/media\/208492"}],"wp:attachment":[{"href":"https:\/\/portaltela.pt\/api\/wp\/v2\/media?parent=208488"}],"wp:term":[{"taxonomy":"category","embeddable":true,"href":"https:\/\/portaltela.pt\/api\/wp\/v2\/categories?post=208488"},{"taxonomy":"post_tag","embeddable":true,"href":"https:\/\/portaltela.pt\/api\/wp\/v2\/tags?post=208488"}],"curies":[{"name":"wp","href":"https:\/\/api.w.org\/{rel}","templated":true}]}}