{"id":208469,"date":"2026-02-11T13:29:16","date_gmt":"2026-02-11T16:29:16","guid":{"rendered":"https:\/\/portaltela.pt\/noticias\/2026\/02\/11\/portugal-acolhe-passa-a-ter-27-unidades-hoteleiras-e-de-alojamento-local\/"},"modified":"2026-02-11T13:29:16","modified_gmt":"2026-02-11T16:29:16","slug":"portugal-acolhe-passa-a-ter-27-unidades-hoteleiras-e-de-alojamento-local","status":"publish","type":"post","link":"https:\/\/portaltela.pt\/noticias\/2026\/02\/11\/portugal-acolhe-passa-a-ter-27-unidades-hoteleiras-e-de-alojamento-local\/","title":{"rendered":"Portugal Acolhe passa a ter 27 unidades hoteleiras e de alojamento local"},"content":{"rendered":"<p>Portugal Acolhe j\u00e1 agrega 27 unidades hoteleiras e de alojamento local, sinalizando ades\u00f5es de estabelecimentos para alojamento de emerg\u00eancia destinado a fam\u00edlias afetadas pelas tempestades. A confirma\u00e7\u00e3o \u00e9 da Lusa, junto do site oficial do Turismo de Portugal.<\/p>\n<p>Bernardo Trindade, presidente da Associa\u00e7\u00e3o da Hotelaria de Portugal, afirmou que a participa\u00e7\u00e3o \u00e9 constante. O evento decorre no Porto, onde hoje come\u00e7a o 35.\u00ba Congresso Nacional da AHP.<\/p>\n<p>Na ter\u00e7a-feira, o Turismo de Portugal anunciou o programa de alojamento de emerg\u00eancia, criado para responder \u00e0s fam\u00edlias dos 68 concelhos em estado de calamidade, atingidos pela depress\u00e3o Kristin. O objetivo \u00e9 habita\u00e7\u00e3o r\u00e1pida.<\/p>\n<p>A AHP explicou ter lan\u00e7ado um inqu\u00e9rito aos associados: diagn\u00f3stico de danos, pessoas j\u00e1 acolhidas e disponibilidade de vagas. O levantamento inicial j\u00e1 est\u00e1 em curso.<\/p>\n<p>Antes do lan\u00e7amento oficial, algumas unidades j\u00e1 abriram portas expressamente para acolhimento, especialmente nas \u00e1reas mais afetadas, onde o turismo \u00e9 uma refer\u00eancia econ\u00f3mica.<\/p>\n<h3>Descri\u00e7\u00e3o do programa e elegibilidade<\/h3>\n<p>O programa beneficia quem tem resid\u00eancia principal nos concelhos abrangidos e precisa de alojamento tempor\u00e1rio comprovado por declara\u00e7\u00e3o da c\u00e2mara municipal. Tamb\u00e9m abrange trabalhadores destacados para reconstru\u00e7\u00e3o.<\/p>\n<p>A gest\u00e3o \u00e9 assegurada pelo Turismo de Portugal, que coordena o apoio financeiro \u00e0s empresas aderentes e a monitoriza\u00e7\u00e3o da implementa\u00e7\u00e3o. O prazo vigente vai at\u00e9 28 de fevereiro, com poss\u00edvel prorroga\u00e7\u00e3o.<\/p>\n<p>Entre as v\u00edtimas, quinze pessoas morreram desde 28 de janeiro. Ressalvaram-se ainda centenas de feridos e desalojados, com danos materiais significativos nas infraestruturas p\u00fablicas e privadas.<\/p>\n<p>As regi\u00f5es Centro, Lisboa e Vale do Tejo e Alentejo s\u00e3o as mais afetadas. O Governo prolongou a calamidade a 68 concelhos at\u00e9 dia 15, anunciando medidas de apoio financeiro significativas.<\/p>\n<h3>Congresso da Hotelaria e Turismo<\/h3>\n<p>O 35.\u00ba Congresso Nacional da Hotelaria e Turismo, organizado pela AHP, re\u00fane mais de 450 participantes. O evento ocorre num contexto de recupera\u00e7\u00e3o setorial e de coordena\u00e7\u00e3o entre entidades p\u00fablicas e privadas.<\/p>\n","protected":false},"excerpt":{"rendered":"<ul>\n<li>O programa &#8220;Portugal Acolhe&#8221; j\u00e1 tem 27 ades\u00f5es entre unidades hoteleiras e alojamento local, sobretudo no centro do pa\u00eds.<\/li>\n<li>O Turismo de Portugal lan\u00e7ou o programa de alojamento de emerg\u00eancia &#8220;O Turismo acolhe&#8221; para popula\u00e7\u00f5es afetadas pelas tempestades Kristin, Leonardo e Marta, abrangendo 68 concelhos em estado de calamidade.<\/li>\n<li>A Associa\u00e7\u00e3o da Hotelaria de Portugal indicou participa\u00e7\u00e3o, referindo que foi feito um inqu\u00e9rito aos associados para diagn\u00f3stico de danos, para saber quem j\u00e1 acolhe e para aferir a disponibilidade.<\/li>\n<li>Destina-se a pessoas com resid\u00eancia principal num concelho abrangido pela calamidade e cuja necessidade de alojamento tempor\u00e1rio seja comprovada, incluindo trabalhadores de entidades p\u00fablicas envolvidos na reconstru\u00e7\u00e3o.<\/li>\n<li>A gest\u00e3o \u00e9 do Turismo de Portugal, que financia e monitoriza a medida at\u00e9 28 de fevereiro, com possibilidade de prorroga\u00e7\u00e3o conforme evolu\u00e7\u00e3o da situa\u00e7\u00e3o.<\/li>\n<\/ul>\n","protected":false},"author":2,"featured_media":208479,"comment_status":"closed","ping_status":"closed","sticky":false,"template":"","format":"standard","meta":{"footnotes":""},"categories":[1],"tags":[4687,373,1917,719,1014,169],"class_list":["post-208469","post","type-post","status-publish","format-standard","has-post-thumbnail","hentry","category-noticias","tag-calamidade-publica","tag-concelhos","tag-hospedagem-local","tag-hotelaria","tag-portugal","tag-turismo"],"yoast_head":"<!-- This site is optimized with the Yoast SEO plugin v27.2 - https:\/\/yoast.com\/product\/yoast-seo-wordpress\/ -->\n<title>Portugal Acolhe passa a ter 27 unidades hoteleiras e de alojamento local - Portal Tela Portugal<\/title>\n<meta name=\"robots\" content=\"index, follow, max-snippet:-1, max-image-preview:large, max-video-preview:-1\" \/>\n<meta property=\"og:locale\" content=\"pt_PT\" \/>\n<meta property=\"og:type\" content=\"article\" \/>\n<meta property=\"og:title\" content=\"Portugal Acolhe passa a ter 27 unidades hoteleiras e de alojamento local - Portal Tela Portugal\" \/>\n<meta property=\"og:description\" content=\"O programa &quot;Portugal Acolhe&quot; j\u00e1 tem 27 ades\u00f5es entre unidades hoteleiras e alojamento local, sobretudo no centro do pa\u00eds. O Turismo de Portugal lan\u00e7ou o programa de alojamento de emerg\u00eancia &quot;O Turismo acolhe&quot; para popula\u00e7\u00f5es afetadas pelas tempestades Kristin, Leonardo e Marta, abrangendo 68 concelhos em estado de calamidade. A Associa\u00e7\u00e3o da Hotelaria de Portugal indicou participa\u00e7\u00e3o, referindo que foi feito um inqu\u00e9rito aos associados para diagn\u00f3stico de danos, para saber quem j\u00e1 acolhe e para aferir a disponibilidade. Destina-se a pessoas com resid\u00eancia principal num concelho abrangido pela calamidade e cuja necessidade de alojamento tempor\u00e1rio seja comprovada, incluindo trabalhadores de entidades p\u00fablicas envolvidos na reconstru\u00e7\u00e3o. A gest\u00e3o \u00e9 do Turismo de Portugal, que financia e monitoriza a medida at\u00e9 28 de fevereiro, com possibilidade de prorroga\u00e7\u00e3o conforme evolu\u00e7\u00e3o da situa\u00e7\u00e3o.\" \/>\n<meta property=\"og:url\" content=\"https:\/\/portaltela.pt\/noticias\/2026\/02\/11\/portugal-acolhe-passa-a-ter-27-unidades-hoteleiras-e-de-alojamento-local\/\" \/>\n<meta property=\"og:site_name\" content=\"Portal Tela Portugal\" \/>\n<meta property=\"article:published_time\" content=\"2026-02-11T16:29:16+00:00\" \/>\n<meta name=\"author\" content=\"Telinha\" \/>\n<meta name=\"twitter:card\" content=\"summary_large_image\" \/>\n<meta name=\"twitter:label1\" content=\"Escrito por\" \/>\n\t<meta name=\"twitter:data1\" content=\"Telinha\" \/>\n\t<meta name=\"twitter:label2\" content=\"Tempo estimado de leitura\" \/>\n\t<meta name=\"twitter:data2\" content=\"2 minutos\" \/>\n<script type=\"application\/ld+json\" class=\"yoast-schema-graph\">{\"@context\":\"https:\/\/schema.org\",\"@graph\":[{\"@type\":\"Article\",\"@id\":\"https:\/\/portaltela.pt\/noticias\/2026\/02\/11\/portugal-acolhe-passa-a-ter-27-unidades-hoteleiras-e-de-alojamento-local\/#article\",\"isPartOf\":{\"@id\":\"https:\/\/portaltela.pt\/noticias\/2026\/02\/11\/portugal-acolhe-passa-a-ter-27-unidades-hoteleiras-e-de-alojamento-local\/\"},\"author\":{\"name\":\"Telinha\",\"@id\":\"https:\/\/portaltela.pt\/#\/schema\/person\/c4278d4a6028830caff9ee44b42d32ed\"},\"headline\":\"Portugal Acolhe passa a ter 27 unidades hoteleiras e de alojamento local\",\"datePublished\":\"2026-02-11T16:29:16+00:00\",\"mainEntityOfPage\":{\"@id\":\"https:\/\/portaltela.pt\/noticias\/2026\/02\/11\/portugal-acolhe-passa-a-ter-27-unidades-hoteleiras-e-de-alojamento-local\/\"},\"wordCount\":345,\"image\":{\"@id\":\"https:\/\/portaltela.pt\/noticias\/2026\/02\/11\/portugal-acolhe-passa-a-ter-27-unidades-hoteleiras-e-de-alojamento-local\/#primaryimage\"},\"thumbnailUrl\":\"https:\/\/portaltela.pt\/s.01k8rhncp4jt1\/2026\/02\/img_1500x1000uu2026-02-09-15-35-06-2265901-im-639062485913172681.jpg\",\"keywords\":[\"calamidade p\u00fablica\",\"concelhos\",\"hospedagem local\",\"hotelaria\",\"Portugal\",\"turismo\"],\"articleSection\":[\"Not\u00edcias\"],\"inLanguage\":\"pt-PT\"},{\"@type\":\"WebPage\",\"@id\":\"https:\/\/portaltela.pt\/noticias\/2026\/02\/11\/portugal-acolhe-passa-a-ter-27-unidades-hoteleiras-e-de-alojamento-local\/\",\"url\":\"https:\/\/portaltela.pt\/noticias\/2026\/02\/11\/portugal-acolhe-passa-a-ter-27-unidades-hoteleiras-e-de-alojamento-local\/\",\"name\":\"Portugal Acolhe passa a ter 27 unidades hoteleiras e de alojamento local - Portal Tela Portugal\",\"isPartOf\":{\"@id\":\"https:\/\/portaltela.pt\/#website\"},\"primaryImageOfPage\":{\"@id\":\"https:\/\/portaltela.pt\/noticias\/2026\/02\/11\/portugal-acolhe-passa-a-ter-27-unidades-hoteleiras-e-de-alojamento-local\/#primaryimage\"},\"image\":{\"@id\":\"https:\/\/portaltela.pt\/noticias\/2026\/02\/11\/portugal-acolhe-passa-a-ter-27-unidades-hoteleiras-e-de-alojamento-local\/#primaryimage\"},\"thumbnailUrl\":\"https:\/\/portaltela.pt\/s.01k8rhncp4jt1\/2026\/02\/img_1500x1000uu2026-02-09-15-35-06-2265901-im-639062485913172681.jpg\",\"datePublished\":\"2026-02-11T16:29:16+00:00\",\"author\":{\"@id\":\"https:\/\/portaltela.pt\/#\/schema\/person\/c4278d4a6028830caff9ee44b42d32ed\"},\"breadcrumb\":{\"@id\":\"https:\/\/portaltela.pt\/noticias\/2026\/02\/11\/portugal-acolhe-passa-a-ter-27-unidades-hoteleiras-e-de-alojamento-local\/#breadcrumb\"},\"inLanguage\":\"pt-PT\",\"potentialAction\":[{\"@type\":\"ReadAction\",\"target\":[\"https:\/\/portaltela.pt\/noticias\/2026\/02\/11\/portugal-acolhe-passa-a-ter-27-unidades-hoteleiras-e-de-alojamento-local\/\"]}]},{\"@type\":\"ImageObject\",\"inLanguage\":\"pt-PT\",\"@id\":\"https:\/\/portaltela.pt\/noticias\/2026\/02\/11\/portugal-acolhe-passa-a-ter-27-unidades-hoteleiras-e-de-alojamento-local\/#primaryimage\",\"url\":\"https:\/\/portaltela.pt\/s.01k8rhncp4jt1\/2026\/02\/img_1500x1000uu2026-02-09-15-35-06-2265901-im-639062485913172681.jpg\",\"contentUrl\":\"https:\/\/portaltela.pt\/s.01k8rhncp4jt1\/2026\/02\/img_1500x1000uu2026-02-09-15-35-06-2265901-im-639062485913172681.jpg\",\"width\":796,\"height\":448,\"caption\":\"Imagens mostram danos causados pelo mau tempo em habita\u00e7\u00e3o no Cartaxo\"},{\"@type\":\"BreadcrumbList\",\"@id\":\"https:\/\/portaltela.pt\/noticias\/2026\/02\/11\/portugal-acolhe-passa-a-ter-27-unidades-hoteleiras-e-de-alojamento-local\/#breadcrumb\",\"itemListElement\":[{\"@type\":\"ListItem\",\"position\":1,\"name\":\"In\u00edcio\",\"item\":\"https:\/\/portaltela.pt\/\"},{\"@type\":\"ListItem\",\"position\":2,\"name\":\"Portugal Acolhe passa a ter 27 unidades hoteleiras e de alojamento local\"}]},{\"@type\":\"WebSite\",\"@id\":\"https:\/\/portaltela.pt\/#website\",\"url\":\"https:\/\/portaltela.pt\/\",\"name\":\"Portal Tela Portugal\",\"description\":\"\",\"potentialAction\":[{\"@type\":\"SearchAction\",\"target\":{\"@type\":\"EntryPoint\",\"urlTemplate\":\"https:\/\/portaltela.pt\/?s={search_term_string}\"},\"query-input\":{\"@type\":\"PropertyValueSpecification\",\"valueRequired\":true,\"valueName\":\"search_term_string\"}}],\"inLanguage\":\"pt-PT\"},{\"@type\":\"Person\",\"@id\":\"https:\/\/portaltela.pt\/#\/schema\/person\/c4278d4a6028830caff9ee44b42d32ed\",\"name\":\"Telinha\",\"image\":{\"@type\":\"ImageObject\",\"inLanguage\":\"pt-PT\",\"@id\":\"https:\/\/portaltela.pt\/s.01k8rhncp4jt1\/2025\/11\/talking-bot-125x125.png\",\"url\":\"https:\/\/portaltela.pt\/s.01k8rhncp4jt1\/2025\/11\/talking-bot-125x125.png\",\"contentUrl\":\"https:\/\/portaltela.pt\/s.01k8rhncp4jt1\/2025\/11\/talking-bot-125x125.png\",\"caption\":\"Telinha\"},\"sameAs\":[\"https:\/\/portaltela.pt\/\"],\"url\":\"https:\/\/portaltela.pt\/por\/367410592786\/\"}]}<\/script>\n<!-- \/ Yoast SEO plugin. -->","yoast_head_json":{"title":"Portugal Acolhe passa a ter 27 unidades hoteleiras e de alojamento local - Portal Tela Portugal","robots":{"index":"index","follow":"follow","max-snippet":"max-snippet:-1","max-image-preview":"max-image-preview:large","max-video-preview":"max-video-preview:-1"},"og_locale":"pt_PT","og_type":"article","og_title":"Portugal Acolhe passa a ter 27 unidades hoteleiras e de alojamento local - Portal Tela Portugal","og_description":"O programa \"Portugal Acolhe\" j\u00e1 tem 27 ades\u00f5es entre unidades hoteleiras e alojamento local, sobretudo no centro do pa\u00eds. O Turismo de Portugal lan\u00e7ou o programa de alojamento de emerg\u00eancia \"O Turismo acolhe\" para popula\u00e7\u00f5es afetadas pelas tempestades Kristin, Leonardo e Marta, abrangendo 68 concelhos em estado de calamidade. A Associa\u00e7\u00e3o da Hotelaria de Portugal indicou participa\u00e7\u00e3o, referindo que foi feito um inqu\u00e9rito aos associados para diagn\u00f3stico de danos, para saber quem j\u00e1 acolhe e para aferir a disponibilidade. Destina-se a pessoas com resid\u00eancia principal num concelho abrangido pela calamidade e cuja necessidade de alojamento tempor\u00e1rio seja comprovada, incluindo trabalhadores de entidades p\u00fablicas envolvidos na reconstru\u00e7\u00e3o. A gest\u00e3o \u00e9 do Turismo de Portugal, que financia e monitoriza a medida at\u00e9 28 de fevereiro, com possibilidade de prorroga\u00e7\u00e3o conforme evolu\u00e7\u00e3o da situa\u00e7\u00e3o.","og_url":"https:\/\/portaltela.pt\/noticias\/2026\/02\/11\/portugal-acolhe-passa-a-ter-27-unidades-hoteleiras-e-de-alojamento-local\/","og_site_name":"Portal Tela Portugal","article_published_time":"2026-02-11T16:29:16+00:00","author":"Telinha","twitter_card":"summary_large_image","twitter_misc":{"Escrito por":"Telinha","Tempo estimado de leitura":"2 minutos"},"schema":{"@context":"https:\/\/schema.org","@graph":[{"@type":"Article","@id":"https:\/\/portaltela.pt\/noticias\/2026\/02\/11\/portugal-acolhe-passa-a-ter-27-unidades-hoteleiras-e-de-alojamento-local\/#article","isPartOf":{"@id":"https:\/\/portaltela.pt\/noticias\/2026\/02\/11\/portugal-acolhe-passa-a-ter-27-unidades-hoteleiras-e-de-alojamento-local\/"},"author":{"name":"Telinha","@id":"https:\/\/portaltela.pt\/#\/schema\/person\/c4278d4a6028830caff9ee44b42d32ed"},"headline":"Portugal Acolhe passa a ter 27 unidades hoteleiras e de alojamento local","datePublished":"2026-02-11T16:29:16+00:00","mainEntityOfPage":{"@id":"https:\/\/portaltela.pt\/noticias\/2026\/02\/11\/portugal-acolhe-passa-a-ter-27-unidades-hoteleiras-e-de-alojamento-local\/"},"wordCount":345,"image":{"@id":"https:\/\/portaltela.pt\/noticias\/2026\/02\/11\/portugal-acolhe-passa-a-ter-27-unidades-hoteleiras-e-de-alojamento-local\/#primaryimage"},"thumbnailUrl":"https:\/\/portaltela.pt\/s.01k8rhncp4jt1\/2026\/02\/img_1500x1000uu2026-02-09-15-35-06-2265901-im-639062485913172681.jpg","keywords":["calamidade p\u00fablica","concelhos","hospedagem local","hotelaria","Portugal","turismo"],"articleSection":["Not\u00edcias"],"inLanguage":"pt-PT"},{"@type":"WebPage","@id":"https:\/\/portaltela.pt\/noticias\/2026\/02\/11\/portugal-acolhe-passa-a-ter-27-unidades-hoteleiras-e-de-alojamento-local\/","url":"https:\/\/portaltela.pt\/noticias\/2026\/02\/11\/portugal-acolhe-passa-a-ter-27-unidades-hoteleiras-e-de-alojamento-local\/","name":"Portugal Acolhe passa a ter 27 unidades hoteleiras e de alojamento local - Portal Tela Portugal","isPartOf":{"@id":"https:\/\/portaltela.pt\/#website"},"primaryImageOfPage":{"@id":"https:\/\/portaltela.pt\/noticias\/2026\/02\/11\/portugal-acolhe-passa-a-ter-27-unidades-hoteleiras-e-de-alojamento-local\/#primaryimage"},"image":{"@id":"https:\/\/portaltela.pt\/noticias\/2026\/02\/11\/portugal-acolhe-passa-a-ter-27-unidades-hoteleiras-e-de-alojamento-local\/#primaryimage"},"thumbnailUrl":"https:\/\/portaltela.pt\/s.01k8rhncp4jt1\/2026\/02\/img_1500x1000uu2026-02-09-15-35-06-2265901-im-639062485913172681.jpg","datePublished":"2026-02-11T16:29:16+00:00","author":{"@id":"https:\/\/portaltela.pt\/#\/schema\/person\/c4278d4a6028830caff9ee44b42d32ed"},"breadcrumb":{"@id":"https:\/\/portaltela.pt\/noticias\/2026\/02\/11\/portugal-acolhe-passa-a-ter-27-unidades-hoteleiras-e-de-alojamento-local\/#breadcrumb"},"inLanguage":"pt-PT","potentialAction":[{"@type":"ReadAction","target":["https:\/\/portaltela.pt\/noticias\/2026\/02\/11\/portugal-acolhe-passa-a-ter-27-unidades-hoteleiras-e-de-alojamento-local\/"]}]},{"@type":"ImageObject","inLanguage":"pt-PT","@id":"https:\/\/portaltela.pt\/noticias\/2026\/02\/11\/portugal-acolhe-passa-a-ter-27-unidades-hoteleiras-e-de-alojamento-local\/#primaryimage","url":"https:\/\/portaltela.pt\/s.01k8rhncp4jt1\/2026\/02\/img_1500x1000uu2026-02-09-15-35-06-2265901-im-639062485913172681.jpg","contentUrl":"https:\/\/portaltela.pt\/s.01k8rhncp4jt1\/2026\/02\/img_1500x1000uu2026-02-09-15-35-06-2265901-im-639062485913172681.jpg","width":796,"height":448,"caption":"Imagens mostram danos causados pelo mau tempo em habita\u00e7\u00e3o no Cartaxo"},{"@type":"BreadcrumbList","@id":"https:\/\/portaltela.pt\/noticias\/2026\/02\/11\/portugal-acolhe-passa-a-ter-27-unidades-hoteleiras-e-de-alojamento-local\/#breadcrumb","itemListElement":[{"@type":"ListItem","position":1,"name":"In\u00edcio","item":"https:\/\/portaltela.pt\/"},{"@type":"ListItem","position":2,"name":"Portugal Acolhe passa a ter 27 unidades hoteleiras e de alojamento local"}]},{"@type":"WebSite","@id":"https:\/\/portaltela.pt\/#website","url":"https:\/\/portaltela.pt\/","name":"Portal Tela Portugal","description":"","potentialAction":[{"@type":"SearchAction","target":{"@type":"EntryPoint","urlTemplate":"https:\/\/portaltela.pt\/?s={search_term_string}"},"query-input":{"@type":"PropertyValueSpecification","valueRequired":true,"valueName":"search_term_string"}}],"inLanguage":"pt-PT"},{"@type":"Person","@id":"https:\/\/portaltela.pt\/#\/schema\/person\/c4278d4a6028830caff9ee44b42d32ed","name":"Telinha","image":{"@type":"ImageObject","inLanguage":"pt-PT","@id":"https:\/\/portaltela.pt\/s.01k8rhncp4jt1\/2025\/11\/talking-bot-125x125.png","url":"https:\/\/portaltela.pt\/s.01k8rhncp4jt1\/2025\/11\/talking-bot-125x125.png","contentUrl":"https:\/\/portaltela.pt\/s.01k8rhncp4jt1\/2025\/11\/talking-bot-125x125.png","caption":"Telinha"},"sameAs":["https:\/\/portaltela.pt\/"],"url":"https:\/\/portaltela.pt\/por\/367410592786\/"}]}},"_links":{"self":[{"href":"https:\/\/portaltela.pt\/api\/wp\/v2\/posts\/208469","targetHints":{"allow":["GET"]}}],"collection":[{"href":"https:\/\/portaltela.pt\/api\/wp\/v2\/posts"}],"about":[{"href":"https:\/\/portaltela.pt\/api\/wp\/v2\/types\/post"}],"author":[{"embeddable":true,"href":"https:\/\/portaltela.pt\/api\/wp\/v2\/users\/2"}],"replies":[{"embeddable":true,"href":"https:\/\/portaltela.pt\/api\/wp\/v2\/comments?post=208469"}],"version-history":[{"count":0,"href":"https:\/\/portaltela.pt\/api\/wp\/v2\/posts\/208469\/revisions"}],"wp:featuredmedia":[{"embeddable":true,"href":"https:\/\/portaltela.pt\/api\/wp\/v2\/media\/208479"}],"wp:attachment":[{"href":"https:\/\/portaltela.pt\/api\/wp\/v2\/media?parent=208469"}],"wp:term":[{"taxonomy":"category","embeddable":true,"href":"https:\/\/portaltela.pt\/api\/wp\/v2\/categories?post=208469"},{"taxonomy":"post_tag","embeddable":true,"href":"https:\/\/portaltela.pt\/api\/wp\/v2\/tags?post=208469"}],"curies":[{"name":"wp","href":"https:\/\/api.w.org\/{rel}","templated":true}]}}