{"id":208417,"date":"2026-02-11T13:02:11","date_gmt":"2026-02-11T16:02:11","guid":{"rendered":"https:\/\/portaltela.pt\/noticias\/2026\/02\/11\/morador-de-casa-demolida-em-beja-despede-se-do-lar-onde-viveu-32-anos\/"},"modified":"2026-02-11T13:02:11","modified_gmt":"2026-02-11T16:02:11","slug":"morador-de-casa-demolida-em-beja-despede-se-do-lar-onde-viveu-32-anos","status":"publish","type":"post","link":"https:\/\/portaltela.pt\/noticias\/2026\/02\/11\/morador-de-casa-demolida-em-beja-despede-se-do-lar-onde-viveu-32-anos\/","title":{"rendered":"Morador de casa demolida em Beja despede-se do lar onde viveu 32 anos"},"content":{"rendered":"<p>O que aconteceu: uma casa no centro hist\u00f3rico de Beja foi demolida devido ao risco de desabamento. A demoli\u00e7\u00e3o ocorreu na semana passada, ap\u00f3s o im\u00f3vel se deteriorar e partes da estrutura terem ca\u00eddo, agravadas pelas intemp\u00e9ries.<\/p>\n<p>Quem est\u00e1 envolvido: o morador da casa, que pediu anonimato, viveu ali por 32 anos. As autoridades locais realizaram a demoli\u00e7\u00e3o, com t\u00e9cnicos e representantes do munic\u00edpio a acompanhar todo o processo.<\/p>\n<p>Quando e onde: Beja, no centro da cidade, numa zona hist\u00f3rica. A demoli\u00e7\u00e3o foi conclu\u00edda na semana passada, com a tarefa dirigida pelas autoridades na gest\u00e3o de seguran\u00e7a p\u00fablica.<\/p>\n<h3>Demoli\u00e7\u00e3o e acompanhamento<\/h3>\n<p>A demoli\u00e7\u00e3o foi justificada pela vulnerabilidade da estrutura antiga e pela necessidade de evitar trag\u00e9dias. T\u00e9cnicos e elementos municipais estiveram presentes para assegurar o cumprimento das normas de seguran\u00e7a.<\/p>\n<h3>Repercuss\u00f5es e pr\u00f3ximos passos<\/h3>\n<p>O morador expressou agradecimento pelo apoio da comunidade e das autoridades. Indica que vai procurar uma nova resid\u00eancia e espera recuperar-se emocionalmente da despedida, marcada pela mudan\u00e7a na paisagem local.<\/p>\n<h3>Contexto urbano<\/h3>\n<p>A ocorr\u00eancia evidencia o desafio de equilibrar a preserva\u00e7\u00e3o do patrim\u00f4nio com a seguran\u00e7a dos habitantes. Beja mant\u00e9m o foco no cuidado das estruturas mais velhas, enquanto enfrenta as consequ\u00eancias de demoli\u00e7\u00f5es em \u00e1reas centrais.<\/p>\n","protected":false},"excerpt":{"rendered":"<ul>\n<li>Morador de Beja despediu-se da casa demolida onde viveu 32 anos, no centro de Beja, zona hist\u00f3rica da cidade.<\/li>\n<li>A demoli\u00e7\u00e3o ocorreu na semana passada devido ao estado de deteriora\u00e7\u00e3o e ao risco de desabamento.<\/li>\n<li>Condi\u00e7\u00f5es meteorol\u00f3gicas adversas, como chuvas intensas e ventos fortes, contribu\u00edram para agravar o estado da casa.<\/li>\n<li>A demoli\u00e7\u00e3o foi realizada por autoridades locais, com acompanhamento de t\u00e9cnicos e do munic\u00edpio para assegurar a seguran\u00e7a.<\/li>\n<li>O morador planeia procurar nova resid\u00eancia e agradeceu o apoio da comunidade; a perda da casa \u00e9 lamentada pela comunidade local.<\/li>\n<\/ul>\n","protected":false},"author":2,"featured_media":208423,"comment_status":"closed","ping_status":"closed","sticky":false,"template":"","format":"standard","meta":{"footnotes":""},"categories":[1],"tags":[943,2743,3542,3621,814,250],"class_list":["post-208417","post","type-post","status-publish","format-standard","has-post-thumbnail","hentry","category-noticias","tag-beja","tag-casas","tag-demolicoes","tag-moradores","tag-patrimonio","tag-seguranca-publica"],"yoast_head":"<!-- This site is optimized with the Yoast SEO plugin v27.2 - https:\/\/yoast.com\/product\/yoast-seo-wordpress\/ -->\n<title>Morador de casa demolida em Beja despede-se do lar onde viveu 32 anos - Portal Tela Portugal<\/title>\n<meta name=\"robots\" content=\"index, follow, max-snippet:-1, max-image-preview:large, max-video-preview:-1\" \/>\n<meta property=\"og:locale\" content=\"pt_PT\" \/>\n<meta property=\"og:type\" content=\"article\" \/>\n<meta property=\"og:title\" content=\"Morador de casa demolida em Beja despede-se do lar onde viveu 32 anos - Portal Tela Portugal\" \/>\n<meta property=\"og:description\" content=\"Morador de Beja despediu-se da casa demolida onde viveu 32 anos, no centro de Beja, zona hist\u00f3rica da cidade. A demoli\u00e7\u00e3o ocorreu na semana passada devido ao estado de deteriora\u00e7\u00e3o e ao risco de desabamento. Condi\u00e7\u00f5es meteorol\u00f3gicas adversas, como chuvas intensas e ventos fortes, contribu\u00edram para agravar o estado da casa. A demoli\u00e7\u00e3o foi realizada por autoridades locais, com acompanhamento de t\u00e9cnicos e do munic\u00edpio para assegurar a seguran\u00e7a. O morador planeia procurar nova resid\u00eancia e agradeceu o apoio da comunidade; a perda da casa \u00e9 lamentada pela comunidade local.\" \/>\n<meta property=\"og:url\" content=\"https:\/\/portaltela.pt\/noticias\/2026\/02\/11\/morador-de-casa-demolida-em-beja-despede-se-do-lar-onde-viveu-32-anos\/\" \/>\n<meta property=\"og:site_name\" content=\"Portal Tela Portugal\" \/>\n<meta property=\"article:published_time\" content=\"2026-02-11T16:02:11+00:00\" \/>\n<meta name=\"author\" content=\"Telinha\" \/>\n<meta name=\"twitter:card\" content=\"summary_large_image\" \/>\n<meta name=\"twitter:label1\" content=\"Escrito por\" \/>\n\t<meta name=\"twitter:data1\" content=\"Telinha\" \/>\n\t<meta name=\"twitter:label2\" content=\"Tempo estimado de leitura\" \/>\n\t<meta name=\"twitter:data2\" content=\"1 minuto\" \/>\n<script type=\"application\/ld+json\" class=\"yoast-schema-graph\">{\"@context\":\"https:\/\/schema.org\",\"@graph\":[{\"@type\":\"Article\",\"@id\":\"https:\/\/portaltela.pt\/noticias\/2026\/02\/11\/morador-de-casa-demolida-em-beja-despede-se-do-lar-onde-viveu-32-anos\/#article\",\"isPartOf\":{\"@id\":\"https:\/\/portaltela.pt\/noticias\/2026\/02\/11\/morador-de-casa-demolida-em-beja-despede-se-do-lar-onde-viveu-32-anos\/\"},\"author\":{\"name\":\"Telinha\",\"@id\":\"https:\/\/portaltela.pt\/#\/schema\/person\/c4278d4a6028830caff9ee44b42d32ed\"},\"headline\":\"Morador de casa demolida em Beja despede-se do lar onde viveu 32 anos\",\"datePublished\":\"2026-02-11T16:02:11+00:00\",\"mainEntityOfPage\":{\"@id\":\"https:\/\/portaltela.pt\/noticias\/2026\/02\/11\/morador-de-casa-demolida-em-beja-despede-se-do-lar-onde-viveu-32-anos\/\"},\"wordCount\":243,\"image\":{\"@id\":\"https:\/\/portaltela.pt\/noticias\/2026\/02\/11\/morador-de-casa-demolida-em-beja-despede-se-do-lar-onde-viveu-32-anos\/#primaryimage\"},\"thumbnailUrl\":\"https:\/\/portaltela.pt\/s.01k8rhncp4jt1\/2026\/02\/img_1280x722uu2026-02-11-15-56-00-2266288.jpg\",\"keywords\":[\"Beja\",\"casas\",\"demoli\u00e7\u00f5es\",\"moradores\",\"patrim\u00f3nio\",\"seguran\u00e7a p\u00fablica\"],\"articleSection\":[\"Not\u00edcias\"],\"inLanguage\":\"pt-PT\"},{\"@type\":\"WebPage\",\"@id\":\"https:\/\/portaltela.pt\/noticias\/2026\/02\/11\/morador-de-casa-demolida-em-beja-despede-se-do-lar-onde-viveu-32-anos\/\",\"url\":\"https:\/\/portaltela.pt\/noticias\/2026\/02\/11\/morador-de-casa-demolida-em-beja-despede-se-do-lar-onde-viveu-32-anos\/\",\"name\":\"Morador de casa demolida em Beja despede-se do lar onde viveu 32 anos - Portal Tela Portugal\",\"isPartOf\":{\"@id\":\"https:\/\/portaltela.pt\/#website\"},\"primaryImageOfPage\":{\"@id\":\"https:\/\/portaltela.pt\/noticias\/2026\/02\/11\/morador-de-casa-demolida-em-beja-despede-se-do-lar-onde-viveu-32-anos\/#primaryimage\"},\"image\":{\"@id\":\"https:\/\/portaltela.pt\/noticias\/2026\/02\/11\/morador-de-casa-demolida-em-beja-despede-se-do-lar-onde-viveu-32-anos\/#primaryimage\"},\"thumbnailUrl\":\"https:\/\/portaltela.pt\/s.01k8rhncp4jt1\/2026\/02\/img_1280x722uu2026-02-11-15-56-00-2266288.jpg\",\"datePublished\":\"2026-02-11T16:02:11+00:00\",\"author\":{\"@id\":\"https:\/\/portaltela.pt\/#\/schema\/person\/c4278d4a6028830caff9ee44b42d32ed\"},\"breadcrumb\":{\"@id\":\"https:\/\/portaltela.pt\/noticias\/2026\/02\/11\/morador-de-casa-demolida-em-beja-despede-se-do-lar-onde-viveu-32-anos\/#breadcrumb\"},\"inLanguage\":\"pt-PT\",\"potentialAction\":[{\"@type\":\"ReadAction\",\"target\":[\"https:\/\/portaltela.pt\/noticias\/2026\/02\/11\/morador-de-casa-demolida-em-beja-despede-se-do-lar-onde-viveu-32-anos\/\"]}]},{\"@type\":\"ImageObject\",\"inLanguage\":\"pt-PT\",\"@id\":\"https:\/\/portaltela.pt\/noticias\/2026\/02\/11\/morador-de-casa-demolida-em-beja-despede-se-do-lar-onde-viveu-32-anos\/#primaryimage\",\"url\":\"https:\/\/portaltela.pt\/s.01k8rhncp4jt1\/2026\/02\/img_1280x722uu2026-02-11-15-56-00-2266288.jpg\",\"contentUrl\":\"https:\/\/portaltela.pt\/s.01k8rhncp4jt1\/2026\/02\/img_1280x722uu2026-02-11-15-56-00-2266288.jpg\",\"width\":796,\"height\":448,\"caption\":\"Casa demolida em Beja\"},{\"@type\":\"BreadcrumbList\",\"@id\":\"https:\/\/portaltela.pt\/noticias\/2026\/02\/11\/morador-de-casa-demolida-em-beja-despede-se-do-lar-onde-viveu-32-anos\/#breadcrumb\",\"itemListElement\":[{\"@type\":\"ListItem\",\"position\":1,\"name\":\"In\u00edcio\",\"item\":\"https:\/\/portaltela.pt\/\"},{\"@type\":\"ListItem\",\"position\":2,\"name\":\"Morador de casa demolida em Beja despede-se do lar onde viveu 32 anos\"}]},{\"@type\":\"WebSite\",\"@id\":\"https:\/\/portaltela.pt\/#website\",\"url\":\"https:\/\/portaltela.pt\/\",\"name\":\"Portal Tela Portugal\",\"description\":\"\",\"potentialAction\":[{\"@type\":\"SearchAction\",\"target\":{\"@type\":\"EntryPoint\",\"urlTemplate\":\"https:\/\/portaltela.pt\/?s={search_term_string}\"},\"query-input\":{\"@type\":\"PropertyValueSpecification\",\"valueRequired\":true,\"valueName\":\"search_term_string\"}}],\"inLanguage\":\"pt-PT\"},{\"@type\":\"Person\",\"@id\":\"https:\/\/portaltela.pt\/#\/schema\/person\/c4278d4a6028830caff9ee44b42d32ed\",\"name\":\"Telinha\",\"image\":{\"@type\":\"ImageObject\",\"inLanguage\":\"pt-PT\",\"@id\":\"https:\/\/portaltela.pt\/s.01k8rhncp4jt1\/2025\/11\/talking-bot-125x125.png\",\"url\":\"https:\/\/portaltela.pt\/s.01k8rhncp4jt1\/2025\/11\/talking-bot-125x125.png\",\"contentUrl\":\"https:\/\/portaltela.pt\/s.01k8rhncp4jt1\/2025\/11\/talking-bot-125x125.png\",\"caption\":\"Telinha\"},\"sameAs\":[\"https:\/\/portaltela.pt\/\"],\"url\":\"https:\/\/portaltela.pt\/por\/367410592786\/\"}]}<\/script>\n<!-- \/ Yoast SEO plugin. -->","yoast_head_json":{"title":"Morador de casa demolida em Beja despede-se do lar onde viveu 32 anos - Portal Tela Portugal","robots":{"index":"index","follow":"follow","max-snippet":"max-snippet:-1","max-image-preview":"max-image-preview:large","max-video-preview":"max-video-preview:-1"},"og_locale":"pt_PT","og_type":"article","og_title":"Morador de casa demolida em Beja despede-se do lar onde viveu 32 anos - Portal Tela Portugal","og_description":"Morador de Beja despediu-se da casa demolida onde viveu 32 anos, no centro de Beja, zona hist\u00f3rica da cidade. A demoli\u00e7\u00e3o ocorreu na semana passada devido ao estado de deteriora\u00e7\u00e3o e ao risco de desabamento. Condi\u00e7\u00f5es meteorol\u00f3gicas adversas, como chuvas intensas e ventos fortes, contribu\u00edram para agravar o estado da casa. A demoli\u00e7\u00e3o foi realizada por autoridades locais, com acompanhamento de t\u00e9cnicos e do munic\u00edpio para assegurar a seguran\u00e7a. O morador planeia procurar nova resid\u00eancia e agradeceu o apoio da comunidade; a perda da casa \u00e9 lamentada pela comunidade local.","og_url":"https:\/\/portaltela.pt\/noticias\/2026\/02\/11\/morador-de-casa-demolida-em-beja-despede-se-do-lar-onde-viveu-32-anos\/","og_site_name":"Portal Tela Portugal","article_published_time":"2026-02-11T16:02:11+00:00","author":"Telinha","twitter_card":"summary_large_image","twitter_misc":{"Escrito por":"Telinha","Tempo estimado de leitura":"1 minuto"},"schema":{"@context":"https:\/\/schema.org","@graph":[{"@type":"Article","@id":"https:\/\/portaltela.pt\/noticias\/2026\/02\/11\/morador-de-casa-demolida-em-beja-despede-se-do-lar-onde-viveu-32-anos\/#article","isPartOf":{"@id":"https:\/\/portaltela.pt\/noticias\/2026\/02\/11\/morador-de-casa-demolida-em-beja-despede-se-do-lar-onde-viveu-32-anos\/"},"author":{"name":"Telinha","@id":"https:\/\/portaltela.pt\/#\/schema\/person\/c4278d4a6028830caff9ee44b42d32ed"},"headline":"Morador de casa demolida em Beja despede-se do lar onde viveu 32 anos","datePublished":"2026-02-11T16:02:11+00:00","mainEntityOfPage":{"@id":"https:\/\/portaltela.pt\/noticias\/2026\/02\/11\/morador-de-casa-demolida-em-beja-despede-se-do-lar-onde-viveu-32-anos\/"},"wordCount":243,"image":{"@id":"https:\/\/portaltela.pt\/noticias\/2026\/02\/11\/morador-de-casa-demolida-em-beja-despede-se-do-lar-onde-viveu-32-anos\/#primaryimage"},"thumbnailUrl":"https:\/\/portaltela.pt\/s.01k8rhncp4jt1\/2026\/02\/img_1280x722uu2026-02-11-15-56-00-2266288.jpg","keywords":["Beja","casas","demoli\u00e7\u00f5es","moradores","patrim\u00f3nio","seguran\u00e7a p\u00fablica"],"articleSection":["Not\u00edcias"],"inLanguage":"pt-PT"},{"@type":"WebPage","@id":"https:\/\/portaltela.pt\/noticias\/2026\/02\/11\/morador-de-casa-demolida-em-beja-despede-se-do-lar-onde-viveu-32-anos\/","url":"https:\/\/portaltela.pt\/noticias\/2026\/02\/11\/morador-de-casa-demolida-em-beja-despede-se-do-lar-onde-viveu-32-anos\/","name":"Morador de casa demolida em Beja despede-se do lar onde viveu 32 anos - Portal Tela Portugal","isPartOf":{"@id":"https:\/\/portaltela.pt\/#website"},"primaryImageOfPage":{"@id":"https:\/\/portaltela.pt\/noticias\/2026\/02\/11\/morador-de-casa-demolida-em-beja-despede-se-do-lar-onde-viveu-32-anos\/#primaryimage"},"image":{"@id":"https:\/\/portaltela.pt\/noticias\/2026\/02\/11\/morador-de-casa-demolida-em-beja-despede-se-do-lar-onde-viveu-32-anos\/#primaryimage"},"thumbnailUrl":"https:\/\/portaltela.pt\/s.01k8rhncp4jt1\/2026\/02\/img_1280x722uu2026-02-11-15-56-00-2266288.jpg","datePublished":"2026-02-11T16:02:11+00:00","author":{"@id":"https:\/\/portaltela.pt\/#\/schema\/person\/c4278d4a6028830caff9ee44b42d32ed"},"breadcrumb":{"@id":"https:\/\/portaltela.pt\/noticias\/2026\/02\/11\/morador-de-casa-demolida-em-beja-despede-se-do-lar-onde-viveu-32-anos\/#breadcrumb"},"inLanguage":"pt-PT","potentialAction":[{"@type":"ReadAction","target":["https:\/\/portaltela.pt\/noticias\/2026\/02\/11\/morador-de-casa-demolida-em-beja-despede-se-do-lar-onde-viveu-32-anos\/"]}]},{"@type":"ImageObject","inLanguage":"pt-PT","@id":"https:\/\/portaltela.pt\/noticias\/2026\/02\/11\/morador-de-casa-demolida-em-beja-despede-se-do-lar-onde-viveu-32-anos\/#primaryimage","url":"https:\/\/portaltela.pt\/s.01k8rhncp4jt1\/2026\/02\/img_1280x722uu2026-02-11-15-56-00-2266288.jpg","contentUrl":"https:\/\/portaltela.pt\/s.01k8rhncp4jt1\/2026\/02\/img_1280x722uu2026-02-11-15-56-00-2266288.jpg","width":796,"height":448,"caption":"Casa demolida em Beja"},{"@type":"BreadcrumbList","@id":"https:\/\/portaltela.pt\/noticias\/2026\/02\/11\/morador-de-casa-demolida-em-beja-despede-se-do-lar-onde-viveu-32-anos\/#breadcrumb","itemListElement":[{"@type":"ListItem","position":1,"name":"In\u00edcio","item":"https:\/\/portaltela.pt\/"},{"@type":"ListItem","position":2,"name":"Morador de casa demolida em Beja despede-se do lar onde viveu 32 anos"}]},{"@type":"WebSite","@id":"https:\/\/portaltela.pt\/#website","url":"https:\/\/portaltela.pt\/","name":"Portal Tela Portugal","description":"","potentialAction":[{"@type":"SearchAction","target":{"@type":"EntryPoint","urlTemplate":"https:\/\/portaltela.pt\/?s={search_term_string}"},"query-input":{"@type":"PropertyValueSpecification","valueRequired":true,"valueName":"search_term_string"}}],"inLanguage":"pt-PT"},{"@type":"Person","@id":"https:\/\/portaltela.pt\/#\/schema\/person\/c4278d4a6028830caff9ee44b42d32ed","name":"Telinha","image":{"@type":"ImageObject","inLanguage":"pt-PT","@id":"https:\/\/portaltela.pt\/s.01k8rhncp4jt1\/2025\/11\/talking-bot-125x125.png","url":"https:\/\/portaltela.pt\/s.01k8rhncp4jt1\/2025\/11\/talking-bot-125x125.png","contentUrl":"https:\/\/portaltela.pt\/s.01k8rhncp4jt1\/2025\/11\/talking-bot-125x125.png","caption":"Telinha"},"sameAs":["https:\/\/portaltela.pt\/"],"url":"https:\/\/portaltela.pt\/por\/367410592786\/"}]}},"_links":{"self":[{"href":"https:\/\/portaltela.pt\/api\/wp\/v2\/posts\/208417","targetHints":{"allow":["GET"]}}],"collection":[{"href":"https:\/\/portaltela.pt\/api\/wp\/v2\/posts"}],"about":[{"href":"https:\/\/portaltela.pt\/api\/wp\/v2\/types\/post"}],"author":[{"embeddable":true,"href":"https:\/\/portaltela.pt\/api\/wp\/v2\/users\/2"}],"replies":[{"embeddable":true,"href":"https:\/\/portaltela.pt\/api\/wp\/v2\/comments?post=208417"}],"version-history":[{"count":0,"href":"https:\/\/portaltela.pt\/api\/wp\/v2\/posts\/208417\/revisions"}],"wp:featuredmedia":[{"embeddable":true,"href":"https:\/\/portaltela.pt\/api\/wp\/v2\/media\/208423"}],"wp:attachment":[{"href":"https:\/\/portaltela.pt\/api\/wp\/v2\/media?parent=208417"}],"wp:term":[{"taxonomy":"category","embeddable":true,"href":"https:\/\/portaltela.pt\/api\/wp\/v2\/categories?post=208417"},{"taxonomy":"post_tag","embeddable":true,"href":"https:\/\/portaltela.pt\/api\/wp\/v2\/tags?post=208417"}],"curies":[{"name":"wp","href":"https:\/\/api.w.org\/{rel}","templated":true}]}}