{"id":208405,"date":"2026-02-11T12:51:12","date_gmt":"2026-02-11T15:51:12","guid":{"rendered":"https:\/\/portaltela.pt\/noticias\/2026\/02\/11\/colapso-de-bacia-de-retencao-inunda-rua-em-vale-de-milhacos-seixal\/"},"modified":"2026-02-11T12:51:12","modified_gmt":"2026-02-11T15:51:12","slug":"colapso-de-bacia-de-retencao-inunda-rua-em-vale-de-milhacos-seixal","status":"publish","type":"post","link":"https:\/\/portaltela.pt\/noticias\/2026\/02\/11\/colapso-de-bacia-de-retencao-inunda-rua-em-vale-de-milhacos-seixal\/","title":{"rendered":"Colapso de bacia de reten\u00e7\u00e3o inunda rua em Vale de Milha\u00e7os, Seixal"},"content":{"rendered":"<p>Uma rua em Vale de Milha\u00e7os, no Seixal, ficou inundada esta quarta-feira ap\u00f3s o rebentamento da bacia de reten\u00e7\u00e3o de uma empresa privada, causando danos em v\u00e1rias casas. A informa\u00e7\u00e3o foi confirmada pelo presidente da C\u00e2mara Municipal.<\/p>\n<p>A mesma art\u00e9ria, a rua da F\u00e1brica da P\u00f3lvora, em Corroios, j\u00e1 tinha ficado inundada na semana passada devido ao colapso da bacia de reten\u00e7\u00e3o. Moradores da zona asseguram que nunca tinham visto situa\u00e7\u00e3o igual.<\/p>\n<p>Ap\u00f3s a inunda\u00e7\u00e3o inicial, t\u00e9cnicos estiveram no local para avaliar reparos, mas as condi\u00e7\u00f5es meteorol\u00f3gicas adversas impediram interven\u00e7\u00e3o r\u00e1pida. Est\u00e3o a ser estudadas solu\u00e7\u00f5es alternativas.<\/p>\n<h3>Medidas adotadas e impactos<\/h3>\n<p>Na quinta-feira ser\u00e1 feito um desvio de terra na zona baixa para encaminhar a \u00e1gua para o sistema pluvial. Uma fam\u00edlia foi realojada pelo munic\u00edpio; outras duas ficam em casa de familiares.<\/p>\n<p>Os restantes moradores podem permanecer nas resid\u00eancias, embora com limita\u00e7\u00f5es, como uma cozinha danificada. O caso j\u00e1 foi comunicado \u00e0 CCDR Lisboa e Vale do Tejo para avalia\u00e7\u00e3o de ressarcimentos pelo Estado.<\/p>\n<p>O concelho mant\u00e9m ativo o Plano Municipal de Emerg\u00eancia para coordenar meios e evitar riscos adicionais, face \u00e0s condi\u00e7\u00f5es atmosf\u00e9ricas atuais.<\/p>\n","protected":false},"excerpt":{"rendered":"<ul>\n<li>Inunda\u00e7\u00e3o na rua da F\u00e1brica da P\u00f3lvora, Vale de Milha\u00e7os, Seixal, ap\u00f3s rebentamento de uma bacia de reten\u00e7\u00e3o de uma empresa privada.<\/li>\n<li>A zona j\u00e1 tinha ficado inundada na semana passada, segundo o presidente da C\u00e2mara.<\/li>\n<li>Na quinta-feira ser\u00e1 feito um desvio de terra na zona baixa para canalizar a \u00e1gua para o sistema pluvial.<\/li>\n<li>Uma fam\u00edlia foi realojada pela autarquia; outras duas est\u00e3o a residir com familiares.<\/li>\n<li>A C\u00e2mara informou que os moradores devem ser ressarcidos pelo Estado, com apoio e avalia\u00e7\u00e3o da CCDR Lisboa e Vale do Tejo.<\/li>\n<\/ul>\n","protected":false},"author":2,"featured_media":208407,"comment_status":"closed","ping_status":"closed","sticky":false,"template":"","format":"standard","meta":{"footnotes":""},"categories":[1],"tags":[3356,1935,2051,320,5413,1064],"class_list":["post-208405","post","type-post","status-publish","format-standard","has-post-thumbnail","hentry","category-noticias","tag-corroios","tag-emergencias","tag-inundacao","tag-protecao-civil","tag-realojamentos","tag-seixal"],"yoast_head":"<!-- This site is optimized with the Yoast SEO plugin v27.2 - https:\/\/yoast.com\/product\/yoast-seo-wordpress\/ -->\n<title>Colapso de bacia de reten\u00e7\u00e3o inunda rua em Vale de Milha\u00e7os, Seixal - Portal Tela Portugal<\/title>\n<meta name=\"robots\" content=\"index, follow, max-snippet:-1, max-image-preview:large, max-video-preview:-1\" \/>\n<meta property=\"og:locale\" content=\"pt_PT\" \/>\n<meta property=\"og:type\" content=\"article\" \/>\n<meta property=\"og:title\" content=\"Colapso de bacia de reten\u00e7\u00e3o inunda rua em Vale de Milha\u00e7os, Seixal - Portal Tela Portugal\" \/>\n<meta property=\"og:description\" content=\"Inunda\u00e7\u00e3o na rua da F\u00e1brica da P\u00f3lvora, Vale de Milha\u00e7os, Seixal, ap\u00f3s rebentamento de uma bacia de reten\u00e7\u00e3o de uma empresa privada. A zona j\u00e1 tinha ficado inundada na semana passada, segundo o presidente da C\u00e2mara. Na quinta-feira ser\u00e1 feito um desvio de terra na zona baixa para canalizar a \u00e1gua para o sistema pluvial. Uma fam\u00edlia foi realojada pela autarquia; outras duas est\u00e3o a residir com familiares. A C\u00e2mara informou que os moradores devem ser ressarcidos pelo Estado, com apoio e avalia\u00e7\u00e3o da CCDR Lisboa e Vale do Tejo.\" \/>\n<meta property=\"og:url\" content=\"https:\/\/portaltela.pt\/noticias\/2026\/02\/11\/colapso-de-bacia-de-retencao-inunda-rua-em-vale-de-milhacos-seixal\/\" \/>\n<meta property=\"og:site_name\" content=\"Portal Tela Portugal\" \/>\n<meta property=\"article:published_time\" content=\"2026-02-11T15:51:12+00:00\" \/>\n<meta name=\"author\" content=\"Telinha\" \/>\n<meta name=\"twitter:card\" content=\"summary_large_image\" \/>\n<meta name=\"twitter:label1\" content=\"Escrito por\" \/>\n\t<meta name=\"twitter:data1\" content=\"Telinha\" \/>\n\t<meta name=\"twitter:label2\" content=\"Tempo estimado de leitura\" \/>\n\t<meta name=\"twitter:data2\" content=\"1 minuto\" \/>\n<script type=\"application\/ld+json\" class=\"yoast-schema-graph\">{\"@context\":\"https:\/\/schema.org\",\"@graph\":[{\"@type\":\"Article\",\"@id\":\"https:\/\/portaltela.pt\/noticias\/2026\/02\/11\/colapso-de-bacia-de-retencao-inunda-rua-em-vale-de-milhacos-seixal\/#article\",\"isPartOf\":{\"@id\":\"https:\/\/portaltela.pt\/noticias\/2026\/02\/11\/colapso-de-bacia-de-retencao-inunda-rua-em-vale-de-milhacos-seixal\/\"},\"author\":{\"name\":\"Telinha\",\"@id\":\"https:\/\/portaltela.pt\/#\/schema\/person\/c4278d4a6028830caff9ee44b42d32ed\"},\"headline\":\"Colapso de bacia de reten\u00e7\u00e3o inunda rua em Vale de Milha\u00e7os, Seixal\",\"datePublished\":\"2026-02-11T15:51:12+00:00\",\"mainEntityOfPage\":{\"@id\":\"https:\/\/portaltela.pt\/noticias\/2026\/02\/11\/colapso-de-bacia-de-retencao-inunda-rua-em-vale-de-milhacos-seixal\/\"},\"wordCount\":228,\"image\":{\"@id\":\"https:\/\/portaltela.pt\/noticias\/2026\/02\/11\/colapso-de-bacia-de-retencao-inunda-rua-em-vale-de-milhacos-seixal\/#primaryimage\"},\"thumbnailUrl\":\"https:\/\/portaltela.pt\/s.01k8rhncp4jt1\/2026\/02\/img_1500x1000uu2026-02-11-11-39-17-2266233.jpg\",\"keywords\":[\"Corroios\",\"emerg\u00eancias\",\"inunda\u00e7\u00e3o\",\"prote\u00e7\u00e3o civil\",\"realojamentos\",\"Seixal\"],\"articleSection\":[\"Not\u00edcias\"],\"inLanguage\":\"pt-PT\"},{\"@type\":\"WebPage\",\"@id\":\"https:\/\/portaltela.pt\/noticias\/2026\/02\/11\/colapso-de-bacia-de-retencao-inunda-rua-em-vale-de-milhacos-seixal\/\",\"url\":\"https:\/\/portaltela.pt\/noticias\/2026\/02\/11\/colapso-de-bacia-de-retencao-inunda-rua-em-vale-de-milhacos-seixal\/\",\"name\":\"Colapso de bacia de reten\u00e7\u00e3o inunda rua em Vale de Milha\u00e7os, Seixal - Portal Tela Portugal\",\"isPartOf\":{\"@id\":\"https:\/\/portaltela.pt\/#website\"},\"primaryImageOfPage\":{\"@id\":\"https:\/\/portaltela.pt\/noticias\/2026\/02\/11\/colapso-de-bacia-de-retencao-inunda-rua-em-vale-de-milhacos-seixal\/#primaryimage\"},\"image\":{\"@id\":\"https:\/\/portaltela.pt\/noticias\/2026\/02\/11\/colapso-de-bacia-de-retencao-inunda-rua-em-vale-de-milhacos-seixal\/#primaryimage\"},\"thumbnailUrl\":\"https:\/\/portaltela.pt\/s.01k8rhncp4jt1\/2026\/02\/img_1500x1000uu2026-02-11-11-39-17-2266233.jpg\",\"datePublished\":\"2026-02-11T15:51:12+00:00\",\"author\":{\"@id\":\"https:\/\/portaltela.pt\/#\/schema\/person\/c4278d4a6028830caff9ee44b42d32ed\"},\"breadcrumb\":{\"@id\":\"https:\/\/portaltela.pt\/noticias\/2026\/02\/11\/colapso-de-bacia-de-retencao-inunda-rua-em-vale-de-milhacos-seixal\/#breadcrumb\"},\"inLanguage\":\"pt-PT\",\"potentialAction\":[{\"@type\":\"ReadAction\",\"target\":[\"https:\/\/portaltela.pt\/noticias\/2026\/02\/11\/colapso-de-bacia-de-retencao-inunda-rua-em-vale-de-milhacos-seixal\/\"]}]},{\"@type\":\"ImageObject\",\"inLanguage\":\"pt-PT\",\"@id\":\"https:\/\/portaltela.pt\/noticias\/2026\/02\/11\/colapso-de-bacia-de-retencao-inunda-rua-em-vale-de-milhacos-seixal\/#primaryimage\",\"url\":\"https:\/\/portaltela.pt\/s.01k8rhncp4jt1\/2026\/02\/img_1500x1000uu2026-02-11-11-39-17-2266233.jpg\",\"contentUrl\":\"https:\/\/portaltela.pt\/s.01k8rhncp4jt1\/2026\/02\/img_1500x1000uu2026-02-11-11-39-17-2266233.jpg\",\"width\":796,\"height\":448,\"caption\":\"Mau tempo provoca inunda\u00e7\u00f5es em casas no Vale de Milha\u00e7os no Seixal\"},{\"@type\":\"BreadcrumbList\",\"@id\":\"https:\/\/portaltela.pt\/noticias\/2026\/02\/11\/colapso-de-bacia-de-retencao-inunda-rua-em-vale-de-milhacos-seixal\/#breadcrumb\",\"itemListElement\":[{\"@type\":\"ListItem\",\"position\":1,\"name\":\"In\u00edcio\",\"item\":\"https:\/\/portaltela.pt\/\"},{\"@type\":\"ListItem\",\"position\":2,\"name\":\"Colapso de bacia de reten\u00e7\u00e3o inunda rua em Vale de Milha\u00e7os, Seixal\"}]},{\"@type\":\"WebSite\",\"@id\":\"https:\/\/portaltela.pt\/#website\",\"url\":\"https:\/\/portaltela.pt\/\",\"name\":\"Portal Tela Portugal\",\"description\":\"\",\"potentialAction\":[{\"@type\":\"SearchAction\",\"target\":{\"@type\":\"EntryPoint\",\"urlTemplate\":\"https:\/\/portaltela.pt\/?s={search_term_string}\"},\"query-input\":{\"@type\":\"PropertyValueSpecification\",\"valueRequired\":true,\"valueName\":\"search_term_string\"}}],\"inLanguage\":\"pt-PT\"},{\"@type\":\"Person\",\"@id\":\"https:\/\/portaltela.pt\/#\/schema\/person\/c4278d4a6028830caff9ee44b42d32ed\",\"name\":\"Telinha\",\"image\":{\"@type\":\"ImageObject\",\"inLanguage\":\"pt-PT\",\"@id\":\"https:\/\/portaltela.pt\/s.01k8rhncp4jt1\/2025\/11\/talking-bot-125x125.png\",\"url\":\"https:\/\/portaltela.pt\/s.01k8rhncp4jt1\/2025\/11\/talking-bot-125x125.png\",\"contentUrl\":\"https:\/\/portaltela.pt\/s.01k8rhncp4jt1\/2025\/11\/talking-bot-125x125.png\",\"caption\":\"Telinha\"},\"sameAs\":[\"https:\/\/portaltela.pt\/\"],\"url\":\"https:\/\/portaltela.pt\/por\/367410592786\/\"}]}<\/script>\n<!-- \/ Yoast SEO plugin. -->","yoast_head_json":{"title":"Colapso de bacia de reten\u00e7\u00e3o inunda rua em Vale de Milha\u00e7os, Seixal - Portal Tela Portugal","robots":{"index":"index","follow":"follow","max-snippet":"max-snippet:-1","max-image-preview":"max-image-preview:large","max-video-preview":"max-video-preview:-1"},"og_locale":"pt_PT","og_type":"article","og_title":"Colapso de bacia de reten\u00e7\u00e3o inunda rua em Vale de Milha\u00e7os, Seixal - Portal Tela Portugal","og_description":"Inunda\u00e7\u00e3o na rua da F\u00e1brica da P\u00f3lvora, Vale de Milha\u00e7os, Seixal, ap\u00f3s rebentamento de uma bacia de reten\u00e7\u00e3o de uma empresa privada. A zona j\u00e1 tinha ficado inundada na semana passada, segundo o presidente da C\u00e2mara. Na quinta-feira ser\u00e1 feito um desvio de terra na zona baixa para canalizar a \u00e1gua para o sistema pluvial. Uma fam\u00edlia foi realojada pela autarquia; outras duas est\u00e3o a residir com familiares. A C\u00e2mara informou que os moradores devem ser ressarcidos pelo Estado, com apoio e avalia\u00e7\u00e3o da CCDR Lisboa e Vale do Tejo.","og_url":"https:\/\/portaltela.pt\/noticias\/2026\/02\/11\/colapso-de-bacia-de-retencao-inunda-rua-em-vale-de-milhacos-seixal\/","og_site_name":"Portal Tela Portugal","article_published_time":"2026-02-11T15:51:12+00:00","author":"Telinha","twitter_card":"summary_large_image","twitter_misc":{"Escrito por":"Telinha","Tempo estimado de leitura":"1 minuto"},"schema":{"@context":"https:\/\/schema.org","@graph":[{"@type":"Article","@id":"https:\/\/portaltela.pt\/noticias\/2026\/02\/11\/colapso-de-bacia-de-retencao-inunda-rua-em-vale-de-milhacos-seixal\/#article","isPartOf":{"@id":"https:\/\/portaltela.pt\/noticias\/2026\/02\/11\/colapso-de-bacia-de-retencao-inunda-rua-em-vale-de-milhacos-seixal\/"},"author":{"name":"Telinha","@id":"https:\/\/portaltela.pt\/#\/schema\/person\/c4278d4a6028830caff9ee44b42d32ed"},"headline":"Colapso de bacia de reten\u00e7\u00e3o inunda rua em Vale de Milha\u00e7os, Seixal","datePublished":"2026-02-11T15:51:12+00:00","mainEntityOfPage":{"@id":"https:\/\/portaltela.pt\/noticias\/2026\/02\/11\/colapso-de-bacia-de-retencao-inunda-rua-em-vale-de-milhacos-seixal\/"},"wordCount":228,"image":{"@id":"https:\/\/portaltela.pt\/noticias\/2026\/02\/11\/colapso-de-bacia-de-retencao-inunda-rua-em-vale-de-milhacos-seixal\/#primaryimage"},"thumbnailUrl":"https:\/\/portaltela.pt\/s.01k8rhncp4jt1\/2026\/02\/img_1500x1000uu2026-02-11-11-39-17-2266233.jpg","keywords":["Corroios","emerg\u00eancias","inunda\u00e7\u00e3o","prote\u00e7\u00e3o civil","realojamentos","Seixal"],"articleSection":["Not\u00edcias"],"inLanguage":"pt-PT"},{"@type":"WebPage","@id":"https:\/\/portaltela.pt\/noticias\/2026\/02\/11\/colapso-de-bacia-de-retencao-inunda-rua-em-vale-de-milhacos-seixal\/","url":"https:\/\/portaltela.pt\/noticias\/2026\/02\/11\/colapso-de-bacia-de-retencao-inunda-rua-em-vale-de-milhacos-seixal\/","name":"Colapso de bacia de reten\u00e7\u00e3o inunda rua em Vale de Milha\u00e7os, Seixal - Portal Tela Portugal","isPartOf":{"@id":"https:\/\/portaltela.pt\/#website"},"primaryImageOfPage":{"@id":"https:\/\/portaltela.pt\/noticias\/2026\/02\/11\/colapso-de-bacia-de-retencao-inunda-rua-em-vale-de-milhacos-seixal\/#primaryimage"},"image":{"@id":"https:\/\/portaltela.pt\/noticias\/2026\/02\/11\/colapso-de-bacia-de-retencao-inunda-rua-em-vale-de-milhacos-seixal\/#primaryimage"},"thumbnailUrl":"https:\/\/portaltela.pt\/s.01k8rhncp4jt1\/2026\/02\/img_1500x1000uu2026-02-11-11-39-17-2266233.jpg","datePublished":"2026-02-11T15:51:12+00:00","author":{"@id":"https:\/\/portaltela.pt\/#\/schema\/person\/c4278d4a6028830caff9ee44b42d32ed"},"breadcrumb":{"@id":"https:\/\/portaltela.pt\/noticias\/2026\/02\/11\/colapso-de-bacia-de-retencao-inunda-rua-em-vale-de-milhacos-seixal\/#breadcrumb"},"inLanguage":"pt-PT","potentialAction":[{"@type":"ReadAction","target":["https:\/\/portaltela.pt\/noticias\/2026\/02\/11\/colapso-de-bacia-de-retencao-inunda-rua-em-vale-de-milhacos-seixal\/"]}]},{"@type":"ImageObject","inLanguage":"pt-PT","@id":"https:\/\/portaltela.pt\/noticias\/2026\/02\/11\/colapso-de-bacia-de-retencao-inunda-rua-em-vale-de-milhacos-seixal\/#primaryimage","url":"https:\/\/portaltela.pt\/s.01k8rhncp4jt1\/2026\/02\/img_1500x1000uu2026-02-11-11-39-17-2266233.jpg","contentUrl":"https:\/\/portaltela.pt\/s.01k8rhncp4jt1\/2026\/02\/img_1500x1000uu2026-02-11-11-39-17-2266233.jpg","width":796,"height":448,"caption":"Mau tempo provoca inunda\u00e7\u00f5es em casas no Vale de Milha\u00e7os no Seixal"},{"@type":"BreadcrumbList","@id":"https:\/\/portaltela.pt\/noticias\/2026\/02\/11\/colapso-de-bacia-de-retencao-inunda-rua-em-vale-de-milhacos-seixal\/#breadcrumb","itemListElement":[{"@type":"ListItem","position":1,"name":"In\u00edcio","item":"https:\/\/portaltela.pt\/"},{"@type":"ListItem","position":2,"name":"Colapso de bacia de reten\u00e7\u00e3o inunda rua em Vale de Milha\u00e7os, Seixal"}]},{"@type":"WebSite","@id":"https:\/\/portaltela.pt\/#website","url":"https:\/\/portaltela.pt\/","name":"Portal Tela Portugal","description":"","potentialAction":[{"@type":"SearchAction","target":{"@type":"EntryPoint","urlTemplate":"https:\/\/portaltela.pt\/?s={search_term_string}"},"query-input":{"@type":"PropertyValueSpecification","valueRequired":true,"valueName":"search_term_string"}}],"inLanguage":"pt-PT"},{"@type":"Person","@id":"https:\/\/portaltela.pt\/#\/schema\/person\/c4278d4a6028830caff9ee44b42d32ed","name":"Telinha","image":{"@type":"ImageObject","inLanguage":"pt-PT","@id":"https:\/\/portaltela.pt\/s.01k8rhncp4jt1\/2025\/11\/talking-bot-125x125.png","url":"https:\/\/portaltela.pt\/s.01k8rhncp4jt1\/2025\/11\/talking-bot-125x125.png","contentUrl":"https:\/\/portaltela.pt\/s.01k8rhncp4jt1\/2025\/11\/talking-bot-125x125.png","caption":"Telinha"},"sameAs":["https:\/\/portaltela.pt\/"],"url":"https:\/\/portaltela.pt\/por\/367410592786\/"}]}},"_links":{"self":[{"href":"https:\/\/portaltela.pt\/api\/wp\/v2\/posts\/208405","targetHints":{"allow":["GET"]}}],"collection":[{"href":"https:\/\/portaltela.pt\/api\/wp\/v2\/posts"}],"about":[{"href":"https:\/\/portaltela.pt\/api\/wp\/v2\/types\/post"}],"author":[{"embeddable":true,"href":"https:\/\/portaltela.pt\/api\/wp\/v2\/users\/2"}],"replies":[{"embeddable":true,"href":"https:\/\/portaltela.pt\/api\/wp\/v2\/comments?post=208405"}],"version-history":[{"count":0,"href":"https:\/\/portaltela.pt\/api\/wp\/v2\/posts\/208405\/revisions"}],"wp:featuredmedia":[{"embeddable":true,"href":"https:\/\/portaltela.pt\/api\/wp\/v2\/media\/208407"}],"wp:attachment":[{"href":"https:\/\/portaltela.pt\/api\/wp\/v2\/media?parent=208405"}],"wp:term":[{"taxonomy":"category","embeddable":true,"href":"https:\/\/portaltela.pt\/api\/wp\/v2\/categories?post=208405"},{"taxonomy":"post_tag","embeddable":true,"href":"https:\/\/portaltela.pt\/api\/wp\/v2\/tags?post=208405"}],"curies":[{"name":"wp","href":"https:\/\/api.w.org\/{rel}","templated":true}]}}