{"id":208396,"date":"2026-02-11T12:52:59","date_gmt":"2026-02-11T15:52:59","guid":{"rendered":"https:\/\/portaltela.pt\/noticias\/2026\/02\/11\/navio-de-260-metros-rompe-amarras-e-fica-a-deriva-no-tejo-3\/"},"modified":"2026-02-11T12:52:59","modified_gmt":"2026-02-11T15:52:59","slug":"navio-de-260-metros-rompe-amarras-e-fica-a-deriva-no-tejo-3","status":"publish","type":"post","link":"https:\/\/portaltela.pt\/noticias\/2026\/02\/11\/navio-de-260-metros-rompe-amarras-e-fica-a-deriva-no-tejo-3\/","title":{"rendered":"Navio de 260 metros rompe amarras e fica \u00e0 deriva no Tejo"},"content":{"rendered":"<p>Um navio de cerca de 260 metros rompeu as amarras e ficou \u00e0 deriva no Tejo, num incidente que mobilizou as autoridades. A situa\u00e7\u00e3o gerou preocupa\u00e7\u00e3o entre gestores portu\u00e1rios e autoridades locais.<\/p>\n<p>Segundo a autoridade mar\u00edtima, o incidente foi rapidamente contido e resolvido, sem registar feridos ou danos graves. Ainda n\u00e3o foram divulgadas informa\u00e7\u00f5es sobre as causas ou o destino do navio.<\/p>\n<p>O epis\u00f3dio ocorreu no Tejo, numa \u00e1rea sob supervis\u00e3o portu\u00e1ria, com equipas a trabalhar para estabilizar a embarca\u00e7\u00e3o e assegurar a navega\u00e7\u00e3o na regi\u00e3o. N\u00e3o houve obrigatoriedade de evacua\u00e7\u00f5es nem de cortes de via.<\/p>\n<h3>Situa\u00e7\u00e3o resolvida pela autoridade mar\u00edtima<\/h3>\n<p>Entidades envolvidas confirmaram que as opera\u00e7\u00f5es de amarra\u00e7\u00e3o e retirada de risco foram conclu\u00eddas com sucesso. As investiga\u00e7\u00f5es iniciais v\u00e3o permitir apurar as circunst\u00e2ncias que levaram \u00e0s primeiras rupturas das amarras.<\/p>\n","protected":false},"excerpt":{"rendered":"<ul>\n<li>Um navio rompeu amarras a 260 metros e ficou \u00e0 deriva no Tejo.<\/li>\n<li>A situa\u00e7\u00e3o foi identificada rapidamente e resolvida pela Autoridade Mar\u00edtima.<\/li>\n<li>N\u00e3o s\u00e3o avan\u00e7adas causas espec\u00edficas para o incidente nem relatos de danos.<\/li>\n<li>N\u00e3o h\u00e1 informa\u00e7\u00f5es adicionais sobre impactos para portos ou navega\u00e7\u00e3o na regi\u00e3o.<\/li>\n<li>A ocorr\u00eancia foi comunicada pela autoridade competente e encerrada rapidamente.<\/li>\n<\/ul>\n","protected":false},"author":2,"featured_media":208398,"comment_status":"closed","ping_status":"closed","sticky":false,"template":"","format":"standard","meta":{"footnotes":""},"categories":[1],"tags":[4524,4419,1287,4556,5013,2408],"class_list":["post-208396","post","type-post","status-publish","format-standard","has-post-thumbnail","hentry","category-noticias","tag-acidente-maritimo","tag-embarcacoes","tag-equipas","tag-navios","tag-portos","tag-tejo"],"yoast_head":"<!-- This site is optimized with the Yoast SEO plugin v27.2 - https:\/\/yoast.com\/product\/yoast-seo-wordpress\/ -->\n<title>Navio de 260 metros rompe amarras e fica \u00e0 deriva no Tejo - Portal Tela Portugal<\/title>\n<meta name=\"robots\" content=\"index, follow, max-snippet:-1, max-image-preview:large, max-video-preview:-1\" \/>\n<meta property=\"og:locale\" content=\"pt_PT\" \/>\n<meta property=\"og:type\" content=\"article\" \/>\n<meta property=\"og:title\" content=\"Navio de 260 metros rompe amarras e fica \u00e0 deriva no Tejo - Portal Tela Portugal\" \/>\n<meta property=\"og:description\" content=\"Um navio rompeu amarras a 260 metros e ficou \u00e0 deriva no Tejo. A situa\u00e7\u00e3o foi identificada rapidamente e resolvida pela Autoridade Mar\u00edtima. N\u00e3o s\u00e3o avan\u00e7adas causas espec\u00edficas para o incidente nem relatos de danos. N\u00e3o h\u00e1 informa\u00e7\u00f5es adicionais sobre impactos para portos ou navega\u00e7\u00e3o na regi\u00e3o. A ocorr\u00eancia foi comunicada pela autoridade competente e encerrada rapidamente.\" \/>\n<meta property=\"og:url\" content=\"https:\/\/portaltela.pt\/noticias\/2026\/02\/11\/navio-de-260-metros-rompe-amarras-e-fica-a-deriva-no-tejo-3\/\" \/>\n<meta property=\"og:site_name\" content=\"Portal Tela Portugal\" \/>\n<meta property=\"article:published_time\" content=\"2026-02-11T15:52:59+00:00\" \/>\n<meta name=\"author\" content=\"Telinha\" \/>\n<meta name=\"twitter:card\" content=\"summary_large_image\" \/>\n<meta name=\"twitter:label1\" content=\"Escrito por\" \/>\n\t<meta name=\"twitter:data1\" content=\"Telinha\" \/>\n\t<meta name=\"twitter:label2\" content=\"Tempo estimado de leitura\" \/>\n\t<meta name=\"twitter:data2\" content=\"1 minuto\" \/>\n<script type=\"application\/ld+json\" class=\"yoast-schema-graph\">{\"@context\":\"https:\/\/schema.org\",\"@graph\":[{\"@type\":\"Article\",\"@id\":\"https:\/\/portaltela.pt\/noticias\/2026\/02\/11\/navio-de-260-metros-rompe-amarras-e-fica-a-deriva-no-tejo-3\/#article\",\"isPartOf\":{\"@id\":\"https:\/\/portaltela.pt\/noticias\/2026\/02\/11\/navio-de-260-metros-rompe-amarras-e-fica-a-deriva-no-tejo-3\/\"},\"author\":{\"name\":\"Telinha\",\"@id\":\"https:\/\/portaltela.pt\/#\/schema\/person\/c4278d4a6028830caff9ee44b42d32ed\"},\"headline\":\"Navio de 260 metros rompe amarras e fica \u00e0 deriva no Tejo\",\"datePublished\":\"2026-02-11T15:52:59+00:00\",\"mainEntityOfPage\":{\"@id\":\"https:\/\/portaltela.pt\/noticias\/2026\/02\/11\/navio-de-260-metros-rompe-amarras-e-fica-a-deriva-no-tejo-3\/\"},\"wordCount\":162,\"image\":{\"@id\":\"https:\/\/portaltela.pt\/noticias\/2026\/02\/11\/navio-de-260-metros-rompe-amarras-e-fica-a-deriva-no-tejo-3\/#primaryimage\"},\"thumbnailUrl\":\"https:\/\/portaltela.pt\/s.01k8rhncp4jt1\/2026\/02\/img_1200x721uu2026-02-11-15-50-46-2420968.jpg\",\"keywords\":[\"acidente mar\u00edtimo\",\"embarca\u00e7\u00f5es\",\"equipas\",\"navios\",\"Portos\",\"Tejo\"],\"articleSection\":[\"Not\u00edcias\"],\"inLanguage\":\"pt-PT\"},{\"@type\":\"WebPage\",\"@id\":\"https:\/\/portaltela.pt\/noticias\/2026\/02\/11\/navio-de-260-metros-rompe-amarras-e-fica-a-deriva-no-tejo-3\/\",\"url\":\"https:\/\/portaltela.pt\/noticias\/2026\/02\/11\/navio-de-260-metros-rompe-amarras-e-fica-a-deriva-no-tejo-3\/\",\"name\":\"Navio de 260 metros rompe amarras e fica \u00e0 deriva no Tejo - Portal Tela Portugal\",\"isPartOf\":{\"@id\":\"https:\/\/portaltela.pt\/#website\"},\"primaryImageOfPage\":{\"@id\":\"https:\/\/portaltela.pt\/noticias\/2026\/02\/11\/navio-de-260-metros-rompe-amarras-e-fica-a-deriva-no-tejo-3\/#primaryimage\"},\"image\":{\"@id\":\"https:\/\/portaltela.pt\/noticias\/2026\/02\/11\/navio-de-260-metros-rompe-amarras-e-fica-a-deriva-no-tejo-3\/#primaryimage\"},\"thumbnailUrl\":\"https:\/\/portaltela.pt\/s.01k8rhncp4jt1\/2026\/02\/img_1200x721uu2026-02-11-15-50-46-2420968.jpg\",\"datePublished\":\"2026-02-11T15:52:59+00:00\",\"author\":{\"@id\":\"https:\/\/portaltela.pt\/#\/schema\/person\/c4278d4a6028830caff9ee44b42d32ed\"},\"breadcrumb\":{\"@id\":\"https:\/\/portaltela.pt\/noticias\/2026\/02\/11\/navio-de-260-metros-rompe-amarras-e-fica-a-deriva-no-tejo-3\/#breadcrumb\"},\"inLanguage\":\"pt-PT\",\"potentialAction\":[{\"@type\":\"ReadAction\",\"target\":[\"https:\/\/portaltela.pt\/noticias\/2026\/02\/11\/navio-de-260-metros-rompe-amarras-e-fica-a-deriva-no-tejo-3\/\"]}]},{\"@type\":\"ImageObject\",\"inLanguage\":\"pt-PT\",\"@id\":\"https:\/\/portaltela.pt\/noticias\/2026\/02\/11\/navio-de-260-metros-rompe-amarras-e-fica-a-deriva-no-tejo-3\/#primaryimage\",\"url\":\"https:\/\/portaltela.pt\/s.01k8rhncp4jt1\/2026\/02\/img_1200x721uu2026-02-11-15-50-46-2420968.jpg\",\"contentUrl\":\"https:\/\/portaltela.pt\/s.01k8rhncp4jt1\/2026\/02\/img_1200x721uu2026-02-11-15-50-46-2420968.jpg\",\"width\":796,\"height\":448,\"caption\":\"Autoridade Mar\u00edtima afirma que a situa\u00e7\u00e3o foi rapidamente resolvida\"},{\"@type\":\"BreadcrumbList\",\"@id\":\"https:\/\/portaltela.pt\/noticias\/2026\/02\/11\/navio-de-260-metros-rompe-amarras-e-fica-a-deriva-no-tejo-3\/#breadcrumb\",\"itemListElement\":[{\"@type\":\"ListItem\",\"position\":1,\"name\":\"In\u00edcio\",\"item\":\"https:\/\/portaltela.pt\/\"},{\"@type\":\"ListItem\",\"position\":2,\"name\":\"Navio de 260 metros rompe amarras e fica \u00e0 deriva no Tejo\"}]},{\"@type\":\"WebSite\",\"@id\":\"https:\/\/portaltela.pt\/#website\",\"url\":\"https:\/\/portaltela.pt\/\",\"name\":\"Portal Tela Portugal\",\"description\":\"\",\"potentialAction\":[{\"@type\":\"SearchAction\",\"target\":{\"@type\":\"EntryPoint\",\"urlTemplate\":\"https:\/\/portaltela.pt\/?s={search_term_string}\"},\"query-input\":{\"@type\":\"PropertyValueSpecification\",\"valueRequired\":true,\"valueName\":\"search_term_string\"}}],\"inLanguage\":\"pt-PT\"},{\"@type\":\"Person\",\"@id\":\"https:\/\/portaltela.pt\/#\/schema\/person\/c4278d4a6028830caff9ee44b42d32ed\",\"name\":\"Telinha\",\"image\":{\"@type\":\"ImageObject\",\"inLanguage\":\"pt-PT\",\"@id\":\"https:\/\/portaltela.pt\/s.01k8rhncp4jt1\/2025\/11\/talking-bot-125x125.png\",\"url\":\"https:\/\/portaltela.pt\/s.01k8rhncp4jt1\/2025\/11\/talking-bot-125x125.png\",\"contentUrl\":\"https:\/\/portaltela.pt\/s.01k8rhncp4jt1\/2025\/11\/talking-bot-125x125.png\",\"caption\":\"Telinha\"},\"sameAs\":[\"https:\/\/portaltela.pt\/\"],\"url\":\"https:\/\/portaltela.pt\/por\/367410592786\/\"}]}<\/script>\n<!-- \/ Yoast SEO plugin. -->","yoast_head_json":{"title":"Navio de 260 metros rompe amarras e fica \u00e0 deriva no Tejo - Portal Tela Portugal","robots":{"index":"index","follow":"follow","max-snippet":"max-snippet:-1","max-image-preview":"max-image-preview:large","max-video-preview":"max-video-preview:-1"},"og_locale":"pt_PT","og_type":"article","og_title":"Navio de 260 metros rompe amarras e fica \u00e0 deriva no Tejo - Portal Tela Portugal","og_description":"Um navio rompeu amarras a 260 metros e ficou \u00e0 deriva no Tejo. A situa\u00e7\u00e3o foi identificada rapidamente e resolvida pela Autoridade Mar\u00edtima. N\u00e3o s\u00e3o avan\u00e7adas causas espec\u00edficas para o incidente nem relatos de danos. N\u00e3o h\u00e1 informa\u00e7\u00f5es adicionais sobre impactos para portos ou navega\u00e7\u00e3o na regi\u00e3o. A ocorr\u00eancia foi comunicada pela autoridade competente e encerrada rapidamente.","og_url":"https:\/\/portaltela.pt\/noticias\/2026\/02\/11\/navio-de-260-metros-rompe-amarras-e-fica-a-deriva-no-tejo-3\/","og_site_name":"Portal Tela Portugal","article_published_time":"2026-02-11T15:52:59+00:00","author":"Telinha","twitter_card":"summary_large_image","twitter_misc":{"Escrito por":"Telinha","Tempo estimado de leitura":"1 minuto"},"schema":{"@context":"https:\/\/schema.org","@graph":[{"@type":"Article","@id":"https:\/\/portaltela.pt\/noticias\/2026\/02\/11\/navio-de-260-metros-rompe-amarras-e-fica-a-deriva-no-tejo-3\/#article","isPartOf":{"@id":"https:\/\/portaltela.pt\/noticias\/2026\/02\/11\/navio-de-260-metros-rompe-amarras-e-fica-a-deriva-no-tejo-3\/"},"author":{"name":"Telinha","@id":"https:\/\/portaltela.pt\/#\/schema\/person\/c4278d4a6028830caff9ee44b42d32ed"},"headline":"Navio de 260 metros rompe amarras e fica \u00e0 deriva no Tejo","datePublished":"2026-02-11T15:52:59+00:00","mainEntityOfPage":{"@id":"https:\/\/portaltela.pt\/noticias\/2026\/02\/11\/navio-de-260-metros-rompe-amarras-e-fica-a-deriva-no-tejo-3\/"},"wordCount":162,"image":{"@id":"https:\/\/portaltela.pt\/noticias\/2026\/02\/11\/navio-de-260-metros-rompe-amarras-e-fica-a-deriva-no-tejo-3\/#primaryimage"},"thumbnailUrl":"https:\/\/portaltela.pt\/s.01k8rhncp4jt1\/2026\/02\/img_1200x721uu2026-02-11-15-50-46-2420968.jpg","keywords":["acidente mar\u00edtimo","embarca\u00e7\u00f5es","equipas","navios","Portos","Tejo"],"articleSection":["Not\u00edcias"],"inLanguage":"pt-PT"},{"@type":"WebPage","@id":"https:\/\/portaltela.pt\/noticias\/2026\/02\/11\/navio-de-260-metros-rompe-amarras-e-fica-a-deriva-no-tejo-3\/","url":"https:\/\/portaltela.pt\/noticias\/2026\/02\/11\/navio-de-260-metros-rompe-amarras-e-fica-a-deriva-no-tejo-3\/","name":"Navio de 260 metros rompe amarras e fica \u00e0 deriva no Tejo - Portal Tela Portugal","isPartOf":{"@id":"https:\/\/portaltela.pt\/#website"},"primaryImageOfPage":{"@id":"https:\/\/portaltela.pt\/noticias\/2026\/02\/11\/navio-de-260-metros-rompe-amarras-e-fica-a-deriva-no-tejo-3\/#primaryimage"},"image":{"@id":"https:\/\/portaltela.pt\/noticias\/2026\/02\/11\/navio-de-260-metros-rompe-amarras-e-fica-a-deriva-no-tejo-3\/#primaryimage"},"thumbnailUrl":"https:\/\/portaltela.pt\/s.01k8rhncp4jt1\/2026\/02\/img_1200x721uu2026-02-11-15-50-46-2420968.jpg","datePublished":"2026-02-11T15:52:59+00:00","author":{"@id":"https:\/\/portaltela.pt\/#\/schema\/person\/c4278d4a6028830caff9ee44b42d32ed"},"breadcrumb":{"@id":"https:\/\/portaltela.pt\/noticias\/2026\/02\/11\/navio-de-260-metros-rompe-amarras-e-fica-a-deriva-no-tejo-3\/#breadcrumb"},"inLanguage":"pt-PT","potentialAction":[{"@type":"ReadAction","target":["https:\/\/portaltela.pt\/noticias\/2026\/02\/11\/navio-de-260-metros-rompe-amarras-e-fica-a-deriva-no-tejo-3\/"]}]},{"@type":"ImageObject","inLanguage":"pt-PT","@id":"https:\/\/portaltela.pt\/noticias\/2026\/02\/11\/navio-de-260-metros-rompe-amarras-e-fica-a-deriva-no-tejo-3\/#primaryimage","url":"https:\/\/portaltela.pt\/s.01k8rhncp4jt1\/2026\/02\/img_1200x721uu2026-02-11-15-50-46-2420968.jpg","contentUrl":"https:\/\/portaltela.pt\/s.01k8rhncp4jt1\/2026\/02\/img_1200x721uu2026-02-11-15-50-46-2420968.jpg","width":796,"height":448,"caption":"Autoridade Mar\u00edtima afirma que a situa\u00e7\u00e3o foi rapidamente resolvida"},{"@type":"BreadcrumbList","@id":"https:\/\/portaltela.pt\/noticias\/2026\/02\/11\/navio-de-260-metros-rompe-amarras-e-fica-a-deriva-no-tejo-3\/#breadcrumb","itemListElement":[{"@type":"ListItem","position":1,"name":"In\u00edcio","item":"https:\/\/portaltela.pt\/"},{"@type":"ListItem","position":2,"name":"Navio de 260 metros rompe amarras e fica \u00e0 deriva no Tejo"}]},{"@type":"WebSite","@id":"https:\/\/portaltela.pt\/#website","url":"https:\/\/portaltela.pt\/","name":"Portal Tela Portugal","description":"","potentialAction":[{"@type":"SearchAction","target":{"@type":"EntryPoint","urlTemplate":"https:\/\/portaltela.pt\/?s={search_term_string}"},"query-input":{"@type":"PropertyValueSpecification","valueRequired":true,"valueName":"search_term_string"}}],"inLanguage":"pt-PT"},{"@type":"Person","@id":"https:\/\/portaltela.pt\/#\/schema\/person\/c4278d4a6028830caff9ee44b42d32ed","name":"Telinha","image":{"@type":"ImageObject","inLanguage":"pt-PT","@id":"https:\/\/portaltela.pt\/s.01k8rhncp4jt1\/2025\/11\/talking-bot-125x125.png","url":"https:\/\/portaltela.pt\/s.01k8rhncp4jt1\/2025\/11\/talking-bot-125x125.png","contentUrl":"https:\/\/portaltela.pt\/s.01k8rhncp4jt1\/2025\/11\/talking-bot-125x125.png","caption":"Telinha"},"sameAs":["https:\/\/portaltela.pt\/"],"url":"https:\/\/portaltela.pt\/por\/367410592786\/"}]}},"_links":{"self":[{"href":"https:\/\/portaltela.pt\/api\/wp\/v2\/posts\/208396","targetHints":{"allow":["GET"]}}],"collection":[{"href":"https:\/\/portaltela.pt\/api\/wp\/v2\/posts"}],"about":[{"href":"https:\/\/portaltela.pt\/api\/wp\/v2\/types\/post"}],"author":[{"embeddable":true,"href":"https:\/\/portaltela.pt\/api\/wp\/v2\/users\/2"}],"replies":[{"embeddable":true,"href":"https:\/\/portaltela.pt\/api\/wp\/v2\/comments?post=208396"}],"version-history":[{"count":0,"href":"https:\/\/portaltela.pt\/api\/wp\/v2\/posts\/208396\/revisions"}],"wp:featuredmedia":[{"embeddable":true,"href":"https:\/\/portaltela.pt\/api\/wp\/v2\/media\/208398"}],"wp:attachment":[{"href":"https:\/\/portaltela.pt\/api\/wp\/v2\/media?parent=208396"}],"wp:term":[{"taxonomy":"category","embeddable":true,"href":"https:\/\/portaltela.pt\/api\/wp\/v2\/categories?post=208396"},{"taxonomy":"post_tag","embeddable":true,"href":"https:\/\/portaltela.pt\/api\/wp\/v2\/tags?post=208396"}],"curies":[{"name":"wp","href":"https:\/\/api.w.org\/{rel}","templated":true}]}}