{"id":208357,"date":"2026-02-11T12:23:02","date_gmt":"2026-02-11T15:23:02","guid":{"rendered":"https:\/\/portaltela.pt\/noticias\/2026\/02\/11\/tejo-mantem-alerta-vermelho-por-subida-de-caudais-devido-a-chuva\/"},"modified":"2026-02-11T12:23:02","modified_gmt":"2026-02-11T15:23:02","slug":"tejo-mantem-alerta-vermelho-por-subida-de-caudais-devido-a-chuva","status":"publish","type":"post","link":"https:\/\/portaltela.pt\/noticias\/2026\/02\/11\/tejo-mantem-alerta-vermelho-por-subida-de-caudais-devido-a-chuva\/","title":{"rendered":"Tejo mant\u00e9m alerta vermelho por subida de caudais devido a chuva"},"content":{"rendered":"<p>O Tejo manteve, durante a noite, o alerta vermelho devido \u00e0 subida de caudais provocada pela chuva constante, que tamb\u00e9m gerou aluimentos de terra em v\u00e1rias \u00e1reas. A Prote\u00e7\u00e3o Civil do M\u00e9dio Tejo atualizou a situa\u00e7\u00e3o \u00e0s 13:55, mantendo a vigil\u00e2ncia de pessoas e bens.<\/p>\n<p>O caudal em Almourol ainda n\u00e3o atingiu o limiar de alarme de 5.000 m3\/s, estando no momento em torno de 4.700 m3\/s. As descargas de barragens espanholas podem influenciar o valor ao longo da tarde, dizem as autoridades, com a gest\u00e3o a cargo da APA e da EDP Produ\u00e7\u00e3o.<\/p>\n<p>A esta\u00e7\u00e3o de Almourol registou \u00e0s 13:00 de hoje um caudal de 4.836,61 m3\/s, aumentando cerca de 1.500 m3\/s desde ter\u00e7a-feira. Os principais afluentes apresentavam valores elevados, com Castelo de Bode em 1.018 m3\/s e Fratel em 2.862 m3\/s.<\/p>\n<p>A chuva persiste e pode manter-se at\u00e9 ao fim de semana, o que prolonga a press\u00e3o sobre o Tejo e as infraestruturas. Pessoas desalojadas por causa da cheia permanecem seguras, com avalia\u00e7\u00f5es de manuten\u00e7\u00e3o previstas para o s\u00e1bado.<\/p>\n<h3>Situa\u00e7\u00e3o no terreno e impactos<\/h3>\n<p>V\u00e1rias estradas nacionais e municipais est\u00e3o cortadas ou submersas devido aos aluimentos. Solos saturados provocam deslizamentos que afetam quase todos os concelhos do M\u00e9dio Tejo, com tarefas de limpeza a decorrer pelas autarquias.<\/p>\n<p>Al\u00e9m do territ\u00f3rio, a tempestade Kristin continua a afetar Our\u00e9m, Ferreira do Z\u00eazere e Tomar, com cortes de energia e comunica\u00e7\u00f5es. Em Ma\u00e7\u00e3o, Abrantes, Const\u00e2ncia e Vila Nova da Barquinha chegaram inunda\u00e7\u00f5es urbanas.<\/p>\n<p>As autoridades refor\u00e7am que o Plano de Cheias permanece em alerta vermelho. O Governo j\u00e1 estendeu medidas de apoio a 68 concelhos at\u00e9 ao dia 15, num pacote de at\u00e9 2,5 mil milh\u00f5es de euros.<\/p>\n","protected":false},"excerpt":{"rendered":"<ul>\n<li>O Tejo manteve alerta vermelho e vigil\u00e2ncia de pessoas e bens devido \u00e0 subida de caudais provocada pela chuva, com a esta\u00e7\u00e3o de Almourol a registar 4.836,61 m\u00b3\/s \u00e0s 13:00.<\/li>\n<li>O caudal em Almourol tinha aumentado cerca de 1.500 m\u00b3\/s face a ter\u00e7a-feira; prev\u00ea-se chegar aos 5.000 m\u00b3\/s durante a tarde, influenciado pelas descargas das albufeiras espanholas.<\/li>\n<li>A gest\u00e3o dos caudais est\u00e1 a cargo da Ag\u00eancia Portuguesa do Ambiente (APA) e da EDP Produ\u00e7\u00e3o; v\u00e1rias estradas nacionais e municipais est\u00e3o cortadas ou submersas por aluimentos.<\/li>\n<li>Houve evacua\u00e7\u00f5es de pessoas, com reasentamento em locais seguros; a persist\u00eancia da chuva pode manter os caudais elevados durante o fim de semana, com avalia\u00e7\u00e3o prevista para s\u00e1bado.<\/li>\n<li>O temporal tem causado mortes, desalojos e danos generalizados em diversas regi\u00f5es; o Governo prolongou o estado de calamidade a 68 concelhos at\u00e9 dia 15, com ajudas at\u00e9 2,5 mil milh\u00f5es de euros.<\/li>\n<\/ul>\n","protected":false},"author":2,"featured_media":208361,"comment_status":"closed","ping_status":"closed","sticky":false,"template":"","format":"standard","meta":{"footnotes":""},"categories":[1],"tags":[1263,3812,5210,2293,2357,2408],"class_list":["post-208357","post","type-post","status-publish","format-standard","has-post-thumbnail","hentry","category-noticias","tag-abrantes","tag-alagamentos","tag-alerta-vermelho","tag-inundacoes","tag-ourem","tag-tejo"],"yoast_head":"<!-- This site is optimized with the Yoast SEO plugin v27.2 - https:\/\/yoast.com\/product\/yoast-seo-wordpress\/ -->\n<title>Tejo mant\u00e9m alerta vermelho por subida de caudais devido a chuva - Portal Tela Portugal<\/title>\n<meta name=\"robots\" content=\"index, follow, max-snippet:-1, max-image-preview:large, max-video-preview:-1\" \/>\n<meta property=\"og:locale\" content=\"pt_PT\" \/>\n<meta property=\"og:type\" content=\"article\" \/>\n<meta property=\"og:title\" content=\"Tejo mant\u00e9m alerta vermelho por subida de caudais devido a chuva - Portal Tela Portugal\" \/>\n<meta property=\"og:description\" content=\"O Tejo manteve alerta vermelho e vigil\u00e2ncia de pessoas e bens devido \u00e0 subida de caudais provocada pela chuva, com a esta\u00e7\u00e3o de Almourol a registar 4.836,61 m\u00b3\/s \u00e0s 13:00. O caudal em Almourol tinha aumentado cerca de 1.500 m\u00b3\/s face a ter\u00e7a-feira; prev\u00ea-se chegar aos 5.000 m\u00b3\/s durante a tarde, influenciado pelas descargas das albufeiras espanholas. A gest\u00e3o dos caudais est\u00e1 a cargo da Ag\u00eancia Portuguesa do Ambiente (APA) e da EDP Produ\u00e7\u00e3o; v\u00e1rias estradas nacionais e municipais est\u00e3o cortadas ou submersas por aluimentos. Houve evacua\u00e7\u00f5es de pessoas, com reasentamento em locais seguros; a persist\u00eancia da chuva pode manter os caudais elevados durante o fim de semana, com avalia\u00e7\u00e3o prevista para s\u00e1bado. O temporal tem causado mortes, desalojos e danos generalizados em diversas regi\u00f5es; o Governo prolongou o estado de calamidade a 68 concelhos at\u00e9 dia 15, com ajudas at\u00e9 2,5 mil milh\u00f5es de euros.\" \/>\n<meta property=\"og:url\" content=\"https:\/\/portaltela.pt\/noticias\/2026\/02\/11\/tejo-mantem-alerta-vermelho-por-subida-de-caudais-devido-a-chuva\/\" \/>\n<meta property=\"og:site_name\" content=\"Portal Tela Portugal\" \/>\n<meta property=\"article:published_time\" content=\"2026-02-11T15:23:02+00:00\" \/>\n<meta name=\"author\" content=\"Telinha\" \/>\n<meta name=\"twitter:card\" content=\"summary_large_image\" \/>\n<meta name=\"twitter:label1\" content=\"Escrito por\" \/>\n\t<meta name=\"twitter:data1\" content=\"Telinha\" \/>\n\t<meta name=\"twitter:label2\" content=\"Tempo estimado de leitura\" \/>\n\t<meta name=\"twitter:data2\" content=\"2 minutos\" \/>\n<script type=\"application\/ld+json\" class=\"yoast-schema-graph\">{\"@context\":\"https:\/\/schema.org\",\"@graph\":[{\"@type\":\"Article\",\"@id\":\"https:\/\/portaltela.pt\/noticias\/2026\/02\/11\/tejo-mantem-alerta-vermelho-por-subida-de-caudais-devido-a-chuva\/#article\",\"isPartOf\":{\"@id\":\"https:\/\/portaltela.pt\/noticias\/2026\/02\/11\/tejo-mantem-alerta-vermelho-por-subida-de-caudais-devido-a-chuva\/\"},\"author\":{\"name\":\"Telinha\",\"@id\":\"https:\/\/portaltela.pt\/#\/schema\/person\/c4278d4a6028830caff9ee44b42d32ed\"},\"headline\":\"Tejo mant\u00e9m alerta vermelho por subida de caudais devido a chuva\",\"datePublished\":\"2026-02-11T15:23:02+00:00\",\"mainEntityOfPage\":{\"@id\":\"https:\/\/portaltela.pt\/noticias\/2026\/02\/11\/tejo-mantem-alerta-vermelho-por-subida-de-caudais-devido-a-chuva\/\"},\"wordCount\":312,\"image\":{\"@id\":\"https:\/\/portaltela.pt\/noticias\/2026\/02\/11\/tejo-mantem-alerta-vermelho-por-subida-de-caudais-devido-a-chuva\/#primaryimage\"},\"thumbnailUrl\":\"https:\/\/portaltela.pt\/s.01k8rhncp4jt1\/2026\/02\/img_1500x1000uu2026-02-05-22-24-52-2265143-1.jpg\",\"keywords\":[\"Abrantes\",\"alagamentos\",\"alerta vermelho\",\"inunda\u00e7\u00f5es\",\"Our\u00e9m\",\"Tejo\"],\"articleSection\":[\"Not\u00edcias\"],\"inLanguage\":\"pt-PT\"},{\"@type\":\"WebPage\",\"@id\":\"https:\/\/portaltela.pt\/noticias\/2026\/02\/11\/tejo-mantem-alerta-vermelho-por-subida-de-caudais-devido-a-chuva\/\",\"url\":\"https:\/\/portaltela.pt\/noticias\/2026\/02\/11\/tejo-mantem-alerta-vermelho-por-subida-de-caudais-devido-a-chuva\/\",\"name\":\"Tejo mant\u00e9m alerta vermelho por subida de caudais devido a chuva - Portal Tela Portugal\",\"isPartOf\":{\"@id\":\"https:\/\/portaltela.pt\/#website\"},\"primaryImageOfPage\":{\"@id\":\"https:\/\/portaltela.pt\/noticias\/2026\/02\/11\/tejo-mantem-alerta-vermelho-por-subida-de-caudais-devido-a-chuva\/#primaryimage\"},\"image\":{\"@id\":\"https:\/\/portaltela.pt\/noticias\/2026\/02\/11\/tejo-mantem-alerta-vermelho-por-subida-de-caudais-devido-a-chuva\/#primaryimage\"},\"thumbnailUrl\":\"https:\/\/portaltela.pt\/s.01k8rhncp4jt1\/2026\/02\/img_1500x1000uu2026-02-05-22-24-52-2265143-1.jpg\",\"datePublished\":\"2026-02-11T15:23:02+00:00\",\"author\":{\"@id\":\"https:\/\/portaltela.pt\/#\/schema\/person\/c4278d4a6028830caff9ee44b42d32ed\"},\"breadcrumb\":{\"@id\":\"https:\/\/portaltela.pt\/noticias\/2026\/02\/11\/tejo-mantem-alerta-vermelho-por-subida-de-caudais-devido-a-chuva\/#breadcrumb\"},\"inLanguage\":\"pt-PT\",\"potentialAction\":[{\"@type\":\"ReadAction\",\"target\":[\"https:\/\/portaltela.pt\/noticias\/2026\/02\/11\/tejo-mantem-alerta-vermelho-por-subida-de-caudais-devido-a-chuva\/\"]}]},{\"@type\":\"ImageObject\",\"inLanguage\":\"pt-PT\",\"@id\":\"https:\/\/portaltela.pt\/noticias\/2026\/02\/11\/tejo-mantem-alerta-vermelho-por-subida-de-caudais-devido-a-chuva\/#primaryimage\",\"url\":\"https:\/\/portaltela.pt\/s.01k8rhncp4jt1\/2026\/02\/img_1500x1000uu2026-02-05-22-24-52-2265143-1.jpg\",\"contentUrl\":\"https:\/\/portaltela.pt\/s.01k8rhncp4jt1\/2026\/02\/img_1500x1000uu2026-02-05-22-24-52-2265143-1.jpg\",\"width\":796,\"height\":448,\"caption\":\"Cheias na Lez\u00edria do Tejo\"},{\"@type\":\"BreadcrumbList\",\"@id\":\"https:\/\/portaltela.pt\/noticias\/2026\/02\/11\/tejo-mantem-alerta-vermelho-por-subida-de-caudais-devido-a-chuva\/#breadcrumb\",\"itemListElement\":[{\"@type\":\"ListItem\",\"position\":1,\"name\":\"In\u00edcio\",\"item\":\"https:\/\/portaltela.pt\/\"},{\"@type\":\"ListItem\",\"position\":2,\"name\":\"Tejo mant\u00e9m alerta vermelho por subida de caudais devido a chuva\"}]},{\"@type\":\"WebSite\",\"@id\":\"https:\/\/portaltela.pt\/#website\",\"url\":\"https:\/\/portaltela.pt\/\",\"name\":\"Portal Tela Portugal\",\"description\":\"\",\"potentialAction\":[{\"@type\":\"SearchAction\",\"target\":{\"@type\":\"EntryPoint\",\"urlTemplate\":\"https:\/\/portaltela.pt\/?s={search_term_string}\"},\"query-input\":{\"@type\":\"PropertyValueSpecification\",\"valueRequired\":true,\"valueName\":\"search_term_string\"}}],\"inLanguage\":\"pt-PT\"},{\"@type\":\"Person\",\"@id\":\"https:\/\/portaltela.pt\/#\/schema\/person\/c4278d4a6028830caff9ee44b42d32ed\",\"name\":\"Telinha\",\"image\":{\"@type\":\"ImageObject\",\"inLanguage\":\"pt-PT\",\"@id\":\"https:\/\/portaltela.pt\/s.01k8rhncp4jt1\/2025\/11\/talking-bot-125x125.png\",\"url\":\"https:\/\/portaltela.pt\/s.01k8rhncp4jt1\/2025\/11\/talking-bot-125x125.png\",\"contentUrl\":\"https:\/\/portaltela.pt\/s.01k8rhncp4jt1\/2025\/11\/talking-bot-125x125.png\",\"caption\":\"Telinha\"},\"sameAs\":[\"https:\/\/portaltela.pt\/\"],\"url\":\"https:\/\/portaltela.pt\/por\/367410592786\/\"}]}<\/script>\n<!-- \/ Yoast SEO plugin. -->","yoast_head_json":{"title":"Tejo mant\u00e9m alerta vermelho por subida de caudais devido a chuva - Portal Tela Portugal","robots":{"index":"index","follow":"follow","max-snippet":"max-snippet:-1","max-image-preview":"max-image-preview:large","max-video-preview":"max-video-preview:-1"},"og_locale":"pt_PT","og_type":"article","og_title":"Tejo mant\u00e9m alerta vermelho por subida de caudais devido a chuva - Portal Tela Portugal","og_description":"O Tejo manteve alerta vermelho e vigil\u00e2ncia de pessoas e bens devido \u00e0 subida de caudais provocada pela chuva, com a esta\u00e7\u00e3o de Almourol a registar 4.836,61 m\u00b3\/s \u00e0s 13:00. O caudal em Almourol tinha aumentado cerca de 1.500 m\u00b3\/s face a ter\u00e7a-feira; prev\u00ea-se chegar aos 5.000 m\u00b3\/s durante a tarde, influenciado pelas descargas das albufeiras espanholas. A gest\u00e3o dos caudais est\u00e1 a cargo da Ag\u00eancia Portuguesa do Ambiente (APA) e da EDP Produ\u00e7\u00e3o; v\u00e1rias estradas nacionais e municipais est\u00e3o cortadas ou submersas por aluimentos. Houve evacua\u00e7\u00f5es de pessoas, com reasentamento em locais seguros; a persist\u00eancia da chuva pode manter os caudais elevados durante o fim de semana, com avalia\u00e7\u00e3o prevista para s\u00e1bado. O temporal tem causado mortes, desalojos e danos generalizados em diversas regi\u00f5es; o Governo prolongou o estado de calamidade a 68 concelhos at\u00e9 dia 15, com ajudas at\u00e9 2,5 mil milh\u00f5es de euros.","og_url":"https:\/\/portaltela.pt\/noticias\/2026\/02\/11\/tejo-mantem-alerta-vermelho-por-subida-de-caudais-devido-a-chuva\/","og_site_name":"Portal Tela Portugal","article_published_time":"2026-02-11T15:23:02+00:00","author":"Telinha","twitter_card":"summary_large_image","twitter_misc":{"Escrito por":"Telinha","Tempo estimado de leitura":"2 minutos"},"schema":{"@context":"https:\/\/schema.org","@graph":[{"@type":"Article","@id":"https:\/\/portaltela.pt\/noticias\/2026\/02\/11\/tejo-mantem-alerta-vermelho-por-subida-de-caudais-devido-a-chuva\/#article","isPartOf":{"@id":"https:\/\/portaltela.pt\/noticias\/2026\/02\/11\/tejo-mantem-alerta-vermelho-por-subida-de-caudais-devido-a-chuva\/"},"author":{"name":"Telinha","@id":"https:\/\/portaltela.pt\/#\/schema\/person\/c4278d4a6028830caff9ee44b42d32ed"},"headline":"Tejo mant\u00e9m alerta vermelho por subida de caudais devido a chuva","datePublished":"2026-02-11T15:23:02+00:00","mainEntityOfPage":{"@id":"https:\/\/portaltela.pt\/noticias\/2026\/02\/11\/tejo-mantem-alerta-vermelho-por-subida-de-caudais-devido-a-chuva\/"},"wordCount":312,"image":{"@id":"https:\/\/portaltela.pt\/noticias\/2026\/02\/11\/tejo-mantem-alerta-vermelho-por-subida-de-caudais-devido-a-chuva\/#primaryimage"},"thumbnailUrl":"https:\/\/portaltela.pt\/s.01k8rhncp4jt1\/2026\/02\/img_1500x1000uu2026-02-05-22-24-52-2265143-1.jpg","keywords":["Abrantes","alagamentos","alerta vermelho","inunda\u00e7\u00f5es","Our\u00e9m","Tejo"],"articleSection":["Not\u00edcias"],"inLanguage":"pt-PT"},{"@type":"WebPage","@id":"https:\/\/portaltela.pt\/noticias\/2026\/02\/11\/tejo-mantem-alerta-vermelho-por-subida-de-caudais-devido-a-chuva\/","url":"https:\/\/portaltela.pt\/noticias\/2026\/02\/11\/tejo-mantem-alerta-vermelho-por-subida-de-caudais-devido-a-chuva\/","name":"Tejo mant\u00e9m alerta vermelho por subida de caudais devido a chuva - Portal Tela Portugal","isPartOf":{"@id":"https:\/\/portaltela.pt\/#website"},"primaryImageOfPage":{"@id":"https:\/\/portaltela.pt\/noticias\/2026\/02\/11\/tejo-mantem-alerta-vermelho-por-subida-de-caudais-devido-a-chuva\/#primaryimage"},"image":{"@id":"https:\/\/portaltela.pt\/noticias\/2026\/02\/11\/tejo-mantem-alerta-vermelho-por-subida-de-caudais-devido-a-chuva\/#primaryimage"},"thumbnailUrl":"https:\/\/portaltela.pt\/s.01k8rhncp4jt1\/2026\/02\/img_1500x1000uu2026-02-05-22-24-52-2265143-1.jpg","datePublished":"2026-02-11T15:23:02+00:00","author":{"@id":"https:\/\/portaltela.pt\/#\/schema\/person\/c4278d4a6028830caff9ee44b42d32ed"},"breadcrumb":{"@id":"https:\/\/portaltela.pt\/noticias\/2026\/02\/11\/tejo-mantem-alerta-vermelho-por-subida-de-caudais-devido-a-chuva\/#breadcrumb"},"inLanguage":"pt-PT","potentialAction":[{"@type":"ReadAction","target":["https:\/\/portaltela.pt\/noticias\/2026\/02\/11\/tejo-mantem-alerta-vermelho-por-subida-de-caudais-devido-a-chuva\/"]}]},{"@type":"ImageObject","inLanguage":"pt-PT","@id":"https:\/\/portaltela.pt\/noticias\/2026\/02\/11\/tejo-mantem-alerta-vermelho-por-subida-de-caudais-devido-a-chuva\/#primaryimage","url":"https:\/\/portaltela.pt\/s.01k8rhncp4jt1\/2026\/02\/img_1500x1000uu2026-02-05-22-24-52-2265143-1.jpg","contentUrl":"https:\/\/portaltela.pt\/s.01k8rhncp4jt1\/2026\/02\/img_1500x1000uu2026-02-05-22-24-52-2265143-1.jpg","width":796,"height":448,"caption":"Cheias na Lez\u00edria do Tejo"},{"@type":"BreadcrumbList","@id":"https:\/\/portaltela.pt\/noticias\/2026\/02\/11\/tejo-mantem-alerta-vermelho-por-subida-de-caudais-devido-a-chuva\/#breadcrumb","itemListElement":[{"@type":"ListItem","position":1,"name":"In\u00edcio","item":"https:\/\/portaltela.pt\/"},{"@type":"ListItem","position":2,"name":"Tejo mant\u00e9m alerta vermelho por subida de caudais devido a chuva"}]},{"@type":"WebSite","@id":"https:\/\/portaltela.pt\/#website","url":"https:\/\/portaltela.pt\/","name":"Portal Tela Portugal","description":"","potentialAction":[{"@type":"SearchAction","target":{"@type":"EntryPoint","urlTemplate":"https:\/\/portaltela.pt\/?s={search_term_string}"},"query-input":{"@type":"PropertyValueSpecification","valueRequired":true,"valueName":"search_term_string"}}],"inLanguage":"pt-PT"},{"@type":"Person","@id":"https:\/\/portaltela.pt\/#\/schema\/person\/c4278d4a6028830caff9ee44b42d32ed","name":"Telinha","image":{"@type":"ImageObject","inLanguage":"pt-PT","@id":"https:\/\/portaltela.pt\/s.01k8rhncp4jt1\/2025\/11\/talking-bot-125x125.png","url":"https:\/\/portaltela.pt\/s.01k8rhncp4jt1\/2025\/11\/talking-bot-125x125.png","contentUrl":"https:\/\/portaltela.pt\/s.01k8rhncp4jt1\/2025\/11\/talking-bot-125x125.png","caption":"Telinha"},"sameAs":["https:\/\/portaltela.pt\/"],"url":"https:\/\/portaltela.pt\/por\/367410592786\/"}]}},"_links":{"self":[{"href":"https:\/\/portaltela.pt\/api\/wp\/v2\/posts\/208357","targetHints":{"allow":["GET"]}}],"collection":[{"href":"https:\/\/portaltela.pt\/api\/wp\/v2\/posts"}],"about":[{"href":"https:\/\/portaltela.pt\/api\/wp\/v2\/types\/post"}],"author":[{"embeddable":true,"href":"https:\/\/portaltela.pt\/api\/wp\/v2\/users\/2"}],"replies":[{"embeddable":true,"href":"https:\/\/portaltela.pt\/api\/wp\/v2\/comments?post=208357"}],"version-history":[{"count":0,"href":"https:\/\/portaltela.pt\/api\/wp\/v2\/posts\/208357\/revisions"}],"wp:featuredmedia":[{"embeddable":true,"href":"https:\/\/portaltela.pt\/api\/wp\/v2\/media\/208361"}],"wp:attachment":[{"href":"https:\/\/portaltela.pt\/api\/wp\/v2\/media?parent=208357"}],"wp:term":[{"taxonomy":"category","embeddable":true,"href":"https:\/\/portaltela.pt\/api\/wp\/v2\/categories?post=208357"},{"taxonomy":"post_tag","embeddable":true,"href":"https:\/\/portaltela.pt\/api\/wp\/v2\/tags?post=208357"}],"curies":[{"name":"wp","href":"https:\/\/api.w.org\/{rel}","templated":true}]}}