{"id":208325,"date":"2026-02-11T12:00:00","date_gmt":"2026-02-11T15:00:00","guid":{"rendered":"https:\/\/portaltela.pt\/noticias\/2026\/02\/11\/o-futuro-que-nos-devora-impactos-sociais-e-politicos\/"},"modified":"2026-02-11T12:00:00","modified_gmt":"2026-02-11T15:00:00","slug":"o-futuro-que-nos-devora-impactos-sociais-e-politicos","status":"publish","type":"post","link":"https:\/\/portaltela.pt\/noticias\/2026\/02\/11\/o-futuro-que-nos-devora-impactos-sociais-e-politicos\/","title":{"rendered":"O futuro que nos devora: impactos sociais e pol\u00edticos"},"content":{"rendered":"<p>O texto \u201cA vida como ela \u00e9\u201d, cr\u00f3nica quinzenal assinada por Margarida Rebelo Pinto, analisa o filme Metr\u00f3polis de Fritz Lang, apresentado h\u00e1 100 anos como vis\u00e3o dist\u00f3pica de 2026. A autora l\u00ea a obra como uma profecia sobre o nosso tempo.<\/p>\n<p>Segundo o artigo, o cinema comunica por imagens e, apesar de ser mudo, a obra mant\u00e9m uma leitura atual: o mundo atual enfrenta desigualdades crescentes, precariedade laboral e uma tecnologia que domina informa\u00e7\u00e3o e comportamento humano.<\/p>\n<p>Ainda neste enquadramento, o texto cita dados de refer\u00eancia: um estudo da Oxfam divulgado no F\u00f3rum Econ\u00f3mico de 2023 aponta que dois ter\u00e7os da riqueza mundial est\u00e1 nas m\u00e3os de menos de 1% da popula\u00e7\u00e3o. A automa\u00e7\u00e3o e a IA j\u00e1 alteram a realidade laboral, com estimativas da McKinsey para 2030 a preverem at\u00e9 800 milh\u00f5es de trabalhadores substitu\u00eddos por rob\u00f4s.<\/p>\n<h3>Contexto hist\u00f3rico e paralelos com o presente<\/h3>\n<p>A an\u00e1lise compara arranha-c\u00e9us dominantes, uma elite de luxo e trabalhadores invis\u00edveis a viver em condi\u00e7\u00f5es extremas, sob a gest\u00e3o de um l\u00edder manipulador, semelhante a uma cita\u00e7\u00e3o de dom\u00ednio tecnol\u00f3gico sobre a vida humana.<\/p>\n<p>O texto alerta para o papel da desinforma\u00e7\u00e3o, com a propaga\u00e7\u00e3o de not\u00edcias falsas e o uso de algoritmos que moldam percep\u00e7\u00f5es di\u00e1rias, num ambiente em que a \u00e9tica n\u00e3o acompanha a velocidade dos acontecimentos. Transforma a linguagem em instrumento de nega\u00e7\u00e3o da verdade.<\/p>\n<p>Lang \u00e9 referido pela autora como tendo, no passado, renegado a ideia central de media\u00e7\u00e3o entre classes atrav\u00e9s do cora\u00e7\u00e3o, descrevendo-a como improv\u00e1vel. Ainda assim, o filme \u00e9 valorizado pela est\u00e9tica arrojada e pelas met\u00e1foras sobre a condi\u00e7\u00e3o humana.<\/p>\n<h3>Disponibilidade da obra e reflexos finais<\/h3>\n<p>A vers\u00e3o integral de Metr\u00f3polis pode ser encontrada no YouTube, ap\u00f3s uma c\u00f3pia quase completa ter sido localizada na Argentina em 2008. A narrativa \u00e9 apresentada como um murro no est\u00f4mago, atual e demolidor, mesmo quando o criador a desvalorizou.<\/p>\n<p>O artigo mant\u00e9m o foco em argumentos objetivos, sem favorecer qualquer posi\u00e7\u00e3o pol\u00edtica, e evita conclus\u00f5es ou opini\u00f5es pessoais sobre o tema. A leitura \u00e9 apresentada como convite ao repensar da rela\u00e7\u00e3o entre tecnologia, poder e trabalho.<\/p>\n","protected":false},"excerpt":{"rendered":"<ul>\n<li>O texto relembra o filme Metr\u00f3polis, de Fritz Lang (1927), que retrata um futuro dist\u00f3pico com desigualdades, uma elite de luxo e trabalhadores explorados.<\/li>\n<li>Faz a liga\u00e7\u00e3o entre a obra e a realidade atual: cidades dominadas por arranha-c\u00e9us, tecnologia a moldar a informa\u00e7\u00e3o e uma sociedade em que a dist\u00e2ncia entre classes se acentua.<\/li>\n<li>Dados citados incluem o estudo da Oxfam, apresentado no F\u00f3rum Econ\u00f3mico de 2023, mostrando que dois ter\u00e7os da riqueza mundial est\u00e3o nas m\u00e3os de menos de 1% da popula\u00e7\u00e3o.<\/li>\n<li>Prev\u00ea-se que a automa\u00e7\u00e3o e a intelig\u00eancia artificial alterem o mercado de trabalho, com at\u00e9 800 milh\u00f5es de trabalhadores substitu\u00eddos por rob\u00f4s at\u00e9 2030, segundo o relat\u00f3rio da McKinsey de 2023; h\u00e1 tamb\u00e9m preocupa\u00e7\u00e3o com deep fakes e algoritmos que condicionam a vis\u00e3o da realidade.<\/li>\n<li>A mensagem do filme, de media\u00e7\u00e3o entre classe trabalhadora e dominante atrav\u00e9s do \u201ccora\u00e7\u00e3o\u201d, \u00e9 discutida como ideia moral e social, ainda que Lang tenha posteriormente desprezado a obra como conto de fadas; a vers\u00e3o completa est\u00e1 dispon\u00edvel no YouTube ap\u00f3s uma c\u00f3pia encontrada na Argentina em 2008.<\/li>\n<\/ul>\n","protected":false},"author":2,"featured_media":208332,"comment_status":"closed","ping_status":"closed","sticky":false,"template":"","format":"standard","meta":{"footnotes":""},"categories":[1],"tags":[112,5437,1469,51,654,153],"class_list":["post-208325","post","type-post","status-publish","format-standard","has-post-thumbnail","hentry","category-noticias","tag-cinema","tag-desigualdades-sociais","tag-desinformacao","tag-inteligencia-artificial","tag-poder","tag-tecnologia"],"yoast_head":"<!-- This site is optimized with the Yoast SEO plugin v27.2 - https:\/\/yoast.com\/product\/yoast-seo-wordpress\/ -->\n<title>O futuro que nos devora: impactos sociais e pol\u00edticos - Portal Tela Portugal<\/title>\n<meta name=\"robots\" content=\"index, follow, max-snippet:-1, max-image-preview:large, max-video-preview:-1\" \/>\n<meta property=\"og:locale\" content=\"pt_PT\" \/>\n<meta property=\"og:type\" content=\"article\" \/>\n<meta property=\"og:title\" content=\"O futuro que nos devora: impactos sociais e pol\u00edticos - Portal Tela Portugal\" \/>\n<meta property=\"og:description\" content=\"O texto relembra o filme Metr\u00f3polis, de Fritz Lang (1927), que retrata um futuro dist\u00f3pico com desigualdades, uma elite de luxo e trabalhadores explorados. Faz a liga\u00e7\u00e3o entre a obra e a realidade atual: cidades dominadas por arranha-c\u00e9us, tecnologia a moldar a informa\u00e7\u00e3o e uma sociedade em que a dist\u00e2ncia entre classes se acentua. Dados citados incluem o estudo da Oxfam, apresentado no F\u00f3rum Econ\u00f3mico de 2023, mostrando que dois ter\u00e7os da riqueza mundial est\u00e3o nas m\u00e3os de menos de 1% da popula\u00e7\u00e3o. Prev\u00ea-se que a automa\u00e7\u00e3o e a intelig\u00eancia artificial alterem o mercado de trabalho, com at\u00e9 800 milh\u00f5es de trabalhadores substitu\u00eddos por rob\u00f4s at\u00e9 2030, segundo o relat\u00f3rio da McKinsey de 2023; h\u00e1 tamb\u00e9m preocupa\u00e7\u00e3o com deep fakes e algoritmos que condicionam a vis\u00e3o da realidade. A mensagem do filme, de media\u00e7\u00e3o entre classe trabalhadora e dominante atrav\u00e9s do \u201ccora\u00e7\u00e3o\u201d, \u00e9 discutida como ideia moral e social, ainda que Lang tenha posteriormente desprezado a obra como conto de fadas; a vers\u00e3o completa est\u00e1 dispon\u00edvel no YouTube ap\u00f3s uma c\u00f3pia encontrada na Argentina em 2008.\" \/>\n<meta property=\"og:url\" content=\"https:\/\/portaltela.pt\/noticias\/2026\/02\/11\/o-futuro-que-nos-devora-impactos-sociais-e-politicos\/\" \/>\n<meta property=\"og:site_name\" content=\"Portal Tela Portugal\" \/>\n<meta property=\"article:published_time\" content=\"2026-02-11T15:00:00+00:00\" \/>\n<meta name=\"author\" content=\"Telinha\" \/>\n<meta name=\"twitter:card\" content=\"summary_large_image\" \/>\n<meta name=\"twitter:label1\" content=\"Escrito por\" \/>\n\t<meta name=\"twitter:data1\" content=\"Telinha\" \/>\n\t<meta name=\"twitter:label2\" content=\"Tempo estimado de leitura\" \/>\n\t<meta name=\"twitter:data2\" content=\"2 minutos\" \/>\n<script type=\"application\/ld+json\" class=\"yoast-schema-graph\">{\"@context\":\"https:\/\/schema.org\",\"@graph\":[{\"@type\":\"Article\",\"@id\":\"https:\/\/portaltela.pt\/noticias\/2026\/02\/11\/o-futuro-que-nos-devora-impactos-sociais-e-politicos\/#article\",\"isPartOf\":{\"@id\":\"https:\/\/portaltela.pt\/noticias\/2026\/02\/11\/o-futuro-que-nos-devora-impactos-sociais-e-politicos\/\"},\"author\":{\"name\":\"Telinha\",\"@id\":\"https:\/\/portaltela.pt\/#\/schema\/person\/c4278d4a6028830caff9ee44b42d32ed\"},\"headline\":\"O futuro que nos devora: impactos sociais e pol\u00edticos\",\"datePublished\":\"2026-02-11T15:00:00+00:00\",\"mainEntityOfPage\":{\"@id\":\"https:\/\/portaltela.pt\/noticias\/2026\/02\/11\/o-futuro-que-nos-devora-impactos-sociais-e-politicos\/\"},\"wordCount\":396,\"image\":{\"@id\":\"https:\/\/portaltela.pt\/noticias\/2026\/02\/11\/o-futuro-que-nos-devora-impactos-sociais-e-politicos\/#primaryimage\"},\"thumbnailUrl\":\"https:\/\/portaltela.pt\/s.01k8rhncp4jt1\/2026\/02\/96fd2701-475f-4580-9c54-817238b7ea4e_1200x675.jpg\",\"keywords\":[\"cinema\",\"desigualdades sociais\",\"desinforma\u00e7\u00e3o\",\"intelig\u00eancia artificial\",\"poder\",\"tecnologia\"],\"articleSection\":[\"Not\u00edcias\"],\"inLanguage\":\"pt-PT\"},{\"@type\":\"WebPage\",\"@id\":\"https:\/\/portaltela.pt\/noticias\/2026\/02\/11\/o-futuro-que-nos-devora-impactos-sociais-e-politicos\/\",\"url\":\"https:\/\/portaltela.pt\/noticias\/2026\/02\/11\/o-futuro-que-nos-devora-impactos-sociais-e-politicos\/\",\"name\":\"O futuro que nos devora: impactos sociais e pol\u00edticos - Portal Tela Portugal\",\"isPartOf\":{\"@id\":\"https:\/\/portaltela.pt\/#website\"},\"primaryImageOfPage\":{\"@id\":\"https:\/\/portaltela.pt\/noticias\/2026\/02\/11\/o-futuro-que-nos-devora-impactos-sociais-e-politicos\/#primaryimage\"},\"image\":{\"@id\":\"https:\/\/portaltela.pt\/noticias\/2026\/02\/11\/o-futuro-que-nos-devora-impactos-sociais-e-politicos\/#primaryimage\"},\"thumbnailUrl\":\"https:\/\/portaltela.pt\/s.01k8rhncp4jt1\/2026\/02\/96fd2701-475f-4580-9c54-817238b7ea4e_1200x675.jpg\",\"datePublished\":\"2026-02-11T15:00:00+00:00\",\"author\":{\"@id\":\"https:\/\/portaltela.pt\/#\/schema\/person\/c4278d4a6028830caff9ee44b42d32ed\"},\"breadcrumb\":{\"@id\":\"https:\/\/portaltela.pt\/noticias\/2026\/02\/11\/o-futuro-que-nos-devora-impactos-sociais-e-politicos\/#breadcrumb\"},\"inLanguage\":\"pt-PT\",\"potentialAction\":[{\"@type\":\"ReadAction\",\"target\":[\"https:\/\/portaltela.pt\/noticias\/2026\/02\/11\/o-futuro-que-nos-devora-impactos-sociais-e-politicos\/\"]}]},{\"@type\":\"ImageObject\",\"inLanguage\":\"pt-PT\",\"@id\":\"https:\/\/portaltela.pt\/noticias\/2026\/02\/11\/o-futuro-que-nos-devora-impactos-sociais-e-politicos\/#primaryimage\",\"url\":\"https:\/\/portaltela.pt\/s.01k8rhncp4jt1\/2026\/02\/96fd2701-475f-4580-9c54-817238b7ea4e_1200x675.jpg\",\"contentUrl\":\"https:\/\/portaltela.pt\/s.01k8rhncp4jt1\/2026\/02\/96fd2701-475f-4580-9c54-817238b7ea4e_1200x675.jpg\",\"width\":796,\"height\":448,\"caption\":\"Photo\"},{\"@type\":\"BreadcrumbList\",\"@id\":\"https:\/\/portaltela.pt\/noticias\/2026\/02\/11\/o-futuro-que-nos-devora-impactos-sociais-e-politicos\/#breadcrumb\",\"itemListElement\":[{\"@type\":\"ListItem\",\"position\":1,\"name\":\"In\u00edcio\",\"item\":\"https:\/\/portaltela.pt\/\"},{\"@type\":\"ListItem\",\"position\":2,\"name\":\"O futuro que nos devora: impactos sociais e pol\u00edticos\"}]},{\"@type\":\"WebSite\",\"@id\":\"https:\/\/portaltela.pt\/#website\",\"url\":\"https:\/\/portaltela.pt\/\",\"name\":\"Portal Tela Portugal\",\"description\":\"\",\"potentialAction\":[{\"@type\":\"SearchAction\",\"target\":{\"@type\":\"EntryPoint\",\"urlTemplate\":\"https:\/\/portaltela.pt\/?s={search_term_string}\"},\"query-input\":{\"@type\":\"PropertyValueSpecification\",\"valueRequired\":true,\"valueName\":\"search_term_string\"}}],\"inLanguage\":\"pt-PT\"},{\"@type\":\"Person\",\"@id\":\"https:\/\/portaltela.pt\/#\/schema\/person\/c4278d4a6028830caff9ee44b42d32ed\",\"name\":\"Telinha\",\"image\":{\"@type\":\"ImageObject\",\"inLanguage\":\"pt-PT\",\"@id\":\"https:\/\/portaltela.pt\/s.01k8rhncp4jt1\/2025\/11\/talking-bot-125x125.png\",\"url\":\"https:\/\/portaltela.pt\/s.01k8rhncp4jt1\/2025\/11\/talking-bot-125x125.png\",\"contentUrl\":\"https:\/\/portaltela.pt\/s.01k8rhncp4jt1\/2025\/11\/talking-bot-125x125.png\",\"caption\":\"Telinha\"},\"sameAs\":[\"https:\/\/portaltela.pt\/\"],\"url\":\"https:\/\/portaltela.pt\/por\/367410592786\/\"}]}<\/script>\n<!-- \/ Yoast SEO plugin. -->","yoast_head_json":{"title":"O futuro que nos devora: impactos sociais e pol\u00edticos - Portal Tela Portugal","robots":{"index":"index","follow":"follow","max-snippet":"max-snippet:-1","max-image-preview":"max-image-preview:large","max-video-preview":"max-video-preview:-1"},"og_locale":"pt_PT","og_type":"article","og_title":"O futuro que nos devora: impactos sociais e pol\u00edticos - Portal Tela Portugal","og_description":"O texto relembra o filme Metr\u00f3polis, de Fritz Lang (1927), que retrata um futuro dist\u00f3pico com desigualdades, uma elite de luxo e trabalhadores explorados. Faz a liga\u00e7\u00e3o entre a obra e a realidade atual: cidades dominadas por arranha-c\u00e9us, tecnologia a moldar a informa\u00e7\u00e3o e uma sociedade em que a dist\u00e2ncia entre classes se acentua. Dados citados incluem o estudo da Oxfam, apresentado no F\u00f3rum Econ\u00f3mico de 2023, mostrando que dois ter\u00e7os da riqueza mundial est\u00e3o nas m\u00e3os de menos de 1% da popula\u00e7\u00e3o. Prev\u00ea-se que a automa\u00e7\u00e3o e a intelig\u00eancia artificial alterem o mercado de trabalho, com at\u00e9 800 milh\u00f5es de trabalhadores substitu\u00eddos por rob\u00f4s at\u00e9 2030, segundo o relat\u00f3rio da McKinsey de 2023; h\u00e1 tamb\u00e9m preocupa\u00e7\u00e3o com deep fakes e algoritmos que condicionam a vis\u00e3o da realidade. A mensagem do filme, de media\u00e7\u00e3o entre classe trabalhadora e dominante atrav\u00e9s do \u201ccora\u00e7\u00e3o\u201d, \u00e9 discutida como ideia moral e social, ainda que Lang tenha posteriormente desprezado a obra como conto de fadas; a vers\u00e3o completa est\u00e1 dispon\u00edvel no YouTube ap\u00f3s uma c\u00f3pia encontrada na Argentina em 2008.","og_url":"https:\/\/portaltela.pt\/noticias\/2026\/02\/11\/o-futuro-que-nos-devora-impactos-sociais-e-politicos\/","og_site_name":"Portal Tela Portugal","article_published_time":"2026-02-11T15:00:00+00:00","author":"Telinha","twitter_card":"summary_large_image","twitter_misc":{"Escrito por":"Telinha","Tempo estimado de leitura":"2 minutos"},"schema":{"@context":"https:\/\/schema.org","@graph":[{"@type":"Article","@id":"https:\/\/portaltela.pt\/noticias\/2026\/02\/11\/o-futuro-que-nos-devora-impactos-sociais-e-politicos\/#article","isPartOf":{"@id":"https:\/\/portaltela.pt\/noticias\/2026\/02\/11\/o-futuro-que-nos-devora-impactos-sociais-e-politicos\/"},"author":{"name":"Telinha","@id":"https:\/\/portaltela.pt\/#\/schema\/person\/c4278d4a6028830caff9ee44b42d32ed"},"headline":"O futuro que nos devora: impactos sociais e pol\u00edticos","datePublished":"2026-02-11T15:00:00+00:00","mainEntityOfPage":{"@id":"https:\/\/portaltela.pt\/noticias\/2026\/02\/11\/o-futuro-que-nos-devora-impactos-sociais-e-politicos\/"},"wordCount":396,"image":{"@id":"https:\/\/portaltela.pt\/noticias\/2026\/02\/11\/o-futuro-que-nos-devora-impactos-sociais-e-politicos\/#primaryimage"},"thumbnailUrl":"https:\/\/portaltela.pt\/s.01k8rhncp4jt1\/2026\/02\/96fd2701-475f-4580-9c54-817238b7ea4e_1200x675.jpg","keywords":["cinema","desigualdades sociais","desinforma\u00e7\u00e3o","intelig\u00eancia artificial","poder","tecnologia"],"articleSection":["Not\u00edcias"],"inLanguage":"pt-PT"},{"@type":"WebPage","@id":"https:\/\/portaltela.pt\/noticias\/2026\/02\/11\/o-futuro-que-nos-devora-impactos-sociais-e-politicos\/","url":"https:\/\/portaltela.pt\/noticias\/2026\/02\/11\/o-futuro-que-nos-devora-impactos-sociais-e-politicos\/","name":"O futuro que nos devora: impactos sociais e pol\u00edticos - Portal Tela Portugal","isPartOf":{"@id":"https:\/\/portaltela.pt\/#website"},"primaryImageOfPage":{"@id":"https:\/\/portaltela.pt\/noticias\/2026\/02\/11\/o-futuro-que-nos-devora-impactos-sociais-e-politicos\/#primaryimage"},"image":{"@id":"https:\/\/portaltela.pt\/noticias\/2026\/02\/11\/o-futuro-que-nos-devora-impactos-sociais-e-politicos\/#primaryimage"},"thumbnailUrl":"https:\/\/portaltela.pt\/s.01k8rhncp4jt1\/2026\/02\/96fd2701-475f-4580-9c54-817238b7ea4e_1200x675.jpg","datePublished":"2026-02-11T15:00:00+00:00","author":{"@id":"https:\/\/portaltela.pt\/#\/schema\/person\/c4278d4a6028830caff9ee44b42d32ed"},"breadcrumb":{"@id":"https:\/\/portaltela.pt\/noticias\/2026\/02\/11\/o-futuro-que-nos-devora-impactos-sociais-e-politicos\/#breadcrumb"},"inLanguage":"pt-PT","potentialAction":[{"@type":"ReadAction","target":["https:\/\/portaltela.pt\/noticias\/2026\/02\/11\/o-futuro-que-nos-devora-impactos-sociais-e-politicos\/"]}]},{"@type":"ImageObject","inLanguage":"pt-PT","@id":"https:\/\/portaltela.pt\/noticias\/2026\/02\/11\/o-futuro-que-nos-devora-impactos-sociais-e-politicos\/#primaryimage","url":"https:\/\/portaltela.pt\/s.01k8rhncp4jt1\/2026\/02\/96fd2701-475f-4580-9c54-817238b7ea4e_1200x675.jpg","contentUrl":"https:\/\/portaltela.pt\/s.01k8rhncp4jt1\/2026\/02\/96fd2701-475f-4580-9c54-817238b7ea4e_1200x675.jpg","width":796,"height":448,"caption":"Photo"},{"@type":"BreadcrumbList","@id":"https:\/\/portaltela.pt\/noticias\/2026\/02\/11\/o-futuro-que-nos-devora-impactos-sociais-e-politicos\/#breadcrumb","itemListElement":[{"@type":"ListItem","position":1,"name":"In\u00edcio","item":"https:\/\/portaltela.pt\/"},{"@type":"ListItem","position":2,"name":"O futuro que nos devora: impactos sociais e pol\u00edticos"}]},{"@type":"WebSite","@id":"https:\/\/portaltela.pt\/#website","url":"https:\/\/portaltela.pt\/","name":"Portal Tela Portugal","description":"","potentialAction":[{"@type":"SearchAction","target":{"@type":"EntryPoint","urlTemplate":"https:\/\/portaltela.pt\/?s={search_term_string}"},"query-input":{"@type":"PropertyValueSpecification","valueRequired":true,"valueName":"search_term_string"}}],"inLanguage":"pt-PT"},{"@type":"Person","@id":"https:\/\/portaltela.pt\/#\/schema\/person\/c4278d4a6028830caff9ee44b42d32ed","name":"Telinha","image":{"@type":"ImageObject","inLanguage":"pt-PT","@id":"https:\/\/portaltela.pt\/s.01k8rhncp4jt1\/2025\/11\/talking-bot-125x125.png","url":"https:\/\/portaltela.pt\/s.01k8rhncp4jt1\/2025\/11\/talking-bot-125x125.png","contentUrl":"https:\/\/portaltela.pt\/s.01k8rhncp4jt1\/2025\/11\/talking-bot-125x125.png","caption":"Telinha"},"sameAs":["https:\/\/portaltela.pt\/"],"url":"https:\/\/portaltela.pt\/por\/367410592786\/"}]}},"_links":{"self":[{"href":"https:\/\/portaltela.pt\/api\/wp\/v2\/posts\/208325","targetHints":{"allow":["GET"]}}],"collection":[{"href":"https:\/\/portaltela.pt\/api\/wp\/v2\/posts"}],"about":[{"href":"https:\/\/portaltela.pt\/api\/wp\/v2\/types\/post"}],"author":[{"embeddable":true,"href":"https:\/\/portaltela.pt\/api\/wp\/v2\/users\/2"}],"replies":[{"embeddable":true,"href":"https:\/\/portaltela.pt\/api\/wp\/v2\/comments?post=208325"}],"version-history":[{"count":0,"href":"https:\/\/portaltela.pt\/api\/wp\/v2\/posts\/208325\/revisions"}],"wp:featuredmedia":[{"embeddable":true,"href":"https:\/\/portaltela.pt\/api\/wp\/v2\/media\/208332"}],"wp:attachment":[{"href":"https:\/\/portaltela.pt\/api\/wp\/v2\/media?parent=208325"}],"wp:term":[{"taxonomy":"category","embeddable":true,"href":"https:\/\/portaltela.pt\/api\/wp\/v2\/categories?post=208325"},{"taxonomy":"post_tag","embeddable":true,"href":"https:\/\/portaltela.pt\/api\/wp\/v2\/tags?post=208325"}],"curies":[{"name":"wp","href":"https:\/\/api.w.org\/{rel}","templated":true}]}}