{"id":208317,"date":"2026-02-11T12:05:00","date_gmt":"2026-02-11T15:05:00","guid":{"rendered":"https:\/\/portaltela.pt\/noticias\/2026\/02\/11\/jacob-kiplimo-volta-a-edp-meia-maratona-de-lisboa\/"},"modified":"2026-02-11T12:05:00","modified_gmt":"2026-02-11T15:05:00","slug":"jacob-kiplimo-volta-a-edp-meia-maratona-de-lisboa","status":"publish","type":"post","link":"https:\/\/portaltela.pt\/desporto\/2026\/02\/11\/jacob-kiplimo-volta-a-edp-meia-maratona-de-lisboa\/","title":{"rendered":"Jacob Kiplimo volta \u00e0 EDP Meia Maratona de Lisboa"},"content":{"rendered":"<p>Jacob Kiplimo est\u00e1 de volta \u00e0 EDP Meia Maratona de Lisboa. O ugand\u00eas, de 25 anos, foi anunciado esta quarta-feira como o grande nome da elite da edi\u00e7\u00e3o deste ano, que se realiza a 8 de mar\u00e7o.<\/p>\n<p>Este regresso a Lisboa era muito esperado. No percurso onde fixou, em novembro de 2021, o recorde mundial da meia maratona (57:31), permanece uma refer\u00eancia para a prova da capital portuguesa.<\/p>\n<p>Kiplimo consolidou, desde ent\u00e3o, a reputa\u00e7\u00e3o de uma das maiores figuras do atletismo mundial, tendo vencido, no ano passado, a meia maratona mais r\u00e1pida de sempre em Barcelona, com 56:42, tempo que n\u00e3o foi homologado como recorde mundial devido a uma controv\u00e9rsia relacionada com o carro-rel\u00f3gio.<\/p>\n<h3>Perfil do atleta<\/h3>\n<p>No in\u00edcio de 2026, o atleta africano tornou-se campe\u00e3o mundial de corta-mato, refor\u00e7ando o seu palmar\u00e9s not\u00e1vel em provas de dist\u00e2ncia.<\/p>\n<h3>Palmar\u00e9s e momentos-chave<\/h3>\n<p>Al\u00e9m da vit\u00f3ria catal\u00e3, o registo de maratona estreou-se em Londres com 2:03:37 e, meses depois, melhorou para 2:02:23. A trajet\u00f3ria recente assinala consist\u00eancia ao longo de v\u00e1rias dist\u00e2ncias.<\/p>\n","protected":false},"excerpt":{"rendered":"<ul>\n<li>Jacob Kiplimo, ugand\u00eas de 25 anos, \u00e9 o primeiro grande nome da elite da edi\u00e7\u00e3o deste ano da EDP Meia Maratona de Lisboa, a realizar-se a 8 de mar\u00e7o.<\/li>\n<li>O regresso a Lisboa \u00e9 muito aguardado, no percurso onde, em novembro de 2021, fixou o recorde mundial da meia maratona, com 57:31.<\/li>\n<li>Em Barcelona, no ano passado, correu a meia maratona mais r\u00e1pida de sempre, com 56:42, tempo que n\u00e3o foi homologado como recorde mundial por quest\u00f5es relacionadas com o carro rel\u00f3gio.<\/li>\n<li>No mesmo ciclo, estreou-se na maratona com 2:03:37 em Londres, evoluindo para 2:02:23 mais tarde.<\/li>\n<li>Em 2026, conquistou de forma destacada o t\u00edtulo mundial de corta-mato.<\/li>\n<\/ul>\n","protected":false},"author":2,"featured_media":208323,"comment_status":"closed","ping_status":"closed","sticky":false,"template":"","format":"standard","meta":{"footnotes":""},"categories":[21],"tags":[5227,137,2587,4527,981,2376],"class_list":["post-208317","post","type-post","status-publish","format-standard","has-post-thumbnail","hentry","category-desporto","tag-africa","tag-atletismo","tag-barcelona","tag-corta-mato","tag-lisboa","tag-londres"],"yoast_head":"<!-- This site is optimized with the Yoast SEO plugin v27.2 - https:\/\/yoast.com\/product\/yoast-seo-wordpress\/ -->\n<title>Jacob Kiplimo volta \u00e0 EDP Meia Maratona de Lisboa - Portal Tela Portugal<\/title>\n<meta name=\"robots\" content=\"index, follow, max-snippet:-1, max-image-preview:large, max-video-preview:-1\" \/>\n<meta property=\"og:locale\" content=\"pt_PT\" \/>\n<meta property=\"og:type\" content=\"article\" \/>\n<meta property=\"og:title\" content=\"Jacob Kiplimo volta \u00e0 EDP Meia Maratona de Lisboa - Portal Tela Portugal\" \/>\n<meta property=\"og:description\" content=\"Jacob Kiplimo, ugand\u00eas de 25 anos, \u00e9 o primeiro grande nome da elite da edi\u00e7\u00e3o deste ano da EDP Meia Maratona de Lisboa, a realizar-se a 8 de mar\u00e7o. O regresso a Lisboa \u00e9 muito aguardado, no percurso onde, em novembro de 2021, fixou o recorde mundial da meia maratona, com 57:31. Em Barcelona, no ano passado, correu a meia maratona mais r\u00e1pida de sempre, com 56:42, tempo que n\u00e3o foi homologado como recorde mundial por quest\u00f5es relacionadas com o carro rel\u00f3gio. No mesmo ciclo, estreou-se na maratona com 2:03:37 em Londres, evoluindo para 2:02:23 mais tarde. Em 2026, conquistou de forma destacada o t\u00edtulo mundial de corta-mato.\" \/>\n<meta property=\"og:url\" content=\"https:\/\/portaltela.pt\/noticias\/2026\/02\/11\/jacob-kiplimo-volta-a-edp-meia-maratona-de-lisboa\/\" \/>\n<meta property=\"og:site_name\" content=\"Portal Tela Portugal\" \/>\n<meta property=\"article:published_time\" content=\"2026-02-11T15:05:00+00:00\" \/>\n<meta name=\"author\" content=\"Telinha\" \/>\n<meta name=\"twitter:card\" content=\"summary_large_image\" \/>\n<meta name=\"twitter:label1\" content=\"Escrito por\" \/>\n\t<meta name=\"twitter:data1\" content=\"Telinha\" \/>\n\t<meta name=\"twitter:label2\" content=\"Tempo estimado de leitura\" \/>\n\t<meta name=\"twitter:data2\" content=\"1 minuto\" \/>\n<script type=\"application\/ld+json\" class=\"yoast-schema-graph\">{\"@context\":\"https:\/\/schema.org\",\"@graph\":[{\"@type\":\"Article\",\"@id\":\"https:\/\/portaltela.pt\/noticias\/2026\/02\/11\/jacob-kiplimo-volta-a-edp-meia-maratona-de-lisboa\/#article\",\"isPartOf\":{\"@id\":\"https:\/\/portaltela.pt\/noticias\/2026\/02\/11\/jacob-kiplimo-volta-a-edp-meia-maratona-de-lisboa\/\"},\"author\":{\"name\":\"Telinha\",\"@id\":\"https:\/\/portaltela.pt\/#\/schema\/person\/c4278d4a6028830caff9ee44b42d32ed\"},\"headline\":\"Jacob Kiplimo volta \u00e0 EDP Meia Maratona de Lisboa\",\"datePublished\":\"2026-02-11T15:05:00+00:00\",\"mainEntityOfPage\":{\"@id\":\"https:\/\/portaltela.pt\/noticias\/2026\/02\/11\/jacob-kiplimo-volta-a-edp-meia-maratona-de-lisboa\/\"},\"wordCount\":192,\"image\":{\"@id\":\"https:\/\/portaltela.pt\/noticias\/2026\/02\/11\/jacob-kiplimo-volta-a-edp-meia-maratona-de-lisboa\/#primaryimage\"},\"thumbnailUrl\":\"https:\/\/portaltela.pt\/s.01k8rhncp4jt1\/2026\/02\/img_920x518uu2026-02-11-13-40-10-2420946.jpg\",\"keywords\":[\"\u00c1frica\",\"atletismo\",\"Barcelona\",\"corta-mato\",\"Lisboa\",\"Londres\"],\"articleSection\":[\"Desporto\"],\"inLanguage\":\"pt-PT\"},{\"@type\":\"WebPage\",\"@id\":\"https:\/\/portaltela.pt\/noticias\/2026\/02\/11\/jacob-kiplimo-volta-a-edp-meia-maratona-de-lisboa\/\",\"url\":\"https:\/\/portaltela.pt\/noticias\/2026\/02\/11\/jacob-kiplimo-volta-a-edp-meia-maratona-de-lisboa\/\",\"name\":\"Jacob Kiplimo volta \u00e0 EDP Meia Maratona de Lisboa - Portal Tela Portugal\",\"isPartOf\":{\"@id\":\"https:\/\/portaltela.pt\/#website\"},\"primaryImageOfPage\":{\"@id\":\"https:\/\/portaltela.pt\/noticias\/2026\/02\/11\/jacob-kiplimo-volta-a-edp-meia-maratona-de-lisboa\/#primaryimage\"},\"image\":{\"@id\":\"https:\/\/portaltela.pt\/noticias\/2026\/02\/11\/jacob-kiplimo-volta-a-edp-meia-maratona-de-lisboa\/#primaryimage\"},\"thumbnailUrl\":\"https:\/\/portaltela.pt\/s.01k8rhncp4jt1\/2026\/02\/img_920x518uu2026-02-11-13-40-10-2420946.jpg\",\"datePublished\":\"2026-02-11T15:05:00+00:00\",\"author\":{\"@id\":\"https:\/\/portaltela.pt\/#\/schema\/person\/c4278d4a6028830caff9ee44b42d32ed\"},\"breadcrumb\":{\"@id\":\"https:\/\/portaltela.pt\/noticias\/2026\/02\/11\/jacob-kiplimo-volta-a-edp-meia-maratona-de-lisboa\/#breadcrumb\"},\"inLanguage\":\"pt-PT\",\"potentialAction\":[{\"@type\":\"ReadAction\",\"target\":[\"https:\/\/portaltela.pt\/noticias\/2026\/02\/11\/jacob-kiplimo-volta-a-edp-meia-maratona-de-lisboa\/\"]}]},{\"@type\":\"ImageObject\",\"inLanguage\":\"pt-PT\",\"@id\":\"https:\/\/portaltela.pt\/noticias\/2026\/02\/11\/jacob-kiplimo-volta-a-edp-meia-maratona-de-lisboa\/#primaryimage\",\"url\":\"https:\/\/portaltela.pt\/s.01k8rhncp4jt1\/2026\/02\/img_920x518uu2026-02-11-13-40-10-2420946.jpg\",\"contentUrl\":\"https:\/\/portaltela.pt\/s.01k8rhncp4jt1\/2026\/02\/img_920x518uu2026-02-11-13-40-10-2420946.jpg\",\"width\":796,\"height\":448,\"caption\":\"Jacob Kiplimo volta \u00e0 Meia Maratona de Lisboa\"},{\"@type\":\"BreadcrumbList\",\"@id\":\"https:\/\/portaltela.pt\/noticias\/2026\/02\/11\/jacob-kiplimo-volta-a-edp-meia-maratona-de-lisboa\/#breadcrumb\",\"itemListElement\":[{\"@type\":\"ListItem\",\"position\":1,\"name\":\"In\u00edcio\",\"item\":\"https:\/\/portaltela.pt\/\"},{\"@type\":\"ListItem\",\"position\":2,\"name\":\"Jacob Kiplimo volta \u00e0 EDP Meia Maratona de Lisboa\"}]},{\"@type\":\"WebSite\",\"@id\":\"https:\/\/portaltela.pt\/#website\",\"url\":\"https:\/\/portaltela.pt\/\",\"name\":\"Portal Tela Portugal\",\"description\":\"\",\"potentialAction\":[{\"@type\":\"SearchAction\",\"target\":{\"@type\":\"EntryPoint\",\"urlTemplate\":\"https:\/\/portaltela.pt\/?s={search_term_string}\"},\"query-input\":{\"@type\":\"PropertyValueSpecification\",\"valueRequired\":true,\"valueName\":\"search_term_string\"}}],\"inLanguage\":\"pt-PT\"},{\"@type\":\"Person\",\"@id\":\"https:\/\/portaltela.pt\/#\/schema\/person\/c4278d4a6028830caff9ee44b42d32ed\",\"name\":\"Telinha\",\"image\":{\"@type\":\"ImageObject\",\"inLanguage\":\"pt-PT\",\"@id\":\"https:\/\/portaltela.pt\/s.01k8rhncp4jt1\/2025\/11\/talking-bot-125x125.png\",\"url\":\"https:\/\/portaltela.pt\/s.01k8rhncp4jt1\/2025\/11\/talking-bot-125x125.png\",\"contentUrl\":\"https:\/\/portaltela.pt\/s.01k8rhncp4jt1\/2025\/11\/talking-bot-125x125.png\",\"caption\":\"Telinha\"},\"sameAs\":[\"https:\/\/portaltela.pt\/\"],\"url\":\"https:\/\/portaltela.pt\/por\/367410592786\/\"}]}<\/script>\n<!-- \/ Yoast SEO plugin. -->","yoast_head_json":{"title":"Jacob Kiplimo volta \u00e0 EDP Meia Maratona de Lisboa - Portal Tela Portugal","robots":{"index":"index","follow":"follow","max-snippet":"max-snippet:-1","max-image-preview":"max-image-preview:large","max-video-preview":"max-video-preview:-1"},"og_locale":"pt_PT","og_type":"article","og_title":"Jacob Kiplimo volta \u00e0 EDP Meia Maratona de Lisboa - Portal Tela Portugal","og_description":"Jacob Kiplimo, ugand\u00eas de 25 anos, \u00e9 o primeiro grande nome da elite da edi\u00e7\u00e3o deste ano da EDP Meia Maratona de Lisboa, a realizar-se a 8 de mar\u00e7o. O regresso a Lisboa \u00e9 muito aguardado, no percurso onde, em novembro de 2021, fixou o recorde mundial da meia maratona, com 57:31. Em Barcelona, no ano passado, correu a meia maratona mais r\u00e1pida de sempre, com 56:42, tempo que n\u00e3o foi homologado como recorde mundial por quest\u00f5es relacionadas com o carro rel\u00f3gio. No mesmo ciclo, estreou-se na maratona com 2:03:37 em Londres, evoluindo para 2:02:23 mais tarde. Em 2026, conquistou de forma destacada o t\u00edtulo mundial de corta-mato.","og_url":"https:\/\/portaltela.pt\/noticias\/2026\/02\/11\/jacob-kiplimo-volta-a-edp-meia-maratona-de-lisboa\/","og_site_name":"Portal Tela Portugal","article_published_time":"2026-02-11T15:05:00+00:00","author":"Telinha","twitter_card":"summary_large_image","twitter_misc":{"Escrito por":"Telinha","Tempo estimado de leitura":"1 minuto"},"schema":{"@context":"https:\/\/schema.org","@graph":[{"@type":"Article","@id":"https:\/\/portaltela.pt\/noticias\/2026\/02\/11\/jacob-kiplimo-volta-a-edp-meia-maratona-de-lisboa\/#article","isPartOf":{"@id":"https:\/\/portaltela.pt\/noticias\/2026\/02\/11\/jacob-kiplimo-volta-a-edp-meia-maratona-de-lisboa\/"},"author":{"name":"Telinha","@id":"https:\/\/portaltela.pt\/#\/schema\/person\/c4278d4a6028830caff9ee44b42d32ed"},"headline":"Jacob Kiplimo volta \u00e0 EDP Meia Maratona de Lisboa","datePublished":"2026-02-11T15:05:00+00:00","mainEntityOfPage":{"@id":"https:\/\/portaltela.pt\/noticias\/2026\/02\/11\/jacob-kiplimo-volta-a-edp-meia-maratona-de-lisboa\/"},"wordCount":192,"image":{"@id":"https:\/\/portaltela.pt\/noticias\/2026\/02\/11\/jacob-kiplimo-volta-a-edp-meia-maratona-de-lisboa\/#primaryimage"},"thumbnailUrl":"https:\/\/portaltela.pt\/s.01k8rhncp4jt1\/2026\/02\/img_920x518uu2026-02-11-13-40-10-2420946.jpg","keywords":["\u00c1frica","atletismo","Barcelona","corta-mato","Lisboa","Londres"],"articleSection":["Desporto"],"inLanguage":"pt-PT"},{"@type":"WebPage","@id":"https:\/\/portaltela.pt\/noticias\/2026\/02\/11\/jacob-kiplimo-volta-a-edp-meia-maratona-de-lisboa\/","url":"https:\/\/portaltela.pt\/noticias\/2026\/02\/11\/jacob-kiplimo-volta-a-edp-meia-maratona-de-lisboa\/","name":"Jacob Kiplimo volta \u00e0 EDP Meia Maratona de Lisboa - Portal Tela Portugal","isPartOf":{"@id":"https:\/\/portaltela.pt\/#website"},"primaryImageOfPage":{"@id":"https:\/\/portaltela.pt\/noticias\/2026\/02\/11\/jacob-kiplimo-volta-a-edp-meia-maratona-de-lisboa\/#primaryimage"},"image":{"@id":"https:\/\/portaltela.pt\/noticias\/2026\/02\/11\/jacob-kiplimo-volta-a-edp-meia-maratona-de-lisboa\/#primaryimage"},"thumbnailUrl":"https:\/\/portaltela.pt\/s.01k8rhncp4jt1\/2026\/02\/img_920x518uu2026-02-11-13-40-10-2420946.jpg","datePublished":"2026-02-11T15:05:00+00:00","author":{"@id":"https:\/\/portaltela.pt\/#\/schema\/person\/c4278d4a6028830caff9ee44b42d32ed"},"breadcrumb":{"@id":"https:\/\/portaltela.pt\/noticias\/2026\/02\/11\/jacob-kiplimo-volta-a-edp-meia-maratona-de-lisboa\/#breadcrumb"},"inLanguage":"pt-PT","potentialAction":[{"@type":"ReadAction","target":["https:\/\/portaltela.pt\/noticias\/2026\/02\/11\/jacob-kiplimo-volta-a-edp-meia-maratona-de-lisboa\/"]}]},{"@type":"ImageObject","inLanguage":"pt-PT","@id":"https:\/\/portaltela.pt\/noticias\/2026\/02\/11\/jacob-kiplimo-volta-a-edp-meia-maratona-de-lisboa\/#primaryimage","url":"https:\/\/portaltela.pt\/s.01k8rhncp4jt1\/2026\/02\/img_920x518uu2026-02-11-13-40-10-2420946.jpg","contentUrl":"https:\/\/portaltela.pt\/s.01k8rhncp4jt1\/2026\/02\/img_920x518uu2026-02-11-13-40-10-2420946.jpg","width":796,"height":448,"caption":"Jacob Kiplimo volta \u00e0 Meia Maratona de Lisboa"},{"@type":"BreadcrumbList","@id":"https:\/\/portaltela.pt\/noticias\/2026\/02\/11\/jacob-kiplimo-volta-a-edp-meia-maratona-de-lisboa\/#breadcrumb","itemListElement":[{"@type":"ListItem","position":1,"name":"In\u00edcio","item":"https:\/\/portaltela.pt\/"},{"@type":"ListItem","position":2,"name":"Jacob Kiplimo volta \u00e0 EDP Meia Maratona de Lisboa"}]},{"@type":"WebSite","@id":"https:\/\/portaltela.pt\/#website","url":"https:\/\/portaltela.pt\/","name":"Portal Tela Portugal","description":"","potentialAction":[{"@type":"SearchAction","target":{"@type":"EntryPoint","urlTemplate":"https:\/\/portaltela.pt\/?s={search_term_string}"},"query-input":{"@type":"PropertyValueSpecification","valueRequired":true,"valueName":"search_term_string"}}],"inLanguage":"pt-PT"},{"@type":"Person","@id":"https:\/\/portaltela.pt\/#\/schema\/person\/c4278d4a6028830caff9ee44b42d32ed","name":"Telinha","image":{"@type":"ImageObject","inLanguage":"pt-PT","@id":"https:\/\/portaltela.pt\/s.01k8rhncp4jt1\/2025\/11\/talking-bot-125x125.png","url":"https:\/\/portaltela.pt\/s.01k8rhncp4jt1\/2025\/11\/talking-bot-125x125.png","contentUrl":"https:\/\/portaltela.pt\/s.01k8rhncp4jt1\/2025\/11\/talking-bot-125x125.png","caption":"Telinha"},"sameAs":["https:\/\/portaltela.pt\/"],"url":"https:\/\/portaltela.pt\/por\/367410592786\/"}]}},"_links":{"self":[{"href":"https:\/\/portaltela.pt\/api\/wp\/v2\/posts\/208317","targetHints":{"allow":["GET"]}}],"collection":[{"href":"https:\/\/portaltela.pt\/api\/wp\/v2\/posts"}],"about":[{"href":"https:\/\/portaltela.pt\/api\/wp\/v2\/types\/post"}],"author":[{"embeddable":true,"href":"https:\/\/portaltela.pt\/api\/wp\/v2\/users\/2"}],"replies":[{"embeddable":true,"href":"https:\/\/portaltela.pt\/api\/wp\/v2\/comments?post=208317"}],"version-history":[{"count":0,"href":"https:\/\/portaltela.pt\/api\/wp\/v2\/posts\/208317\/revisions"}],"wp:featuredmedia":[{"embeddable":true,"href":"https:\/\/portaltela.pt\/api\/wp\/v2\/media\/208323"}],"wp:attachment":[{"href":"https:\/\/portaltela.pt\/api\/wp\/v2\/media?parent=208317"}],"wp:term":[{"taxonomy":"category","embeddable":true,"href":"https:\/\/portaltela.pt\/api\/wp\/v2\/categories?post=208317"},{"taxonomy":"post_tag","embeddable":true,"href":"https:\/\/portaltela.pt\/api\/wp\/v2\/tags?post=208317"}],"curies":[{"name":"wp","href":"https:\/\/api.w.org\/{rel}","templated":true}]}}