{"id":208282,"date":"2026-02-11T11:42:00","date_gmt":"2026-02-11T14:42:00","guid":{"rendered":"https:\/\/portaltela.pt\/noticias\/2026\/02\/11\/bruxelas-planeia-reforcar-producao-de-drones-e-usar-5g-para-detetar-incursoes\/"},"modified":"2026-02-11T11:42:00","modified_gmt":"2026-02-11T14:42:00","slug":"bruxelas-planeia-reforcar-producao-de-drones-e-usar-5g-para-detetar-incursoes","status":"publish","type":"post","link":"https:\/\/portaltela.pt\/noticias\/2026\/02\/11\/bruxelas-planeia-reforcar-producao-de-drones-e-usar-5g-para-detetar-incursoes\/","title":{"rendered":"Bruxelas planeia refor\u00e7ar produ\u00e7\u00e3o de drones e usar 5G para detetar incurs\u00f5es"},"content":{"rendered":"<p>A Comiss\u00e3o Europeia apresentou um Plano de A\u00e7\u00e3o para os Drones com o objetivo de refor\u00e7ar a produ\u00e7\u00e3o industrial de drones na Uni\u00e3o Europeia e usar redes 5G para detetar e neutralizar entradas n\u00e3o autorizadas no espa\u00e7o a\u00e9reo. A iniciativa surge face a incidentes com drones e bal\u00f5es para medi\u00e7\u00f5es atmosf\u00e9ricas que violaram espa\u00e7os a\u00e9reos e causaram perturba\u00e7\u00f5es em aeroportos.<\/p>\n<p>O Executivo comunit\u00e1rio prev\u00ea mobilizar 400 milh\u00f5es de euros para apoiar os Estados-membros na aquisi\u00e7\u00e3o destes dispositivos. Deste montante, 150 milh\u00f5es destinam-se \u00e0 seguran\u00e7a das fronteiras e \u00e0 aquisi\u00e7\u00e3o de equipamento de vigil\u00e2ncia, para uso individual ou em opera\u00e7\u00f5es conjuntas lideradas pela Frontex. Os 250 milh\u00f5es restantes destinam-se \u00e0 compra direta de sistemas de drones.<\/p>\n<p>A cria\u00e7\u00e3o de um Centro de Excel\u00eancia Antidrones \u00e9 outra das propostas, com emerg\u00eancia operacional a partir de 2027. O objetivo \u00e9 reunir financiamento p\u00fablico para promover a inova\u00e7\u00e3o e acelerar o crescimento da produ\u00e7\u00e3o industrial de drones na UE.<\/p>\n<p>A UE pretende ainda refor\u00e7ar a capacidade de resposta a entradas n\u00e3o autorizadas no espa\u00e7o a\u00e9reo, recorrendo \u00e0s redes m\u00f3veis 5G como radar distribu\u00eddo. A vice-presidente Henna Virkkunen destacou que a tecnologia j\u00e1 existe e precisa de implementa\u00e7\u00e3o r\u00e1pida na Europa.<\/p>\n<p>No \u00e2mbito de registo, o plano inclui um pacote de seguran\u00e7a para este ver\u00e3o que obriga quase todos os drones a serem registados, com exce\u00e7\u00e3o de alguns modelos para fins recreativos. O comiss\u00e1rio para Transportes Sustent\u00e1veis sublinhou que drones acima de 100 gramas dever\u00e3o ser obrigatoriamente registados.<\/p>\n<p>A medida visa aumentar a transpar\u00eancia e a confian\u00e7a, sem restringir de forma indiscriminada a utiliza\u00e7\u00e3o de drones por amadores. Em alguns casos, os utilizadores com drones de lazer poder\u00e3o ter de registar os aparelhos.<\/p>\n<p>Outra linha de a\u00e7\u00e3o envolve um r\u00f3tulo de confian\u00e7a da UE para drones, que identifique dispositivos seguros \u00e0 venda no mercado europeu, e a harmoniza\u00e7\u00e3o de restri\u00e7\u00f5es de circula\u00e7\u00e3o a\u00e9rea em zonas espec\u00edficas. A longo prazo, pretende-se implementar o geofencing para impedir a circula\u00e7\u00e3o de drones em per\u00edmetros sens\u00edveis.<\/p>\n<p>O plano de a\u00e7\u00e3o ser\u00e1 discutido com os Estados-membros da UE para avan\u00e7ar com as medidas de forma coordenada e eficaz.<\/p>\n","protected":false},"excerpt":{"rendered":"<ul>\n<li>A Comiss\u00e3o Europeia apresentou um Plano de A\u00e7\u00e3o para os Drones para refor\u00e7ar a produ\u00e7\u00e3o industrial de drones na Uni\u00e3o Europeia e usar redes 5G para detetar e neutralizar entradas n\u00e3o autorizadas no espa\u00e7o a\u00e9reo.<\/li>\n<li>Ser\u00e3o mobilizados quaroentros milh\u00f5es de euros para apoiar os Estados-membros na compra de drones: cento e cinquenta milh\u00f5es para seguran\u00e7a das fronteiras e opera\u00e7\u00f5es conjuntas da Frontex, e duzentos e cinquenta milh\u00f5es para aquisi\u00e7\u00e3o direta de sistemas de drones.<\/li>\n<li>A UE pretende criar um Centro de Excel\u00eancia Antidrone, operacional a partir de 2027, para promover inova\u00e7\u00e3o e acelerar o crescimento da produ\u00e7\u00e3o europeia.<\/li>\n<li>O plano prev\u00ea ainda usar redes m\u00f3veis 5G como radar distribu\u00eddo para detetar drones, sublinhando a urg\u00eancia da implementa\u00e7\u00e3o na Europa.<\/li>\n<li>Foi anunciado um pacote de seguran\u00e7a j\u00e1 neste ver\u00e3o que obriga praticamente todos os drones a serem registados, incluindo drones com mais de cem gramas, mantendo a exce\u00e7\u00e3o para uso amador em contexto de passatempo.<\/li>\n<li>A UE tamb\u00e9m prop\u00f5e um r\u00f3tulo de confian\u00e7a para drones e a harmoniza\u00e7\u00e3o de restri\u00e7\u00f5es de circula\u00e7\u00e3o a\u00e9rea por zonas geogr\u00e1ficas, com o objetivo de implementar, a longo prazo, o geofencing.<\/li>\n<\/ul>\n","protected":false},"author":2,"featured_media":208289,"comment_status":"closed","ping_status":"closed","sticky":false,"template":"","format":"standard","meta":{"footnotes":""},"categories":[1],"tags":[2574,2573,2572,4558,4002,2055],"class_list":["post-208282","post","type-post","status-publish","format-standard","has-post-thumbnail","hentry","category-noticias","tag-5g-api-sprint","tag-5g-challenge","tag-5g-standalone","tag-a-aeronautica","tag-fronteiras","tag-uniao-europeia"],"yoast_head":"<!-- This site is optimized with the Yoast SEO plugin v27.2 - https:\/\/yoast.com\/product\/yoast-seo-wordpress\/ -->\n<title>Bruxelas planeia refor\u00e7ar produ\u00e7\u00e3o de drones e usar 5G para detetar incurs\u00f5es - Portal Tela Portugal<\/title>\n<meta name=\"robots\" content=\"index, follow, max-snippet:-1, max-image-preview:large, max-video-preview:-1\" \/>\n<meta property=\"og:locale\" content=\"pt_PT\" \/>\n<meta property=\"og:type\" content=\"article\" \/>\n<meta property=\"og:title\" content=\"Bruxelas planeia refor\u00e7ar produ\u00e7\u00e3o de drones e usar 5G para detetar incurs\u00f5es - Portal Tela Portugal\" \/>\n<meta property=\"og:description\" content=\"A Comiss\u00e3o Europeia apresentou um Plano de A\u00e7\u00e3o para os Drones para refor\u00e7ar a produ\u00e7\u00e3o industrial de drones na Uni\u00e3o Europeia e usar redes 5G para detetar e neutralizar entradas n\u00e3o autorizadas no espa\u00e7o a\u00e9reo. Ser\u00e3o mobilizados quaroentros milh\u00f5es de euros para apoiar os Estados-membros na compra de drones: cento e cinquenta milh\u00f5es para seguran\u00e7a das fronteiras e opera\u00e7\u00f5es conjuntas da Frontex, e duzentos e cinquenta milh\u00f5es para aquisi\u00e7\u00e3o direta de sistemas de drones. A UE pretende criar um Centro de Excel\u00eancia Antidrone, operacional a partir de 2027, para promover inova\u00e7\u00e3o e acelerar o crescimento da produ\u00e7\u00e3o europeia. O plano prev\u00ea ainda usar redes m\u00f3veis 5G como radar distribu\u00eddo para detetar drones, sublinhando a urg\u00eancia da implementa\u00e7\u00e3o na Europa. Foi anunciado um pacote de seguran\u00e7a j\u00e1 neste ver\u00e3o que obriga praticamente todos os drones a serem registados, incluindo drones com mais de cem gramas, mantendo a exce\u00e7\u00e3o para uso amador em contexto de passatempo. A UE tamb\u00e9m prop\u00f5e um r\u00f3tulo de confian\u00e7a para drones e a harmoniza\u00e7\u00e3o de restri\u00e7\u00f5es de circula\u00e7\u00e3o a\u00e9rea por zonas geogr\u00e1ficas, com o objetivo de implementar, a longo prazo, o geofencing.\" \/>\n<meta property=\"og:url\" content=\"https:\/\/portaltela.pt\/noticias\/2026\/02\/11\/bruxelas-planeia-reforcar-producao-de-drones-e-usar-5g-para-detetar-incursoes\/\" \/>\n<meta property=\"og:site_name\" content=\"Portal Tela Portugal\" \/>\n<meta property=\"article:published_time\" content=\"2026-02-11T14:42:00+00:00\" \/>\n<meta name=\"author\" content=\"Telinha\" \/>\n<meta name=\"twitter:card\" content=\"summary_large_image\" \/>\n<meta name=\"twitter:label1\" content=\"Escrito por\" \/>\n\t<meta name=\"twitter:data1\" content=\"Telinha\" \/>\n\t<meta name=\"twitter:label2\" content=\"Tempo estimado de leitura\" \/>\n\t<meta name=\"twitter:data2\" content=\"2 minutos\" \/>\n<script type=\"application\/ld+json\" class=\"yoast-schema-graph\">{\"@context\":\"https:\/\/schema.org\",\"@graph\":[{\"@type\":\"Article\",\"@id\":\"https:\/\/portaltela.pt\/noticias\/2026\/02\/11\/bruxelas-planeia-reforcar-producao-de-drones-e-usar-5g-para-detetar-incursoes\/#article\",\"isPartOf\":{\"@id\":\"https:\/\/portaltela.pt\/noticias\/2026\/02\/11\/bruxelas-planeia-reforcar-producao-de-drones-e-usar-5g-para-detetar-incursoes\/\"},\"author\":{\"name\":\"Telinha\",\"@id\":\"https:\/\/portaltela.pt\/#\/schema\/person\/c4278d4a6028830caff9ee44b42d32ed\"},\"headline\":\"Bruxelas planeia refor\u00e7ar produ\u00e7\u00e3o de drones e usar 5G para detetar incurs\u00f5es\",\"datePublished\":\"2026-02-11T14:42:00+00:00\",\"mainEntityOfPage\":{\"@id\":\"https:\/\/portaltela.pt\/noticias\/2026\/02\/11\/bruxelas-planeia-reforcar-producao-de-drones-e-usar-5g-para-detetar-incursoes\/\"},\"wordCount\":412,\"image\":{\"@id\":\"https:\/\/portaltela.pt\/noticias\/2026\/02\/11\/bruxelas-planeia-reforcar-producao-de-drones-e-usar-5g-para-detetar-incursoes\/#primaryimage\"},\"thumbnailUrl\":\"https:\/\/portaltela.pt\/s.01k8rhncp4jt1\/2026\/02\/image-880.jpg\",\"keywords\":[\"5G API Sprint\",\"5G Challenge\",\"5G Standalone\",\"a aeron\u00e1utica\",\"fronteiras\",\"Uni\u00e3o Europeia\"],\"articleSection\":[\"Not\u00edcias\"],\"inLanguage\":\"pt-PT\"},{\"@type\":\"WebPage\",\"@id\":\"https:\/\/portaltela.pt\/noticias\/2026\/02\/11\/bruxelas-planeia-reforcar-producao-de-drones-e-usar-5g-para-detetar-incursoes\/\",\"url\":\"https:\/\/portaltela.pt\/noticias\/2026\/02\/11\/bruxelas-planeia-reforcar-producao-de-drones-e-usar-5g-para-detetar-incursoes\/\",\"name\":\"Bruxelas planeia refor\u00e7ar produ\u00e7\u00e3o de drones e usar 5G para detetar incurs\u00f5es - Portal Tela Portugal\",\"isPartOf\":{\"@id\":\"https:\/\/portaltela.pt\/#website\"},\"primaryImageOfPage\":{\"@id\":\"https:\/\/portaltela.pt\/noticias\/2026\/02\/11\/bruxelas-planeia-reforcar-producao-de-drones-e-usar-5g-para-detetar-incursoes\/#primaryimage\"},\"image\":{\"@id\":\"https:\/\/portaltela.pt\/noticias\/2026\/02\/11\/bruxelas-planeia-reforcar-producao-de-drones-e-usar-5g-para-detetar-incursoes\/#primaryimage\"},\"thumbnailUrl\":\"https:\/\/portaltela.pt\/s.01k8rhncp4jt1\/2026\/02\/image-880.jpg\",\"datePublished\":\"2026-02-11T14:42:00+00:00\",\"author\":{\"@id\":\"https:\/\/portaltela.pt\/#\/schema\/person\/c4278d4a6028830caff9ee44b42d32ed\"},\"breadcrumb\":{\"@id\":\"https:\/\/portaltela.pt\/noticias\/2026\/02\/11\/bruxelas-planeia-reforcar-producao-de-drones-e-usar-5g-para-detetar-incursoes\/#breadcrumb\"},\"inLanguage\":\"pt-PT\",\"potentialAction\":[{\"@type\":\"ReadAction\",\"target\":[\"https:\/\/portaltela.pt\/noticias\/2026\/02\/11\/bruxelas-planeia-reforcar-producao-de-drones-e-usar-5g-para-detetar-incursoes\/\"]}]},{\"@type\":\"ImageObject\",\"inLanguage\":\"pt-PT\",\"@id\":\"https:\/\/portaltela.pt\/noticias\/2026\/02\/11\/bruxelas-planeia-reforcar-producao-de-drones-e-usar-5g-para-detetar-incursoes\/#primaryimage\",\"url\":\"https:\/\/portaltela.pt\/s.01k8rhncp4jt1\/2026\/02\/image-880.jpg\",\"contentUrl\":\"https:\/\/portaltela.pt\/s.01k8rhncp4jt1\/2026\/02\/image-880.jpg\",\"width\":796,\"height\":448,\"caption\":\"Europa refor\u00e7a medidas contra incurs\u00f5es de drones em \u00e1reas sens\u00edveis\"},{\"@type\":\"BreadcrumbList\",\"@id\":\"https:\/\/portaltela.pt\/noticias\/2026\/02\/11\/bruxelas-planeia-reforcar-producao-de-drones-e-usar-5g-para-detetar-incursoes\/#breadcrumb\",\"itemListElement\":[{\"@type\":\"ListItem\",\"position\":1,\"name\":\"In\u00edcio\",\"item\":\"https:\/\/portaltela.pt\/\"},{\"@type\":\"ListItem\",\"position\":2,\"name\":\"Bruxelas planeia refor\u00e7ar produ\u00e7\u00e3o de drones e usar 5G para detetar incurs\u00f5es\"}]},{\"@type\":\"WebSite\",\"@id\":\"https:\/\/portaltela.pt\/#website\",\"url\":\"https:\/\/portaltela.pt\/\",\"name\":\"Portal Tela Portugal\",\"description\":\"\",\"potentialAction\":[{\"@type\":\"SearchAction\",\"target\":{\"@type\":\"EntryPoint\",\"urlTemplate\":\"https:\/\/portaltela.pt\/?s={search_term_string}\"},\"query-input\":{\"@type\":\"PropertyValueSpecification\",\"valueRequired\":true,\"valueName\":\"search_term_string\"}}],\"inLanguage\":\"pt-PT\"},{\"@type\":\"Person\",\"@id\":\"https:\/\/portaltela.pt\/#\/schema\/person\/c4278d4a6028830caff9ee44b42d32ed\",\"name\":\"Telinha\",\"image\":{\"@type\":\"ImageObject\",\"inLanguage\":\"pt-PT\",\"@id\":\"https:\/\/portaltela.pt\/s.01k8rhncp4jt1\/2025\/11\/talking-bot-125x125.png\",\"url\":\"https:\/\/portaltela.pt\/s.01k8rhncp4jt1\/2025\/11\/talking-bot-125x125.png\",\"contentUrl\":\"https:\/\/portaltela.pt\/s.01k8rhncp4jt1\/2025\/11\/talking-bot-125x125.png\",\"caption\":\"Telinha\"},\"sameAs\":[\"https:\/\/portaltela.pt\/\"],\"url\":\"https:\/\/portaltela.pt\/por\/367410592786\/\"}]}<\/script>\n<!-- \/ Yoast SEO plugin. -->","yoast_head_json":{"title":"Bruxelas planeia refor\u00e7ar produ\u00e7\u00e3o de drones e usar 5G para detetar incurs\u00f5es - Portal Tela Portugal","robots":{"index":"index","follow":"follow","max-snippet":"max-snippet:-1","max-image-preview":"max-image-preview:large","max-video-preview":"max-video-preview:-1"},"og_locale":"pt_PT","og_type":"article","og_title":"Bruxelas planeia refor\u00e7ar produ\u00e7\u00e3o de drones e usar 5G para detetar incurs\u00f5es - Portal Tela Portugal","og_description":"A Comiss\u00e3o Europeia apresentou um Plano de A\u00e7\u00e3o para os Drones para refor\u00e7ar a produ\u00e7\u00e3o industrial de drones na Uni\u00e3o Europeia e usar redes 5G para detetar e neutralizar entradas n\u00e3o autorizadas no espa\u00e7o a\u00e9reo. Ser\u00e3o mobilizados quaroentros milh\u00f5es de euros para apoiar os Estados-membros na compra de drones: cento e cinquenta milh\u00f5es para seguran\u00e7a das fronteiras e opera\u00e7\u00f5es conjuntas da Frontex, e duzentos e cinquenta milh\u00f5es para aquisi\u00e7\u00e3o direta de sistemas de drones. A UE pretende criar um Centro de Excel\u00eancia Antidrone, operacional a partir de 2027, para promover inova\u00e7\u00e3o e acelerar o crescimento da produ\u00e7\u00e3o europeia. O plano prev\u00ea ainda usar redes m\u00f3veis 5G como radar distribu\u00eddo para detetar drones, sublinhando a urg\u00eancia da implementa\u00e7\u00e3o na Europa. Foi anunciado um pacote de seguran\u00e7a j\u00e1 neste ver\u00e3o que obriga praticamente todos os drones a serem registados, incluindo drones com mais de cem gramas, mantendo a exce\u00e7\u00e3o para uso amador em contexto de passatempo. A UE tamb\u00e9m prop\u00f5e um r\u00f3tulo de confian\u00e7a para drones e a harmoniza\u00e7\u00e3o de restri\u00e7\u00f5es de circula\u00e7\u00e3o a\u00e9rea por zonas geogr\u00e1ficas, com o objetivo de implementar, a longo prazo, o geofencing.","og_url":"https:\/\/portaltela.pt\/noticias\/2026\/02\/11\/bruxelas-planeia-reforcar-producao-de-drones-e-usar-5g-para-detetar-incursoes\/","og_site_name":"Portal Tela Portugal","article_published_time":"2026-02-11T14:42:00+00:00","author":"Telinha","twitter_card":"summary_large_image","twitter_misc":{"Escrito por":"Telinha","Tempo estimado de leitura":"2 minutos"},"schema":{"@context":"https:\/\/schema.org","@graph":[{"@type":"Article","@id":"https:\/\/portaltela.pt\/noticias\/2026\/02\/11\/bruxelas-planeia-reforcar-producao-de-drones-e-usar-5g-para-detetar-incursoes\/#article","isPartOf":{"@id":"https:\/\/portaltela.pt\/noticias\/2026\/02\/11\/bruxelas-planeia-reforcar-producao-de-drones-e-usar-5g-para-detetar-incursoes\/"},"author":{"name":"Telinha","@id":"https:\/\/portaltela.pt\/#\/schema\/person\/c4278d4a6028830caff9ee44b42d32ed"},"headline":"Bruxelas planeia refor\u00e7ar produ\u00e7\u00e3o de drones e usar 5G para detetar incurs\u00f5es","datePublished":"2026-02-11T14:42:00+00:00","mainEntityOfPage":{"@id":"https:\/\/portaltela.pt\/noticias\/2026\/02\/11\/bruxelas-planeia-reforcar-producao-de-drones-e-usar-5g-para-detetar-incursoes\/"},"wordCount":412,"image":{"@id":"https:\/\/portaltela.pt\/noticias\/2026\/02\/11\/bruxelas-planeia-reforcar-producao-de-drones-e-usar-5g-para-detetar-incursoes\/#primaryimage"},"thumbnailUrl":"https:\/\/portaltela.pt\/s.01k8rhncp4jt1\/2026\/02\/image-880.jpg","keywords":["5G API Sprint","5G Challenge","5G Standalone","a aeron\u00e1utica","fronteiras","Uni\u00e3o Europeia"],"articleSection":["Not\u00edcias"],"inLanguage":"pt-PT"},{"@type":"WebPage","@id":"https:\/\/portaltela.pt\/noticias\/2026\/02\/11\/bruxelas-planeia-reforcar-producao-de-drones-e-usar-5g-para-detetar-incursoes\/","url":"https:\/\/portaltela.pt\/noticias\/2026\/02\/11\/bruxelas-planeia-reforcar-producao-de-drones-e-usar-5g-para-detetar-incursoes\/","name":"Bruxelas planeia refor\u00e7ar produ\u00e7\u00e3o de drones e usar 5G para detetar incurs\u00f5es - Portal Tela Portugal","isPartOf":{"@id":"https:\/\/portaltela.pt\/#website"},"primaryImageOfPage":{"@id":"https:\/\/portaltela.pt\/noticias\/2026\/02\/11\/bruxelas-planeia-reforcar-producao-de-drones-e-usar-5g-para-detetar-incursoes\/#primaryimage"},"image":{"@id":"https:\/\/portaltela.pt\/noticias\/2026\/02\/11\/bruxelas-planeia-reforcar-producao-de-drones-e-usar-5g-para-detetar-incursoes\/#primaryimage"},"thumbnailUrl":"https:\/\/portaltela.pt\/s.01k8rhncp4jt1\/2026\/02\/image-880.jpg","datePublished":"2026-02-11T14:42:00+00:00","author":{"@id":"https:\/\/portaltela.pt\/#\/schema\/person\/c4278d4a6028830caff9ee44b42d32ed"},"breadcrumb":{"@id":"https:\/\/portaltela.pt\/noticias\/2026\/02\/11\/bruxelas-planeia-reforcar-producao-de-drones-e-usar-5g-para-detetar-incursoes\/#breadcrumb"},"inLanguage":"pt-PT","potentialAction":[{"@type":"ReadAction","target":["https:\/\/portaltela.pt\/noticias\/2026\/02\/11\/bruxelas-planeia-reforcar-producao-de-drones-e-usar-5g-para-detetar-incursoes\/"]}]},{"@type":"ImageObject","inLanguage":"pt-PT","@id":"https:\/\/portaltela.pt\/noticias\/2026\/02\/11\/bruxelas-planeia-reforcar-producao-de-drones-e-usar-5g-para-detetar-incursoes\/#primaryimage","url":"https:\/\/portaltela.pt\/s.01k8rhncp4jt1\/2026\/02\/image-880.jpg","contentUrl":"https:\/\/portaltela.pt\/s.01k8rhncp4jt1\/2026\/02\/image-880.jpg","width":796,"height":448,"caption":"Europa refor\u00e7a medidas contra incurs\u00f5es de drones em \u00e1reas sens\u00edveis"},{"@type":"BreadcrumbList","@id":"https:\/\/portaltela.pt\/noticias\/2026\/02\/11\/bruxelas-planeia-reforcar-producao-de-drones-e-usar-5g-para-detetar-incursoes\/#breadcrumb","itemListElement":[{"@type":"ListItem","position":1,"name":"In\u00edcio","item":"https:\/\/portaltela.pt\/"},{"@type":"ListItem","position":2,"name":"Bruxelas planeia refor\u00e7ar produ\u00e7\u00e3o de drones e usar 5G para detetar incurs\u00f5es"}]},{"@type":"WebSite","@id":"https:\/\/portaltela.pt\/#website","url":"https:\/\/portaltela.pt\/","name":"Portal Tela Portugal","description":"","potentialAction":[{"@type":"SearchAction","target":{"@type":"EntryPoint","urlTemplate":"https:\/\/portaltela.pt\/?s={search_term_string}"},"query-input":{"@type":"PropertyValueSpecification","valueRequired":true,"valueName":"search_term_string"}}],"inLanguage":"pt-PT"},{"@type":"Person","@id":"https:\/\/portaltela.pt\/#\/schema\/person\/c4278d4a6028830caff9ee44b42d32ed","name":"Telinha","image":{"@type":"ImageObject","inLanguage":"pt-PT","@id":"https:\/\/portaltela.pt\/s.01k8rhncp4jt1\/2025\/11\/talking-bot-125x125.png","url":"https:\/\/portaltela.pt\/s.01k8rhncp4jt1\/2025\/11\/talking-bot-125x125.png","contentUrl":"https:\/\/portaltela.pt\/s.01k8rhncp4jt1\/2025\/11\/talking-bot-125x125.png","caption":"Telinha"},"sameAs":["https:\/\/portaltela.pt\/"],"url":"https:\/\/portaltela.pt\/por\/367410592786\/"}]}},"_links":{"self":[{"href":"https:\/\/portaltela.pt\/api\/wp\/v2\/posts\/208282","targetHints":{"allow":["GET"]}}],"collection":[{"href":"https:\/\/portaltela.pt\/api\/wp\/v2\/posts"}],"about":[{"href":"https:\/\/portaltela.pt\/api\/wp\/v2\/types\/post"}],"author":[{"embeddable":true,"href":"https:\/\/portaltela.pt\/api\/wp\/v2\/users\/2"}],"replies":[{"embeddable":true,"href":"https:\/\/portaltela.pt\/api\/wp\/v2\/comments?post=208282"}],"version-history":[{"count":0,"href":"https:\/\/portaltela.pt\/api\/wp\/v2\/posts\/208282\/revisions"}],"wp:featuredmedia":[{"embeddable":true,"href":"https:\/\/portaltela.pt\/api\/wp\/v2\/media\/208289"}],"wp:attachment":[{"href":"https:\/\/portaltela.pt\/api\/wp\/v2\/media?parent=208282"}],"wp:term":[{"taxonomy":"category","embeddable":true,"href":"https:\/\/portaltela.pt\/api\/wp\/v2\/categories?post=208282"},{"taxonomy":"post_tag","embeddable":true,"href":"https:\/\/portaltela.pt\/api\/wp\/v2\/tags?post=208282"}],"curies":[{"name":"wp","href":"https:\/\/api.w.org\/{rel}","templated":true}]}}