{"id":208281,"date":"2026-02-11T11:52:00","date_gmt":"2026-02-11T14:52:00","guid":{"rendered":"https:\/\/portaltela.pt\/noticias\/2026\/02\/11\/vinhos-de-fernando-melo-a-importancia-da-assinatura-na-selecao\/"},"modified":"2026-02-11T11:52:00","modified_gmt":"2026-02-11T14:52:00","slug":"vinhos-de-fernando-melo-a-importancia-da-assinatura-na-selecao","status":"publish","type":"post","link":"https:\/\/portaltela.pt\/noticias\/2026\/02\/11\/vinhos-de-fernando-melo-a-importancia-da-assinatura-na-selecao\/","title":{"rendered":"Vinhos de Fernando Melo: a import\u00e2ncia da assinatura na sele\u00e7\u00e3o"},"content":{"rendered":"<p>Um Alvarinho da regi\u00e3o dos Vinhos Verdes, produzido em Mon\u00e7\u00e3o e Melga\u00e7o, chega \u00e0 segunda edi\u00e7\u00e3o. O projeto une um produtor de nome reconhecido e um amigo en\u00f3logo, numa parceria que visa criar um vinho distinto.<\/p>\n<p>Depois, em Sonim, Tr\u00e1s-os-Montes, surgiu h\u00e1 pouco mais um exemplo da casta Touriga Nacional, plantada em solos gran\u00edticos. A produ\u00e7\u00e3o destaca o talento da regi\u00e3o e a diversidade das vinhas locais.<\/p>\n<p>Por fim, um tinto do Douro \u00e9 exibido como fenomenal, assentes em vinhas cl\u00e1ssicas. A refer\u00eancia aponta para um perfil evanescente, com futuro ainda por revelar e potencial de evolu\u00e7\u00e3o.<\/p>\n<h3>Alvarinho de Mon\u00e7\u00e3o e Melga\u00e7o<\/h3>\n<p>O Alvarinho \u00e9 apresentado como continuidade de uma linha j\u00e1 estabelecida. A segunda edi\u00e7\u00e3o refor\u00e7a a assinatura entre o produtor e o en\u00f3logo, enfatizando qualidade e autenticidade regional.<\/p>\n<h3>Touriga Nacional em Sonim, Tr\u00e1s-os-Montes<\/h3>\n<p>A aposta em Touriga Nacional em solos gran\u00edticos refor\u00e7a a express\u00e3o da casta. O foco est\u00e1 na mineralidade e na eleg\u00e2ncia do vinho, t\u00edpico da regi\u00e3o.<\/p>\n<h3>Douro: tinto com potencial<\/h3>\n<p>O Douro surge com um tinto que promete acompanhar o caminhar de vinhas hist\u00f3ricas. A descri\u00e7\u00e3o aponta para uma experi\u00eancia gustativa s\u00f3lida e com margem de evolu\u00e7\u00e3o.<\/p>\n","protected":false},"excerpt":{"rendered":"<ul>\n<li>Alvarinho da regi\u00e3o dos Vinhos Verdes, em Mon\u00e7\u00e3o e Melga\u00e7o, chega \u00e0 segunda edi\u00e7\u00e3o, criado por um produtor com nome reconhecido e com a colabora\u00e7\u00e3o de um en\u00f3logo amigo.<\/li>\n<li>Segue-se Sonim, em Tr\u00e1s-os-Montes, com a casta Touriga Nacional cultivada em solos gran\u00edticos.<\/li>\n<li>Em Douro, \u00e9 apresentado um tinto de vinhas cl\u00e1ssicas, que sinaliza o potencial da regi\u00e3o.<\/li>\n<\/ul>\n","protected":false},"author":2,"featured_media":208291,"comment_status":"closed","ping_status":"closed","sticky":false,"template":"","format":"standard","meta":{"footnotes":""},"categories":[1],"tags":[1194,2000,3673,5586,779],"class_list":["post-208281","post","type-post","status-publish","format-standard","has-post-thumbnail","hentry","category-noticias","tag-douro","tag-moncao","tag-touriga-nacional","tag-vinho","tag-vinhos"],"yoast_head":"<!-- This site is optimized with the Yoast SEO plugin v27.2 - https:\/\/yoast.com\/product\/yoast-seo-wordpress\/ -->\n<title>Vinhos de Fernando Melo: a import\u00e2ncia da assinatura na sele\u00e7\u00e3o - Portal Tela Portugal<\/title>\n<meta name=\"robots\" content=\"index, follow, max-snippet:-1, max-image-preview:large, max-video-preview:-1\" \/>\n<meta property=\"og:locale\" content=\"pt_PT\" \/>\n<meta property=\"og:type\" content=\"article\" \/>\n<meta property=\"og:title\" content=\"Vinhos de Fernando Melo: a import\u00e2ncia da assinatura na sele\u00e7\u00e3o - Portal Tela Portugal\" \/>\n<meta property=\"og:description\" content=\"Alvarinho da regi\u00e3o dos Vinhos Verdes, em Mon\u00e7\u00e3o e Melga\u00e7o, chega \u00e0 segunda edi\u00e7\u00e3o, criado por um produtor com nome reconhecido e com a colabora\u00e7\u00e3o de um en\u00f3logo amigo. Segue-se Sonim, em Tr\u00e1s-os-Montes, com a casta Touriga Nacional cultivada em solos gran\u00edticos. Em Douro, \u00e9 apresentado um tinto de vinhas cl\u00e1ssicas, que sinaliza o potencial da regi\u00e3o.\" \/>\n<meta property=\"og:url\" content=\"https:\/\/portaltela.pt\/noticias\/2026\/02\/11\/vinhos-de-fernando-melo-a-importancia-da-assinatura-na-selecao\/\" \/>\n<meta property=\"og:site_name\" content=\"Portal Tela Portugal\" \/>\n<meta property=\"article:published_time\" content=\"2026-02-11T14:52:00+00:00\" \/>\n<meta name=\"author\" content=\"Telinha\" \/>\n<meta name=\"twitter:card\" content=\"summary_large_image\" \/>\n<meta name=\"twitter:label1\" content=\"Escrito por\" \/>\n\t<meta name=\"twitter:data1\" content=\"Telinha\" \/>\n\t<meta name=\"twitter:label2\" content=\"Tempo estimado de leitura\" \/>\n\t<meta name=\"twitter:data2\" content=\"1 minuto\" \/>\n<script type=\"application\/ld+json\" class=\"yoast-schema-graph\">{\"@context\":\"https:\/\/schema.org\",\"@graph\":[{\"@type\":\"Article\",\"@id\":\"https:\/\/portaltela.pt\/noticias\/2026\/02\/11\/vinhos-de-fernando-melo-a-importancia-da-assinatura-na-selecao\/#article\",\"isPartOf\":{\"@id\":\"https:\/\/portaltela.pt\/noticias\/2026\/02\/11\/vinhos-de-fernando-melo-a-importancia-da-assinatura-na-selecao\/\"},\"author\":{\"name\":\"Telinha\",\"@id\":\"https:\/\/portaltela.pt\/#\/schema\/person\/c4278d4a6028830caff9ee44b42d32ed\"},\"headline\":\"Vinhos de Fernando Melo: a import\u00e2ncia da assinatura na sele\u00e7\u00e3o\",\"datePublished\":\"2026-02-11T14:52:00+00:00\",\"mainEntityOfPage\":{\"@id\":\"https:\/\/portaltela.pt\/noticias\/2026\/02\/11\/vinhos-de-fernando-melo-a-importancia-da-assinatura-na-selecao\/\"},\"wordCount\":230,\"image\":{\"@id\":\"https:\/\/portaltela.pt\/noticias\/2026\/02\/11\/vinhos-de-fernando-melo-a-importancia-da-assinatura-na-selecao\/#primaryimage\"},\"thumbnailUrl\":\"https:\/\/portaltela.pt\/s.01k8rhncp4jt1\/2026\/02\/image-881.jpg\",\"keywords\":[\"Douro\",\"Mon\u00e7\u00e3o\",\"Touriga Nacional\",\"vinho\",\"vinhos\"],\"articleSection\":[\"Not\u00edcias\"],\"inLanguage\":\"pt-PT\"},{\"@type\":\"WebPage\",\"@id\":\"https:\/\/portaltela.pt\/noticias\/2026\/02\/11\/vinhos-de-fernando-melo-a-importancia-da-assinatura-na-selecao\/\",\"url\":\"https:\/\/portaltela.pt\/noticias\/2026\/02\/11\/vinhos-de-fernando-melo-a-importancia-da-assinatura-na-selecao\/\",\"name\":\"Vinhos de Fernando Melo: a import\u00e2ncia da assinatura na sele\u00e7\u00e3o - Portal Tela Portugal\",\"isPartOf\":{\"@id\":\"https:\/\/portaltela.pt\/#website\"},\"primaryImageOfPage\":{\"@id\":\"https:\/\/portaltela.pt\/noticias\/2026\/02\/11\/vinhos-de-fernando-melo-a-importancia-da-assinatura-na-selecao\/#primaryimage\"},\"image\":{\"@id\":\"https:\/\/portaltela.pt\/noticias\/2026\/02\/11\/vinhos-de-fernando-melo-a-importancia-da-assinatura-na-selecao\/#primaryimage\"},\"thumbnailUrl\":\"https:\/\/portaltela.pt\/s.01k8rhncp4jt1\/2026\/02\/image-881.jpg\",\"datePublished\":\"2026-02-11T14:52:00+00:00\",\"author\":{\"@id\":\"https:\/\/portaltela.pt\/#\/schema\/person\/c4278d4a6028830caff9ee44b42d32ed\"},\"breadcrumb\":{\"@id\":\"https:\/\/portaltela.pt\/noticias\/2026\/02\/11\/vinhos-de-fernando-melo-a-importancia-da-assinatura-na-selecao\/#breadcrumb\"},\"inLanguage\":\"pt-PT\",\"potentialAction\":[{\"@type\":\"ReadAction\",\"target\":[\"https:\/\/portaltela.pt\/noticias\/2026\/02\/11\/vinhos-de-fernando-melo-a-importancia-da-assinatura-na-selecao\/\"]}]},{\"@type\":\"ImageObject\",\"inLanguage\":\"pt-PT\",\"@id\":\"https:\/\/portaltela.pt\/noticias\/2026\/02\/11\/vinhos-de-fernando-melo-a-importancia-da-assinatura-na-selecao\/#primaryimage\",\"url\":\"https:\/\/portaltela.pt\/s.01k8rhncp4jt1\/2026\/02\/image-881.jpg\",\"contentUrl\":\"https:\/\/portaltela.pt\/s.01k8rhncp4jt1\/2026\/02\/image-881.jpg\",\"width\":796,\"height\":448,\"caption\":\"Foto: Freepik\"},{\"@type\":\"BreadcrumbList\",\"@id\":\"https:\/\/portaltela.pt\/noticias\/2026\/02\/11\/vinhos-de-fernando-melo-a-importancia-da-assinatura-na-selecao\/#breadcrumb\",\"itemListElement\":[{\"@type\":\"ListItem\",\"position\":1,\"name\":\"In\u00edcio\",\"item\":\"https:\/\/portaltela.pt\/\"},{\"@type\":\"ListItem\",\"position\":2,\"name\":\"Vinhos de Fernando Melo: a import\u00e2ncia da assinatura na sele\u00e7\u00e3o\"}]},{\"@type\":\"WebSite\",\"@id\":\"https:\/\/portaltela.pt\/#website\",\"url\":\"https:\/\/portaltela.pt\/\",\"name\":\"Portal Tela Portugal\",\"description\":\"\",\"potentialAction\":[{\"@type\":\"SearchAction\",\"target\":{\"@type\":\"EntryPoint\",\"urlTemplate\":\"https:\/\/portaltela.pt\/?s={search_term_string}\"},\"query-input\":{\"@type\":\"PropertyValueSpecification\",\"valueRequired\":true,\"valueName\":\"search_term_string\"}}],\"inLanguage\":\"pt-PT\"},{\"@type\":\"Person\",\"@id\":\"https:\/\/portaltela.pt\/#\/schema\/person\/c4278d4a6028830caff9ee44b42d32ed\",\"name\":\"Telinha\",\"image\":{\"@type\":\"ImageObject\",\"inLanguage\":\"pt-PT\",\"@id\":\"https:\/\/portaltela.pt\/s.01k8rhncp4jt1\/2025\/11\/talking-bot-125x125.png\",\"url\":\"https:\/\/portaltela.pt\/s.01k8rhncp4jt1\/2025\/11\/talking-bot-125x125.png\",\"contentUrl\":\"https:\/\/portaltela.pt\/s.01k8rhncp4jt1\/2025\/11\/talking-bot-125x125.png\",\"caption\":\"Telinha\"},\"sameAs\":[\"https:\/\/portaltela.pt\/\"],\"url\":\"https:\/\/portaltela.pt\/por\/367410592786\/\"}]}<\/script>\n<!-- \/ Yoast SEO plugin. -->","yoast_head_json":{"title":"Vinhos de Fernando Melo: a import\u00e2ncia da assinatura na sele\u00e7\u00e3o - Portal Tela Portugal","robots":{"index":"index","follow":"follow","max-snippet":"max-snippet:-1","max-image-preview":"max-image-preview:large","max-video-preview":"max-video-preview:-1"},"og_locale":"pt_PT","og_type":"article","og_title":"Vinhos de Fernando Melo: a import\u00e2ncia da assinatura na sele\u00e7\u00e3o - Portal Tela Portugal","og_description":"Alvarinho da regi\u00e3o dos Vinhos Verdes, em Mon\u00e7\u00e3o e Melga\u00e7o, chega \u00e0 segunda edi\u00e7\u00e3o, criado por um produtor com nome reconhecido e com a colabora\u00e7\u00e3o de um en\u00f3logo amigo. Segue-se Sonim, em Tr\u00e1s-os-Montes, com a casta Touriga Nacional cultivada em solos gran\u00edticos. Em Douro, \u00e9 apresentado um tinto de vinhas cl\u00e1ssicas, que sinaliza o potencial da regi\u00e3o.","og_url":"https:\/\/portaltela.pt\/noticias\/2026\/02\/11\/vinhos-de-fernando-melo-a-importancia-da-assinatura-na-selecao\/","og_site_name":"Portal Tela Portugal","article_published_time":"2026-02-11T14:52:00+00:00","author":"Telinha","twitter_card":"summary_large_image","twitter_misc":{"Escrito por":"Telinha","Tempo estimado de leitura":"1 minuto"},"schema":{"@context":"https:\/\/schema.org","@graph":[{"@type":"Article","@id":"https:\/\/portaltela.pt\/noticias\/2026\/02\/11\/vinhos-de-fernando-melo-a-importancia-da-assinatura-na-selecao\/#article","isPartOf":{"@id":"https:\/\/portaltela.pt\/noticias\/2026\/02\/11\/vinhos-de-fernando-melo-a-importancia-da-assinatura-na-selecao\/"},"author":{"name":"Telinha","@id":"https:\/\/portaltela.pt\/#\/schema\/person\/c4278d4a6028830caff9ee44b42d32ed"},"headline":"Vinhos de Fernando Melo: a import\u00e2ncia da assinatura na sele\u00e7\u00e3o","datePublished":"2026-02-11T14:52:00+00:00","mainEntityOfPage":{"@id":"https:\/\/portaltela.pt\/noticias\/2026\/02\/11\/vinhos-de-fernando-melo-a-importancia-da-assinatura-na-selecao\/"},"wordCount":230,"image":{"@id":"https:\/\/portaltela.pt\/noticias\/2026\/02\/11\/vinhos-de-fernando-melo-a-importancia-da-assinatura-na-selecao\/#primaryimage"},"thumbnailUrl":"https:\/\/portaltela.pt\/s.01k8rhncp4jt1\/2026\/02\/image-881.jpg","keywords":["Douro","Mon\u00e7\u00e3o","Touriga Nacional","vinho","vinhos"],"articleSection":["Not\u00edcias"],"inLanguage":"pt-PT"},{"@type":"WebPage","@id":"https:\/\/portaltela.pt\/noticias\/2026\/02\/11\/vinhos-de-fernando-melo-a-importancia-da-assinatura-na-selecao\/","url":"https:\/\/portaltela.pt\/noticias\/2026\/02\/11\/vinhos-de-fernando-melo-a-importancia-da-assinatura-na-selecao\/","name":"Vinhos de Fernando Melo: a import\u00e2ncia da assinatura na sele\u00e7\u00e3o - Portal Tela Portugal","isPartOf":{"@id":"https:\/\/portaltela.pt\/#website"},"primaryImageOfPage":{"@id":"https:\/\/portaltela.pt\/noticias\/2026\/02\/11\/vinhos-de-fernando-melo-a-importancia-da-assinatura-na-selecao\/#primaryimage"},"image":{"@id":"https:\/\/portaltela.pt\/noticias\/2026\/02\/11\/vinhos-de-fernando-melo-a-importancia-da-assinatura-na-selecao\/#primaryimage"},"thumbnailUrl":"https:\/\/portaltela.pt\/s.01k8rhncp4jt1\/2026\/02\/image-881.jpg","datePublished":"2026-02-11T14:52:00+00:00","author":{"@id":"https:\/\/portaltela.pt\/#\/schema\/person\/c4278d4a6028830caff9ee44b42d32ed"},"breadcrumb":{"@id":"https:\/\/portaltela.pt\/noticias\/2026\/02\/11\/vinhos-de-fernando-melo-a-importancia-da-assinatura-na-selecao\/#breadcrumb"},"inLanguage":"pt-PT","potentialAction":[{"@type":"ReadAction","target":["https:\/\/portaltela.pt\/noticias\/2026\/02\/11\/vinhos-de-fernando-melo-a-importancia-da-assinatura-na-selecao\/"]}]},{"@type":"ImageObject","inLanguage":"pt-PT","@id":"https:\/\/portaltela.pt\/noticias\/2026\/02\/11\/vinhos-de-fernando-melo-a-importancia-da-assinatura-na-selecao\/#primaryimage","url":"https:\/\/portaltela.pt\/s.01k8rhncp4jt1\/2026\/02\/image-881.jpg","contentUrl":"https:\/\/portaltela.pt\/s.01k8rhncp4jt1\/2026\/02\/image-881.jpg","width":796,"height":448,"caption":"Foto: Freepik"},{"@type":"BreadcrumbList","@id":"https:\/\/portaltela.pt\/noticias\/2026\/02\/11\/vinhos-de-fernando-melo-a-importancia-da-assinatura-na-selecao\/#breadcrumb","itemListElement":[{"@type":"ListItem","position":1,"name":"In\u00edcio","item":"https:\/\/portaltela.pt\/"},{"@type":"ListItem","position":2,"name":"Vinhos de Fernando Melo: a import\u00e2ncia da assinatura na sele\u00e7\u00e3o"}]},{"@type":"WebSite","@id":"https:\/\/portaltela.pt\/#website","url":"https:\/\/portaltela.pt\/","name":"Portal Tela Portugal","description":"","potentialAction":[{"@type":"SearchAction","target":{"@type":"EntryPoint","urlTemplate":"https:\/\/portaltela.pt\/?s={search_term_string}"},"query-input":{"@type":"PropertyValueSpecification","valueRequired":true,"valueName":"search_term_string"}}],"inLanguage":"pt-PT"},{"@type":"Person","@id":"https:\/\/portaltela.pt\/#\/schema\/person\/c4278d4a6028830caff9ee44b42d32ed","name":"Telinha","image":{"@type":"ImageObject","inLanguage":"pt-PT","@id":"https:\/\/portaltela.pt\/s.01k8rhncp4jt1\/2025\/11\/talking-bot-125x125.png","url":"https:\/\/portaltela.pt\/s.01k8rhncp4jt1\/2025\/11\/talking-bot-125x125.png","contentUrl":"https:\/\/portaltela.pt\/s.01k8rhncp4jt1\/2025\/11\/talking-bot-125x125.png","caption":"Telinha"},"sameAs":["https:\/\/portaltela.pt\/"],"url":"https:\/\/portaltela.pt\/por\/367410592786\/"}]}},"_links":{"self":[{"href":"https:\/\/portaltela.pt\/api\/wp\/v2\/posts\/208281","targetHints":{"allow":["GET"]}}],"collection":[{"href":"https:\/\/portaltela.pt\/api\/wp\/v2\/posts"}],"about":[{"href":"https:\/\/portaltela.pt\/api\/wp\/v2\/types\/post"}],"author":[{"embeddable":true,"href":"https:\/\/portaltela.pt\/api\/wp\/v2\/users\/2"}],"replies":[{"embeddable":true,"href":"https:\/\/portaltela.pt\/api\/wp\/v2\/comments?post=208281"}],"version-history":[{"count":0,"href":"https:\/\/portaltela.pt\/api\/wp\/v2\/posts\/208281\/revisions"}],"wp:featuredmedia":[{"embeddable":true,"href":"https:\/\/portaltela.pt\/api\/wp\/v2\/media\/208291"}],"wp:attachment":[{"href":"https:\/\/portaltela.pt\/api\/wp\/v2\/media?parent=208281"}],"wp:term":[{"taxonomy":"category","embeddable":true,"href":"https:\/\/portaltela.pt\/api\/wp\/v2\/categories?post=208281"},{"taxonomy":"post_tag","embeddable":true,"href":"https:\/\/portaltela.pt\/api\/wp\/v2\/tags?post=208281"}],"curies":[{"name":"wp","href":"https:\/\/api.w.org\/{rel}","templated":true}]}}