{"id":208215,"date":"2026-02-11T11:09:09","date_gmt":"2026-02-11T14:09:09","guid":{"rendered":"https:\/\/portaltela.pt\/noticias\/2026\/02\/11\/nato-inicia-nova-missao-para-reforcar-a-seguranca-no-artico\/"},"modified":"2026-02-11T11:09:09","modified_gmt":"2026-02-11T14:09:09","slug":"nato-inicia-nova-missao-para-reforcar-a-seguranca-no-artico","status":"publish","type":"post","link":"https:\/\/portaltela.pt\/noticias\/2026\/02\/11\/nato-inicia-nova-missao-para-reforcar-a-seguranca-no-artico\/","title":{"rendered":"NATO inicia nova miss\u00e3o para refor\u00e7ar a seguran\u00e7a no \u00c1rtico"},"content":{"rendered":"<p>A NATO iniciou nesta quarta-feira uma nova miss\u00e3o destinada a refor\u00e7ar a seguran\u00e7a no \u00c1rtico. A iniciativa visa manter a estabilidade numa regi\u00e3o de import\u00e2ncia estrat\u00e9gica, ap\u00f3s o recuo do Presidente dos EUA, Donald Trump, das amea\u00e7as de anexa\u00e7\u00e3o da Gronel\u00e2ndia.<\/p>\n<p>Intitulada Arctic Sentry, a miss\u00e3o \u00e9 descrita pela NATO como uma nova atividade de coopera\u00e7\u00e3o, voltada a coordenar opera\u00e7\u00f5es j\u00e1 existentes. O objetivo \u00e9 proteger territ\u00f3rio aliando recursos dos membros e presentear a regi\u00e3o com maior presen\u00e7a diplom\u00e1tica e militar.<\/p>\n<p>O comandante supremo da NATO, citado pela AFP, afirmou que a opera\u00e7\u00e3o usa o poder coletivo da alian\u00e7a para assegurar o \u00c1rtico e o Alto Norte. A NATO adianta que o refor\u00e7o poder\u00e1 incluir exerc\u00edcios e miss\u00f5es em terra, mar e plataformas navais.<\/p>\n<p>A R\u00fassia reagiu ao an\u00fancio, assumindo que n\u00e3o hesitar\u00e1 em tomar contramedidas de natureza militar se houver refor\u00e7o ocidental na Gronel\u00e2ndia. Diplomatas da NATO asseguraram que as a\u00e7\u00f5es permanecem dentro do quadro de coopera\u00e7\u00e3o.<\/p>\n<p>A decis\u00e3o foi tomada ap\u00f3s uma reuni\u00e3o entre Donald Trump e o secret\u00e1rio-geral da NATO, Mark Rutte, em Davos, em janeiro. Na altura, ambos concordaram que a alian\u00e7a deveria assumir mais responsabilidades na regi\u00e3o.<\/p>\n<p>Fontes da NATO indicam que a Arctic Sentry pode incorporar opera\u00e7\u00f5es j\u00e1 planeadas, como o exerc\u00edcio Arctic Endurance, promovido pela Dinamarca, e o Cold Response, da Noruega. Outras a\u00e7\u00f5es podem ser consideradas conforme evolu\u00edrem as circunst\u00e2ncias.<\/p>\n<p>Embora haja abertura para novas opera\u00e7\u00f5es navais e terrestres na Gronel\u00e2ndia, nenhuma decis\u00e3o final foi alcan\u00e7ada. Diplomatas sublinham que a estrat\u00e9gia se baseia numa abordagem graduada, sem consequ\u00eancias imediatas de escalada.<\/p>\n","protected":false},"excerpt":{"rendered":"<ul>\n<li>A NATO iniciou uma nova miss\u00e3o, designada Arctic Sentry, para refor\u00e7ar a seguran\u00e7a no \u00c1rtico, anunciou-se quarta-feira, a fim de acalmar o presidente dos EUA, Donald Trump, que recuou nas amea\u00e7as de anexa\u00e7\u00e3o da Gronel\u00e2ndia.<\/li>\n<li>A miss\u00e3o visa aproveitar o poder da alian\u00e7a para proteger o territ\u00f3rio e garantir que o \u00c1rtico e o Alto Norte permane\u00e7am seguros, segundo o comandante supremo da NATO.<\/li>\n<li>a R\u00fassia avisou que tomar\u00e1 contramedidas, incluindo de natureza militar, caso haja refor\u00e7o da presen\u00e7a ocidental na Gronel\u00e2ndia.<\/li>\n<li>A decis\u00e3o foi tomada depois de um encontro em Davos, em janeiro, entre Trump e o secret\u00e1rio-geral da NATO, Mark Rutte, no qual os dois concordaram que a NATO deve assumir mais responsabilidades coletivas na regi\u00e3o.<\/li>\n<li>A opera\u00e7\u00e3o dever\u00e1 coordenar melhor a\u00e7\u00f5es j\u00e1 existentes, como os exerc\u00edcios Arctic Endurance (Dinamarca) e Cold Response (Noruega), com poss\u00edveis novas opera\u00e7\u00f5es navais ou terrestres em solo groneland\u00eas.<\/li>\n<\/ul>\n","protected":false},"author":2,"featured_media":208218,"comment_status":"closed","ping_status":"closed","sticky":false,"template":"","format":"standard","meta":{"footnotes":""},"categories":[1],"tags":[182,256,2336,5193,1779,4222],"class_list":["post-208215","post","type-post","status-publish","format-standard","has-post-thumbnail","hentry","category-noticias","tag-armas","tag-cooperacao-internacional","tag-defesa-nacional","tag-exercicios-internacionais","tag-forcas-armadas","tag-seguranca-internacional"],"yoast_head":"<!-- This site is optimized with the Yoast SEO plugin v27.2 - https:\/\/yoast.com\/product\/yoast-seo-wordpress\/ -->\n<title>NATO inicia nova miss\u00e3o para refor\u00e7ar a seguran\u00e7a no \u00c1rtico - Portal Tela Portugal<\/title>\n<meta name=\"robots\" content=\"index, follow, max-snippet:-1, max-image-preview:large, max-video-preview:-1\" \/>\n<meta property=\"og:locale\" content=\"pt_PT\" \/>\n<meta property=\"og:type\" content=\"article\" \/>\n<meta property=\"og:title\" content=\"NATO inicia nova miss\u00e3o para refor\u00e7ar a seguran\u00e7a no \u00c1rtico - Portal Tela Portugal\" \/>\n<meta property=\"og:description\" content=\"A NATO iniciou uma nova miss\u00e3o, designada Arctic Sentry, para refor\u00e7ar a seguran\u00e7a no \u00c1rtico, anunciou-se quarta-feira, a fim de acalmar o presidente dos EUA, Donald Trump, que recuou nas amea\u00e7as de anexa\u00e7\u00e3o da Gronel\u00e2ndia. A miss\u00e3o visa aproveitar o poder da alian\u00e7a para proteger o territ\u00f3rio e garantir que o \u00c1rtico e o Alto Norte permane\u00e7am seguros, segundo o comandante supremo da NATO. a R\u00fassia avisou que tomar\u00e1 contramedidas, incluindo de natureza militar, caso haja refor\u00e7o da presen\u00e7a ocidental na Gronel\u00e2ndia. A decis\u00e3o foi tomada depois de um encontro em Davos, em janeiro, entre Trump e o secret\u00e1rio-geral da NATO, Mark Rutte, no qual os dois concordaram que a NATO deve assumir mais responsabilidades coletivas na regi\u00e3o. A opera\u00e7\u00e3o dever\u00e1 coordenar melhor a\u00e7\u00f5es j\u00e1 existentes, como os exerc\u00edcios Arctic Endurance (Dinamarca) e Cold Response (Noruega), com poss\u00edveis novas opera\u00e7\u00f5es navais ou terrestres em solo groneland\u00eas.\" \/>\n<meta property=\"og:url\" content=\"https:\/\/portaltela.pt\/noticias\/2026\/02\/11\/nato-inicia-nova-missao-para-reforcar-a-seguranca-no-artico\/\" \/>\n<meta property=\"og:site_name\" content=\"Portal Tela Portugal\" \/>\n<meta property=\"article:published_time\" content=\"2026-02-11T14:09:09+00:00\" \/>\n<meta name=\"author\" content=\"Telinha\" \/>\n<meta name=\"twitter:card\" content=\"summary_large_image\" \/>\n<meta name=\"twitter:label1\" content=\"Escrito por\" \/>\n\t<meta name=\"twitter:data1\" content=\"Telinha\" \/>\n\t<meta name=\"twitter:label2\" content=\"Tempo estimado de leitura\" \/>\n\t<meta name=\"twitter:data2\" content=\"2 minutos\" \/>\n<script type=\"application\/ld+json\" class=\"yoast-schema-graph\">{\"@context\":\"https:\/\/schema.org\",\"@graph\":[{\"@type\":\"Article\",\"@id\":\"https:\/\/portaltela.pt\/noticias\/2026\/02\/11\/nato-inicia-nova-missao-para-reforcar-a-seguranca-no-artico\/#article\",\"isPartOf\":{\"@id\":\"https:\/\/portaltela.pt\/noticias\/2026\/02\/11\/nato-inicia-nova-missao-para-reforcar-a-seguranca-no-artico\/\"},\"author\":{\"name\":\"Telinha\",\"@id\":\"https:\/\/portaltela.pt\/#\/schema\/person\/c4278d4a6028830caff9ee44b42d32ed\"},\"headline\":\"NATO inicia nova miss\u00e3o para refor\u00e7ar a seguran\u00e7a no \u00c1rtico\",\"datePublished\":\"2026-02-11T14:09:09+00:00\",\"mainEntityOfPage\":{\"@id\":\"https:\/\/portaltela.pt\/noticias\/2026\/02\/11\/nato-inicia-nova-missao-para-reforcar-a-seguranca-no-artico\/\"},\"wordCount\":316,\"image\":{\"@id\":\"https:\/\/portaltela.pt\/noticias\/2026\/02\/11\/nato-inicia-nova-missao-para-reforcar-a-seguranca-no-artico\/#primaryimage\"},\"thumbnailUrl\":\"https:\/\/portaltela.pt\/s.01k8rhncp4jt1\/2026\/02\/img_1500x1000uu2026-01-31-16-34-04-2263777.jpg\",\"keywords\":[\"armas\",\"coopera\u00e7\u00e3o internacional\",\"Defesa Nacional\",\"exerc\u00edcios internacionais\",\"For\u00e7as Armadas\",\"seguran\u00e7a internacional\"],\"articleSection\":[\"Not\u00edcias\"],\"inLanguage\":\"pt-PT\"},{\"@type\":\"WebPage\",\"@id\":\"https:\/\/portaltela.pt\/noticias\/2026\/02\/11\/nato-inicia-nova-missao-para-reforcar-a-seguranca-no-artico\/\",\"url\":\"https:\/\/portaltela.pt\/noticias\/2026\/02\/11\/nato-inicia-nova-missao-para-reforcar-a-seguranca-no-artico\/\",\"name\":\"NATO inicia nova miss\u00e3o para refor\u00e7ar a seguran\u00e7a no \u00c1rtico - Portal Tela Portugal\",\"isPartOf\":{\"@id\":\"https:\/\/portaltela.pt\/#website\"},\"primaryImageOfPage\":{\"@id\":\"https:\/\/portaltela.pt\/noticias\/2026\/02\/11\/nato-inicia-nova-missao-para-reforcar-a-seguranca-no-artico\/#primaryimage\"},\"image\":{\"@id\":\"https:\/\/portaltela.pt\/noticias\/2026\/02\/11\/nato-inicia-nova-missao-para-reforcar-a-seguranca-no-artico\/#primaryimage\"},\"thumbnailUrl\":\"https:\/\/portaltela.pt\/s.01k8rhncp4jt1\/2026\/02\/img_1500x1000uu2026-01-31-16-34-04-2263777.jpg\",\"datePublished\":\"2026-02-11T14:09:09+00:00\",\"author\":{\"@id\":\"https:\/\/portaltela.pt\/#\/schema\/person\/c4278d4a6028830caff9ee44b42d32ed\"},\"breadcrumb\":{\"@id\":\"https:\/\/portaltela.pt\/noticias\/2026\/02\/11\/nato-inicia-nova-missao-para-reforcar-a-seguranca-no-artico\/#breadcrumb\"},\"inLanguage\":\"pt-PT\",\"potentialAction\":[{\"@type\":\"ReadAction\",\"target\":[\"https:\/\/portaltela.pt\/noticias\/2026\/02\/11\/nato-inicia-nova-missao-para-reforcar-a-seguranca-no-artico\/\"]}]},{\"@type\":\"ImageObject\",\"inLanguage\":\"pt-PT\",\"@id\":\"https:\/\/portaltela.pt\/noticias\/2026\/02\/11\/nato-inicia-nova-missao-para-reforcar-a-seguranca-no-artico\/#primaryimage\",\"url\":\"https:\/\/portaltela.pt\/s.01k8rhncp4jt1\/2026\/02\/img_1500x1000uu2026-01-31-16-34-04-2263777.jpg\",\"contentUrl\":\"https:\/\/portaltela.pt\/s.01k8rhncp4jt1\/2026\/02\/img_1500x1000uu2026-01-31-16-34-04-2263777.jpg\",\"width\":796,\"height\":448,\"caption\":\"Militares na Gronel\u00e2ndia\"},{\"@type\":\"BreadcrumbList\",\"@id\":\"https:\/\/portaltela.pt\/noticias\/2026\/02\/11\/nato-inicia-nova-missao-para-reforcar-a-seguranca-no-artico\/#breadcrumb\",\"itemListElement\":[{\"@type\":\"ListItem\",\"position\":1,\"name\":\"In\u00edcio\",\"item\":\"https:\/\/portaltela.pt\/\"},{\"@type\":\"ListItem\",\"position\":2,\"name\":\"NATO inicia nova miss\u00e3o para refor\u00e7ar a seguran\u00e7a no \u00c1rtico\"}]},{\"@type\":\"WebSite\",\"@id\":\"https:\/\/portaltela.pt\/#website\",\"url\":\"https:\/\/portaltela.pt\/\",\"name\":\"Portal Tela Portugal\",\"description\":\"\",\"potentialAction\":[{\"@type\":\"SearchAction\",\"target\":{\"@type\":\"EntryPoint\",\"urlTemplate\":\"https:\/\/portaltela.pt\/?s={search_term_string}\"},\"query-input\":{\"@type\":\"PropertyValueSpecification\",\"valueRequired\":true,\"valueName\":\"search_term_string\"}}],\"inLanguage\":\"pt-PT\"},{\"@type\":\"Person\",\"@id\":\"https:\/\/portaltela.pt\/#\/schema\/person\/c4278d4a6028830caff9ee44b42d32ed\",\"name\":\"Telinha\",\"image\":{\"@type\":\"ImageObject\",\"inLanguage\":\"pt-PT\",\"@id\":\"https:\/\/portaltela.pt\/s.01k8rhncp4jt1\/2025\/11\/talking-bot-125x125.png\",\"url\":\"https:\/\/portaltela.pt\/s.01k8rhncp4jt1\/2025\/11\/talking-bot-125x125.png\",\"contentUrl\":\"https:\/\/portaltela.pt\/s.01k8rhncp4jt1\/2025\/11\/talking-bot-125x125.png\",\"caption\":\"Telinha\"},\"sameAs\":[\"https:\/\/portaltela.pt\/\"],\"url\":\"https:\/\/portaltela.pt\/por\/367410592786\/\"}]}<\/script>\n<!-- \/ Yoast SEO plugin. -->","yoast_head_json":{"title":"NATO inicia nova miss\u00e3o para refor\u00e7ar a seguran\u00e7a no \u00c1rtico - Portal Tela Portugal","robots":{"index":"index","follow":"follow","max-snippet":"max-snippet:-1","max-image-preview":"max-image-preview:large","max-video-preview":"max-video-preview:-1"},"og_locale":"pt_PT","og_type":"article","og_title":"NATO inicia nova miss\u00e3o para refor\u00e7ar a seguran\u00e7a no \u00c1rtico - Portal Tela Portugal","og_description":"A NATO iniciou uma nova miss\u00e3o, designada Arctic Sentry, para refor\u00e7ar a seguran\u00e7a no \u00c1rtico, anunciou-se quarta-feira, a fim de acalmar o presidente dos EUA, Donald Trump, que recuou nas amea\u00e7as de anexa\u00e7\u00e3o da Gronel\u00e2ndia. A miss\u00e3o visa aproveitar o poder da alian\u00e7a para proteger o territ\u00f3rio e garantir que o \u00c1rtico e o Alto Norte permane\u00e7am seguros, segundo o comandante supremo da NATO. a R\u00fassia avisou que tomar\u00e1 contramedidas, incluindo de natureza militar, caso haja refor\u00e7o da presen\u00e7a ocidental na Gronel\u00e2ndia. A decis\u00e3o foi tomada depois de um encontro em Davos, em janeiro, entre Trump e o secret\u00e1rio-geral da NATO, Mark Rutte, no qual os dois concordaram que a NATO deve assumir mais responsabilidades coletivas na regi\u00e3o. A opera\u00e7\u00e3o dever\u00e1 coordenar melhor a\u00e7\u00f5es j\u00e1 existentes, como os exerc\u00edcios Arctic Endurance (Dinamarca) e Cold Response (Noruega), com poss\u00edveis novas opera\u00e7\u00f5es navais ou terrestres em solo groneland\u00eas.","og_url":"https:\/\/portaltela.pt\/noticias\/2026\/02\/11\/nato-inicia-nova-missao-para-reforcar-a-seguranca-no-artico\/","og_site_name":"Portal Tela Portugal","article_published_time":"2026-02-11T14:09:09+00:00","author":"Telinha","twitter_card":"summary_large_image","twitter_misc":{"Escrito por":"Telinha","Tempo estimado de leitura":"2 minutos"},"schema":{"@context":"https:\/\/schema.org","@graph":[{"@type":"Article","@id":"https:\/\/portaltela.pt\/noticias\/2026\/02\/11\/nato-inicia-nova-missao-para-reforcar-a-seguranca-no-artico\/#article","isPartOf":{"@id":"https:\/\/portaltela.pt\/noticias\/2026\/02\/11\/nato-inicia-nova-missao-para-reforcar-a-seguranca-no-artico\/"},"author":{"name":"Telinha","@id":"https:\/\/portaltela.pt\/#\/schema\/person\/c4278d4a6028830caff9ee44b42d32ed"},"headline":"NATO inicia nova miss\u00e3o para refor\u00e7ar a seguran\u00e7a no \u00c1rtico","datePublished":"2026-02-11T14:09:09+00:00","mainEntityOfPage":{"@id":"https:\/\/portaltela.pt\/noticias\/2026\/02\/11\/nato-inicia-nova-missao-para-reforcar-a-seguranca-no-artico\/"},"wordCount":316,"image":{"@id":"https:\/\/portaltela.pt\/noticias\/2026\/02\/11\/nato-inicia-nova-missao-para-reforcar-a-seguranca-no-artico\/#primaryimage"},"thumbnailUrl":"https:\/\/portaltela.pt\/s.01k8rhncp4jt1\/2026\/02\/img_1500x1000uu2026-01-31-16-34-04-2263777.jpg","keywords":["armas","coopera\u00e7\u00e3o internacional","Defesa Nacional","exerc\u00edcios internacionais","For\u00e7as Armadas","seguran\u00e7a internacional"],"articleSection":["Not\u00edcias"],"inLanguage":"pt-PT"},{"@type":"WebPage","@id":"https:\/\/portaltela.pt\/noticias\/2026\/02\/11\/nato-inicia-nova-missao-para-reforcar-a-seguranca-no-artico\/","url":"https:\/\/portaltela.pt\/noticias\/2026\/02\/11\/nato-inicia-nova-missao-para-reforcar-a-seguranca-no-artico\/","name":"NATO inicia nova miss\u00e3o para refor\u00e7ar a seguran\u00e7a no \u00c1rtico - Portal Tela Portugal","isPartOf":{"@id":"https:\/\/portaltela.pt\/#website"},"primaryImageOfPage":{"@id":"https:\/\/portaltela.pt\/noticias\/2026\/02\/11\/nato-inicia-nova-missao-para-reforcar-a-seguranca-no-artico\/#primaryimage"},"image":{"@id":"https:\/\/portaltela.pt\/noticias\/2026\/02\/11\/nato-inicia-nova-missao-para-reforcar-a-seguranca-no-artico\/#primaryimage"},"thumbnailUrl":"https:\/\/portaltela.pt\/s.01k8rhncp4jt1\/2026\/02\/img_1500x1000uu2026-01-31-16-34-04-2263777.jpg","datePublished":"2026-02-11T14:09:09+00:00","author":{"@id":"https:\/\/portaltela.pt\/#\/schema\/person\/c4278d4a6028830caff9ee44b42d32ed"},"breadcrumb":{"@id":"https:\/\/portaltela.pt\/noticias\/2026\/02\/11\/nato-inicia-nova-missao-para-reforcar-a-seguranca-no-artico\/#breadcrumb"},"inLanguage":"pt-PT","potentialAction":[{"@type":"ReadAction","target":["https:\/\/portaltela.pt\/noticias\/2026\/02\/11\/nato-inicia-nova-missao-para-reforcar-a-seguranca-no-artico\/"]}]},{"@type":"ImageObject","inLanguage":"pt-PT","@id":"https:\/\/portaltela.pt\/noticias\/2026\/02\/11\/nato-inicia-nova-missao-para-reforcar-a-seguranca-no-artico\/#primaryimage","url":"https:\/\/portaltela.pt\/s.01k8rhncp4jt1\/2026\/02\/img_1500x1000uu2026-01-31-16-34-04-2263777.jpg","contentUrl":"https:\/\/portaltela.pt\/s.01k8rhncp4jt1\/2026\/02\/img_1500x1000uu2026-01-31-16-34-04-2263777.jpg","width":796,"height":448,"caption":"Militares na Gronel\u00e2ndia"},{"@type":"BreadcrumbList","@id":"https:\/\/portaltela.pt\/noticias\/2026\/02\/11\/nato-inicia-nova-missao-para-reforcar-a-seguranca-no-artico\/#breadcrumb","itemListElement":[{"@type":"ListItem","position":1,"name":"In\u00edcio","item":"https:\/\/portaltela.pt\/"},{"@type":"ListItem","position":2,"name":"NATO inicia nova miss\u00e3o para refor\u00e7ar a seguran\u00e7a no \u00c1rtico"}]},{"@type":"WebSite","@id":"https:\/\/portaltela.pt\/#website","url":"https:\/\/portaltela.pt\/","name":"Portal Tela Portugal","description":"","potentialAction":[{"@type":"SearchAction","target":{"@type":"EntryPoint","urlTemplate":"https:\/\/portaltela.pt\/?s={search_term_string}"},"query-input":{"@type":"PropertyValueSpecification","valueRequired":true,"valueName":"search_term_string"}}],"inLanguage":"pt-PT"},{"@type":"Person","@id":"https:\/\/portaltela.pt\/#\/schema\/person\/c4278d4a6028830caff9ee44b42d32ed","name":"Telinha","image":{"@type":"ImageObject","inLanguage":"pt-PT","@id":"https:\/\/portaltela.pt\/s.01k8rhncp4jt1\/2025\/11\/talking-bot-125x125.png","url":"https:\/\/portaltela.pt\/s.01k8rhncp4jt1\/2025\/11\/talking-bot-125x125.png","contentUrl":"https:\/\/portaltela.pt\/s.01k8rhncp4jt1\/2025\/11\/talking-bot-125x125.png","caption":"Telinha"},"sameAs":["https:\/\/portaltela.pt\/"],"url":"https:\/\/portaltela.pt\/por\/367410592786\/"}]}},"_links":{"self":[{"href":"https:\/\/portaltela.pt\/api\/wp\/v2\/posts\/208215","targetHints":{"allow":["GET"]}}],"collection":[{"href":"https:\/\/portaltela.pt\/api\/wp\/v2\/posts"}],"about":[{"href":"https:\/\/portaltela.pt\/api\/wp\/v2\/types\/post"}],"author":[{"embeddable":true,"href":"https:\/\/portaltela.pt\/api\/wp\/v2\/users\/2"}],"replies":[{"embeddable":true,"href":"https:\/\/portaltela.pt\/api\/wp\/v2\/comments?post=208215"}],"version-history":[{"count":0,"href":"https:\/\/portaltela.pt\/api\/wp\/v2\/posts\/208215\/revisions"}],"wp:featuredmedia":[{"embeddable":true,"href":"https:\/\/portaltela.pt\/api\/wp\/v2\/media\/208218"}],"wp:attachment":[{"href":"https:\/\/portaltela.pt\/api\/wp\/v2\/media?parent=208215"}],"wp:term":[{"taxonomy":"category","embeddable":true,"href":"https:\/\/portaltela.pt\/api\/wp\/v2\/categories?post=208215"},{"taxonomy":"post_tag","embeddable":true,"href":"https:\/\/portaltela.pt\/api\/wp\/v2\/tags?post=208215"}],"curies":[{"name":"wp","href":"https:\/\/api.w.org\/{rel}","templated":true}]}}