{"id":208111,"date":"2026-02-11T09:52:00","date_gmt":"2026-02-11T12:52:00","guid":{"rendered":"https:\/\/portaltela.pt\/noticias\/2026\/02\/11\/medicos-internos-nao-podem-ser-usados-como-carne-para-canhao-diz-ordem\/"},"modified":"2026-02-11T09:52:00","modified_gmt":"2026-02-11T12:52:00","slug":"medicos-internos-nao-podem-ser-usados-como-carne-para-canhao-diz-ordem","status":"publish","type":"post","link":"https:\/\/portaltela.pt\/noticias\/2026\/02\/11\/medicos-internos-nao-podem-ser-usados-como-carne-para-canhao-diz-ordem\/","title":{"rendered":"M\u00e9dicos internos n\u00e3o podem ser usados como carne para canh\u00e3o, diz Ordem"},"content":{"rendered":"<p>Durante uma audi\u00e7\u00e3o na Comiss\u00e3o Parlamentar de Sa\u00fade, o baston\u00e1rio da Ordem dos M\u00e9dicos, Carlos Cortes, pediu coragem pol\u00edtica para mudar o servi\u00e7o de urg\u00eancia. A defesa \u00e9 simples: evitar colocar m\u00e9dicos internos onde faltam especialistas.<\/p>\n<p>Cortes afirmou que usar internos em servi\u00e7os com car\u00eancia de especialistas coloca em causa a seguran\u00e7a dos utentes e aumenta o risco de burnout entre os m\u00e9dicos. O objetivo \u00e9 evitar que o SNS se afunde.<\/p>\n<p>O presidente da OM acrescentou que a concentra\u00e7\u00e3o de recursos no servi\u00e7o de urg\u00eancia cria disfun\u00e7\u00f5es na forma\u00e7\u00e3o dos internos, desviando jovens m\u00e9dicos de especialidades como a Medicina Interna. O SNS precisa de diferencia\u00e7\u00e3o entre profissionais.<\/p>\n<p>A Ordem mostrou dados sobre vagas para especializa\u00e7\u00e3o no SNS, com um aumento de 1680 vagas em 2017 para 2335 em 2026, o maior n\u00famero j\u00e1 registado. A tend\u00eancia \u00e9 apresentada como sinal de resposta \u00e0 forma\u00e7\u00e3o.<\/p>\n<p>Carlos Cortes referiu ainda o trabalho de avalia\u00e7\u00e3o da forma\u00e7\u00e3o em servi\u00e7os de sa\u00fade, destacando visitas realizadas pela OM para manter a idoneidade. Citou o Hospital Amadora-Sintra como exemplo de interven\u00e7\u00e3o para manter m\u00e9dicos especialistas na forma\u00e7\u00e3o.<\/p>\n","protected":false},"excerpt":{"rendered":"<ul>\n<li>A Ordem dos M\u00e9dicos pediu coragem pol\u00edtica para reformar o servi\u00e7o de urg\u00eancia e alertou que m\u00e9dicos internos n\u00e3o devem ser colocados onde faltam m\u00e9dicos especialistas, por quest\u00f5es de seguran\u00e7a e burnout.<\/li>\n<li>O baston\u00e1rio, Carlos Cortes, disse que \u201cn\u00e3o s\u00e3o carne para canh\u00e3o\u201d e que sem mudan\u00e7as o Servi\u00e7o Nacional de Sa\u00fade pode afundar-se.<\/li>\n<li>Colocar todos os recursos no servi\u00e7o de urg\u00eancia cria disfun\u00e7\u00e3o no internato m\u00e9dico e afasta jovens de especialidades como a Medicina Interna.<\/li>\n<li>O SNS precisa de especialistas e n\u00e3o de m\u00e9dicos sem diferencia\u00e7\u00e3o, e a press\u00e3o no urg\u00eancia tem impactos na forma\u00e7\u00e3o m\u00e9dica.<\/li>\n<li>A OM revelou um aumento de vagas para forma\u00e7\u00e3o de especialistas no SNS, de 1.680 em 2017 para 2.335 em 2026, mantendo o foco na idoneidade dos servi\u00e7os.<\/li>\n<\/ul>\n","protected":false},"author":2,"featured_media":208114,"comment_status":"closed","ping_status":"closed","sticky":false,"template":"","format":"standard","meta":{"footnotes":""},"categories":[1],"tags":[5783,1290,1401,4425,1775,1899],"class_list":["post-208111","post","type-post","status-publish","format-standard","has-post-thumbnail","hentry","category-noticias","tag-a-ordem-dos-medicos","tag-formacao","tag-medicina-interna","tag-profissionais-de-saude","tag-sns","tag-urgencias"],"yoast_head":"<!-- This site is optimized with the Yoast SEO plugin v27.2 - https:\/\/yoast.com\/product\/yoast-seo-wordpress\/ -->\n<title>M\u00e9dicos internos n\u00e3o podem ser usados como carne para canh\u00e3o, diz Ordem - Portal Tela Portugal<\/title>\n<meta name=\"robots\" content=\"index, follow, max-snippet:-1, max-image-preview:large, max-video-preview:-1\" \/>\n<meta property=\"og:locale\" content=\"pt_PT\" \/>\n<meta property=\"og:type\" content=\"article\" \/>\n<meta property=\"og:title\" content=\"M\u00e9dicos internos n\u00e3o podem ser usados como carne para canh\u00e3o, diz Ordem - Portal Tela Portugal\" \/>\n<meta property=\"og:description\" content=\"A Ordem dos M\u00e9dicos pediu coragem pol\u00edtica para reformar o servi\u00e7o de urg\u00eancia e alertou que m\u00e9dicos internos n\u00e3o devem ser colocados onde faltam m\u00e9dicos especialistas, por quest\u00f5es de seguran\u00e7a e burnout. O baston\u00e1rio, Carlos Cortes, disse que \u201cn\u00e3o s\u00e3o carne para canh\u00e3o\u201d e que sem mudan\u00e7as o Servi\u00e7o Nacional de Sa\u00fade pode afundar-se. Colocar todos os recursos no servi\u00e7o de urg\u00eancia cria disfun\u00e7\u00e3o no internato m\u00e9dico e afasta jovens de especialidades como a Medicina Interna. O SNS precisa de especialistas e n\u00e3o de m\u00e9dicos sem diferencia\u00e7\u00e3o, e a press\u00e3o no urg\u00eancia tem impactos na forma\u00e7\u00e3o m\u00e9dica. A OM revelou um aumento de vagas para forma\u00e7\u00e3o de especialistas no SNS, de 1.680 em 2017 para 2.335 em 2026, mantendo o foco na idoneidade dos servi\u00e7os.\" \/>\n<meta property=\"og:url\" content=\"https:\/\/portaltela.pt\/noticias\/2026\/02\/11\/medicos-internos-nao-podem-ser-usados-como-carne-para-canhao-diz-ordem\/\" \/>\n<meta property=\"og:site_name\" content=\"Portal Tela Portugal\" \/>\n<meta property=\"article:published_time\" content=\"2026-02-11T12:52:00+00:00\" \/>\n<meta name=\"author\" content=\"Telinha\" \/>\n<meta name=\"twitter:card\" content=\"summary_large_image\" \/>\n<meta name=\"twitter:label1\" content=\"Escrito por\" \/>\n\t<meta name=\"twitter:data1\" content=\"Telinha\" \/>\n\t<meta name=\"twitter:label2\" content=\"Tempo estimado de leitura\" \/>\n\t<meta name=\"twitter:data2\" content=\"1 minuto\" \/>\n<script type=\"application\/ld+json\" class=\"yoast-schema-graph\">{\"@context\":\"https:\/\/schema.org\",\"@graph\":[{\"@type\":\"Article\",\"@id\":\"https:\/\/portaltela.pt\/noticias\/2026\/02\/11\/medicos-internos-nao-podem-ser-usados-como-carne-para-canhao-diz-ordem\/#article\",\"isPartOf\":{\"@id\":\"https:\/\/portaltela.pt\/noticias\/2026\/02\/11\/medicos-internos-nao-podem-ser-usados-como-carne-para-canhao-diz-ordem\/\"},\"author\":{\"name\":\"Telinha\",\"@id\":\"https:\/\/portaltela.pt\/#\/schema\/person\/c4278d4a6028830caff9ee44b42d32ed\"},\"headline\":\"M\u00e9dicos internos n\u00e3o podem ser usados como carne para canh\u00e3o, diz Ordem\",\"datePublished\":\"2026-02-11T12:52:00+00:00\",\"mainEntityOfPage\":{\"@id\":\"https:\/\/portaltela.pt\/noticias\/2026\/02\/11\/medicos-internos-nao-podem-ser-usados-como-carne-para-canhao-diz-ordem\/\"},\"wordCount\":220,\"image\":{\"@id\":\"https:\/\/portaltela.pt\/noticias\/2026\/02\/11\/medicos-internos-nao-podem-ser-usados-como-carne-para-canhao-diz-ordem\/#primaryimage\"},\"thumbnailUrl\":\"https:\/\/portaltela.pt\/s.01k8rhncp4jt1\/2026\/02\/image-865.jpg\",\"keywords\":[\"A Ordem dos M\u00e9dicos\",\"forma\u00e7\u00e3o\",\"Medicina Interna\",\"profissionais de sa\u00fade\",\"SNS\",\"urg\u00eancias\"],\"articleSection\":[\"Not\u00edcias\"],\"inLanguage\":\"pt-PT\"},{\"@type\":\"WebPage\",\"@id\":\"https:\/\/portaltela.pt\/noticias\/2026\/02\/11\/medicos-internos-nao-podem-ser-usados-como-carne-para-canhao-diz-ordem\/\",\"url\":\"https:\/\/portaltela.pt\/noticias\/2026\/02\/11\/medicos-internos-nao-podem-ser-usados-como-carne-para-canhao-diz-ordem\/\",\"name\":\"M\u00e9dicos internos n\u00e3o podem ser usados como carne para canh\u00e3o, diz Ordem - Portal Tela Portugal\",\"isPartOf\":{\"@id\":\"https:\/\/portaltela.pt\/#website\"},\"primaryImageOfPage\":{\"@id\":\"https:\/\/portaltela.pt\/noticias\/2026\/02\/11\/medicos-internos-nao-podem-ser-usados-como-carne-para-canhao-diz-ordem\/#primaryimage\"},\"image\":{\"@id\":\"https:\/\/portaltela.pt\/noticias\/2026\/02\/11\/medicos-internos-nao-podem-ser-usados-como-carne-para-canhao-diz-ordem\/#primaryimage\"},\"thumbnailUrl\":\"https:\/\/portaltela.pt\/s.01k8rhncp4jt1\/2026\/02\/image-865.jpg\",\"datePublished\":\"2026-02-11T12:52:00+00:00\",\"author\":{\"@id\":\"https:\/\/portaltela.pt\/#\/schema\/person\/c4278d4a6028830caff9ee44b42d32ed\"},\"breadcrumb\":{\"@id\":\"https:\/\/portaltela.pt\/noticias\/2026\/02\/11\/medicos-internos-nao-podem-ser-usados-como-carne-para-canhao-diz-ordem\/#breadcrumb\"},\"inLanguage\":\"pt-PT\",\"potentialAction\":[{\"@type\":\"ReadAction\",\"target\":[\"https:\/\/portaltela.pt\/noticias\/2026\/02\/11\/medicos-internos-nao-podem-ser-usados-como-carne-para-canhao-diz-ordem\/\"]}]},{\"@type\":\"ImageObject\",\"inLanguage\":\"pt-PT\",\"@id\":\"https:\/\/portaltela.pt\/noticias\/2026\/02\/11\/medicos-internos-nao-podem-ser-usados-como-carne-para-canhao-diz-ordem\/#primaryimage\",\"url\":\"https:\/\/portaltela.pt\/s.01k8rhncp4jt1\/2026\/02\/image-865.jpg\",\"contentUrl\":\"https:\/\/portaltela.pt\/s.01k8rhncp4jt1\/2026\/02\/image-865.jpg\",\"width\":796,\"height\":448,\"caption\":\"Ordem dos M\u00e9dicos pediu \\\"coragem pol\u00edtica\\\" para mudar o servi\u00e7o de urg\u00eancia\"},{\"@type\":\"BreadcrumbList\",\"@id\":\"https:\/\/portaltela.pt\/noticias\/2026\/02\/11\/medicos-internos-nao-podem-ser-usados-como-carne-para-canhao-diz-ordem\/#breadcrumb\",\"itemListElement\":[{\"@type\":\"ListItem\",\"position\":1,\"name\":\"In\u00edcio\",\"item\":\"https:\/\/portaltela.pt\/\"},{\"@type\":\"ListItem\",\"position\":2,\"name\":\"M\u00e9dicos internos n\u00e3o podem ser usados como carne para canh\u00e3o, diz Ordem\"}]},{\"@type\":\"WebSite\",\"@id\":\"https:\/\/portaltela.pt\/#website\",\"url\":\"https:\/\/portaltela.pt\/\",\"name\":\"Portal Tela Portugal\",\"description\":\"\",\"potentialAction\":[{\"@type\":\"SearchAction\",\"target\":{\"@type\":\"EntryPoint\",\"urlTemplate\":\"https:\/\/portaltela.pt\/?s={search_term_string}\"},\"query-input\":{\"@type\":\"PropertyValueSpecification\",\"valueRequired\":true,\"valueName\":\"search_term_string\"}}],\"inLanguage\":\"pt-PT\"},{\"@type\":\"Person\",\"@id\":\"https:\/\/portaltela.pt\/#\/schema\/person\/c4278d4a6028830caff9ee44b42d32ed\",\"name\":\"Telinha\",\"image\":{\"@type\":\"ImageObject\",\"inLanguage\":\"pt-PT\",\"@id\":\"https:\/\/portaltela.pt\/s.01k8rhncp4jt1\/2025\/11\/talking-bot-125x125.png\",\"url\":\"https:\/\/portaltela.pt\/s.01k8rhncp4jt1\/2025\/11\/talking-bot-125x125.png\",\"contentUrl\":\"https:\/\/portaltela.pt\/s.01k8rhncp4jt1\/2025\/11\/talking-bot-125x125.png\",\"caption\":\"Telinha\"},\"sameAs\":[\"https:\/\/portaltela.pt\/\"],\"url\":\"https:\/\/portaltela.pt\/por\/367410592786\/\"}]}<\/script>\n<!-- \/ Yoast SEO plugin. -->","yoast_head_json":{"title":"M\u00e9dicos internos n\u00e3o podem ser usados como carne para canh\u00e3o, diz Ordem - Portal Tela Portugal","robots":{"index":"index","follow":"follow","max-snippet":"max-snippet:-1","max-image-preview":"max-image-preview:large","max-video-preview":"max-video-preview:-1"},"og_locale":"pt_PT","og_type":"article","og_title":"M\u00e9dicos internos n\u00e3o podem ser usados como carne para canh\u00e3o, diz Ordem - Portal Tela Portugal","og_description":"A Ordem dos M\u00e9dicos pediu coragem pol\u00edtica para reformar o servi\u00e7o de urg\u00eancia e alertou que m\u00e9dicos internos n\u00e3o devem ser colocados onde faltam m\u00e9dicos especialistas, por quest\u00f5es de seguran\u00e7a e burnout. O baston\u00e1rio, Carlos Cortes, disse que \u201cn\u00e3o s\u00e3o carne para canh\u00e3o\u201d e que sem mudan\u00e7as o Servi\u00e7o Nacional de Sa\u00fade pode afundar-se. Colocar todos os recursos no servi\u00e7o de urg\u00eancia cria disfun\u00e7\u00e3o no internato m\u00e9dico e afasta jovens de especialidades como a Medicina Interna. O SNS precisa de especialistas e n\u00e3o de m\u00e9dicos sem diferencia\u00e7\u00e3o, e a press\u00e3o no urg\u00eancia tem impactos na forma\u00e7\u00e3o m\u00e9dica. A OM revelou um aumento de vagas para forma\u00e7\u00e3o de especialistas no SNS, de 1.680 em 2017 para 2.335 em 2026, mantendo o foco na idoneidade dos servi\u00e7os.","og_url":"https:\/\/portaltela.pt\/noticias\/2026\/02\/11\/medicos-internos-nao-podem-ser-usados-como-carne-para-canhao-diz-ordem\/","og_site_name":"Portal Tela Portugal","article_published_time":"2026-02-11T12:52:00+00:00","author":"Telinha","twitter_card":"summary_large_image","twitter_misc":{"Escrito por":"Telinha","Tempo estimado de leitura":"1 minuto"},"schema":{"@context":"https:\/\/schema.org","@graph":[{"@type":"Article","@id":"https:\/\/portaltela.pt\/noticias\/2026\/02\/11\/medicos-internos-nao-podem-ser-usados-como-carne-para-canhao-diz-ordem\/#article","isPartOf":{"@id":"https:\/\/portaltela.pt\/noticias\/2026\/02\/11\/medicos-internos-nao-podem-ser-usados-como-carne-para-canhao-diz-ordem\/"},"author":{"name":"Telinha","@id":"https:\/\/portaltela.pt\/#\/schema\/person\/c4278d4a6028830caff9ee44b42d32ed"},"headline":"M\u00e9dicos internos n\u00e3o podem ser usados como carne para canh\u00e3o, diz Ordem","datePublished":"2026-02-11T12:52:00+00:00","mainEntityOfPage":{"@id":"https:\/\/portaltela.pt\/noticias\/2026\/02\/11\/medicos-internos-nao-podem-ser-usados-como-carne-para-canhao-diz-ordem\/"},"wordCount":220,"image":{"@id":"https:\/\/portaltela.pt\/noticias\/2026\/02\/11\/medicos-internos-nao-podem-ser-usados-como-carne-para-canhao-diz-ordem\/#primaryimage"},"thumbnailUrl":"https:\/\/portaltela.pt\/s.01k8rhncp4jt1\/2026\/02\/image-865.jpg","keywords":["A Ordem dos M\u00e9dicos","forma\u00e7\u00e3o","Medicina Interna","profissionais de sa\u00fade","SNS","urg\u00eancias"],"articleSection":["Not\u00edcias"],"inLanguage":"pt-PT"},{"@type":"WebPage","@id":"https:\/\/portaltela.pt\/noticias\/2026\/02\/11\/medicos-internos-nao-podem-ser-usados-como-carne-para-canhao-diz-ordem\/","url":"https:\/\/portaltela.pt\/noticias\/2026\/02\/11\/medicos-internos-nao-podem-ser-usados-como-carne-para-canhao-diz-ordem\/","name":"M\u00e9dicos internos n\u00e3o podem ser usados como carne para canh\u00e3o, diz Ordem - Portal Tela Portugal","isPartOf":{"@id":"https:\/\/portaltela.pt\/#website"},"primaryImageOfPage":{"@id":"https:\/\/portaltela.pt\/noticias\/2026\/02\/11\/medicos-internos-nao-podem-ser-usados-como-carne-para-canhao-diz-ordem\/#primaryimage"},"image":{"@id":"https:\/\/portaltela.pt\/noticias\/2026\/02\/11\/medicos-internos-nao-podem-ser-usados-como-carne-para-canhao-diz-ordem\/#primaryimage"},"thumbnailUrl":"https:\/\/portaltela.pt\/s.01k8rhncp4jt1\/2026\/02\/image-865.jpg","datePublished":"2026-02-11T12:52:00+00:00","author":{"@id":"https:\/\/portaltela.pt\/#\/schema\/person\/c4278d4a6028830caff9ee44b42d32ed"},"breadcrumb":{"@id":"https:\/\/portaltela.pt\/noticias\/2026\/02\/11\/medicos-internos-nao-podem-ser-usados-como-carne-para-canhao-diz-ordem\/#breadcrumb"},"inLanguage":"pt-PT","potentialAction":[{"@type":"ReadAction","target":["https:\/\/portaltela.pt\/noticias\/2026\/02\/11\/medicos-internos-nao-podem-ser-usados-como-carne-para-canhao-diz-ordem\/"]}]},{"@type":"ImageObject","inLanguage":"pt-PT","@id":"https:\/\/portaltela.pt\/noticias\/2026\/02\/11\/medicos-internos-nao-podem-ser-usados-como-carne-para-canhao-diz-ordem\/#primaryimage","url":"https:\/\/portaltela.pt\/s.01k8rhncp4jt1\/2026\/02\/image-865.jpg","contentUrl":"https:\/\/portaltela.pt\/s.01k8rhncp4jt1\/2026\/02\/image-865.jpg","width":796,"height":448,"caption":"Ordem dos M\u00e9dicos pediu \"coragem pol\u00edtica\" para mudar o servi\u00e7o de urg\u00eancia"},{"@type":"BreadcrumbList","@id":"https:\/\/portaltela.pt\/noticias\/2026\/02\/11\/medicos-internos-nao-podem-ser-usados-como-carne-para-canhao-diz-ordem\/#breadcrumb","itemListElement":[{"@type":"ListItem","position":1,"name":"In\u00edcio","item":"https:\/\/portaltela.pt\/"},{"@type":"ListItem","position":2,"name":"M\u00e9dicos internos n\u00e3o podem ser usados como carne para canh\u00e3o, diz Ordem"}]},{"@type":"WebSite","@id":"https:\/\/portaltela.pt\/#website","url":"https:\/\/portaltela.pt\/","name":"Portal Tela Portugal","description":"","potentialAction":[{"@type":"SearchAction","target":{"@type":"EntryPoint","urlTemplate":"https:\/\/portaltela.pt\/?s={search_term_string}"},"query-input":{"@type":"PropertyValueSpecification","valueRequired":true,"valueName":"search_term_string"}}],"inLanguage":"pt-PT"},{"@type":"Person","@id":"https:\/\/portaltela.pt\/#\/schema\/person\/c4278d4a6028830caff9ee44b42d32ed","name":"Telinha","image":{"@type":"ImageObject","inLanguage":"pt-PT","@id":"https:\/\/portaltela.pt\/s.01k8rhncp4jt1\/2025\/11\/talking-bot-125x125.png","url":"https:\/\/portaltela.pt\/s.01k8rhncp4jt1\/2025\/11\/talking-bot-125x125.png","contentUrl":"https:\/\/portaltela.pt\/s.01k8rhncp4jt1\/2025\/11\/talking-bot-125x125.png","caption":"Telinha"},"sameAs":["https:\/\/portaltela.pt\/"],"url":"https:\/\/portaltela.pt\/por\/367410592786\/"}]}},"_links":{"self":[{"href":"https:\/\/portaltela.pt\/api\/wp\/v2\/posts\/208111","targetHints":{"allow":["GET"]}}],"collection":[{"href":"https:\/\/portaltela.pt\/api\/wp\/v2\/posts"}],"about":[{"href":"https:\/\/portaltela.pt\/api\/wp\/v2\/types\/post"}],"author":[{"embeddable":true,"href":"https:\/\/portaltela.pt\/api\/wp\/v2\/users\/2"}],"replies":[{"embeddable":true,"href":"https:\/\/portaltela.pt\/api\/wp\/v2\/comments?post=208111"}],"version-history":[{"count":0,"href":"https:\/\/portaltela.pt\/api\/wp\/v2\/posts\/208111\/revisions"}],"wp:featuredmedia":[{"embeddable":true,"href":"https:\/\/portaltela.pt\/api\/wp\/v2\/media\/208114"}],"wp:attachment":[{"href":"https:\/\/portaltela.pt\/api\/wp\/v2\/media?parent=208111"}],"wp:term":[{"taxonomy":"category","embeddable":true,"href":"https:\/\/portaltela.pt\/api\/wp\/v2\/categories?post=208111"},{"taxonomy":"post_tag","embeddable":true,"href":"https:\/\/portaltela.pt\/api\/wp\/v2\/tags?post=208111"}],"curies":[{"name":"wp","href":"https:\/\/api.w.org\/{rel}","templated":true}]}}