{"id":208106,"date":"2026-02-11T09:53:58","date_gmt":"2026-02-11T12:53:58","guid":{"rendered":"https:\/\/portaltela.pt\/noticias\/2026\/02\/11\/rui-patricio-volta-a-usar-luvas-mas-nao-no-futebol\/"},"modified":"2026-02-11T09:53:58","modified_gmt":"2026-02-11T12:53:58","slug":"rui-patricio-volta-a-usar-luvas-mas-nao-no-futebol","status":"publish","type":"post","link":"https:\/\/portaltela.pt\/desporto\/2026\/02\/11\/rui-patricio-volta-a-usar-luvas-mas-nao-no-futebol\/","title":{"rendered":"Rui Patr\u00edcio volta a usar luvas, mas n\u00e3o no futebol"},"content":{"rendered":"<p>Rui Patr\u00edcio voltou a cal\u00e7ar as luvas, mas n\u00e3o para jogar futebol. O antigo guarda-redes internacional \u00e9 hoje embaixador da Liga Portugal e reaparece numa modalidade diferente: muay thai. Um v\u00eddeo publicado no Instagram mostra o atleta em treino de combate.<\/p>\n<p>O ex-selecion\u00e1vel portugu\u00eas tem mantido a forma atrav\u00e9s do muay thai e de treinos de resist\u00eancia. Apesar de n\u00e3o atuar entre as balizas, Patr\u00edcio demonstra determina\u00e7\u00e3o e rotina f\u00edsica pr\u00f3pria de um atleta de alto rendimento.<\/p>\n<p>O v\u00eddeo partilhado pela conta doctor_team_muaythai indica que o treino envolve preparo f\u00edsico espec\u00edfico para o muay thai, com foco em agilidade, resist\u00eancia e t\u00e9cnica. A divulga\u00e7\u00e3o refor\u00e7a a sua liga\u00e7\u00e3o cont\u00ednua ao desporto de contacto.<\/p>\n<h3>Em A\u00e7\u00e3o<\/h3>\n<p>Patr\u00edcio, conhecido pela carreira no Sporting e na sele\u00e7\u00e3o nacional, mant\u00e9m o papel de figura medi\u00e1tica ligada ao futebol atrav\u00e9s da fun\u00e7\u00e3o de embaixador. A atua\u00e7\u00e3o atual refor\u00e7a a versatilidade de um atleta que transita entre modalidades sem perder o foco profissional.<\/p>\n","protected":false},"excerpt":{"rendered":"<ul>\n<li>Rui Patr\u00edcio, antigo internacional portugu\u00eas, voltou a colocar as luvas, mas n\u00e3o para jogar futebol.<\/li>\n<li>O ex-jogador \u00e9 atual embaixador da Liga Portugal.<\/li>\n<li>Mant\u00e9m a forma atrav\u00e9s da pr\u00e1tica de muay thai.<\/li>\n<li>Foi partilhado num v\u00eddeo no Instagram do \u201cdoctor_team_muaythai\u201d.<\/li>\n<\/ul>\n","protected":false},"author":2,"featured_media":208109,"comment_status":"closed","ping_status":"closed","sticky":false,"template":"","format":"standard","meta":{"footnotes":""},"categories":[21],"tags":[152,5782,32,1786,5661,1014],"class_list":["post-208106","post","type-post","status-publish","format-standard","has-post-thumbnail","hentry","category-desporto","tag-desporto","tag-embaixador","tag-futebol","tag-liga","tag-pessoas-publicas","tag-portugal"],"yoast_head":"<!-- This site is optimized with the Yoast SEO plugin v27.2 - https:\/\/yoast.com\/product\/yoast-seo-wordpress\/ -->\n<title>Rui Patr\u00edcio volta a usar luvas, mas n\u00e3o no futebol - Portal Tela Portugal<\/title>\n<meta name=\"robots\" content=\"index, follow, max-snippet:-1, max-image-preview:large, max-video-preview:-1\" \/>\n<meta property=\"og:locale\" content=\"pt_PT\" \/>\n<meta property=\"og:type\" content=\"article\" \/>\n<meta property=\"og:title\" content=\"Rui Patr\u00edcio volta a usar luvas, mas n\u00e3o no futebol - Portal Tela Portugal\" \/>\n<meta property=\"og:description\" content=\"Rui Patr\u00edcio, antigo internacional portugu\u00eas, voltou a colocar as luvas, mas n\u00e3o para jogar futebol. O ex-jogador \u00e9 atual embaixador da Liga Portugal. Mant\u00e9m a forma atrav\u00e9s da pr\u00e1tica de muay thai. Foi partilhado num v\u00eddeo no Instagram do \u201cdoctor_team_muaythai\u201d.\" \/>\n<meta property=\"og:url\" content=\"https:\/\/portaltela.pt\/noticias\/2026\/02\/11\/rui-patricio-volta-a-usar-luvas-mas-nao-no-futebol\/\" \/>\n<meta property=\"og:site_name\" content=\"Portal Tela Portugal\" \/>\n<meta property=\"article:published_time\" content=\"2026-02-11T12:53:58+00:00\" \/>\n<meta name=\"author\" content=\"Telinha\" \/>\n<meta name=\"twitter:card\" content=\"summary_large_image\" \/>\n<meta name=\"twitter:label1\" content=\"Escrito por\" \/>\n\t<meta name=\"twitter:data1\" content=\"Telinha\" \/>\n\t<meta name=\"twitter:label2\" content=\"Tempo estimado de leitura\" \/>\n\t<meta name=\"twitter:data2\" content=\"1 minuto\" \/>\n<script type=\"application\/ld+json\" class=\"yoast-schema-graph\">{\"@context\":\"https:\/\/schema.org\",\"@graph\":[{\"@type\":\"Article\",\"@id\":\"https:\/\/portaltela.pt\/noticias\/2026\/02\/11\/rui-patricio-volta-a-usar-luvas-mas-nao-no-futebol\/#article\",\"isPartOf\":{\"@id\":\"https:\/\/portaltela.pt\/noticias\/2026\/02\/11\/rui-patricio-volta-a-usar-luvas-mas-nao-no-futebol\/\"},\"author\":{\"name\":\"Telinha\",\"@id\":\"https:\/\/portaltela.pt\/#\/schema\/person\/c4278d4a6028830caff9ee44b42d32ed\"},\"headline\":\"Rui Patr\u00edcio volta a usar luvas, mas n\u00e3o no futebol\",\"datePublished\":\"2026-02-11T12:53:58+00:00\",\"mainEntityOfPage\":{\"@id\":\"https:\/\/portaltela.pt\/noticias\/2026\/02\/11\/rui-patricio-volta-a-usar-luvas-mas-nao-no-futebol\/\"},\"wordCount\":201,\"image\":{\"@id\":\"https:\/\/portaltela.pt\/noticias\/2026\/02\/11\/rui-patricio-volta-a-usar-luvas-mas-nao-no-futebol\/#primaryimage\"},\"thumbnailUrl\":\"https:\/\/portaltela.pt\/s.01k8rhncp4jt1\/2026\/02\/img_1200x721uu2026-02-11-12-41-51-2420940.jpg\",\"keywords\":[\"desporto\",\"embaixador\",\"futebol\",\"Liga\",\"pessoas p\u00fablicas\",\"Portugal\"],\"articleSection\":[\"Desporto\"],\"inLanguage\":\"pt-PT\"},{\"@type\":\"WebPage\",\"@id\":\"https:\/\/portaltela.pt\/noticias\/2026\/02\/11\/rui-patricio-volta-a-usar-luvas-mas-nao-no-futebol\/\",\"url\":\"https:\/\/portaltela.pt\/noticias\/2026\/02\/11\/rui-patricio-volta-a-usar-luvas-mas-nao-no-futebol\/\",\"name\":\"Rui Patr\u00edcio volta a usar luvas, mas n\u00e3o no futebol - Portal Tela Portugal\",\"isPartOf\":{\"@id\":\"https:\/\/portaltela.pt\/#website\"},\"primaryImageOfPage\":{\"@id\":\"https:\/\/portaltela.pt\/noticias\/2026\/02\/11\/rui-patricio-volta-a-usar-luvas-mas-nao-no-futebol\/#primaryimage\"},\"image\":{\"@id\":\"https:\/\/portaltela.pt\/noticias\/2026\/02\/11\/rui-patricio-volta-a-usar-luvas-mas-nao-no-futebol\/#primaryimage\"},\"thumbnailUrl\":\"https:\/\/portaltela.pt\/s.01k8rhncp4jt1\/2026\/02\/img_1200x721uu2026-02-11-12-41-51-2420940.jpg\",\"datePublished\":\"2026-02-11T12:53:58+00:00\",\"author\":{\"@id\":\"https:\/\/portaltela.pt\/#\/schema\/person\/c4278d4a6028830caff9ee44b42d32ed\"},\"breadcrumb\":{\"@id\":\"https:\/\/portaltela.pt\/noticias\/2026\/02\/11\/rui-patricio-volta-a-usar-luvas-mas-nao-no-futebol\/#breadcrumb\"},\"inLanguage\":\"pt-PT\",\"potentialAction\":[{\"@type\":\"ReadAction\",\"target\":[\"https:\/\/portaltela.pt\/noticias\/2026\/02\/11\/rui-patricio-volta-a-usar-luvas-mas-nao-no-futebol\/\"]}]},{\"@type\":\"ImageObject\",\"inLanguage\":\"pt-PT\",\"@id\":\"https:\/\/portaltela.pt\/noticias\/2026\/02\/11\/rui-patricio-volta-a-usar-luvas-mas-nao-no-futebol\/#primaryimage\",\"url\":\"https:\/\/portaltela.pt\/s.01k8rhncp4jt1\/2026\/02\/img_1200x721uu2026-02-11-12-41-51-2420940.jpg\",\"contentUrl\":\"https:\/\/portaltela.pt\/s.01k8rhncp4jt1\/2026\/02\/img_1200x721uu2026-02-11-12-41-51-2420940.jpg\",\"width\":796,\"height\":448,\"caption\":\"\u00abDo relvado para o tatami\u00bb: Rui Patr\u00edcio volta a cal\u00e7ar as luvas... mas n\u00e3o no futebol\"},{\"@type\":\"BreadcrumbList\",\"@id\":\"https:\/\/portaltela.pt\/noticias\/2026\/02\/11\/rui-patricio-volta-a-usar-luvas-mas-nao-no-futebol\/#breadcrumb\",\"itemListElement\":[{\"@type\":\"ListItem\",\"position\":1,\"name\":\"In\u00edcio\",\"item\":\"https:\/\/portaltela.pt\/\"},{\"@type\":\"ListItem\",\"position\":2,\"name\":\"Rui Patr\u00edcio volta a usar luvas, mas n\u00e3o no futebol\"}]},{\"@type\":\"WebSite\",\"@id\":\"https:\/\/portaltela.pt\/#website\",\"url\":\"https:\/\/portaltela.pt\/\",\"name\":\"Portal Tela Portugal\",\"description\":\"\",\"potentialAction\":[{\"@type\":\"SearchAction\",\"target\":{\"@type\":\"EntryPoint\",\"urlTemplate\":\"https:\/\/portaltela.pt\/?s={search_term_string}\"},\"query-input\":{\"@type\":\"PropertyValueSpecification\",\"valueRequired\":true,\"valueName\":\"search_term_string\"}}],\"inLanguage\":\"pt-PT\"},{\"@type\":\"Person\",\"@id\":\"https:\/\/portaltela.pt\/#\/schema\/person\/c4278d4a6028830caff9ee44b42d32ed\",\"name\":\"Telinha\",\"image\":{\"@type\":\"ImageObject\",\"inLanguage\":\"pt-PT\",\"@id\":\"https:\/\/portaltela.pt\/s.01k8rhncp4jt1\/2025\/11\/talking-bot-125x125.png\",\"url\":\"https:\/\/portaltela.pt\/s.01k8rhncp4jt1\/2025\/11\/talking-bot-125x125.png\",\"contentUrl\":\"https:\/\/portaltela.pt\/s.01k8rhncp4jt1\/2025\/11\/talking-bot-125x125.png\",\"caption\":\"Telinha\"},\"sameAs\":[\"https:\/\/portaltela.pt\/\"],\"url\":\"https:\/\/portaltela.pt\/por\/367410592786\/\"}]}<\/script>\n<!-- \/ Yoast SEO plugin. -->","yoast_head_json":{"title":"Rui Patr\u00edcio volta a usar luvas, mas n\u00e3o no futebol - Portal Tela Portugal","robots":{"index":"index","follow":"follow","max-snippet":"max-snippet:-1","max-image-preview":"max-image-preview:large","max-video-preview":"max-video-preview:-1"},"og_locale":"pt_PT","og_type":"article","og_title":"Rui Patr\u00edcio volta a usar luvas, mas n\u00e3o no futebol - Portal Tela Portugal","og_description":"Rui Patr\u00edcio, antigo internacional portugu\u00eas, voltou a colocar as luvas, mas n\u00e3o para jogar futebol. O ex-jogador \u00e9 atual embaixador da Liga Portugal. Mant\u00e9m a forma atrav\u00e9s da pr\u00e1tica de muay thai. Foi partilhado num v\u00eddeo no Instagram do \u201cdoctor_team_muaythai\u201d.","og_url":"https:\/\/portaltela.pt\/noticias\/2026\/02\/11\/rui-patricio-volta-a-usar-luvas-mas-nao-no-futebol\/","og_site_name":"Portal Tela Portugal","article_published_time":"2026-02-11T12:53:58+00:00","author":"Telinha","twitter_card":"summary_large_image","twitter_misc":{"Escrito por":"Telinha","Tempo estimado de leitura":"1 minuto"},"schema":{"@context":"https:\/\/schema.org","@graph":[{"@type":"Article","@id":"https:\/\/portaltela.pt\/noticias\/2026\/02\/11\/rui-patricio-volta-a-usar-luvas-mas-nao-no-futebol\/#article","isPartOf":{"@id":"https:\/\/portaltela.pt\/noticias\/2026\/02\/11\/rui-patricio-volta-a-usar-luvas-mas-nao-no-futebol\/"},"author":{"name":"Telinha","@id":"https:\/\/portaltela.pt\/#\/schema\/person\/c4278d4a6028830caff9ee44b42d32ed"},"headline":"Rui Patr\u00edcio volta a usar luvas, mas n\u00e3o no futebol","datePublished":"2026-02-11T12:53:58+00:00","mainEntityOfPage":{"@id":"https:\/\/portaltela.pt\/noticias\/2026\/02\/11\/rui-patricio-volta-a-usar-luvas-mas-nao-no-futebol\/"},"wordCount":201,"image":{"@id":"https:\/\/portaltela.pt\/noticias\/2026\/02\/11\/rui-patricio-volta-a-usar-luvas-mas-nao-no-futebol\/#primaryimage"},"thumbnailUrl":"https:\/\/portaltela.pt\/s.01k8rhncp4jt1\/2026\/02\/img_1200x721uu2026-02-11-12-41-51-2420940.jpg","keywords":["desporto","embaixador","futebol","Liga","pessoas p\u00fablicas","Portugal"],"articleSection":["Desporto"],"inLanguage":"pt-PT"},{"@type":"WebPage","@id":"https:\/\/portaltela.pt\/noticias\/2026\/02\/11\/rui-patricio-volta-a-usar-luvas-mas-nao-no-futebol\/","url":"https:\/\/portaltela.pt\/noticias\/2026\/02\/11\/rui-patricio-volta-a-usar-luvas-mas-nao-no-futebol\/","name":"Rui Patr\u00edcio volta a usar luvas, mas n\u00e3o no futebol - Portal Tela Portugal","isPartOf":{"@id":"https:\/\/portaltela.pt\/#website"},"primaryImageOfPage":{"@id":"https:\/\/portaltela.pt\/noticias\/2026\/02\/11\/rui-patricio-volta-a-usar-luvas-mas-nao-no-futebol\/#primaryimage"},"image":{"@id":"https:\/\/portaltela.pt\/noticias\/2026\/02\/11\/rui-patricio-volta-a-usar-luvas-mas-nao-no-futebol\/#primaryimage"},"thumbnailUrl":"https:\/\/portaltela.pt\/s.01k8rhncp4jt1\/2026\/02\/img_1200x721uu2026-02-11-12-41-51-2420940.jpg","datePublished":"2026-02-11T12:53:58+00:00","author":{"@id":"https:\/\/portaltela.pt\/#\/schema\/person\/c4278d4a6028830caff9ee44b42d32ed"},"breadcrumb":{"@id":"https:\/\/portaltela.pt\/noticias\/2026\/02\/11\/rui-patricio-volta-a-usar-luvas-mas-nao-no-futebol\/#breadcrumb"},"inLanguage":"pt-PT","potentialAction":[{"@type":"ReadAction","target":["https:\/\/portaltela.pt\/noticias\/2026\/02\/11\/rui-patricio-volta-a-usar-luvas-mas-nao-no-futebol\/"]}]},{"@type":"ImageObject","inLanguage":"pt-PT","@id":"https:\/\/portaltela.pt\/noticias\/2026\/02\/11\/rui-patricio-volta-a-usar-luvas-mas-nao-no-futebol\/#primaryimage","url":"https:\/\/portaltela.pt\/s.01k8rhncp4jt1\/2026\/02\/img_1200x721uu2026-02-11-12-41-51-2420940.jpg","contentUrl":"https:\/\/portaltela.pt\/s.01k8rhncp4jt1\/2026\/02\/img_1200x721uu2026-02-11-12-41-51-2420940.jpg","width":796,"height":448,"caption":"\u00abDo relvado para o tatami\u00bb: Rui Patr\u00edcio volta a cal\u00e7ar as luvas... mas n\u00e3o no futebol"},{"@type":"BreadcrumbList","@id":"https:\/\/portaltela.pt\/noticias\/2026\/02\/11\/rui-patricio-volta-a-usar-luvas-mas-nao-no-futebol\/#breadcrumb","itemListElement":[{"@type":"ListItem","position":1,"name":"In\u00edcio","item":"https:\/\/portaltela.pt\/"},{"@type":"ListItem","position":2,"name":"Rui Patr\u00edcio volta a usar luvas, mas n\u00e3o no futebol"}]},{"@type":"WebSite","@id":"https:\/\/portaltela.pt\/#website","url":"https:\/\/portaltela.pt\/","name":"Portal Tela Portugal","description":"","potentialAction":[{"@type":"SearchAction","target":{"@type":"EntryPoint","urlTemplate":"https:\/\/portaltela.pt\/?s={search_term_string}"},"query-input":{"@type":"PropertyValueSpecification","valueRequired":true,"valueName":"search_term_string"}}],"inLanguage":"pt-PT"},{"@type":"Person","@id":"https:\/\/portaltela.pt\/#\/schema\/person\/c4278d4a6028830caff9ee44b42d32ed","name":"Telinha","image":{"@type":"ImageObject","inLanguage":"pt-PT","@id":"https:\/\/portaltela.pt\/s.01k8rhncp4jt1\/2025\/11\/talking-bot-125x125.png","url":"https:\/\/portaltela.pt\/s.01k8rhncp4jt1\/2025\/11\/talking-bot-125x125.png","contentUrl":"https:\/\/portaltela.pt\/s.01k8rhncp4jt1\/2025\/11\/talking-bot-125x125.png","caption":"Telinha"},"sameAs":["https:\/\/portaltela.pt\/"],"url":"https:\/\/portaltela.pt\/por\/367410592786\/"}]}},"_links":{"self":[{"href":"https:\/\/portaltela.pt\/api\/wp\/v2\/posts\/208106","targetHints":{"allow":["GET"]}}],"collection":[{"href":"https:\/\/portaltela.pt\/api\/wp\/v2\/posts"}],"about":[{"href":"https:\/\/portaltela.pt\/api\/wp\/v2\/types\/post"}],"author":[{"embeddable":true,"href":"https:\/\/portaltela.pt\/api\/wp\/v2\/users\/2"}],"replies":[{"embeddable":true,"href":"https:\/\/portaltela.pt\/api\/wp\/v2\/comments?post=208106"}],"version-history":[{"count":0,"href":"https:\/\/portaltela.pt\/api\/wp\/v2\/posts\/208106\/revisions"}],"wp:featuredmedia":[{"embeddable":true,"href":"https:\/\/portaltela.pt\/api\/wp\/v2\/media\/208109"}],"wp:attachment":[{"href":"https:\/\/portaltela.pt\/api\/wp\/v2\/media?parent=208106"}],"wp:term":[{"taxonomy":"category","embeddable":true,"href":"https:\/\/portaltela.pt\/api\/wp\/v2\/categories?post=208106"},{"taxonomy":"post_tag","embeddable":true,"href":"https:\/\/portaltela.pt\/api\/wp\/v2\/tags?post=208106"}],"curies":[{"name":"wp","href":"https:\/\/api.w.org\/{rel}","templated":true}]}}