{"id":208090,"date":"2026-02-11T09:34:50","date_gmt":"2026-02-11T12:34:50","guid":{"rendered":"https:\/\/portaltela.pt\/noticias\/2026\/02\/11\/gabinete-criado-para-acompanhar-transicao-de-habitantes-da-aldeia-do-pisao\/"},"modified":"2026-02-11T09:34:50","modified_gmt":"2026-02-11T12:34:50","slug":"gabinete-criado-para-acompanhar-transicao-de-habitantes-da-aldeia-do-pisao","status":"publish","type":"post","link":"https:\/\/portaltela.pt\/noticias\/2026\/02\/11\/gabinete-criado-para-acompanhar-transicao-de-habitantes-da-aldeia-do-pisao\/","title":{"rendered":"Gabinete criado para acompanhar transi\u00e7\u00e3o de habitantes da aldeia do Pis\u00e3o"},"content":{"rendered":"<p>Um gabinete pluridisciplinar foi criado para acompanhar a transi\u00e7\u00e3o dos habitantes da aldeia do Pis\u00e3o, no Crato, com vista \u00e0 realojamento numa nova povoa\u00e7\u00e3o. A medida surge na sequ\u00eancia da constru\u00e7\u00e3o da Barragem do Pis\u00e3o.<\/p>\n<p>A estrutura re\u00fane t\u00e9cnicos da Comunidade Intermunicipal do Alto Alentejo (CIMAA) e do Munic\u00edpio do Crato, especializados em engenharia, ambiente, a\u00e7\u00e3o social, sociologia, arquitetura, arqueologia e jur\u00eddica. A sua fun\u00e7\u00e3o \u00e9 acompanhar infraestruturas e facilitar a comunica\u00e7\u00e3o com a popula\u00e7\u00e3o.<\/p>\n<p>O gabinete funciona em conformidade com a DCAPE e com a Medida 9 da fase de Pr\u00e9-Constru\u00e7\u00e3o, assegurando um processo estruturado, digno e respeitoso com os interesses dos habitantes. A CIMAA enfatiza a coopera\u00e7\u00e3o estreita com residentes e representantes locais.<\/p>\n<p>Paralelamente, o gabinete supervisiona a obra da nova aldeia do Pis\u00e3o, promovendo apoio ativo \u00e0 transi\u00e7\u00e3o, desde infraestruturas at\u00e9 ao realojamento definitivo. O acompanhamento prolonga-se ao longo de toda a empreitada.<\/p>\n<p>A Barragem do Pis\u00e3o, tamb\u00e9m designada Empreendimento de Aproveitamento Hidr\u00e1ulico de Fins M\u00faltiplos do Crato, \u00e9 considerada estrat\u00e9gica para a resili\u00eancia h\u00eddrica do distrito de Portalegre. O projeto est\u00e1 integrado no programa Sustent\u00e1vel 2030 e financiado pelo Fundo de Coes\u00e3o, com aprova\u00e7\u00e3o de transfer\u00eancia pela Comiss\u00e3o Europeia.<\/p>\n<p>O investimento total supera os 220 milh\u00f5es de euros, num territ\u00f3rio de cerca de 10 mil hectares. A submers\u00e3o da aldeia Pis\u00e3o est\u00e1 prevista, visando assegurar abastecimento p\u00fablico, novas zonas de regadio e produ\u00e7\u00e3o de energia renov\u00e1vel.<\/p>\n<p>A nova aldeia dever\u00e1 nascer na zona do Monte da Velha, perto da atual povoa\u00e7\u00e3o, com uma \u00e1rea de expans\u00e3o prevista. Em novembro, a associa\u00e7\u00e3o de residentes estimava a comunidade em torno de 70 pessoas.<\/p>\n","protected":false},"excerpt":{"rendered":"<ul>\n<li>Foi criado um gabinete pluridisciplinar para acompanhar a transi\u00e7\u00e3o dos habitantes da aldeia do Pis\u00e3o, no Crato, devido \u00e0 constru\u00e7\u00e3o da Barragem do Pis\u00e3o.<\/li>\n<li>A estrutura junta t\u00e9cnicos da Comunidade Intermunicipal do Alto Alentejo (CIMAA) e do Munic\u00edpio do Crato, especializados em engenharia, ambiente, a\u00e7\u00e3o social, sociologia, arquitetura, arqueologia e jur\u00eddica.<\/li>\n<li>O gabinete acompanhar\u00e1 as infraestruturas prim\u00e1rias e manter\u00e1 uma comunica\u00e7\u00e3o cont\u00ednua e transparente com a popula\u00e7\u00e3o envolvida, preparando os diferentes momentos do processo.<\/li>\n<li>O projeto, com investimento de mais de 220 milh\u00f5es de euros, implica a submers\u00e3o da aldeia e a cria\u00e7\u00e3o de uma nova aldeia no Monte da Velha, para abastecimento de \u00e1gua, regadio e energia renov\u00e1vel.<\/li>\n<li>A nova aldeia ficar\u00e1 na zona do Monte da Velha, com \u00e1rea de expans\u00e3o; a popula\u00e7\u00e3o do Pis\u00e3o era de cerca de 70 habitantes em novembro, segundo a associa\u00e7\u00e3o local.<\/li>\n<\/ul>\n","protected":false},"author":2,"featured_media":208099,"comment_status":"closed","ping_status":"closed","sticky":false,"template":"","format":"standard","meta":{"footnotes":""},"categories":[1],"tags":[1503,883,4924,2729,5730,1075],"class_list":["post-208090","post","type-post","status-publish","format-standard","has-post-thumbnail","hentry","category-noticias","tag-abastecimento-de-agua","tag-alentejo","tag-barragens","tag-energia-renovavel","tag-fundo-de-coesao","tag-portalegre"],"yoast_head":"<!-- This site is optimized with the Yoast SEO plugin v27.2 - https:\/\/yoast.com\/product\/yoast-seo-wordpress\/ -->\n<title>Gabinete criado para acompanhar transi\u00e7\u00e3o de habitantes da aldeia do Pis\u00e3o - Portal Tela Portugal<\/title>\n<meta name=\"robots\" content=\"index, follow, max-snippet:-1, max-image-preview:large, max-video-preview:-1\" \/>\n<meta property=\"og:locale\" content=\"pt_PT\" \/>\n<meta property=\"og:type\" content=\"article\" \/>\n<meta property=\"og:title\" content=\"Gabinete criado para acompanhar transi\u00e7\u00e3o de habitantes da aldeia do Pis\u00e3o - Portal Tela Portugal\" \/>\n<meta property=\"og:description\" content=\"Foi criado um gabinete pluridisciplinar para acompanhar a transi\u00e7\u00e3o dos habitantes da aldeia do Pis\u00e3o, no Crato, devido \u00e0 constru\u00e7\u00e3o da Barragem do Pis\u00e3o. A estrutura junta t\u00e9cnicos da Comunidade Intermunicipal do Alto Alentejo (CIMAA) e do Munic\u00edpio do Crato, especializados em engenharia, ambiente, a\u00e7\u00e3o social, sociologia, arquitetura, arqueologia e jur\u00eddica. O gabinete acompanhar\u00e1 as infraestruturas prim\u00e1rias e manter\u00e1 uma comunica\u00e7\u00e3o cont\u00ednua e transparente com a popula\u00e7\u00e3o envolvida, preparando os diferentes momentos do processo. O projeto, com investimento de mais de 220 milh\u00f5es de euros, implica a submers\u00e3o da aldeia e a cria\u00e7\u00e3o de uma nova aldeia no Monte da Velha, para abastecimento de \u00e1gua, regadio e energia renov\u00e1vel. A nova aldeia ficar\u00e1 na zona do Monte da Velha, com \u00e1rea de expans\u00e3o; a popula\u00e7\u00e3o do Pis\u00e3o era de cerca de 70 habitantes em novembro, segundo a associa\u00e7\u00e3o local.\" \/>\n<meta property=\"og:url\" content=\"https:\/\/portaltela.pt\/noticias\/2026\/02\/11\/gabinete-criado-para-acompanhar-transicao-de-habitantes-da-aldeia-do-pisao\/\" \/>\n<meta property=\"og:site_name\" content=\"Portal Tela Portugal\" \/>\n<meta property=\"article:published_time\" content=\"2026-02-11T12:34:50+00:00\" \/>\n<meta name=\"author\" content=\"Telinha\" \/>\n<meta name=\"twitter:card\" content=\"summary_large_image\" \/>\n<meta name=\"twitter:label1\" content=\"Escrito por\" \/>\n\t<meta name=\"twitter:data1\" content=\"Telinha\" \/>\n\t<meta name=\"twitter:label2\" content=\"Tempo estimado de leitura\" \/>\n\t<meta name=\"twitter:data2\" content=\"1 minuto\" \/>\n<script type=\"application\/ld+json\" class=\"yoast-schema-graph\">{\"@context\":\"https:\/\/schema.org\",\"@graph\":[{\"@type\":\"Article\",\"@id\":\"https:\/\/portaltela.pt\/noticias\/2026\/02\/11\/gabinete-criado-para-acompanhar-transicao-de-habitantes-da-aldeia-do-pisao\/#article\",\"isPartOf\":{\"@id\":\"https:\/\/portaltela.pt\/noticias\/2026\/02\/11\/gabinete-criado-para-acompanhar-transicao-de-habitantes-da-aldeia-do-pisao\/\"},\"author\":{\"name\":\"Telinha\",\"@id\":\"https:\/\/portaltela.pt\/#\/schema\/person\/c4278d4a6028830caff9ee44b42d32ed\"},\"headline\":\"Gabinete criado para acompanhar transi\u00e7\u00e3o de habitantes da aldeia do Pis\u00e3o\",\"datePublished\":\"2026-02-11T12:34:50+00:00\",\"mainEntityOfPage\":{\"@id\":\"https:\/\/portaltela.pt\/noticias\/2026\/02\/11\/gabinete-criado-para-acompanhar-transicao-de-habitantes-da-aldeia-do-pisao\/\"},\"wordCount\":310,\"image\":{\"@id\":\"https:\/\/portaltela.pt\/noticias\/2026\/02\/11\/gabinete-criado-para-acompanhar-transicao-de-habitantes-da-aldeia-do-pisao\/#primaryimage\"},\"thumbnailUrl\":\"https:\/\/portaltela.pt\/s.01k8rhncp4jt1\/2026\/02\/img_1500x1000uu2026-02-01-18-50-13-2264031-2.jpg\",\"keywords\":[\"abastecimento de \u00e1gua\",\"Alentejo\",\"barragens\",\"energia renov\u00e1vel\",\"Fundo de Coes\u00e3o\",\"Portalegre\"],\"articleSection\":[\"Not\u00edcias\"],\"inLanguage\":\"pt-PT\"},{\"@type\":\"WebPage\",\"@id\":\"https:\/\/portaltela.pt\/noticias\/2026\/02\/11\/gabinete-criado-para-acompanhar-transicao-de-habitantes-da-aldeia-do-pisao\/\",\"url\":\"https:\/\/portaltela.pt\/noticias\/2026\/02\/11\/gabinete-criado-para-acompanhar-transicao-de-habitantes-da-aldeia-do-pisao\/\",\"name\":\"Gabinete criado para acompanhar transi\u00e7\u00e3o de habitantes da aldeia do Pis\u00e3o - Portal Tela Portugal\",\"isPartOf\":{\"@id\":\"https:\/\/portaltela.pt\/#website\"},\"primaryImageOfPage\":{\"@id\":\"https:\/\/portaltela.pt\/noticias\/2026\/02\/11\/gabinete-criado-para-acompanhar-transicao-de-habitantes-da-aldeia-do-pisao\/#primaryimage\"},\"image\":{\"@id\":\"https:\/\/portaltela.pt\/noticias\/2026\/02\/11\/gabinete-criado-para-acompanhar-transicao-de-habitantes-da-aldeia-do-pisao\/#primaryimage\"},\"thumbnailUrl\":\"https:\/\/portaltela.pt\/s.01k8rhncp4jt1\/2026\/02\/img_1500x1000uu2026-02-01-18-50-13-2264031-2.jpg\",\"datePublished\":\"2026-02-11T12:34:50+00:00\",\"author\":{\"@id\":\"https:\/\/portaltela.pt\/#\/schema\/person\/c4278d4a6028830caff9ee44b42d32ed\"},\"breadcrumb\":{\"@id\":\"https:\/\/portaltela.pt\/noticias\/2026\/02\/11\/gabinete-criado-para-acompanhar-transicao-de-habitantes-da-aldeia-do-pisao\/#breadcrumb\"},\"inLanguage\":\"pt-PT\",\"potentialAction\":[{\"@type\":\"ReadAction\",\"target\":[\"https:\/\/portaltela.pt\/noticias\/2026\/02\/11\/gabinete-criado-para-acompanhar-transicao-de-habitantes-da-aldeia-do-pisao\/\"]}]},{\"@type\":\"ImageObject\",\"inLanguage\":\"pt-PT\",\"@id\":\"https:\/\/portaltela.pt\/noticias\/2026\/02\/11\/gabinete-criado-para-acompanhar-transicao-de-habitantes-da-aldeia-do-pisao\/#primaryimage\",\"url\":\"https:\/\/portaltela.pt\/s.01k8rhncp4jt1\/2026\/02\/img_1500x1000uu2026-02-01-18-50-13-2264031-2.jpg\",\"contentUrl\":\"https:\/\/portaltela.pt\/s.01k8rhncp4jt1\/2026\/02\/img_1500x1000uu2026-02-01-18-50-13-2264031-2.jpg\",\"width\":796,\"height\":448,\"caption\":\"Barragem\"},{\"@type\":\"BreadcrumbList\",\"@id\":\"https:\/\/portaltela.pt\/noticias\/2026\/02\/11\/gabinete-criado-para-acompanhar-transicao-de-habitantes-da-aldeia-do-pisao\/#breadcrumb\",\"itemListElement\":[{\"@type\":\"ListItem\",\"position\":1,\"name\":\"In\u00edcio\",\"item\":\"https:\/\/portaltela.pt\/\"},{\"@type\":\"ListItem\",\"position\":2,\"name\":\"Gabinete criado para acompanhar transi\u00e7\u00e3o de habitantes da aldeia do Pis\u00e3o\"}]},{\"@type\":\"WebSite\",\"@id\":\"https:\/\/portaltela.pt\/#website\",\"url\":\"https:\/\/portaltela.pt\/\",\"name\":\"Portal Tela Portugal\",\"description\":\"\",\"potentialAction\":[{\"@type\":\"SearchAction\",\"target\":{\"@type\":\"EntryPoint\",\"urlTemplate\":\"https:\/\/portaltela.pt\/?s={search_term_string}\"},\"query-input\":{\"@type\":\"PropertyValueSpecification\",\"valueRequired\":true,\"valueName\":\"search_term_string\"}}],\"inLanguage\":\"pt-PT\"},{\"@type\":\"Person\",\"@id\":\"https:\/\/portaltela.pt\/#\/schema\/person\/c4278d4a6028830caff9ee44b42d32ed\",\"name\":\"Telinha\",\"image\":{\"@type\":\"ImageObject\",\"inLanguage\":\"pt-PT\",\"@id\":\"https:\/\/portaltela.pt\/s.01k8rhncp4jt1\/2025\/11\/talking-bot-125x125.png\",\"url\":\"https:\/\/portaltela.pt\/s.01k8rhncp4jt1\/2025\/11\/talking-bot-125x125.png\",\"contentUrl\":\"https:\/\/portaltela.pt\/s.01k8rhncp4jt1\/2025\/11\/talking-bot-125x125.png\",\"caption\":\"Telinha\"},\"sameAs\":[\"https:\/\/portaltela.pt\/\"],\"url\":\"https:\/\/portaltela.pt\/por\/367410592786\/\"}]}<\/script>\n<!-- \/ Yoast SEO plugin. -->","yoast_head_json":{"title":"Gabinete criado para acompanhar transi\u00e7\u00e3o de habitantes da aldeia do Pis\u00e3o - Portal Tela Portugal","robots":{"index":"index","follow":"follow","max-snippet":"max-snippet:-1","max-image-preview":"max-image-preview:large","max-video-preview":"max-video-preview:-1"},"og_locale":"pt_PT","og_type":"article","og_title":"Gabinete criado para acompanhar transi\u00e7\u00e3o de habitantes da aldeia do Pis\u00e3o - Portal Tela Portugal","og_description":"Foi criado um gabinete pluridisciplinar para acompanhar a transi\u00e7\u00e3o dos habitantes da aldeia do Pis\u00e3o, no Crato, devido \u00e0 constru\u00e7\u00e3o da Barragem do Pis\u00e3o. A estrutura junta t\u00e9cnicos da Comunidade Intermunicipal do Alto Alentejo (CIMAA) e do Munic\u00edpio do Crato, especializados em engenharia, ambiente, a\u00e7\u00e3o social, sociologia, arquitetura, arqueologia e jur\u00eddica. O gabinete acompanhar\u00e1 as infraestruturas prim\u00e1rias e manter\u00e1 uma comunica\u00e7\u00e3o cont\u00ednua e transparente com a popula\u00e7\u00e3o envolvida, preparando os diferentes momentos do processo. O projeto, com investimento de mais de 220 milh\u00f5es de euros, implica a submers\u00e3o da aldeia e a cria\u00e7\u00e3o de uma nova aldeia no Monte da Velha, para abastecimento de \u00e1gua, regadio e energia renov\u00e1vel. A nova aldeia ficar\u00e1 na zona do Monte da Velha, com \u00e1rea de expans\u00e3o; a popula\u00e7\u00e3o do Pis\u00e3o era de cerca de 70 habitantes em novembro, segundo a associa\u00e7\u00e3o local.","og_url":"https:\/\/portaltela.pt\/noticias\/2026\/02\/11\/gabinete-criado-para-acompanhar-transicao-de-habitantes-da-aldeia-do-pisao\/","og_site_name":"Portal Tela Portugal","article_published_time":"2026-02-11T12:34:50+00:00","author":"Telinha","twitter_card":"summary_large_image","twitter_misc":{"Escrito por":"Telinha","Tempo estimado de leitura":"1 minuto"},"schema":{"@context":"https:\/\/schema.org","@graph":[{"@type":"Article","@id":"https:\/\/portaltela.pt\/noticias\/2026\/02\/11\/gabinete-criado-para-acompanhar-transicao-de-habitantes-da-aldeia-do-pisao\/#article","isPartOf":{"@id":"https:\/\/portaltela.pt\/noticias\/2026\/02\/11\/gabinete-criado-para-acompanhar-transicao-de-habitantes-da-aldeia-do-pisao\/"},"author":{"name":"Telinha","@id":"https:\/\/portaltela.pt\/#\/schema\/person\/c4278d4a6028830caff9ee44b42d32ed"},"headline":"Gabinete criado para acompanhar transi\u00e7\u00e3o de habitantes da aldeia do Pis\u00e3o","datePublished":"2026-02-11T12:34:50+00:00","mainEntityOfPage":{"@id":"https:\/\/portaltela.pt\/noticias\/2026\/02\/11\/gabinete-criado-para-acompanhar-transicao-de-habitantes-da-aldeia-do-pisao\/"},"wordCount":310,"image":{"@id":"https:\/\/portaltela.pt\/noticias\/2026\/02\/11\/gabinete-criado-para-acompanhar-transicao-de-habitantes-da-aldeia-do-pisao\/#primaryimage"},"thumbnailUrl":"https:\/\/portaltela.pt\/s.01k8rhncp4jt1\/2026\/02\/img_1500x1000uu2026-02-01-18-50-13-2264031-2.jpg","keywords":["abastecimento de \u00e1gua","Alentejo","barragens","energia renov\u00e1vel","Fundo de Coes\u00e3o","Portalegre"],"articleSection":["Not\u00edcias"],"inLanguage":"pt-PT"},{"@type":"WebPage","@id":"https:\/\/portaltela.pt\/noticias\/2026\/02\/11\/gabinete-criado-para-acompanhar-transicao-de-habitantes-da-aldeia-do-pisao\/","url":"https:\/\/portaltela.pt\/noticias\/2026\/02\/11\/gabinete-criado-para-acompanhar-transicao-de-habitantes-da-aldeia-do-pisao\/","name":"Gabinete criado para acompanhar transi\u00e7\u00e3o de habitantes da aldeia do Pis\u00e3o - Portal Tela Portugal","isPartOf":{"@id":"https:\/\/portaltela.pt\/#website"},"primaryImageOfPage":{"@id":"https:\/\/portaltela.pt\/noticias\/2026\/02\/11\/gabinete-criado-para-acompanhar-transicao-de-habitantes-da-aldeia-do-pisao\/#primaryimage"},"image":{"@id":"https:\/\/portaltela.pt\/noticias\/2026\/02\/11\/gabinete-criado-para-acompanhar-transicao-de-habitantes-da-aldeia-do-pisao\/#primaryimage"},"thumbnailUrl":"https:\/\/portaltela.pt\/s.01k8rhncp4jt1\/2026\/02\/img_1500x1000uu2026-02-01-18-50-13-2264031-2.jpg","datePublished":"2026-02-11T12:34:50+00:00","author":{"@id":"https:\/\/portaltela.pt\/#\/schema\/person\/c4278d4a6028830caff9ee44b42d32ed"},"breadcrumb":{"@id":"https:\/\/portaltela.pt\/noticias\/2026\/02\/11\/gabinete-criado-para-acompanhar-transicao-de-habitantes-da-aldeia-do-pisao\/#breadcrumb"},"inLanguage":"pt-PT","potentialAction":[{"@type":"ReadAction","target":["https:\/\/portaltela.pt\/noticias\/2026\/02\/11\/gabinete-criado-para-acompanhar-transicao-de-habitantes-da-aldeia-do-pisao\/"]}]},{"@type":"ImageObject","inLanguage":"pt-PT","@id":"https:\/\/portaltela.pt\/noticias\/2026\/02\/11\/gabinete-criado-para-acompanhar-transicao-de-habitantes-da-aldeia-do-pisao\/#primaryimage","url":"https:\/\/portaltela.pt\/s.01k8rhncp4jt1\/2026\/02\/img_1500x1000uu2026-02-01-18-50-13-2264031-2.jpg","contentUrl":"https:\/\/portaltela.pt\/s.01k8rhncp4jt1\/2026\/02\/img_1500x1000uu2026-02-01-18-50-13-2264031-2.jpg","width":796,"height":448,"caption":"Barragem"},{"@type":"BreadcrumbList","@id":"https:\/\/portaltela.pt\/noticias\/2026\/02\/11\/gabinete-criado-para-acompanhar-transicao-de-habitantes-da-aldeia-do-pisao\/#breadcrumb","itemListElement":[{"@type":"ListItem","position":1,"name":"In\u00edcio","item":"https:\/\/portaltela.pt\/"},{"@type":"ListItem","position":2,"name":"Gabinete criado para acompanhar transi\u00e7\u00e3o de habitantes da aldeia do Pis\u00e3o"}]},{"@type":"WebSite","@id":"https:\/\/portaltela.pt\/#website","url":"https:\/\/portaltela.pt\/","name":"Portal Tela Portugal","description":"","potentialAction":[{"@type":"SearchAction","target":{"@type":"EntryPoint","urlTemplate":"https:\/\/portaltela.pt\/?s={search_term_string}"},"query-input":{"@type":"PropertyValueSpecification","valueRequired":true,"valueName":"search_term_string"}}],"inLanguage":"pt-PT"},{"@type":"Person","@id":"https:\/\/portaltela.pt\/#\/schema\/person\/c4278d4a6028830caff9ee44b42d32ed","name":"Telinha","image":{"@type":"ImageObject","inLanguage":"pt-PT","@id":"https:\/\/portaltela.pt\/s.01k8rhncp4jt1\/2025\/11\/talking-bot-125x125.png","url":"https:\/\/portaltela.pt\/s.01k8rhncp4jt1\/2025\/11\/talking-bot-125x125.png","contentUrl":"https:\/\/portaltela.pt\/s.01k8rhncp4jt1\/2025\/11\/talking-bot-125x125.png","caption":"Telinha"},"sameAs":["https:\/\/portaltela.pt\/"],"url":"https:\/\/portaltela.pt\/por\/367410592786\/"}]}},"_links":{"self":[{"href":"https:\/\/portaltela.pt\/api\/wp\/v2\/posts\/208090","targetHints":{"allow":["GET"]}}],"collection":[{"href":"https:\/\/portaltela.pt\/api\/wp\/v2\/posts"}],"about":[{"href":"https:\/\/portaltela.pt\/api\/wp\/v2\/types\/post"}],"author":[{"embeddable":true,"href":"https:\/\/portaltela.pt\/api\/wp\/v2\/users\/2"}],"replies":[{"embeddable":true,"href":"https:\/\/portaltela.pt\/api\/wp\/v2\/comments?post=208090"}],"version-history":[{"count":0,"href":"https:\/\/portaltela.pt\/api\/wp\/v2\/posts\/208090\/revisions"}],"wp:featuredmedia":[{"embeddable":true,"href":"https:\/\/portaltela.pt\/api\/wp\/v2\/media\/208099"}],"wp:attachment":[{"href":"https:\/\/portaltela.pt\/api\/wp\/v2\/media?parent=208090"}],"wp:term":[{"taxonomy":"category","embeddable":true,"href":"https:\/\/portaltela.pt\/api\/wp\/v2\/categories?post=208090"},{"taxonomy":"post_tag","embeddable":true,"href":"https:\/\/portaltela.pt\/api\/wp\/v2\/tags?post=208090"}],"curies":[{"name":"wp","href":"https:\/\/api.w.org\/{rel}","templated":true}]}}