{"id":208087,"date":"2026-02-11T09:30:00","date_gmt":"2026-02-11T12:30:00","guid":{"rendered":"https:\/\/portaltela.pt\/noticias\/2026\/02\/11\/menores-de-16-anos-terao-acesso-vedado-a-redes-sociais-e-plataformas-digitais\/"},"modified":"2026-02-11T09:30:00","modified_gmt":"2026-02-11T12:30:00","slug":"menores-de-16-anos-terao-acesso-vedado-a-redes-sociais-e-plataformas-digitais","status":"publish","type":"post","link":"https:\/\/portaltela.pt\/noticias\/politica\/2026\/02\/11\/menores-de-16-anos-terao-acesso-vedado-a-redes-sociais-e-plataformas-digitais\/","title":{"rendered":"Menores de 16 anos ter\u00e3o acesso vedado a redes sociais e plataformas digitais"},"content":{"rendered":"<p>O PSD apresentou um diploma que pro\u00edbe o acesso livre \u00e0s redes sociais e plataformas online a menores de 16 anos em Portugal. O texto dever\u00e1 ser aprovado esta semana no parlamento com os votos favor\u00e1veis do PS.<\/p>\n<p>O projeto estabelece que o acesso para quem tem entre 13 e 16 anos s\u00f3 \u00e9 permitido com consentimento parental expresso e verificado. O sistema proposto para confirmar a idade \u00e9 o Chave M\u00f3vel Digital.<\/p>\n<p>Os socialistas garantem apoio \u00e0 medida, reconhecendo urg\u00eancia e citando estudos sobre impactos negativos das redes. O objetivo \u00e9 proteger jovens e acompanhar processos j\u00e1 em curso noutros pa\u00edses.<\/p>\n<h3>Detalhes t\u00e9cnicos e fiscaliza\u00e7\u00e3o<\/h3>\n<p>O diploma prev\u00ea verifica\u00e7\u00e3o de idade por parte dos prestadores de servi\u00e7os, com mecanismos para conte\u00fados potencialmente nocivos. A fiscaliza\u00e7\u00e3o caber\u00e1 \u00e0 ANAC e \u00e0 CNPD, com coimas at\u00e9 2 milh\u00f5es de euros ou 2% do volume de neg\u00f3cios mundial.<\/p>\n<p>Os parlamentares do Chega n\u00e3o se pronunciaram at\u00e9 ao momento. O Livre e a Iniciativa Liberal elogiaram a iniciativa, mas contestaram pontos como a efic\u00e1cia da verifica\u00e7\u00e3o e riscos de privacidade e de contornar proibi\u00e7\u00f5es com VPN.<\/p>\n","protected":false},"excerpt":{"rendered":"<ul>\n<li>O PSD prop\u00f5e proibir o acesso livre a redes sociais para menores de 16 anos em Portugal, com aprova\u00e7\u00e3o prevista no parlamento nesta semana, com os votos do PS.<\/li>\n<li>Entre os 13 e os 16 anos, o acesso s\u00f3 seria permitido com consentimento parental expresso e verificado; a verifica\u00e7\u00e3o de idade pode usar o sistema Chave M\u00f3vel Digital.<\/li>\n<li>O PS afirma que h\u00e1 urg\u00eancia na mat\u00e9ria e que a lei dever\u00e1 ser debatida na especialidade para clarificar pontos como a autoriza\u00e7\u00e3o parental e a certifica\u00e7\u00e3o da idade.<\/li>\n<li>A fiscaliza\u00e7\u00e3o caberia \u00e0 Autoridade Nacional de Comunica\u00e7\u00f5es e \u00e0 Comiss\u00e3o Nacional de Prote\u00e7\u00e3o de Dados, com coimas que podem chegar a dois milh\u00f5es de euros ou 2% do volume de neg\u00f3cios anual mundial.<\/li>\n<li>Reac\u00e7\u00f5es: IL e Livre saudaram a iniciativa, mas apontaram problemas como contornar proibi\u00e7\u00f5es com VPN e quest\u00f5es de privacidade; o Chega ainda n\u00e3o se pronunciou.<\/li>\n<\/ul>\n","protected":false},"author":2,"featured_media":208095,"comment_status":"closed","ping_status":"closed","sticky":false,"template":"","format":"standard","meta":{"footnotes":""},"categories":[1,5],"tags":[3824,5161,5539,2215,3642,250],"class_list":["post-208087","post","type-post","status-publish","format-standard","has-post-thumbnail","hentry","category-noticias","category-politica","tag-chave-movel-digital","tag-cnpd","tag-lei","tag-protecao-da-privacidade","tag-protecao-de-menores-dependente-ou-em-situacao-vulneravel","tag-seguranca-publica"],"yoast_head":"<!-- This site is optimized with the Yoast SEO plugin v27.2 - https:\/\/yoast.com\/product\/yoast-seo-wordpress\/ -->\n<title>Menores de 16 anos ter\u00e3o acesso vedado a redes sociais e plataformas digitais - Portal Tela Portugal<\/title>\n<meta name=\"robots\" content=\"index, follow, max-snippet:-1, max-image-preview:large, max-video-preview:-1\" \/>\n<meta property=\"og:locale\" content=\"pt_PT\" \/>\n<meta property=\"og:type\" content=\"article\" \/>\n<meta property=\"og:title\" content=\"Menores de 16 anos ter\u00e3o acesso vedado a redes sociais e plataformas digitais - Portal Tela Portugal\" \/>\n<meta property=\"og:description\" content=\"O PSD prop\u00f5e proibir o acesso livre a redes sociais para menores de 16 anos em Portugal, com aprova\u00e7\u00e3o prevista no parlamento nesta semana, com os votos do PS. Entre os 13 e os 16 anos, o acesso s\u00f3 seria permitido com consentimento parental expresso e verificado; a verifica\u00e7\u00e3o de idade pode usar o sistema Chave M\u00f3vel Digital. O PS afirma que h\u00e1 urg\u00eancia na mat\u00e9ria e que a lei dever\u00e1 ser debatida na especialidade para clarificar pontos como a autoriza\u00e7\u00e3o parental e a certifica\u00e7\u00e3o da idade. A fiscaliza\u00e7\u00e3o caberia \u00e0 Autoridade Nacional de Comunica\u00e7\u00f5es e \u00e0 Comiss\u00e3o Nacional de Prote\u00e7\u00e3o de Dados, com coimas que podem chegar a dois milh\u00f5es de euros ou 2% do volume de neg\u00f3cios anual mundial. Reac\u00e7\u00f5es: IL e Livre saudaram a iniciativa, mas apontaram problemas como contornar proibi\u00e7\u00f5es com VPN e quest\u00f5es de privacidade; o Chega ainda n\u00e3o se pronunciou.\" \/>\n<meta property=\"og:url\" content=\"https:\/\/portaltela.pt\/noticias\/2026\/02\/11\/menores-de-16-anos-terao-acesso-vedado-a-redes-sociais-e-plataformas-digitais\/\" \/>\n<meta property=\"og:site_name\" content=\"Portal Tela Portugal\" \/>\n<meta property=\"article:published_time\" content=\"2026-02-11T12:30:00+00:00\" \/>\n<meta name=\"author\" content=\"Telinha\" \/>\n<meta name=\"twitter:card\" content=\"summary_large_image\" \/>\n<meta name=\"twitter:label1\" content=\"Escrito por\" \/>\n\t<meta name=\"twitter:data1\" content=\"Telinha\" \/>\n\t<meta name=\"twitter:label2\" content=\"Tempo estimado de leitura\" \/>\n\t<meta name=\"twitter:data2\" content=\"1 minuto\" \/>\n<script type=\"application\/ld+json\" class=\"yoast-schema-graph\">{\"@context\":\"https:\/\/schema.org\",\"@graph\":[{\"@type\":\"Article\",\"@id\":\"https:\/\/portaltela.pt\/noticias\/2026\/02\/11\/menores-de-16-anos-terao-acesso-vedado-a-redes-sociais-e-plataformas-digitais\/#article\",\"isPartOf\":{\"@id\":\"https:\/\/portaltela.pt\/noticias\/2026\/02\/11\/menores-de-16-anos-terao-acesso-vedado-a-redes-sociais-e-plataformas-digitais\/\"},\"author\":{\"name\":\"Telinha\",\"@id\":\"https:\/\/portaltela.pt\/#\/schema\/person\/c4278d4a6028830caff9ee44b42d32ed\"},\"headline\":\"Menores de 16 anos ter\u00e3o acesso vedado a redes sociais e plataformas digitais\",\"datePublished\":\"2026-02-11T12:30:00+00:00\",\"mainEntityOfPage\":{\"@id\":\"https:\/\/portaltela.pt\/noticias\/2026\/02\/11\/menores-de-16-anos-terao-acesso-vedado-a-redes-sociais-e-plataformas-digitais\/\"},\"wordCount\":202,\"image\":{\"@id\":\"https:\/\/portaltela.pt\/noticias\/2026\/02\/11\/menores-de-16-anos-terao-acesso-vedado-a-redes-sociais-e-plataformas-digitais\/#primaryimage\"},\"thumbnailUrl\":\"https:\/\/portaltela.pt\/s.01k8rhncp4jt1\/2026\/02\/img_1280x721uu2026-02-02-17-18-00-2264261.jpg\",\"keywords\":[\"Chave M\u00f3vel Digital\",\"CNPD\",\"lei\",\"prote\u00e7\u00e3o da privacidade\",\"prote\u00e7\u00e3o de menores dependente ou em situa\u00e7\u00e3o vulner\u00e1vel\",\"seguran\u00e7a p\u00fablica\"],\"articleSection\":[\"Not\u00edcias\",\"Pol\u00edtica\"],\"inLanguage\":\"pt-PT\"},{\"@type\":\"WebPage\",\"@id\":\"https:\/\/portaltela.pt\/noticias\/2026\/02\/11\/menores-de-16-anos-terao-acesso-vedado-a-redes-sociais-e-plataformas-digitais\/\",\"url\":\"https:\/\/portaltela.pt\/noticias\/2026\/02\/11\/menores-de-16-anos-terao-acesso-vedado-a-redes-sociais-e-plataformas-digitais\/\",\"name\":\"Menores de 16 anos ter\u00e3o acesso vedado a redes sociais e plataformas digitais - Portal Tela Portugal\",\"isPartOf\":{\"@id\":\"https:\/\/portaltela.pt\/#website\"},\"primaryImageOfPage\":{\"@id\":\"https:\/\/portaltela.pt\/noticias\/2026\/02\/11\/menores-de-16-anos-terao-acesso-vedado-a-redes-sociais-e-plataformas-digitais\/#primaryimage\"},\"image\":{\"@id\":\"https:\/\/portaltela.pt\/noticias\/2026\/02\/11\/menores-de-16-anos-terao-acesso-vedado-a-redes-sociais-e-plataformas-digitais\/#primaryimage\"},\"thumbnailUrl\":\"https:\/\/portaltela.pt\/s.01k8rhncp4jt1\/2026\/02\/img_1280x721uu2026-02-02-17-18-00-2264261.jpg\",\"datePublished\":\"2026-02-11T12:30:00+00:00\",\"author\":{\"@id\":\"https:\/\/portaltela.pt\/#\/schema\/person\/c4278d4a6028830caff9ee44b42d32ed\"},\"breadcrumb\":{\"@id\":\"https:\/\/portaltela.pt\/noticias\/2026\/02\/11\/menores-de-16-anos-terao-acesso-vedado-a-redes-sociais-e-plataformas-digitais\/#breadcrumb\"},\"inLanguage\":\"pt-PT\",\"potentialAction\":[{\"@type\":\"ReadAction\",\"target\":[\"https:\/\/portaltela.pt\/noticias\/2026\/02\/11\/menores-de-16-anos-terao-acesso-vedado-a-redes-sociais-e-plataformas-digitais\/\"]}]},{\"@type\":\"ImageObject\",\"inLanguage\":\"pt-PT\",\"@id\":\"https:\/\/portaltela.pt\/noticias\/2026\/02\/11\/menores-de-16-anos-terao-acesso-vedado-a-redes-sociais-e-plataformas-digitais\/#primaryimage\",\"url\":\"https:\/\/portaltela.pt\/s.01k8rhncp4jt1\/2026\/02\/img_1280x721uu2026-02-02-17-18-00-2264261.jpg\",\"contentUrl\":\"https:\/\/portaltela.pt\/s.01k8rhncp4jt1\/2026\/02\/img_1280x721uu2026-02-02-17-18-00-2264261.jpg\",\"width\":796,\"height\":448,\"caption\":\"Jovens e telem\u00f3veis: debate sobre acesso de menores \u00e0s redes sociais no parlamento\"},{\"@type\":\"BreadcrumbList\",\"@id\":\"https:\/\/portaltela.pt\/noticias\/2026\/02\/11\/menores-de-16-anos-terao-acesso-vedado-a-redes-sociais-e-plataformas-digitais\/#breadcrumb\",\"itemListElement\":[{\"@type\":\"ListItem\",\"position\":1,\"name\":\"In\u00edcio\",\"item\":\"https:\/\/portaltela.pt\/\"},{\"@type\":\"ListItem\",\"position\":2,\"name\":\"Menores de 16 anos ter\u00e3o acesso vedado a redes sociais e plataformas digitais\"}]},{\"@type\":\"WebSite\",\"@id\":\"https:\/\/portaltela.pt\/#website\",\"url\":\"https:\/\/portaltela.pt\/\",\"name\":\"Portal Tela Portugal\",\"description\":\"\",\"potentialAction\":[{\"@type\":\"SearchAction\",\"target\":{\"@type\":\"EntryPoint\",\"urlTemplate\":\"https:\/\/portaltela.pt\/?s={search_term_string}\"},\"query-input\":{\"@type\":\"PropertyValueSpecification\",\"valueRequired\":true,\"valueName\":\"search_term_string\"}}],\"inLanguage\":\"pt-PT\"},{\"@type\":\"Person\",\"@id\":\"https:\/\/portaltela.pt\/#\/schema\/person\/c4278d4a6028830caff9ee44b42d32ed\",\"name\":\"Telinha\",\"image\":{\"@type\":\"ImageObject\",\"inLanguage\":\"pt-PT\",\"@id\":\"https:\/\/portaltela.pt\/s.01k8rhncp4jt1\/2025\/11\/talking-bot-125x125.png\",\"url\":\"https:\/\/portaltela.pt\/s.01k8rhncp4jt1\/2025\/11\/talking-bot-125x125.png\",\"contentUrl\":\"https:\/\/portaltela.pt\/s.01k8rhncp4jt1\/2025\/11\/talking-bot-125x125.png\",\"caption\":\"Telinha\"},\"sameAs\":[\"https:\/\/portaltela.pt\/\"],\"url\":\"https:\/\/portaltela.pt\/por\/367410592786\/\"}]}<\/script>\n<!-- \/ Yoast SEO plugin. -->","yoast_head_json":{"title":"Menores de 16 anos ter\u00e3o acesso vedado a redes sociais e plataformas digitais - Portal Tela Portugal","robots":{"index":"index","follow":"follow","max-snippet":"max-snippet:-1","max-image-preview":"max-image-preview:large","max-video-preview":"max-video-preview:-1"},"og_locale":"pt_PT","og_type":"article","og_title":"Menores de 16 anos ter\u00e3o acesso vedado a redes sociais e plataformas digitais - Portal Tela Portugal","og_description":"O PSD prop\u00f5e proibir o acesso livre a redes sociais para menores de 16 anos em Portugal, com aprova\u00e7\u00e3o prevista no parlamento nesta semana, com os votos do PS. Entre os 13 e os 16 anos, o acesso s\u00f3 seria permitido com consentimento parental expresso e verificado; a verifica\u00e7\u00e3o de idade pode usar o sistema Chave M\u00f3vel Digital. O PS afirma que h\u00e1 urg\u00eancia na mat\u00e9ria e que a lei dever\u00e1 ser debatida na especialidade para clarificar pontos como a autoriza\u00e7\u00e3o parental e a certifica\u00e7\u00e3o da idade. A fiscaliza\u00e7\u00e3o caberia \u00e0 Autoridade Nacional de Comunica\u00e7\u00f5es e \u00e0 Comiss\u00e3o Nacional de Prote\u00e7\u00e3o de Dados, com coimas que podem chegar a dois milh\u00f5es de euros ou 2% do volume de neg\u00f3cios anual mundial. Reac\u00e7\u00f5es: IL e Livre saudaram a iniciativa, mas apontaram problemas como contornar proibi\u00e7\u00f5es com VPN e quest\u00f5es de privacidade; o Chega ainda n\u00e3o se pronunciou.","og_url":"https:\/\/portaltela.pt\/noticias\/2026\/02\/11\/menores-de-16-anos-terao-acesso-vedado-a-redes-sociais-e-plataformas-digitais\/","og_site_name":"Portal Tela Portugal","article_published_time":"2026-02-11T12:30:00+00:00","author":"Telinha","twitter_card":"summary_large_image","twitter_misc":{"Escrito por":"Telinha","Tempo estimado de leitura":"1 minuto"},"schema":{"@context":"https:\/\/schema.org","@graph":[{"@type":"Article","@id":"https:\/\/portaltela.pt\/noticias\/2026\/02\/11\/menores-de-16-anos-terao-acesso-vedado-a-redes-sociais-e-plataformas-digitais\/#article","isPartOf":{"@id":"https:\/\/portaltela.pt\/noticias\/2026\/02\/11\/menores-de-16-anos-terao-acesso-vedado-a-redes-sociais-e-plataformas-digitais\/"},"author":{"name":"Telinha","@id":"https:\/\/portaltela.pt\/#\/schema\/person\/c4278d4a6028830caff9ee44b42d32ed"},"headline":"Menores de 16 anos ter\u00e3o acesso vedado a redes sociais e plataformas digitais","datePublished":"2026-02-11T12:30:00+00:00","mainEntityOfPage":{"@id":"https:\/\/portaltela.pt\/noticias\/2026\/02\/11\/menores-de-16-anos-terao-acesso-vedado-a-redes-sociais-e-plataformas-digitais\/"},"wordCount":202,"image":{"@id":"https:\/\/portaltela.pt\/noticias\/2026\/02\/11\/menores-de-16-anos-terao-acesso-vedado-a-redes-sociais-e-plataformas-digitais\/#primaryimage"},"thumbnailUrl":"https:\/\/portaltela.pt\/s.01k8rhncp4jt1\/2026\/02\/img_1280x721uu2026-02-02-17-18-00-2264261.jpg","keywords":["Chave M\u00f3vel Digital","CNPD","lei","prote\u00e7\u00e3o da privacidade","prote\u00e7\u00e3o de menores dependente ou em situa\u00e7\u00e3o vulner\u00e1vel","seguran\u00e7a p\u00fablica"],"articleSection":["Not\u00edcias","Pol\u00edtica"],"inLanguage":"pt-PT"},{"@type":"WebPage","@id":"https:\/\/portaltela.pt\/noticias\/2026\/02\/11\/menores-de-16-anos-terao-acesso-vedado-a-redes-sociais-e-plataformas-digitais\/","url":"https:\/\/portaltela.pt\/noticias\/2026\/02\/11\/menores-de-16-anos-terao-acesso-vedado-a-redes-sociais-e-plataformas-digitais\/","name":"Menores de 16 anos ter\u00e3o acesso vedado a redes sociais e plataformas digitais - Portal Tela Portugal","isPartOf":{"@id":"https:\/\/portaltela.pt\/#website"},"primaryImageOfPage":{"@id":"https:\/\/portaltela.pt\/noticias\/2026\/02\/11\/menores-de-16-anos-terao-acesso-vedado-a-redes-sociais-e-plataformas-digitais\/#primaryimage"},"image":{"@id":"https:\/\/portaltela.pt\/noticias\/2026\/02\/11\/menores-de-16-anos-terao-acesso-vedado-a-redes-sociais-e-plataformas-digitais\/#primaryimage"},"thumbnailUrl":"https:\/\/portaltela.pt\/s.01k8rhncp4jt1\/2026\/02\/img_1280x721uu2026-02-02-17-18-00-2264261.jpg","datePublished":"2026-02-11T12:30:00+00:00","author":{"@id":"https:\/\/portaltela.pt\/#\/schema\/person\/c4278d4a6028830caff9ee44b42d32ed"},"breadcrumb":{"@id":"https:\/\/portaltela.pt\/noticias\/2026\/02\/11\/menores-de-16-anos-terao-acesso-vedado-a-redes-sociais-e-plataformas-digitais\/#breadcrumb"},"inLanguage":"pt-PT","potentialAction":[{"@type":"ReadAction","target":["https:\/\/portaltela.pt\/noticias\/2026\/02\/11\/menores-de-16-anos-terao-acesso-vedado-a-redes-sociais-e-plataformas-digitais\/"]}]},{"@type":"ImageObject","inLanguage":"pt-PT","@id":"https:\/\/portaltela.pt\/noticias\/2026\/02\/11\/menores-de-16-anos-terao-acesso-vedado-a-redes-sociais-e-plataformas-digitais\/#primaryimage","url":"https:\/\/portaltela.pt\/s.01k8rhncp4jt1\/2026\/02\/img_1280x721uu2026-02-02-17-18-00-2264261.jpg","contentUrl":"https:\/\/portaltela.pt\/s.01k8rhncp4jt1\/2026\/02\/img_1280x721uu2026-02-02-17-18-00-2264261.jpg","width":796,"height":448,"caption":"Jovens e telem\u00f3veis: debate sobre acesso de menores \u00e0s redes sociais no parlamento"},{"@type":"BreadcrumbList","@id":"https:\/\/portaltela.pt\/noticias\/2026\/02\/11\/menores-de-16-anos-terao-acesso-vedado-a-redes-sociais-e-plataformas-digitais\/#breadcrumb","itemListElement":[{"@type":"ListItem","position":1,"name":"In\u00edcio","item":"https:\/\/portaltela.pt\/"},{"@type":"ListItem","position":2,"name":"Menores de 16 anos ter\u00e3o acesso vedado a redes sociais e plataformas digitais"}]},{"@type":"WebSite","@id":"https:\/\/portaltela.pt\/#website","url":"https:\/\/portaltela.pt\/","name":"Portal Tela Portugal","description":"","potentialAction":[{"@type":"SearchAction","target":{"@type":"EntryPoint","urlTemplate":"https:\/\/portaltela.pt\/?s={search_term_string}"},"query-input":{"@type":"PropertyValueSpecification","valueRequired":true,"valueName":"search_term_string"}}],"inLanguage":"pt-PT"},{"@type":"Person","@id":"https:\/\/portaltela.pt\/#\/schema\/person\/c4278d4a6028830caff9ee44b42d32ed","name":"Telinha","image":{"@type":"ImageObject","inLanguage":"pt-PT","@id":"https:\/\/portaltela.pt\/s.01k8rhncp4jt1\/2025\/11\/talking-bot-125x125.png","url":"https:\/\/portaltela.pt\/s.01k8rhncp4jt1\/2025\/11\/talking-bot-125x125.png","contentUrl":"https:\/\/portaltela.pt\/s.01k8rhncp4jt1\/2025\/11\/talking-bot-125x125.png","caption":"Telinha"},"sameAs":["https:\/\/portaltela.pt\/"],"url":"https:\/\/portaltela.pt\/por\/367410592786\/"}]}},"_links":{"self":[{"href":"https:\/\/portaltela.pt\/api\/wp\/v2\/posts\/208087","targetHints":{"allow":["GET"]}}],"collection":[{"href":"https:\/\/portaltela.pt\/api\/wp\/v2\/posts"}],"about":[{"href":"https:\/\/portaltela.pt\/api\/wp\/v2\/types\/post"}],"author":[{"embeddable":true,"href":"https:\/\/portaltela.pt\/api\/wp\/v2\/users\/2"}],"replies":[{"embeddable":true,"href":"https:\/\/portaltela.pt\/api\/wp\/v2\/comments?post=208087"}],"version-history":[{"count":0,"href":"https:\/\/portaltela.pt\/api\/wp\/v2\/posts\/208087\/revisions"}],"wp:featuredmedia":[{"embeddable":true,"href":"https:\/\/portaltela.pt\/api\/wp\/v2\/media\/208095"}],"wp:attachment":[{"href":"https:\/\/portaltela.pt\/api\/wp\/v2\/media?parent=208087"}],"wp:term":[{"taxonomy":"category","embeddable":true,"href":"https:\/\/portaltela.pt\/api\/wp\/v2\/categories?post=208087"},{"taxonomy":"post_tag","embeddable":true,"href":"https:\/\/portaltela.pt\/api\/wp\/v2\/tags?post=208087"}],"curies":[{"name":"wp","href":"https:\/\/api.w.org\/{rel}","templated":true}]}}