{"id":208078,"date":"2026-02-11T09:38:34","date_gmt":"2026-02-11T12:38:34","guid":{"rendered":"https:\/\/portaltela.pt\/noticias\/2026\/02\/11\/sofia-araujo-avanca-aos-quartos-ana-catarina-nogueira-despede-se-do-p1-em-riade\/"},"modified":"2026-02-11T09:38:34","modified_gmt":"2026-02-11T12:38:34","slug":"sofia-araujo-avanca-aos-quartos-ana-catarina-nogueira-despede-se-do-p1-em-riade","status":"publish","type":"post","link":"https:\/\/portaltela.pt\/desporto\/2026\/02\/11\/sofia-araujo-avanca-aos-quartos-ana-catarina-nogueira-despede-se-do-p1-em-riade\/","title":{"rendered":"Sofia Ara\u00fajo avan\u00e7a aos quartos; Ana Catarina Nogueira despede-se do P1 em Riade"},"content":{"rendered":"<p>A dupla luso-espanhola formada por Sofia Ara\u00fajo e Claudia Fernandez garantiu passagem aos quartos de final do Premier Padel 1 de Riade, a primeira prova da temporada. Elas venceram Carolina Orsi e Araceli Mart\u00ednez por 7-5 e 6-3.<\/p>\n<p>No primeiro set, surgiu um confronto equilibrado, com a dupla portuguesa a recuperar uma desvantagem e a fechar o parcial em 7-5. O segundo set trouxe maior consist\u00eancia e controlo, permitindo confirmar o favoritismo e seguir em frente no torneio.<\/p>\n<h3>Desfecho de Ana Catarina Nogueira<\/h3>\n<p>Ana Catarina Nogueira, acompanhada pela espanhola Laura Luj\u00e1n, n\u00e3o passou da primeira ronda em Riade. A dupla enfrentou Lara Arruabarrena e Marina Lobo, e saiu derrotada num encontro de elevada exig\u00eancia competitiva.<\/p>\n","protected":false},"excerpt":{"rendered":"<ul>\n<li>Sofia Ara\u00fajo, em nova parceria com Claudia Fernandez, garantiu lugar nos quartos de final do Premier Padel 1 de Riade ao vencer Carolina Orsi e Araceli Mart\u00ednez por 7-5 e 6-3.<\/li>\n<li>O primeiro set ficou 7-5, com a dupla luso-espanhola a recuperar desvantagem e a fechar o parcial nos momentos decisivos.<\/li>\n<li>No segundo set, a dupla mostrou maior estabilidade e controle, assegurando o apuramento.<\/li>\n<li>Ana Catarina Nogueira, com Laura Luj\u00e1n, n\u00e3o passou da primeira ronda em Riade.<\/li>\n<li>A dupla derrotada foi Lara Arruabarrena e Marina Lobo, num encontro de elevada exig\u00eancia competitiva.<\/li>\n<\/ul>\n","protected":false},"author":2,"featured_media":208081,"comment_status":"closed","ping_status":"closed","sticky":false,"template":"","format":"standard","meta":{"footnotes":""},"categories":[21],"tags":[152,2681,186,242,3877,1014],"class_list":["post-208078","post","type-post","status-publish","format-standard","has-post-thumbnail","hentry","category-desporto","tag-desporto","tag-desporto-internacional","tag-desportos","tag-jogadores","tag-padel","tag-portugal"],"yoast_head":"<!-- This site is optimized with the Yoast SEO plugin v27.2 - https:\/\/yoast.com\/product\/yoast-seo-wordpress\/ -->\n<title>Sofia Ara\u00fajo avan\u00e7a aos quartos; Ana Catarina Nogueira despede-se do P1 em Riade - Portal Tela Portugal<\/title>\n<meta name=\"robots\" content=\"index, follow, max-snippet:-1, max-image-preview:large, max-video-preview:-1\" \/>\n<meta property=\"og:locale\" content=\"pt_PT\" \/>\n<meta property=\"og:type\" content=\"article\" \/>\n<meta property=\"og:title\" content=\"Sofia Ara\u00fajo avan\u00e7a aos quartos; Ana Catarina Nogueira despede-se do P1 em Riade - Portal Tela Portugal\" \/>\n<meta property=\"og:description\" content=\"Sofia Ara\u00fajo, em nova parceria com Claudia Fernandez, garantiu lugar nos quartos de final do Premier Padel 1 de Riade ao vencer Carolina Orsi e Araceli Mart\u00ednez por 7-5 e 6-3. O primeiro set ficou 7-5, com a dupla luso-espanhola a recuperar desvantagem e a fechar o parcial nos momentos decisivos. No segundo set, a dupla mostrou maior estabilidade e controle, assegurando o apuramento. Ana Catarina Nogueira, com Laura Luj\u00e1n, n\u00e3o passou da primeira ronda em Riade. A dupla derrotada foi Lara Arruabarrena e Marina Lobo, num encontro de elevada exig\u00eancia competitiva.\" \/>\n<meta property=\"og:url\" content=\"https:\/\/portaltela.pt\/noticias\/2026\/02\/11\/sofia-araujo-avanca-aos-quartos-ana-catarina-nogueira-despede-se-do-p1-em-riade\/\" \/>\n<meta property=\"og:site_name\" content=\"Portal Tela Portugal\" \/>\n<meta property=\"article:published_time\" content=\"2026-02-11T12:38:34+00:00\" \/>\n<meta name=\"author\" content=\"Telinha\" \/>\n<meta name=\"twitter:card\" content=\"summary_large_image\" \/>\n<meta name=\"twitter:label1\" content=\"Escrito por\" \/>\n\t<meta name=\"twitter:data1\" content=\"Telinha\" \/>\n\t<meta name=\"twitter:label2\" content=\"Tempo estimado de leitura\" \/>\n\t<meta name=\"twitter:data2\" content=\"1 minuto\" \/>\n<script type=\"application\/ld+json\" class=\"yoast-schema-graph\">{\"@context\":\"https:\/\/schema.org\",\"@graph\":[{\"@type\":\"Article\",\"@id\":\"https:\/\/portaltela.pt\/noticias\/2026\/02\/11\/sofia-araujo-avanca-aos-quartos-ana-catarina-nogueira-despede-se-do-p1-em-riade\/#article\",\"isPartOf\":{\"@id\":\"https:\/\/portaltela.pt\/noticias\/2026\/02\/11\/sofia-araujo-avanca-aos-quartos-ana-catarina-nogueira-despede-se-do-p1-em-riade\/\"},\"author\":{\"name\":\"Telinha\",\"@id\":\"https:\/\/portaltela.pt\/#\/schema\/person\/c4278d4a6028830caff9ee44b42d32ed\"},\"headline\":\"Sofia Ara\u00fajo avan\u00e7a aos quartos; Ana Catarina Nogueira despede-se do P1 em Riade\",\"datePublished\":\"2026-02-11T12:38:34+00:00\",\"mainEntityOfPage\":{\"@id\":\"https:\/\/portaltela.pt\/noticias\/2026\/02\/11\/sofia-araujo-avanca-aos-quartos-ana-catarina-nogueira-despede-se-do-p1-em-riade\/\"},\"wordCount\":135,\"image\":{\"@id\":\"https:\/\/portaltela.pt\/noticias\/2026\/02\/11\/sofia-araujo-avanca-aos-quartos-ana-catarina-nogueira-despede-se-do-p1-em-riade\/#primaryimage\"},\"thumbnailUrl\":\"https:\/\/portaltela.pt\/s.01k8rhncp4jt1\/2026\/02\/img_920x518uu2025-03-21-19-43-52-2350918.jpg\",\"keywords\":[\"desporto\",\"desporto internacional\",\"desportos\",\"jogadores\",\"Padel\",\"Portugal\"],\"articleSection\":[\"Desporto\"],\"inLanguage\":\"pt-PT\"},{\"@type\":\"WebPage\",\"@id\":\"https:\/\/portaltela.pt\/noticias\/2026\/02\/11\/sofia-araujo-avanca-aos-quartos-ana-catarina-nogueira-despede-se-do-p1-em-riade\/\",\"url\":\"https:\/\/portaltela.pt\/noticias\/2026\/02\/11\/sofia-araujo-avanca-aos-quartos-ana-catarina-nogueira-despede-se-do-p1-em-riade\/\",\"name\":\"Sofia Ara\u00fajo avan\u00e7a aos quartos; Ana Catarina Nogueira despede-se do P1 em Riade - Portal Tela Portugal\",\"isPartOf\":{\"@id\":\"https:\/\/portaltela.pt\/#website\"},\"primaryImageOfPage\":{\"@id\":\"https:\/\/portaltela.pt\/noticias\/2026\/02\/11\/sofia-araujo-avanca-aos-quartos-ana-catarina-nogueira-despede-se-do-p1-em-riade\/#primaryimage\"},\"image\":{\"@id\":\"https:\/\/portaltela.pt\/noticias\/2026\/02\/11\/sofia-araujo-avanca-aos-quartos-ana-catarina-nogueira-despede-se-do-p1-em-riade\/#primaryimage\"},\"thumbnailUrl\":\"https:\/\/portaltela.pt\/s.01k8rhncp4jt1\/2026\/02\/img_920x518uu2025-03-21-19-43-52-2350918.jpg\",\"datePublished\":\"2026-02-11T12:38:34+00:00\",\"author\":{\"@id\":\"https:\/\/portaltela.pt\/#\/schema\/person\/c4278d4a6028830caff9ee44b42d32ed\"},\"breadcrumb\":{\"@id\":\"https:\/\/portaltela.pt\/noticias\/2026\/02\/11\/sofia-araujo-avanca-aos-quartos-ana-catarina-nogueira-despede-se-do-p1-em-riade\/#breadcrumb\"},\"inLanguage\":\"pt-PT\",\"potentialAction\":[{\"@type\":\"ReadAction\",\"target\":[\"https:\/\/portaltela.pt\/noticias\/2026\/02\/11\/sofia-araujo-avanca-aos-quartos-ana-catarina-nogueira-despede-se-do-p1-em-riade\/\"]}]},{\"@type\":\"ImageObject\",\"inLanguage\":\"pt-PT\",\"@id\":\"https:\/\/portaltela.pt\/noticias\/2026\/02\/11\/sofia-araujo-avanca-aos-quartos-ana-catarina-nogueira-despede-se-do-p1-em-riade\/#primaryimage\",\"url\":\"https:\/\/portaltela.pt\/s.01k8rhncp4jt1\/2026\/02\/img_920x518uu2025-03-21-19-43-52-2350918.jpg\",\"contentUrl\":\"https:\/\/portaltela.pt\/s.01k8rhncp4jt1\/2026\/02\/img_920x518uu2025-03-21-19-43-52-2350918.jpg\",\"width\":796,\"height\":448,\"caption\":\"Sofia Ara\u00fajo\"},{\"@type\":\"BreadcrumbList\",\"@id\":\"https:\/\/portaltela.pt\/noticias\/2026\/02\/11\/sofia-araujo-avanca-aos-quartos-ana-catarina-nogueira-despede-se-do-p1-em-riade\/#breadcrumb\",\"itemListElement\":[{\"@type\":\"ListItem\",\"position\":1,\"name\":\"In\u00edcio\",\"item\":\"https:\/\/portaltela.pt\/\"},{\"@type\":\"ListItem\",\"position\":2,\"name\":\"Sofia Ara\u00fajo avan\u00e7a aos quartos; Ana Catarina Nogueira despede-se do P1 em Riade\"}]},{\"@type\":\"WebSite\",\"@id\":\"https:\/\/portaltela.pt\/#website\",\"url\":\"https:\/\/portaltela.pt\/\",\"name\":\"Portal Tela Portugal\",\"description\":\"\",\"potentialAction\":[{\"@type\":\"SearchAction\",\"target\":{\"@type\":\"EntryPoint\",\"urlTemplate\":\"https:\/\/portaltela.pt\/?s={search_term_string}\"},\"query-input\":{\"@type\":\"PropertyValueSpecification\",\"valueRequired\":true,\"valueName\":\"search_term_string\"}}],\"inLanguage\":\"pt-PT\"},{\"@type\":\"Person\",\"@id\":\"https:\/\/portaltela.pt\/#\/schema\/person\/c4278d4a6028830caff9ee44b42d32ed\",\"name\":\"Telinha\",\"image\":{\"@type\":\"ImageObject\",\"inLanguage\":\"pt-PT\",\"@id\":\"https:\/\/portaltela.pt\/s.01k8rhncp4jt1\/2025\/11\/talking-bot-125x125.png\",\"url\":\"https:\/\/portaltela.pt\/s.01k8rhncp4jt1\/2025\/11\/talking-bot-125x125.png\",\"contentUrl\":\"https:\/\/portaltela.pt\/s.01k8rhncp4jt1\/2025\/11\/talking-bot-125x125.png\",\"caption\":\"Telinha\"},\"sameAs\":[\"https:\/\/portaltela.pt\/\"],\"url\":\"https:\/\/portaltela.pt\/por\/367410592786\/\"}]}<\/script>\n<!-- \/ Yoast SEO plugin. -->","yoast_head_json":{"title":"Sofia Ara\u00fajo avan\u00e7a aos quartos; Ana Catarina Nogueira despede-se do P1 em Riade - Portal Tela Portugal","robots":{"index":"index","follow":"follow","max-snippet":"max-snippet:-1","max-image-preview":"max-image-preview:large","max-video-preview":"max-video-preview:-1"},"og_locale":"pt_PT","og_type":"article","og_title":"Sofia Ara\u00fajo avan\u00e7a aos quartos; Ana Catarina Nogueira despede-se do P1 em Riade - Portal Tela Portugal","og_description":"Sofia Ara\u00fajo, em nova parceria com Claudia Fernandez, garantiu lugar nos quartos de final do Premier Padel 1 de Riade ao vencer Carolina Orsi e Araceli Mart\u00ednez por 7-5 e 6-3. O primeiro set ficou 7-5, com a dupla luso-espanhola a recuperar desvantagem e a fechar o parcial nos momentos decisivos. No segundo set, a dupla mostrou maior estabilidade e controle, assegurando o apuramento. Ana Catarina Nogueira, com Laura Luj\u00e1n, n\u00e3o passou da primeira ronda em Riade. A dupla derrotada foi Lara Arruabarrena e Marina Lobo, num encontro de elevada exig\u00eancia competitiva.","og_url":"https:\/\/portaltela.pt\/noticias\/2026\/02\/11\/sofia-araujo-avanca-aos-quartos-ana-catarina-nogueira-despede-se-do-p1-em-riade\/","og_site_name":"Portal Tela Portugal","article_published_time":"2026-02-11T12:38:34+00:00","author":"Telinha","twitter_card":"summary_large_image","twitter_misc":{"Escrito por":"Telinha","Tempo estimado de leitura":"1 minuto"},"schema":{"@context":"https:\/\/schema.org","@graph":[{"@type":"Article","@id":"https:\/\/portaltela.pt\/noticias\/2026\/02\/11\/sofia-araujo-avanca-aos-quartos-ana-catarina-nogueira-despede-se-do-p1-em-riade\/#article","isPartOf":{"@id":"https:\/\/portaltela.pt\/noticias\/2026\/02\/11\/sofia-araujo-avanca-aos-quartos-ana-catarina-nogueira-despede-se-do-p1-em-riade\/"},"author":{"name":"Telinha","@id":"https:\/\/portaltela.pt\/#\/schema\/person\/c4278d4a6028830caff9ee44b42d32ed"},"headline":"Sofia Ara\u00fajo avan\u00e7a aos quartos; Ana Catarina Nogueira despede-se do P1 em Riade","datePublished":"2026-02-11T12:38:34+00:00","mainEntityOfPage":{"@id":"https:\/\/portaltela.pt\/noticias\/2026\/02\/11\/sofia-araujo-avanca-aos-quartos-ana-catarina-nogueira-despede-se-do-p1-em-riade\/"},"wordCount":135,"image":{"@id":"https:\/\/portaltela.pt\/noticias\/2026\/02\/11\/sofia-araujo-avanca-aos-quartos-ana-catarina-nogueira-despede-se-do-p1-em-riade\/#primaryimage"},"thumbnailUrl":"https:\/\/portaltela.pt\/s.01k8rhncp4jt1\/2026\/02\/img_920x518uu2025-03-21-19-43-52-2350918.jpg","keywords":["desporto","desporto internacional","desportos","jogadores","Padel","Portugal"],"articleSection":["Desporto"],"inLanguage":"pt-PT"},{"@type":"WebPage","@id":"https:\/\/portaltela.pt\/noticias\/2026\/02\/11\/sofia-araujo-avanca-aos-quartos-ana-catarina-nogueira-despede-se-do-p1-em-riade\/","url":"https:\/\/portaltela.pt\/noticias\/2026\/02\/11\/sofia-araujo-avanca-aos-quartos-ana-catarina-nogueira-despede-se-do-p1-em-riade\/","name":"Sofia Ara\u00fajo avan\u00e7a aos quartos; Ana Catarina Nogueira despede-se do P1 em Riade - Portal Tela Portugal","isPartOf":{"@id":"https:\/\/portaltela.pt\/#website"},"primaryImageOfPage":{"@id":"https:\/\/portaltela.pt\/noticias\/2026\/02\/11\/sofia-araujo-avanca-aos-quartos-ana-catarina-nogueira-despede-se-do-p1-em-riade\/#primaryimage"},"image":{"@id":"https:\/\/portaltela.pt\/noticias\/2026\/02\/11\/sofia-araujo-avanca-aos-quartos-ana-catarina-nogueira-despede-se-do-p1-em-riade\/#primaryimage"},"thumbnailUrl":"https:\/\/portaltela.pt\/s.01k8rhncp4jt1\/2026\/02\/img_920x518uu2025-03-21-19-43-52-2350918.jpg","datePublished":"2026-02-11T12:38:34+00:00","author":{"@id":"https:\/\/portaltela.pt\/#\/schema\/person\/c4278d4a6028830caff9ee44b42d32ed"},"breadcrumb":{"@id":"https:\/\/portaltela.pt\/noticias\/2026\/02\/11\/sofia-araujo-avanca-aos-quartos-ana-catarina-nogueira-despede-se-do-p1-em-riade\/#breadcrumb"},"inLanguage":"pt-PT","potentialAction":[{"@type":"ReadAction","target":["https:\/\/portaltela.pt\/noticias\/2026\/02\/11\/sofia-araujo-avanca-aos-quartos-ana-catarina-nogueira-despede-se-do-p1-em-riade\/"]}]},{"@type":"ImageObject","inLanguage":"pt-PT","@id":"https:\/\/portaltela.pt\/noticias\/2026\/02\/11\/sofia-araujo-avanca-aos-quartos-ana-catarina-nogueira-despede-se-do-p1-em-riade\/#primaryimage","url":"https:\/\/portaltela.pt\/s.01k8rhncp4jt1\/2026\/02\/img_920x518uu2025-03-21-19-43-52-2350918.jpg","contentUrl":"https:\/\/portaltela.pt\/s.01k8rhncp4jt1\/2026\/02\/img_920x518uu2025-03-21-19-43-52-2350918.jpg","width":796,"height":448,"caption":"Sofia Ara\u00fajo"},{"@type":"BreadcrumbList","@id":"https:\/\/portaltela.pt\/noticias\/2026\/02\/11\/sofia-araujo-avanca-aos-quartos-ana-catarina-nogueira-despede-se-do-p1-em-riade\/#breadcrumb","itemListElement":[{"@type":"ListItem","position":1,"name":"In\u00edcio","item":"https:\/\/portaltela.pt\/"},{"@type":"ListItem","position":2,"name":"Sofia Ara\u00fajo avan\u00e7a aos quartos; Ana Catarina Nogueira despede-se do P1 em Riade"}]},{"@type":"WebSite","@id":"https:\/\/portaltela.pt\/#website","url":"https:\/\/portaltela.pt\/","name":"Portal Tela Portugal","description":"","potentialAction":[{"@type":"SearchAction","target":{"@type":"EntryPoint","urlTemplate":"https:\/\/portaltela.pt\/?s={search_term_string}"},"query-input":{"@type":"PropertyValueSpecification","valueRequired":true,"valueName":"search_term_string"}}],"inLanguage":"pt-PT"},{"@type":"Person","@id":"https:\/\/portaltela.pt\/#\/schema\/person\/c4278d4a6028830caff9ee44b42d32ed","name":"Telinha","image":{"@type":"ImageObject","inLanguage":"pt-PT","@id":"https:\/\/portaltela.pt\/s.01k8rhncp4jt1\/2025\/11\/talking-bot-125x125.png","url":"https:\/\/portaltela.pt\/s.01k8rhncp4jt1\/2025\/11\/talking-bot-125x125.png","contentUrl":"https:\/\/portaltela.pt\/s.01k8rhncp4jt1\/2025\/11\/talking-bot-125x125.png","caption":"Telinha"},"sameAs":["https:\/\/portaltela.pt\/"],"url":"https:\/\/portaltela.pt\/por\/367410592786\/"}]}},"_links":{"self":[{"href":"https:\/\/portaltela.pt\/api\/wp\/v2\/posts\/208078","targetHints":{"allow":["GET"]}}],"collection":[{"href":"https:\/\/portaltela.pt\/api\/wp\/v2\/posts"}],"about":[{"href":"https:\/\/portaltela.pt\/api\/wp\/v2\/types\/post"}],"author":[{"embeddable":true,"href":"https:\/\/portaltela.pt\/api\/wp\/v2\/users\/2"}],"replies":[{"embeddable":true,"href":"https:\/\/portaltela.pt\/api\/wp\/v2\/comments?post=208078"}],"version-history":[{"count":0,"href":"https:\/\/portaltela.pt\/api\/wp\/v2\/posts\/208078\/revisions"}],"wp:featuredmedia":[{"embeddable":true,"href":"https:\/\/portaltela.pt\/api\/wp\/v2\/media\/208081"}],"wp:attachment":[{"href":"https:\/\/portaltela.pt\/api\/wp\/v2\/media?parent=208078"}],"wp:term":[{"taxonomy":"category","embeddable":true,"href":"https:\/\/portaltela.pt\/api\/wp\/v2\/categories?post=208078"},{"taxonomy":"post_tag","embeddable":true,"href":"https:\/\/portaltela.pt\/api\/wp\/v2\/tags?post=208078"}],"curies":[{"name":"wp","href":"https:\/\/api.w.org\/{rel}","templated":true}]}}