{"id":208057,"date":"2026-02-11T09:29:19","date_gmt":"2026-02-11T12:29:19","guid":{"rendered":"https:\/\/portaltela.pt\/noticias\/2026\/02\/11\/homem-detido-em-lisboa-por-pornografia-de-menores\/"},"modified":"2026-02-11T09:29:19","modified_gmt":"2026-02-11T12:29:19","slug":"homem-detido-em-lisboa-por-pornografia-de-menores","status":"publish","type":"post","link":"https:\/\/portaltela.pt\/noticias\/2026\/02\/11\/homem-detido-em-lisboa-por-pornografia-de-menores\/","title":{"rendered":"Homem detido em Lisboa por pornografia de menores"},"content":{"rendered":"<p>Um homem de 25 anos foi detido em Lisboa em flagrante delito por possuir centenas de imagens de abuso e explora\u00e7\u00e3o sexual de menores, a maioria de crian\u00e7as com menos de 14 anos, anunciou a Pol\u00edcia Judici\u00e1ria (PJ).<\/p>\n<p>Durante uma busca domicili\u00e1ria, a PJ identificou, localizou e apreendeu nos equipamentos inform\u00e1ticos do suspeito conte\u00fados de abuso e explora\u00e7\u00e3o sexual de menores, consistindo em imagens e v\u00eddeos.<\/p>\n<p>A deten\u00e7\u00e3o foi efetuada pela Diretoria do Centro. A investiga\u00e7\u00e3o vai prosseguir para o apuramento integral dos factos, de modo a apresentar o caso \u00e0s inst\u00e2ncias competentes.<\/p>\n<h3>Investiga\u00e7\u00e3o continua<\/h3>\n<p>O detido ser\u00e1 presente ao Tribunal de Instru\u00e7\u00e3o Criminal de Coimbra para o primeiro interrogat\u00f3rio judicial e para decidir sobre medidas de coa\u00e7\u00e3o. A PJ n\u00e3o divulgou mais detalhes sobre o poss\u00edvel n\u00famero de v\u00edtimas.<\/p>\n","protected":false},"excerpt":{"rendered":"<ul>\n<li>Um homem de 25 anos foi detido em Lisboa em flagrante delito por posse de centenas de imagens e v\u00eddeos de abuso e explora\u00e7\u00e3o sexual de menores.<\/li>\n<li>As imagens s\u00e3o maioritariamente de menores com menos de 14 anos, encontradas durante busca domicili\u00e1ria realizada pela Pol\u00edcia Judici\u00e1ria (PJ).<\/li>\n<li>Os equipamentos inform\u00e1ticos do suspeito foram apreendidos, permitindo identificar o material il\u00edcito.<\/li>\n<li>A deten\u00e7\u00e3o foi efetuada pela Diretoria do Centro da Pol\u00edcia Judici\u00e1ria e a investiga\u00e7\u00e3o segue para apurar integralmente os factos.<\/li>\n<li>O detido vai ser presente ao Tribunal de Instru\u00e7\u00e3o Criminal de Coimbra para primeiro interrogat\u00f3rio judicial e aplica\u00e7\u00e3o de medidas de coa\u00e7\u00e3o.<\/li>\n<\/ul>\n","protected":false},"author":2,"featured_media":208062,"comment_status":"closed","ping_status":"closed","sticky":false,"template":"","format":"standard","meta":{"footnotes":""},"categories":[1],"tags":[4139,217,981,1802,2510,1432],"class_list":["post-208057","post","type-post","status-publish","format-standard","has-post-thumbnail","hentry","category-noticias","tag-detencao","tag-investigacao-criminal","tag-lisboa","tag-policia-judiciaria","tag-pornografia-de-menor-dependente","tag-pornografia-de-menores"],"yoast_head":"<!-- This site is optimized with the Yoast SEO plugin v27.2 - https:\/\/yoast.com\/product\/yoast-seo-wordpress\/ -->\n<title>Homem detido em Lisboa por pornografia de menores - Portal Tela Portugal<\/title>\n<meta name=\"robots\" content=\"index, follow, max-snippet:-1, max-image-preview:large, max-video-preview:-1\" \/>\n<meta property=\"og:locale\" content=\"pt_PT\" \/>\n<meta property=\"og:type\" content=\"article\" \/>\n<meta property=\"og:title\" content=\"Homem detido em Lisboa por pornografia de menores - Portal Tela Portugal\" \/>\n<meta property=\"og:description\" content=\"Um homem de 25 anos foi detido em Lisboa em flagrante delito por posse de centenas de imagens e v\u00eddeos de abuso e explora\u00e7\u00e3o sexual de menores. As imagens s\u00e3o maioritariamente de menores com menos de 14 anos, encontradas durante busca domicili\u00e1ria realizada pela Pol\u00edcia Judici\u00e1ria (PJ). Os equipamentos inform\u00e1ticos do suspeito foram apreendidos, permitindo identificar o material il\u00edcito. A deten\u00e7\u00e3o foi efetuada pela Diretoria do Centro da Pol\u00edcia Judici\u00e1ria e a investiga\u00e7\u00e3o segue para apurar integralmente os factos. O detido vai ser presente ao Tribunal de Instru\u00e7\u00e3o Criminal de Coimbra para primeiro interrogat\u00f3rio judicial e aplica\u00e7\u00e3o de medidas de coa\u00e7\u00e3o.\" \/>\n<meta property=\"og:url\" content=\"https:\/\/portaltela.pt\/noticias\/2026\/02\/11\/homem-detido-em-lisboa-por-pornografia-de-menores\/\" \/>\n<meta property=\"og:site_name\" content=\"Portal Tela Portugal\" \/>\n<meta property=\"article:published_time\" content=\"2026-02-11T12:29:19+00:00\" \/>\n<meta name=\"author\" content=\"Telinha\" \/>\n<meta name=\"twitter:card\" content=\"summary_large_image\" \/>\n<meta name=\"twitter:label1\" content=\"Escrito por\" \/>\n\t<meta name=\"twitter:data1\" content=\"Telinha\" \/>\n\t<meta name=\"twitter:label2\" content=\"Tempo estimado de leitura\" \/>\n\t<meta name=\"twitter:data2\" content=\"1 minuto\" \/>\n<script type=\"application\/ld+json\" class=\"yoast-schema-graph\">{\"@context\":\"https:\/\/schema.org\",\"@graph\":[{\"@type\":\"Article\",\"@id\":\"https:\/\/portaltela.pt\/noticias\/2026\/02\/11\/homem-detido-em-lisboa-por-pornografia-de-menores\/#article\",\"isPartOf\":{\"@id\":\"https:\/\/portaltela.pt\/noticias\/2026\/02\/11\/homem-detido-em-lisboa-por-pornografia-de-menores\/\"},\"author\":{\"name\":\"Telinha\",\"@id\":\"https:\/\/portaltela.pt\/#\/schema\/person\/c4278d4a6028830caff9ee44b42d32ed\"},\"headline\":\"Homem detido em Lisboa por pornografia de menores\",\"datePublished\":\"2026-02-11T12:29:19+00:00\",\"mainEntityOfPage\":{\"@id\":\"https:\/\/portaltela.pt\/noticias\/2026\/02\/11\/homem-detido-em-lisboa-por-pornografia-de-menores\/\"},\"wordCount\":156,\"image\":{\"@id\":\"https:\/\/portaltela.pt\/noticias\/2026\/02\/11\/homem-detido-em-lisboa-por-pornografia-de-menores\/#primaryimage\"},\"thumbnailUrl\":\"https:\/\/portaltela.pt\/s.01k8rhncp4jt1\/2026\/02\/img_1500x1000uu2021-01-21-02-55-06-1007174.jpg\",\"keywords\":[\"deten\u00e7\u00e3o\",\"investiga\u00e7\u00e3o criminal\",\"Lisboa\",\"Pol\u00edcia Judici\u00e1ria\",\"pornografia de menor dependente\",\"pornografia de menores\"],\"articleSection\":[\"Not\u00edcias\"],\"inLanguage\":\"pt-PT\"},{\"@type\":\"WebPage\",\"@id\":\"https:\/\/portaltela.pt\/noticias\/2026\/02\/11\/homem-detido-em-lisboa-por-pornografia-de-menores\/\",\"url\":\"https:\/\/portaltela.pt\/noticias\/2026\/02\/11\/homem-detido-em-lisboa-por-pornografia-de-menores\/\",\"name\":\"Homem detido em Lisboa por pornografia de menores - Portal Tela Portugal\",\"isPartOf\":{\"@id\":\"https:\/\/portaltela.pt\/#website\"},\"primaryImageOfPage\":{\"@id\":\"https:\/\/portaltela.pt\/noticias\/2026\/02\/11\/homem-detido-em-lisboa-por-pornografia-de-menores\/#primaryimage\"},\"image\":{\"@id\":\"https:\/\/portaltela.pt\/noticias\/2026\/02\/11\/homem-detido-em-lisboa-por-pornografia-de-menores\/#primaryimage\"},\"thumbnailUrl\":\"https:\/\/portaltela.pt\/s.01k8rhncp4jt1\/2026\/02\/img_1500x1000uu2021-01-21-02-55-06-1007174.jpg\",\"datePublished\":\"2026-02-11T12:29:19+00:00\",\"author\":{\"@id\":\"https:\/\/portaltela.pt\/#\/schema\/person\/c4278d4a6028830caff9ee44b42d32ed\"},\"breadcrumb\":{\"@id\":\"https:\/\/portaltela.pt\/noticias\/2026\/02\/11\/homem-detido-em-lisboa-por-pornografia-de-menores\/#breadcrumb\"},\"inLanguage\":\"pt-PT\",\"potentialAction\":[{\"@type\":\"ReadAction\",\"target\":[\"https:\/\/portaltela.pt\/noticias\/2026\/02\/11\/homem-detido-em-lisboa-por-pornografia-de-menores\/\"]}]},{\"@type\":\"ImageObject\",\"inLanguage\":\"pt-PT\",\"@id\":\"https:\/\/portaltela.pt\/noticias\/2026\/02\/11\/homem-detido-em-lisboa-por-pornografia-de-menores\/#primaryimage\",\"url\":\"https:\/\/portaltela.pt\/s.01k8rhncp4jt1\/2026\/02\/img_1500x1000uu2021-01-21-02-55-06-1007174.jpg\",\"contentUrl\":\"https:\/\/portaltela.pt\/s.01k8rhncp4jt1\/2026\/02\/img_1500x1000uu2021-01-21-02-55-06-1007174.jpg\",\"width\":796,\"height\":448,\"caption\":\"PJ\"},{\"@type\":\"BreadcrumbList\",\"@id\":\"https:\/\/portaltela.pt\/noticias\/2026\/02\/11\/homem-detido-em-lisboa-por-pornografia-de-menores\/#breadcrumb\",\"itemListElement\":[{\"@type\":\"ListItem\",\"position\":1,\"name\":\"In\u00edcio\",\"item\":\"https:\/\/portaltela.pt\/\"},{\"@type\":\"ListItem\",\"position\":2,\"name\":\"Homem detido em Lisboa por pornografia de menores\"}]},{\"@type\":\"WebSite\",\"@id\":\"https:\/\/portaltela.pt\/#website\",\"url\":\"https:\/\/portaltela.pt\/\",\"name\":\"Portal Tela Portugal\",\"description\":\"\",\"potentialAction\":[{\"@type\":\"SearchAction\",\"target\":{\"@type\":\"EntryPoint\",\"urlTemplate\":\"https:\/\/portaltela.pt\/?s={search_term_string}\"},\"query-input\":{\"@type\":\"PropertyValueSpecification\",\"valueRequired\":true,\"valueName\":\"search_term_string\"}}],\"inLanguage\":\"pt-PT\"},{\"@type\":\"Person\",\"@id\":\"https:\/\/portaltela.pt\/#\/schema\/person\/c4278d4a6028830caff9ee44b42d32ed\",\"name\":\"Telinha\",\"image\":{\"@type\":\"ImageObject\",\"inLanguage\":\"pt-PT\",\"@id\":\"https:\/\/portaltela.pt\/s.01k8rhncp4jt1\/2025\/11\/talking-bot-125x125.png\",\"url\":\"https:\/\/portaltela.pt\/s.01k8rhncp4jt1\/2025\/11\/talking-bot-125x125.png\",\"contentUrl\":\"https:\/\/portaltela.pt\/s.01k8rhncp4jt1\/2025\/11\/talking-bot-125x125.png\",\"caption\":\"Telinha\"},\"sameAs\":[\"https:\/\/portaltela.pt\/\"],\"url\":\"https:\/\/portaltela.pt\/por\/367410592786\/\"}]}<\/script>\n<!-- \/ Yoast SEO plugin. -->","yoast_head_json":{"title":"Homem detido em Lisboa por pornografia de menores - Portal Tela Portugal","robots":{"index":"index","follow":"follow","max-snippet":"max-snippet:-1","max-image-preview":"max-image-preview:large","max-video-preview":"max-video-preview:-1"},"og_locale":"pt_PT","og_type":"article","og_title":"Homem detido em Lisboa por pornografia de menores - Portal Tela Portugal","og_description":"Um homem de 25 anos foi detido em Lisboa em flagrante delito por posse de centenas de imagens e v\u00eddeos de abuso e explora\u00e7\u00e3o sexual de menores. As imagens s\u00e3o maioritariamente de menores com menos de 14 anos, encontradas durante busca domicili\u00e1ria realizada pela Pol\u00edcia Judici\u00e1ria (PJ). Os equipamentos inform\u00e1ticos do suspeito foram apreendidos, permitindo identificar o material il\u00edcito. A deten\u00e7\u00e3o foi efetuada pela Diretoria do Centro da Pol\u00edcia Judici\u00e1ria e a investiga\u00e7\u00e3o segue para apurar integralmente os factos. O detido vai ser presente ao Tribunal de Instru\u00e7\u00e3o Criminal de Coimbra para primeiro interrogat\u00f3rio judicial e aplica\u00e7\u00e3o de medidas de coa\u00e7\u00e3o.","og_url":"https:\/\/portaltela.pt\/noticias\/2026\/02\/11\/homem-detido-em-lisboa-por-pornografia-de-menores\/","og_site_name":"Portal Tela Portugal","article_published_time":"2026-02-11T12:29:19+00:00","author":"Telinha","twitter_card":"summary_large_image","twitter_misc":{"Escrito por":"Telinha","Tempo estimado de leitura":"1 minuto"},"schema":{"@context":"https:\/\/schema.org","@graph":[{"@type":"Article","@id":"https:\/\/portaltela.pt\/noticias\/2026\/02\/11\/homem-detido-em-lisboa-por-pornografia-de-menores\/#article","isPartOf":{"@id":"https:\/\/portaltela.pt\/noticias\/2026\/02\/11\/homem-detido-em-lisboa-por-pornografia-de-menores\/"},"author":{"name":"Telinha","@id":"https:\/\/portaltela.pt\/#\/schema\/person\/c4278d4a6028830caff9ee44b42d32ed"},"headline":"Homem detido em Lisboa por pornografia de menores","datePublished":"2026-02-11T12:29:19+00:00","mainEntityOfPage":{"@id":"https:\/\/portaltela.pt\/noticias\/2026\/02\/11\/homem-detido-em-lisboa-por-pornografia-de-menores\/"},"wordCount":156,"image":{"@id":"https:\/\/portaltela.pt\/noticias\/2026\/02\/11\/homem-detido-em-lisboa-por-pornografia-de-menores\/#primaryimage"},"thumbnailUrl":"https:\/\/portaltela.pt\/s.01k8rhncp4jt1\/2026\/02\/img_1500x1000uu2021-01-21-02-55-06-1007174.jpg","keywords":["deten\u00e7\u00e3o","investiga\u00e7\u00e3o criminal","Lisboa","Pol\u00edcia Judici\u00e1ria","pornografia de menor dependente","pornografia de menores"],"articleSection":["Not\u00edcias"],"inLanguage":"pt-PT"},{"@type":"WebPage","@id":"https:\/\/portaltela.pt\/noticias\/2026\/02\/11\/homem-detido-em-lisboa-por-pornografia-de-menores\/","url":"https:\/\/portaltela.pt\/noticias\/2026\/02\/11\/homem-detido-em-lisboa-por-pornografia-de-menores\/","name":"Homem detido em Lisboa por pornografia de menores - Portal Tela Portugal","isPartOf":{"@id":"https:\/\/portaltela.pt\/#website"},"primaryImageOfPage":{"@id":"https:\/\/portaltela.pt\/noticias\/2026\/02\/11\/homem-detido-em-lisboa-por-pornografia-de-menores\/#primaryimage"},"image":{"@id":"https:\/\/portaltela.pt\/noticias\/2026\/02\/11\/homem-detido-em-lisboa-por-pornografia-de-menores\/#primaryimage"},"thumbnailUrl":"https:\/\/portaltela.pt\/s.01k8rhncp4jt1\/2026\/02\/img_1500x1000uu2021-01-21-02-55-06-1007174.jpg","datePublished":"2026-02-11T12:29:19+00:00","author":{"@id":"https:\/\/portaltela.pt\/#\/schema\/person\/c4278d4a6028830caff9ee44b42d32ed"},"breadcrumb":{"@id":"https:\/\/portaltela.pt\/noticias\/2026\/02\/11\/homem-detido-em-lisboa-por-pornografia-de-menores\/#breadcrumb"},"inLanguage":"pt-PT","potentialAction":[{"@type":"ReadAction","target":["https:\/\/portaltela.pt\/noticias\/2026\/02\/11\/homem-detido-em-lisboa-por-pornografia-de-menores\/"]}]},{"@type":"ImageObject","inLanguage":"pt-PT","@id":"https:\/\/portaltela.pt\/noticias\/2026\/02\/11\/homem-detido-em-lisboa-por-pornografia-de-menores\/#primaryimage","url":"https:\/\/portaltela.pt\/s.01k8rhncp4jt1\/2026\/02\/img_1500x1000uu2021-01-21-02-55-06-1007174.jpg","contentUrl":"https:\/\/portaltela.pt\/s.01k8rhncp4jt1\/2026\/02\/img_1500x1000uu2021-01-21-02-55-06-1007174.jpg","width":796,"height":448,"caption":"PJ"},{"@type":"BreadcrumbList","@id":"https:\/\/portaltela.pt\/noticias\/2026\/02\/11\/homem-detido-em-lisboa-por-pornografia-de-menores\/#breadcrumb","itemListElement":[{"@type":"ListItem","position":1,"name":"In\u00edcio","item":"https:\/\/portaltela.pt\/"},{"@type":"ListItem","position":2,"name":"Homem detido em Lisboa por pornografia de menores"}]},{"@type":"WebSite","@id":"https:\/\/portaltela.pt\/#website","url":"https:\/\/portaltela.pt\/","name":"Portal Tela Portugal","description":"","potentialAction":[{"@type":"SearchAction","target":{"@type":"EntryPoint","urlTemplate":"https:\/\/portaltela.pt\/?s={search_term_string}"},"query-input":{"@type":"PropertyValueSpecification","valueRequired":true,"valueName":"search_term_string"}}],"inLanguage":"pt-PT"},{"@type":"Person","@id":"https:\/\/portaltela.pt\/#\/schema\/person\/c4278d4a6028830caff9ee44b42d32ed","name":"Telinha","image":{"@type":"ImageObject","inLanguage":"pt-PT","@id":"https:\/\/portaltela.pt\/s.01k8rhncp4jt1\/2025\/11\/talking-bot-125x125.png","url":"https:\/\/portaltela.pt\/s.01k8rhncp4jt1\/2025\/11\/talking-bot-125x125.png","contentUrl":"https:\/\/portaltela.pt\/s.01k8rhncp4jt1\/2025\/11\/talking-bot-125x125.png","caption":"Telinha"},"sameAs":["https:\/\/portaltela.pt\/"],"url":"https:\/\/portaltela.pt\/por\/367410592786\/"}]}},"_links":{"self":[{"href":"https:\/\/portaltela.pt\/api\/wp\/v2\/posts\/208057","targetHints":{"allow":["GET"]}}],"collection":[{"href":"https:\/\/portaltela.pt\/api\/wp\/v2\/posts"}],"about":[{"href":"https:\/\/portaltela.pt\/api\/wp\/v2\/types\/post"}],"author":[{"embeddable":true,"href":"https:\/\/portaltela.pt\/api\/wp\/v2\/users\/2"}],"replies":[{"embeddable":true,"href":"https:\/\/portaltela.pt\/api\/wp\/v2\/comments?post=208057"}],"version-history":[{"count":0,"href":"https:\/\/portaltela.pt\/api\/wp\/v2\/posts\/208057\/revisions"}],"wp:featuredmedia":[{"embeddable":true,"href":"https:\/\/portaltela.pt\/api\/wp\/v2\/media\/208062"}],"wp:attachment":[{"href":"https:\/\/portaltela.pt\/api\/wp\/v2\/media?parent=208057"}],"wp:term":[{"taxonomy":"category","embeddable":true,"href":"https:\/\/portaltela.pt\/api\/wp\/v2\/categories?post=208057"},{"taxonomy":"post_tag","embeddable":true,"href":"https:\/\/portaltela.pt\/api\/wp\/v2\/tags?post=208057"}],"curies":[{"name":"wp","href":"https:\/\/api.w.org\/{rel}","templated":true}]}}