{"id":208035,"date":"2026-02-11T09:09:16","date_gmt":"2026-02-11T12:09:16","guid":{"rendered":"https:\/\/portaltela.pt\/noticias\/2026\/02\/11\/seguro-inicia-funcoes-em-queluz-para-avaliar-riscos-de-cheias-no-mondego\/"},"modified":"2026-02-11T09:09:16","modified_gmt":"2026-02-11T12:09:16","slug":"seguro-inicia-funcoes-em-queluz-para-avaliar-riscos-de-cheias-no-mondego","status":"publish","type":"post","link":"https:\/\/portaltela.pt\/noticias\/politica\/2026\/02\/11\/seguro-inicia-funcoes-em-queluz-para-avaliar-riscos-de-cheias-no-mondego\/","title":{"rendered":"Seguro inicia fun\u00e7\u00f5es em Queluz para avaliar riscos de cheias no Mondego"},"content":{"rendered":"<p>O Presidente eleito come\u00e7ou hoje a trabalhar num gabinete no Pal\u00e1cio Nacional de Queluz, em Sintra, onde chegou \u00e0s 10:00. O espa\u00e7o ser\u00e1 o seu local de trabalho at\u00e9 \u00e0 posse prevista para 9 de mar\u00e7o.<\/p>\n<p>Est\u00e1 em contacto com os presidentes de C\u00e2mara de Coimbra, Figueira da Foz, Soure e Montemor-o-Velho, em resposta ao agravamento de riscos de cheia no Mondego. A comunica\u00e7\u00e3o com as autarquias visa avaliar potenciais impactos na regi\u00e3o.<\/p>\n<p>A mobiliza\u00e7\u00e3o surge num contexto de alerta e prepara\u00e7\u00e3o ante o aumento da probabilidade de cheias, com monitoriza\u00e7\u00e3o de linhas de \u00e1gua e estradas locais. A atualiza\u00e7\u00e3o \u00e9 feita de forma cont\u00ednua pelas autoridades competentes.<\/p>\n<h3>Resultados das elei\u00e7\u00f5es<\/h3>\n<p>Ant\u00f3nio Jos\u00e9 Seguro foi eleito com cerca de 3,48 milh\u00f5es de votos, perto de 67% dos votos expressos, faltando apurar 20 freguesias de oito munic\u00edpios. Andr\u00e9 Ventura ficou com pouco mais de 1,7 milh\u00e3o de votos, acima de 33%.<\/p>\n<p>Restam sim as freguesias por apurar, mas o resultado j\u00e1 indica uma folga de dois ter\u00e7os para Seguro. As informa\u00e7\u00f5es foram confirmadas pela ag\u00eancia Lusa, com contagem de votos j\u00e1 conclu\u00edda em grande parte do territ\u00f3rio.<\/p>\n","protected":false},"excerpt":{"rendered":"<ul>\n<li>Ant\u00f3nio Jos\u00e9 Seguro come\u00e7ou hoje a trabalhar num gabinete no Pal\u00e1cio Nacional de Queluz, em Sintra, chegando \u00e0s 10:00, e ficar\u00e1 l\u00e1 at\u00e9 \u00e0 posse, a 9 de mar\u00e7o.<\/li>\n<li>O Presidente eleito tem estado em contacto com presidentes de C\u00e2mara de Coimbra, Figueira da Foz, Soure e Montemor-o-Velho, devido ao agravamento da situa\u00e7\u00e3o com cheias no Mondego.<\/li>\n<li>A assessoria de Seguro confirmou o contacto com os autarcas na noite de ontem e nesta manh\u00e3, face ao risco de cheia na regi\u00e3o.<\/li>\n<li>Seguro foi eleito no domingo com dois ter\u00e7os dos votos expressos, cerca de 3,48 milh\u00f5es, quando faltam apurar vinte freguesias de oito munic\u00edpios.<\/li>\n<li>Andr\u00e9 Ventura obteve mais de 1,7 milh\u00f5es de votos, com uma percentagem pr\u00f3xima de sessenta e sete por cento, contra trinta e tr\u00eas por cento.<\/li>\n<\/ul>\n","protected":false},"author":2,"featured_media":208042,"comment_status":"closed","ping_status":"closed","sticky":false,"template":"","format":"standard","meta":{"footnotes":""},"categories":[1,5],"tags":[1070,1417,2410,4903,3739,5775],"class_list":["post-208035","post","type-post","status-publish","format-standard","has-post-thumbnail","hentry","category-noticias","category-politica","tag-coimbra","tag-figueira-da-foz","tag-mondego","tag-montemor-o-velho","tag-queluz","tag-soure"],"yoast_head":"<!-- This site is optimized with the Yoast SEO plugin v27.2 - https:\/\/yoast.com\/product\/yoast-seo-wordpress\/ -->\n<title>Seguro inicia fun\u00e7\u00f5es em Queluz para avaliar riscos de cheias no Mondego - Portal Tela Portugal<\/title>\n<meta name=\"robots\" content=\"index, follow, max-snippet:-1, max-image-preview:large, max-video-preview:-1\" \/>\n<meta property=\"og:locale\" content=\"pt_PT\" \/>\n<meta property=\"og:type\" content=\"article\" \/>\n<meta property=\"og:title\" content=\"Seguro inicia fun\u00e7\u00f5es em Queluz para avaliar riscos de cheias no Mondego - Portal Tela Portugal\" \/>\n<meta property=\"og:description\" content=\"Ant\u00f3nio Jos\u00e9 Seguro come\u00e7ou hoje a trabalhar num gabinete no Pal\u00e1cio Nacional de Queluz, em Sintra, chegando \u00e0s 10:00, e ficar\u00e1 l\u00e1 at\u00e9 \u00e0 posse, a 9 de mar\u00e7o. O Presidente eleito tem estado em contacto com presidentes de C\u00e2mara de Coimbra, Figueira da Foz, Soure e Montemor-o-Velho, devido ao agravamento da situa\u00e7\u00e3o com cheias no Mondego. A assessoria de Seguro confirmou o contacto com os autarcas na noite de ontem e nesta manh\u00e3, face ao risco de cheia na regi\u00e3o. Seguro foi eleito no domingo com dois ter\u00e7os dos votos expressos, cerca de 3,48 milh\u00f5es, quando faltam apurar vinte freguesias de oito munic\u00edpios. Andr\u00e9 Ventura obteve mais de 1,7 milh\u00f5es de votos, com uma percentagem pr\u00f3xima de sessenta e sete por cento, contra trinta e tr\u00eas por cento.\" \/>\n<meta property=\"og:url\" content=\"https:\/\/portaltela.pt\/noticias\/2026\/02\/11\/seguro-inicia-funcoes-em-queluz-para-avaliar-riscos-de-cheias-no-mondego\/\" \/>\n<meta property=\"og:site_name\" content=\"Portal Tela Portugal\" \/>\n<meta property=\"article:published_time\" content=\"2026-02-11T12:09:16+00:00\" \/>\n<meta name=\"author\" content=\"Telinha\" \/>\n<meta name=\"twitter:card\" content=\"summary_large_image\" \/>\n<meta name=\"twitter:label1\" content=\"Escrito por\" \/>\n\t<meta name=\"twitter:data1\" content=\"Telinha\" \/>\n\t<meta name=\"twitter:label2\" content=\"Tempo estimado de leitura\" \/>\n\t<meta name=\"twitter:data2\" content=\"1 minuto\" \/>\n<script type=\"application\/ld+json\" class=\"yoast-schema-graph\">{\"@context\":\"https:\/\/schema.org\",\"@graph\":[{\"@type\":\"Article\",\"@id\":\"https:\/\/portaltela.pt\/noticias\/2026\/02\/11\/seguro-inicia-funcoes-em-queluz-para-avaliar-riscos-de-cheias-no-mondego\/#article\",\"isPartOf\":{\"@id\":\"https:\/\/portaltela.pt\/noticias\/2026\/02\/11\/seguro-inicia-funcoes-em-queluz-para-avaliar-riscos-de-cheias-no-mondego\/\"},\"author\":{\"name\":\"Telinha\",\"@id\":\"https:\/\/portaltela.pt\/#\/schema\/person\/c4278d4a6028830caff9ee44b42d32ed\"},\"headline\":\"Seguro inicia fun\u00e7\u00f5es em Queluz para avaliar riscos de cheias no Mondego\",\"datePublished\":\"2026-02-11T12:09:16+00:00\",\"mainEntityOfPage\":{\"@id\":\"https:\/\/portaltela.pt\/noticias\/2026\/02\/11\/seguro-inicia-funcoes-em-queluz-para-avaliar-riscos-de-cheias-no-mondego\/\"},\"wordCount\":212,\"image\":{\"@id\":\"https:\/\/portaltela.pt\/noticias\/2026\/02\/11\/seguro-inicia-funcoes-em-queluz-para-avaliar-riscos-de-cheias-no-mondego\/#primaryimage\"},\"thumbnailUrl\":\"https:\/\/portaltela.pt\/s.01k8rhncp4jt1\/2026\/02\/img_1500x1000uu2026-02-11-12-07-34-2266239.jpg\",\"keywords\":[\"Coimbra\",\"Figueira da Foz\",\"Mondego\",\"Montemor-o-Velho\",\"Queluz\",\"Soure\"],\"articleSection\":[\"Not\u00edcias\",\"Pol\u00edtica\"],\"inLanguage\":\"pt-PT\"},{\"@type\":\"WebPage\",\"@id\":\"https:\/\/portaltela.pt\/noticias\/2026\/02\/11\/seguro-inicia-funcoes-em-queluz-para-avaliar-riscos-de-cheias-no-mondego\/\",\"url\":\"https:\/\/portaltela.pt\/noticias\/2026\/02\/11\/seguro-inicia-funcoes-em-queluz-para-avaliar-riscos-de-cheias-no-mondego\/\",\"name\":\"Seguro inicia fun\u00e7\u00f5es em Queluz para avaliar riscos de cheias no Mondego - Portal Tela Portugal\",\"isPartOf\":{\"@id\":\"https:\/\/portaltela.pt\/#website\"},\"primaryImageOfPage\":{\"@id\":\"https:\/\/portaltela.pt\/noticias\/2026\/02\/11\/seguro-inicia-funcoes-em-queluz-para-avaliar-riscos-de-cheias-no-mondego\/#primaryimage\"},\"image\":{\"@id\":\"https:\/\/portaltela.pt\/noticias\/2026\/02\/11\/seguro-inicia-funcoes-em-queluz-para-avaliar-riscos-de-cheias-no-mondego\/#primaryimage\"},\"thumbnailUrl\":\"https:\/\/portaltela.pt\/s.01k8rhncp4jt1\/2026\/02\/img_1500x1000uu2026-02-11-12-07-34-2266239.jpg\",\"datePublished\":\"2026-02-11T12:09:16+00:00\",\"author\":{\"@id\":\"https:\/\/portaltela.pt\/#\/schema\/person\/c4278d4a6028830caff9ee44b42d32ed\"},\"breadcrumb\":{\"@id\":\"https:\/\/portaltela.pt\/noticias\/2026\/02\/11\/seguro-inicia-funcoes-em-queluz-para-avaliar-riscos-de-cheias-no-mondego\/#breadcrumb\"},\"inLanguage\":\"pt-PT\",\"potentialAction\":[{\"@type\":\"ReadAction\",\"target\":[\"https:\/\/portaltela.pt\/noticias\/2026\/02\/11\/seguro-inicia-funcoes-em-queluz-para-avaliar-riscos-de-cheias-no-mondego\/\"]}]},{\"@type\":\"ImageObject\",\"inLanguage\":\"pt-PT\",\"@id\":\"https:\/\/portaltela.pt\/noticias\/2026\/02\/11\/seguro-inicia-funcoes-em-queluz-para-avaliar-riscos-de-cheias-no-mondego\/#primaryimage\",\"url\":\"https:\/\/portaltela.pt\/s.01k8rhncp4jt1\/2026\/02\/img_1500x1000uu2026-02-11-12-07-34-2266239.jpg\",\"contentUrl\":\"https:\/\/portaltela.pt\/s.01k8rhncp4jt1\/2026\/02\/img_1500x1000uu2026-02-11-12-07-34-2266239.jpg\",\"width\":796,\"height\":448,\"caption\":\"Seguro \u00e0 chegada ao Pal\u00e1cio de Queluz\"},{\"@type\":\"BreadcrumbList\",\"@id\":\"https:\/\/portaltela.pt\/noticias\/2026\/02\/11\/seguro-inicia-funcoes-em-queluz-para-avaliar-riscos-de-cheias-no-mondego\/#breadcrumb\",\"itemListElement\":[{\"@type\":\"ListItem\",\"position\":1,\"name\":\"In\u00edcio\",\"item\":\"https:\/\/portaltela.pt\/\"},{\"@type\":\"ListItem\",\"position\":2,\"name\":\"Seguro inicia fun\u00e7\u00f5es em Queluz para avaliar riscos de cheias no Mondego\"}]},{\"@type\":\"WebSite\",\"@id\":\"https:\/\/portaltela.pt\/#website\",\"url\":\"https:\/\/portaltela.pt\/\",\"name\":\"Portal Tela Portugal\",\"description\":\"\",\"potentialAction\":[{\"@type\":\"SearchAction\",\"target\":{\"@type\":\"EntryPoint\",\"urlTemplate\":\"https:\/\/portaltela.pt\/?s={search_term_string}\"},\"query-input\":{\"@type\":\"PropertyValueSpecification\",\"valueRequired\":true,\"valueName\":\"search_term_string\"}}],\"inLanguage\":\"pt-PT\"},{\"@type\":\"Person\",\"@id\":\"https:\/\/portaltela.pt\/#\/schema\/person\/c4278d4a6028830caff9ee44b42d32ed\",\"name\":\"Telinha\",\"image\":{\"@type\":\"ImageObject\",\"inLanguage\":\"pt-PT\",\"@id\":\"https:\/\/portaltela.pt\/s.01k8rhncp4jt1\/2025\/11\/talking-bot-125x125.png\",\"url\":\"https:\/\/portaltela.pt\/s.01k8rhncp4jt1\/2025\/11\/talking-bot-125x125.png\",\"contentUrl\":\"https:\/\/portaltela.pt\/s.01k8rhncp4jt1\/2025\/11\/talking-bot-125x125.png\",\"caption\":\"Telinha\"},\"sameAs\":[\"https:\/\/portaltela.pt\/\"],\"url\":\"https:\/\/portaltela.pt\/por\/367410592786\/\"}]}<\/script>\n<!-- \/ Yoast SEO plugin. -->","yoast_head_json":{"title":"Seguro inicia fun\u00e7\u00f5es em Queluz para avaliar riscos de cheias no Mondego - Portal Tela Portugal","robots":{"index":"index","follow":"follow","max-snippet":"max-snippet:-1","max-image-preview":"max-image-preview:large","max-video-preview":"max-video-preview:-1"},"og_locale":"pt_PT","og_type":"article","og_title":"Seguro inicia fun\u00e7\u00f5es em Queluz para avaliar riscos de cheias no Mondego - Portal Tela Portugal","og_description":"Ant\u00f3nio Jos\u00e9 Seguro come\u00e7ou hoje a trabalhar num gabinete no Pal\u00e1cio Nacional de Queluz, em Sintra, chegando \u00e0s 10:00, e ficar\u00e1 l\u00e1 at\u00e9 \u00e0 posse, a 9 de mar\u00e7o. O Presidente eleito tem estado em contacto com presidentes de C\u00e2mara de Coimbra, Figueira da Foz, Soure e Montemor-o-Velho, devido ao agravamento da situa\u00e7\u00e3o com cheias no Mondego. A assessoria de Seguro confirmou o contacto com os autarcas na noite de ontem e nesta manh\u00e3, face ao risco de cheia na regi\u00e3o. Seguro foi eleito no domingo com dois ter\u00e7os dos votos expressos, cerca de 3,48 milh\u00f5es, quando faltam apurar vinte freguesias de oito munic\u00edpios. Andr\u00e9 Ventura obteve mais de 1,7 milh\u00f5es de votos, com uma percentagem pr\u00f3xima de sessenta e sete por cento, contra trinta e tr\u00eas por cento.","og_url":"https:\/\/portaltela.pt\/noticias\/2026\/02\/11\/seguro-inicia-funcoes-em-queluz-para-avaliar-riscos-de-cheias-no-mondego\/","og_site_name":"Portal Tela Portugal","article_published_time":"2026-02-11T12:09:16+00:00","author":"Telinha","twitter_card":"summary_large_image","twitter_misc":{"Escrito por":"Telinha","Tempo estimado de leitura":"1 minuto"},"schema":{"@context":"https:\/\/schema.org","@graph":[{"@type":"Article","@id":"https:\/\/portaltela.pt\/noticias\/2026\/02\/11\/seguro-inicia-funcoes-em-queluz-para-avaliar-riscos-de-cheias-no-mondego\/#article","isPartOf":{"@id":"https:\/\/portaltela.pt\/noticias\/2026\/02\/11\/seguro-inicia-funcoes-em-queluz-para-avaliar-riscos-de-cheias-no-mondego\/"},"author":{"name":"Telinha","@id":"https:\/\/portaltela.pt\/#\/schema\/person\/c4278d4a6028830caff9ee44b42d32ed"},"headline":"Seguro inicia fun\u00e7\u00f5es em Queluz para avaliar riscos de cheias no Mondego","datePublished":"2026-02-11T12:09:16+00:00","mainEntityOfPage":{"@id":"https:\/\/portaltela.pt\/noticias\/2026\/02\/11\/seguro-inicia-funcoes-em-queluz-para-avaliar-riscos-de-cheias-no-mondego\/"},"wordCount":212,"image":{"@id":"https:\/\/portaltela.pt\/noticias\/2026\/02\/11\/seguro-inicia-funcoes-em-queluz-para-avaliar-riscos-de-cheias-no-mondego\/#primaryimage"},"thumbnailUrl":"https:\/\/portaltela.pt\/s.01k8rhncp4jt1\/2026\/02\/img_1500x1000uu2026-02-11-12-07-34-2266239.jpg","keywords":["Coimbra","Figueira da Foz","Mondego","Montemor-o-Velho","Queluz","Soure"],"articleSection":["Not\u00edcias","Pol\u00edtica"],"inLanguage":"pt-PT"},{"@type":"WebPage","@id":"https:\/\/portaltela.pt\/noticias\/2026\/02\/11\/seguro-inicia-funcoes-em-queluz-para-avaliar-riscos-de-cheias-no-mondego\/","url":"https:\/\/portaltela.pt\/noticias\/2026\/02\/11\/seguro-inicia-funcoes-em-queluz-para-avaliar-riscos-de-cheias-no-mondego\/","name":"Seguro inicia fun\u00e7\u00f5es em Queluz para avaliar riscos de cheias no Mondego - Portal Tela Portugal","isPartOf":{"@id":"https:\/\/portaltela.pt\/#website"},"primaryImageOfPage":{"@id":"https:\/\/portaltela.pt\/noticias\/2026\/02\/11\/seguro-inicia-funcoes-em-queluz-para-avaliar-riscos-de-cheias-no-mondego\/#primaryimage"},"image":{"@id":"https:\/\/portaltela.pt\/noticias\/2026\/02\/11\/seguro-inicia-funcoes-em-queluz-para-avaliar-riscos-de-cheias-no-mondego\/#primaryimage"},"thumbnailUrl":"https:\/\/portaltela.pt\/s.01k8rhncp4jt1\/2026\/02\/img_1500x1000uu2026-02-11-12-07-34-2266239.jpg","datePublished":"2026-02-11T12:09:16+00:00","author":{"@id":"https:\/\/portaltela.pt\/#\/schema\/person\/c4278d4a6028830caff9ee44b42d32ed"},"breadcrumb":{"@id":"https:\/\/portaltela.pt\/noticias\/2026\/02\/11\/seguro-inicia-funcoes-em-queluz-para-avaliar-riscos-de-cheias-no-mondego\/#breadcrumb"},"inLanguage":"pt-PT","potentialAction":[{"@type":"ReadAction","target":["https:\/\/portaltela.pt\/noticias\/2026\/02\/11\/seguro-inicia-funcoes-em-queluz-para-avaliar-riscos-de-cheias-no-mondego\/"]}]},{"@type":"ImageObject","inLanguage":"pt-PT","@id":"https:\/\/portaltela.pt\/noticias\/2026\/02\/11\/seguro-inicia-funcoes-em-queluz-para-avaliar-riscos-de-cheias-no-mondego\/#primaryimage","url":"https:\/\/portaltela.pt\/s.01k8rhncp4jt1\/2026\/02\/img_1500x1000uu2026-02-11-12-07-34-2266239.jpg","contentUrl":"https:\/\/portaltela.pt\/s.01k8rhncp4jt1\/2026\/02\/img_1500x1000uu2026-02-11-12-07-34-2266239.jpg","width":796,"height":448,"caption":"Seguro \u00e0 chegada ao Pal\u00e1cio de Queluz"},{"@type":"BreadcrumbList","@id":"https:\/\/portaltela.pt\/noticias\/2026\/02\/11\/seguro-inicia-funcoes-em-queluz-para-avaliar-riscos-de-cheias-no-mondego\/#breadcrumb","itemListElement":[{"@type":"ListItem","position":1,"name":"In\u00edcio","item":"https:\/\/portaltela.pt\/"},{"@type":"ListItem","position":2,"name":"Seguro inicia fun\u00e7\u00f5es em Queluz para avaliar riscos de cheias no Mondego"}]},{"@type":"WebSite","@id":"https:\/\/portaltela.pt\/#website","url":"https:\/\/portaltela.pt\/","name":"Portal Tela Portugal","description":"","potentialAction":[{"@type":"SearchAction","target":{"@type":"EntryPoint","urlTemplate":"https:\/\/portaltela.pt\/?s={search_term_string}"},"query-input":{"@type":"PropertyValueSpecification","valueRequired":true,"valueName":"search_term_string"}}],"inLanguage":"pt-PT"},{"@type":"Person","@id":"https:\/\/portaltela.pt\/#\/schema\/person\/c4278d4a6028830caff9ee44b42d32ed","name":"Telinha","image":{"@type":"ImageObject","inLanguage":"pt-PT","@id":"https:\/\/portaltela.pt\/s.01k8rhncp4jt1\/2025\/11\/talking-bot-125x125.png","url":"https:\/\/portaltela.pt\/s.01k8rhncp4jt1\/2025\/11\/talking-bot-125x125.png","contentUrl":"https:\/\/portaltela.pt\/s.01k8rhncp4jt1\/2025\/11\/talking-bot-125x125.png","caption":"Telinha"},"sameAs":["https:\/\/portaltela.pt\/"],"url":"https:\/\/portaltela.pt\/por\/367410592786\/"}]}},"_links":{"self":[{"href":"https:\/\/portaltela.pt\/api\/wp\/v2\/posts\/208035","targetHints":{"allow":["GET"]}}],"collection":[{"href":"https:\/\/portaltela.pt\/api\/wp\/v2\/posts"}],"about":[{"href":"https:\/\/portaltela.pt\/api\/wp\/v2\/types\/post"}],"author":[{"embeddable":true,"href":"https:\/\/portaltela.pt\/api\/wp\/v2\/users\/2"}],"replies":[{"embeddable":true,"href":"https:\/\/portaltela.pt\/api\/wp\/v2\/comments?post=208035"}],"version-history":[{"count":0,"href":"https:\/\/portaltela.pt\/api\/wp\/v2\/posts\/208035\/revisions"}],"wp:featuredmedia":[{"embeddable":true,"href":"https:\/\/portaltela.pt\/api\/wp\/v2\/media\/208042"}],"wp:attachment":[{"href":"https:\/\/portaltela.pt\/api\/wp\/v2\/media?parent=208035"}],"wp:term":[{"taxonomy":"category","embeddable":true,"href":"https:\/\/portaltela.pt\/api\/wp\/v2\/categories?post=208035"},{"taxonomy":"post_tag","embeddable":true,"href":"https:\/\/portaltela.pt\/api\/wp\/v2\/tags?post=208035"}],"curies":[{"name":"wp","href":"https:\/\/api.w.org\/{rel}","templated":true}]}}