{"id":208031,"date":"2026-02-11T08:57:00","date_gmt":"2026-02-11T11:57:00","guid":{"rendered":"https:\/\/portaltela.pt\/noticias\/2026\/02\/11\/ine-confirma-abrandamento-da-inflacao-para-19-em-janeiro\/"},"modified":"2026-02-11T08:57:00","modified_gmt":"2026-02-11T11:57:00","slug":"ine-confirma-abrandamento-da-inflacao-para-19-em-janeiro","status":"publish","type":"post","link":"https:\/\/portaltela.pt\/noticias\/economia\/2026\/02\/11\/ine-confirma-abrandamento-da-inflacao-para-19-em-janeiro\/","title":{"rendered":"INE confirma abrandamento da infla\u00e7\u00e3o para 1,9% em Janeiro"},"content":{"rendered":"<p>O Instituto Nacional de Estat\u00edstica (INE) confirmou que a infla\u00e7\u00e3o acelerou menos em Janeiro, situando a varia\u00e7\u00e3o hom\u00f3loga do IPC em 1,9%. Em compara\u00e7\u00e3o com Dezembro, houve uma redu\u00e7\u00e3o de 0,3 pontos percentuais. Se exclu\u00eddos os produtos mais vol\u00e1teis, a infla\u00e7\u00e3o ficou em 1,8%.<\/p>\n<p>Sem os itens mais vol\u00e1teis, os alimentos n\u00e3o transformados subiram 5,8% e os energ\u00e9ticos recuaram 2,2% em termos hom\u00f3logos. O desempenho divergente entre estes dois grupos foi compensado pela eleva\u00e7\u00e3o da varia\u00e7\u00e3o de habita\u00e7\u00e3o, \u00e1gua, electricidade, g\u00e1s e outros combust\u00edveis, para 2,9%.<\/p>\n<p>Entre as contribui\u00e7\u00f5es para a varia\u00e7\u00e3o mensal do IPC, destacam-se restaurantes, caf\u00e9s e estabelecimentos similares, peixaria, lares residenciais para idosos, vinhos e rendas da resid\u00eancia principal. Do lado negativo, incidiu o vestu\u00e1rio e cal\u00e7ado feminino, al\u00e9m de hot\u00e9is e transporte a\u00e9reo.<\/p>\n<p>O \u00cdndice Harmonizado de Pre\u00e7os no Consumidor (IHPC) tamb\u00e9m ficou em 1,9% ao ano, face ao mesmo m\u00eas de 2025. Este valor \u00e9 superior em 0,2 pontos percentuais \u00e0 taxa da zona euro, que ficou em 1,7%.<\/p>\n<p>O relat\u00f3rio do INE descreve ainda a composi\u00e7\u00e3o das mudan\u00e7as: tend\u00eancias setoriais, contributos positivos e negativos, e a compara\u00e7\u00e3o com Dezembro, sem extrapola\u00e7\u00f5es de dados n\u00e3o verific\u00e1veis. As informa\u00e7\u00f5es permitem acompanhar a evolu\u00e7\u00e3o de pre\u00e7os com foco em 2026.<\/p>\n<p>Resumo r\u00e1pido: Janeiro apresentou infla\u00e7\u00e3o anual de 1,9%, com infla\u00e7\u00e3o de alimentos n\u00e3o transformados a subir mais do que a de energ\u00e9ticos. A habita\u00e7\u00e3o tamb\u00e9m teve eleva\u00e7\u00e3o na varia\u00e7\u00e3o hom\u00f3loga, ajudando a manter o n\u00edvel geral est\u00e1vel.<\/p>\n<h3>IHPC e compara\u00e7\u00e3o europeia<\/h3>\n<p>O IHPC registou uma varia\u00e7\u00e3o anual de 1,9%, superior \u00e0 da zona euro em 0,2 p.p. A leitura facilita compara\u00e7\u00f5es entre Portugal e os restantes Estados-membros, incluindo o efeito de despesas tur\u00edsticas.<\/p>\n<p>As leituras do INE mant\u00eam-se alinhadas com a estrat\u00e9gia de monitoriza\u00e7\u00e3o da infla\u00e7\u00e3o, apresentando dados detalhados por subgrupos e contributos para a varia\u00e7\u00e3o mensal. N\u00e3o houve converg\u00eancia para uma tend\u00eancia \u00fanica, mantendo-se a decomposi\u00e7\u00e3o setorial.<\/p>\n","protected":false},"excerpt":{"rendered":"<ul>\n<li>O Instituto Nacional de Estat\u00edstica (INE) confirma IPC de 1,9% em janeiro de 2026, menos 0,3 pontos percentuais face a dezembro.<\/li>\n<li>Excluindo os produtos mais vol\u00e1teis (alimentos n\u00e3o transformados e energ\u00e9ticos), a infla\u00e7\u00e3o fica em 1,8%.<\/li>\n<li>Energ\u00e9ticos caem 2,2% em termos hom\u00f3logos; alimentares n\u00e3o transmitados sobem 5,8% (ainda abaixo de dezembro).<\/li>\n<li>Principais contribui\u00e7\u00f5es para a varia\u00e7\u00e3o mensal: restaurantes, caf\u00e9s e estabelecimentos similares; peixe; lares residenciais para idosos e deficientes; vinhos; rendas efetivamente pagas pela resid\u00eancia principal.<\/li>\n<li>O IHPC mant\u00e9m-se em 1,9%, 0,2 p.p. acima da zona euro; habita\u00e7\u00e3o, \u00e1gua, electricidade, g\u00e1s e outros combust\u00edveis sobe 2,9%.<\/li>\n<\/ul>\n","protected":false},"author":2,"featured_media":208036,"comment_status":"closed","ping_status":"closed","sticky":false,"template":"","format":"standard","meta":{"footnotes":""},"categories":[2,1],"tags":[150,5774,1676,1014,1931,5586],"class_list":["post-208031","post","type-post","status-publish","format-standard","has-post-thumbnail","hentry","category-economia","category-noticias","tag-habitacao","tag-ihpc","tag-inflacao","tag-portugal","tag-restaurantes","tag-vinho"],"yoast_head":"<!-- This site is optimized with the Yoast SEO plugin v27.2 - https:\/\/yoast.com\/product\/yoast-seo-wordpress\/ -->\n<title>INE confirma abrandamento da infla\u00e7\u00e3o para 1,9% em Janeiro - Portal Tela Portugal<\/title>\n<meta name=\"robots\" content=\"index, follow, max-snippet:-1, max-image-preview:large, max-video-preview:-1\" \/>\n<meta property=\"og:locale\" content=\"pt_PT\" \/>\n<meta property=\"og:type\" content=\"article\" \/>\n<meta property=\"og:title\" content=\"INE confirma abrandamento da infla\u00e7\u00e3o para 1,9% em Janeiro - Portal Tela Portugal\" \/>\n<meta property=\"og:description\" content=\"O Instituto Nacional de Estat\u00edstica (INE) confirma IPC de 1,9% em janeiro de 2026, menos 0,3 pontos percentuais face a dezembro. Excluindo os produtos mais vol\u00e1teis (alimentos n\u00e3o transformados e energ\u00e9ticos), a infla\u00e7\u00e3o fica em 1,8%. Energ\u00e9ticos caem 2,2% em termos hom\u00f3logos; alimentares n\u00e3o transmitados sobem 5,8% (ainda abaixo de dezembro). Principais contribui\u00e7\u00f5es para a varia\u00e7\u00e3o mensal: restaurantes, caf\u00e9s e estabelecimentos similares; peixe; lares residenciais para idosos e deficientes; vinhos; rendas efetivamente pagas pela resid\u00eancia principal. O IHPC mant\u00e9m-se em 1,9%, 0,2 p.p. acima da zona euro; habita\u00e7\u00e3o, \u00e1gua, electricidade, g\u00e1s e outros combust\u00edveis sobe 2,9%.\" \/>\n<meta property=\"og:url\" content=\"https:\/\/portaltela.pt\/noticias\/2026\/02\/11\/ine-confirma-abrandamento-da-inflacao-para-19-em-janeiro\/\" \/>\n<meta property=\"og:site_name\" content=\"Portal Tela Portugal\" \/>\n<meta property=\"article:published_time\" content=\"2026-02-11T11:57:00+00:00\" \/>\n<meta name=\"author\" content=\"Telinha\" \/>\n<meta name=\"twitter:card\" content=\"summary_large_image\" \/>\n<meta name=\"twitter:label1\" content=\"Escrito por\" \/>\n\t<meta name=\"twitter:data1\" content=\"Telinha\" \/>\n\t<meta name=\"twitter:label2\" content=\"Tempo estimado de leitura\" \/>\n\t<meta name=\"twitter:data2\" content=\"2 minutos\" \/>\n<script type=\"application\/ld+json\" class=\"yoast-schema-graph\">{\"@context\":\"https:\/\/schema.org\",\"@graph\":[{\"@type\":\"Article\",\"@id\":\"https:\/\/portaltela.pt\/noticias\/2026\/02\/11\/ine-confirma-abrandamento-da-inflacao-para-19-em-janeiro\/#article\",\"isPartOf\":{\"@id\":\"https:\/\/portaltela.pt\/noticias\/2026\/02\/11\/ine-confirma-abrandamento-da-inflacao-para-19-em-janeiro\/\"},\"author\":{\"name\":\"Telinha\",\"@id\":\"https:\/\/portaltela.pt\/#\/schema\/person\/c4278d4a6028830caff9ee44b42d32ed\"},\"headline\":\"INE confirma abrandamento da infla\u00e7\u00e3o para 1,9% em Janeiro\",\"datePublished\":\"2026-02-11T11:57:00+00:00\",\"mainEntityOfPage\":{\"@id\":\"https:\/\/portaltela.pt\/noticias\/2026\/02\/11\/ine-confirma-abrandamento-da-inflacao-para-19-em-janeiro\/\"},\"wordCount\":370,\"image\":{\"@id\":\"https:\/\/portaltela.pt\/noticias\/2026\/02\/11\/ine-confirma-abrandamento-da-inflacao-para-19-em-janeiro\/#primaryimage\"},\"thumbnailUrl\":\"https:\/\/portaltela.pt\/s.01k8rhncp4jt1\/2026\/02\/2066280.jpg\",\"keywords\":[\"habita\u00e7\u00e3o\",\"IHPC\",\"infla\u00e7\u00e3o\",\"Portugal\",\"restaurantes\",\"vinho\"],\"articleSection\":[\"Economia\",\"Not\u00edcias\"],\"inLanguage\":\"pt-PT\"},{\"@type\":\"WebPage\",\"@id\":\"https:\/\/portaltela.pt\/noticias\/2026\/02\/11\/ine-confirma-abrandamento-da-inflacao-para-19-em-janeiro\/\",\"url\":\"https:\/\/portaltela.pt\/noticias\/2026\/02\/11\/ine-confirma-abrandamento-da-inflacao-para-19-em-janeiro\/\",\"name\":\"INE confirma abrandamento da infla\u00e7\u00e3o para 1,9% em Janeiro - Portal Tela Portugal\",\"isPartOf\":{\"@id\":\"https:\/\/portaltela.pt\/#website\"},\"primaryImageOfPage\":{\"@id\":\"https:\/\/portaltela.pt\/noticias\/2026\/02\/11\/ine-confirma-abrandamento-da-inflacao-para-19-em-janeiro\/#primaryimage\"},\"image\":{\"@id\":\"https:\/\/portaltela.pt\/noticias\/2026\/02\/11\/ine-confirma-abrandamento-da-inflacao-para-19-em-janeiro\/#primaryimage\"},\"thumbnailUrl\":\"https:\/\/portaltela.pt\/s.01k8rhncp4jt1\/2026\/02\/2066280.jpg\",\"datePublished\":\"2026-02-11T11:57:00+00:00\",\"author\":{\"@id\":\"https:\/\/portaltela.pt\/#\/schema\/person\/c4278d4a6028830caff9ee44b42d32ed\"},\"breadcrumb\":{\"@id\":\"https:\/\/portaltela.pt\/noticias\/2026\/02\/11\/ine-confirma-abrandamento-da-inflacao-para-19-em-janeiro\/#breadcrumb\"},\"inLanguage\":\"pt-PT\",\"potentialAction\":[{\"@type\":\"ReadAction\",\"target\":[\"https:\/\/portaltela.pt\/noticias\/2026\/02\/11\/ine-confirma-abrandamento-da-inflacao-para-19-em-janeiro\/\"]}]},{\"@type\":\"ImageObject\",\"inLanguage\":\"pt-PT\",\"@id\":\"https:\/\/portaltela.pt\/noticias\/2026\/02\/11\/ine-confirma-abrandamento-da-inflacao-para-19-em-janeiro\/#primaryimage\",\"url\":\"https:\/\/portaltela.pt\/s.01k8rhncp4jt1\/2026\/02\/2066280.jpg\",\"contentUrl\":\"https:\/\/portaltela.pt\/s.01k8rhncp4jt1\/2026\/02\/2066280.jpg\",\"width\":796,\"height\":448,\"caption\":\"Pre\u00e7os do vestu\u00e1rio desceram em Janeiro face a Dezembro por via dos saldos\"},{\"@type\":\"BreadcrumbList\",\"@id\":\"https:\/\/portaltela.pt\/noticias\/2026\/02\/11\/ine-confirma-abrandamento-da-inflacao-para-19-em-janeiro\/#breadcrumb\",\"itemListElement\":[{\"@type\":\"ListItem\",\"position\":1,\"name\":\"In\u00edcio\",\"item\":\"https:\/\/portaltela.pt\/\"},{\"@type\":\"ListItem\",\"position\":2,\"name\":\"INE confirma abrandamento da infla\u00e7\u00e3o para 1,9% em Janeiro\"}]},{\"@type\":\"WebSite\",\"@id\":\"https:\/\/portaltela.pt\/#website\",\"url\":\"https:\/\/portaltela.pt\/\",\"name\":\"Portal Tela Portugal\",\"description\":\"\",\"potentialAction\":[{\"@type\":\"SearchAction\",\"target\":{\"@type\":\"EntryPoint\",\"urlTemplate\":\"https:\/\/portaltela.pt\/?s={search_term_string}\"},\"query-input\":{\"@type\":\"PropertyValueSpecification\",\"valueRequired\":true,\"valueName\":\"search_term_string\"}}],\"inLanguage\":\"pt-PT\"},{\"@type\":\"Person\",\"@id\":\"https:\/\/portaltela.pt\/#\/schema\/person\/c4278d4a6028830caff9ee44b42d32ed\",\"name\":\"Telinha\",\"image\":{\"@type\":\"ImageObject\",\"inLanguage\":\"pt-PT\",\"@id\":\"https:\/\/portaltela.pt\/s.01k8rhncp4jt1\/2025\/11\/talking-bot-125x125.png\",\"url\":\"https:\/\/portaltela.pt\/s.01k8rhncp4jt1\/2025\/11\/talking-bot-125x125.png\",\"contentUrl\":\"https:\/\/portaltela.pt\/s.01k8rhncp4jt1\/2025\/11\/talking-bot-125x125.png\",\"caption\":\"Telinha\"},\"sameAs\":[\"https:\/\/portaltela.pt\/\"],\"url\":\"https:\/\/portaltela.pt\/por\/367410592786\/\"}]}<\/script>\n<!-- \/ Yoast SEO plugin. -->","yoast_head_json":{"title":"INE confirma abrandamento da infla\u00e7\u00e3o para 1,9% em Janeiro - Portal Tela Portugal","robots":{"index":"index","follow":"follow","max-snippet":"max-snippet:-1","max-image-preview":"max-image-preview:large","max-video-preview":"max-video-preview:-1"},"og_locale":"pt_PT","og_type":"article","og_title":"INE confirma abrandamento da infla\u00e7\u00e3o para 1,9% em Janeiro - Portal Tela Portugal","og_description":"O Instituto Nacional de Estat\u00edstica (INE) confirma IPC de 1,9% em janeiro de 2026, menos 0,3 pontos percentuais face a dezembro. Excluindo os produtos mais vol\u00e1teis (alimentos n\u00e3o transformados e energ\u00e9ticos), a infla\u00e7\u00e3o fica em 1,8%. Energ\u00e9ticos caem 2,2% em termos hom\u00f3logos; alimentares n\u00e3o transmitados sobem 5,8% (ainda abaixo de dezembro). Principais contribui\u00e7\u00f5es para a varia\u00e7\u00e3o mensal: restaurantes, caf\u00e9s e estabelecimentos similares; peixe; lares residenciais para idosos e deficientes; vinhos; rendas efetivamente pagas pela resid\u00eancia principal. O IHPC mant\u00e9m-se em 1,9%, 0,2 p.p. acima da zona euro; habita\u00e7\u00e3o, \u00e1gua, electricidade, g\u00e1s e outros combust\u00edveis sobe 2,9%.","og_url":"https:\/\/portaltela.pt\/noticias\/2026\/02\/11\/ine-confirma-abrandamento-da-inflacao-para-19-em-janeiro\/","og_site_name":"Portal Tela Portugal","article_published_time":"2026-02-11T11:57:00+00:00","author":"Telinha","twitter_card":"summary_large_image","twitter_misc":{"Escrito por":"Telinha","Tempo estimado de leitura":"2 minutos"},"schema":{"@context":"https:\/\/schema.org","@graph":[{"@type":"Article","@id":"https:\/\/portaltela.pt\/noticias\/2026\/02\/11\/ine-confirma-abrandamento-da-inflacao-para-19-em-janeiro\/#article","isPartOf":{"@id":"https:\/\/portaltela.pt\/noticias\/2026\/02\/11\/ine-confirma-abrandamento-da-inflacao-para-19-em-janeiro\/"},"author":{"name":"Telinha","@id":"https:\/\/portaltela.pt\/#\/schema\/person\/c4278d4a6028830caff9ee44b42d32ed"},"headline":"INE confirma abrandamento da infla\u00e7\u00e3o para 1,9% em Janeiro","datePublished":"2026-02-11T11:57:00+00:00","mainEntityOfPage":{"@id":"https:\/\/portaltela.pt\/noticias\/2026\/02\/11\/ine-confirma-abrandamento-da-inflacao-para-19-em-janeiro\/"},"wordCount":370,"image":{"@id":"https:\/\/portaltela.pt\/noticias\/2026\/02\/11\/ine-confirma-abrandamento-da-inflacao-para-19-em-janeiro\/#primaryimage"},"thumbnailUrl":"https:\/\/portaltela.pt\/s.01k8rhncp4jt1\/2026\/02\/2066280.jpg","keywords":["habita\u00e7\u00e3o","IHPC","infla\u00e7\u00e3o","Portugal","restaurantes","vinho"],"articleSection":["Economia","Not\u00edcias"],"inLanguage":"pt-PT"},{"@type":"WebPage","@id":"https:\/\/portaltela.pt\/noticias\/2026\/02\/11\/ine-confirma-abrandamento-da-inflacao-para-19-em-janeiro\/","url":"https:\/\/portaltela.pt\/noticias\/2026\/02\/11\/ine-confirma-abrandamento-da-inflacao-para-19-em-janeiro\/","name":"INE confirma abrandamento da infla\u00e7\u00e3o para 1,9% em Janeiro - Portal Tela Portugal","isPartOf":{"@id":"https:\/\/portaltela.pt\/#website"},"primaryImageOfPage":{"@id":"https:\/\/portaltela.pt\/noticias\/2026\/02\/11\/ine-confirma-abrandamento-da-inflacao-para-19-em-janeiro\/#primaryimage"},"image":{"@id":"https:\/\/portaltela.pt\/noticias\/2026\/02\/11\/ine-confirma-abrandamento-da-inflacao-para-19-em-janeiro\/#primaryimage"},"thumbnailUrl":"https:\/\/portaltela.pt\/s.01k8rhncp4jt1\/2026\/02\/2066280.jpg","datePublished":"2026-02-11T11:57:00+00:00","author":{"@id":"https:\/\/portaltela.pt\/#\/schema\/person\/c4278d4a6028830caff9ee44b42d32ed"},"breadcrumb":{"@id":"https:\/\/portaltela.pt\/noticias\/2026\/02\/11\/ine-confirma-abrandamento-da-inflacao-para-19-em-janeiro\/#breadcrumb"},"inLanguage":"pt-PT","potentialAction":[{"@type":"ReadAction","target":["https:\/\/portaltela.pt\/noticias\/2026\/02\/11\/ine-confirma-abrandamento-da-inflacao-para-19-em-janeiro\/"]}]},{"@type":"ImageObject","inLanguage":"pt-PT","@id":"https:\/\/portaltela.pt\/noticias\/2026\/02\/11\/ine-confirma-abrandamento-da-inflacao-para-19-em-janeiro\/#primaryimage","url":"https:\/\/portaltela.pt\/s.01k8rhncp4jt1\/2026\/02\/2066280.jpg","contentUrl":"https:\/\/portaltela.pt\/s.01k8rhncp4jt1\/2026\/02\/2066280.jpg","width":796,"height":448,"caption":"Pre\u00e7os do vestu\u00e1rio desceram em Janeiro face a Dezembro por via dos saldos"},{"@type":"BreadcrumbList","@id":"https:\/\/portaltela.pt\/noticias\/2026\/02\/11\/ine-confirma-abrandamento-da-inflacao-para-19-em-janeiro\/#breadcrumb","itemListElement":[{"@type":"ListItem","position":1,"name":"In\u00edcio","item":"https:\/\/portaltela.pt\/"},{"@type":"ListItem","position":2,"name":"INE confirma abrandamento da infla\u00e7\u00e3o para 1,9% em Janeiro"}]},{"@type":"WebSite","@id":"https:\/\/portaltela.pt\/#website","url":"https:\/\/portaltela.pt\/","name":"Portal Tela Portugal","description":"","potentialAction":[{"@type":"SearchAction","target":{"@type":"EntryPoint","urlTemplate":"https:\/\/portaltela.pt\/?s={search_term_string}"},"query-input":{"@type":"PropertyValueSpecification","valueRequired":true,"valueName":"search_term_string"}}],"inLanguage":"pt-PT"},{"@type":"Person","@id":"https:\/\/portaltela.pt\/#\/schema\/person\/c4278d4a6028830caff9ee44b42d32ed","name":"Telinha","image":{"@type":"ImageObject","inLanguage":"pt-PT","@id":"https:\/\/portaltela.pt\/s.01k8rhncp4jt1\/2025\/11\/talking-bot-125x125.png","url":"https:\/\/portaltela.pt\/s.01k8rhncp4jt1\/2025\/11\/talking-bot-125x125.png","contentUrl":"https:\/\/portaltela.pt\/s.01k8rhncp4jt1\/2025\/11\/talking-bot-125x125.png","caption":"Telinha"},"sameAs":["https:\/\/portaltela.pt\/"],"url":"https:\/\/portaltela.pt\/por\/367410592786\/"}]}},"_links":{"self":[{"href":"https:\/\/portaltela.pt\/api\/wp\/v2\/posts\/208031","targetHints":{"allow":["GET"]}}],"collection":[{"href":"https:\/\/portaltela.pt\/api\/wp\/v2\/posts"}],"about":[{"href":"https:\/\/portaltela.pt\/api\/wp\/v2\/types\/post"}],"author":[{"embeddable":true,"href":"https:\/\/portaltela.pt\/api\/wp\/v2\/users\/2"}],"replies":[{"embeddable":true,"href":"https:\/\/portaltela.pt\/api\/wp\/v2\/comments?post=208031"}],"version-history":[{"count":0,"href":"https:\/\/portaltela.pt\/api\/wp\/v2\/posts\/208031\/revisions"}],"wp:featuredmedia":[{"embeddable":true,"href":"https:\/\/portaltela.pt\/api\/wp\/v2\/media\/208036"}],"wp:attachment":[{"href":"https:\/\/portaltela.pt\/api\/wp\/v2\/media?parent=208031"}],"wp:term":[{"taxonomy":"category","embeddable":true,"href":"https:\/\/portaltela.pt\/api\/wp\/v2\/categories?post=208031"},{"taxonomy":"post_tag","embeddable":true,"href":"https:\/\/portaltela.pt\/api\/wp\/v2\/tags?post=208031"}],"curies":[{"name":"wp","href":"https:\/\/api.w.org\/{rel}","templated":true}]}}