{"id":208002,"date":"2026-02-11T08:48:39","date_gmt":"2026-02-11T11:48:39","guid":{"rendered":"https:\/\/portaltela.pt\/noticias\/2026\/02\/11\/criancas-deslocam-se-a-escola-acompanhadas-pela-junta-de-freguesia-do-cartaxo-por-mau-tempo\/"},"modified":"2026-02-11T08:48:39","modified_gmt":"2026-02-11T11:48:39","slug":"criancas-deslocam-se-a-escola-acompanhadas-pela-junta-de-freguesia-do-cartaxo-por-mau-tempo","status":"publish","type":"post","link":"https:\/\/portaltela.pt\/noticias\/2026\/02\/11\/criancas-deslocam-se-a-escola-acompanhadas-pela-junta-de-freguesia-do-cartaxo-por-mau-tempo\/","title":{"rendered":"Crian\u00e7as deslocam-se \u00e0 escola acompanhadas pela Junta de Freguesia do Cartaxo por mau tempo"},"content":{"rendered":"<p>O Cartaxo implementou uma medida para apoiar crian\u00e7as durante o mau tempo. Em parceria com a CP, a C\u00e2mara Municipal organizou o acompanhamento de alunos que entram ou saem da escola, com o objetivo de assegurar trajetos seguros para Valada. A opera\u00e7\u00e3o envolve elementos da junta de freguesia do Cartaxo.<\/p>\n<p>A iniciativa procura auxiliar fam\u00edlias afectadas pela intemp\u00e9rie, garantindo que as crian\u00e7as chegam \u00e0s aulas com o acompanhamento adequado. O protocolo foi definido entre a autarquia e a CP, visando reduzir riscos durante desloca\u00e7\u00f5es condicionadas pelo mau tempo.<\/p>\n<h3>Parcerias e objetivos<\/h3>\n<p>Ao colaborar com a CP, o Cartaxo pretende manter o apoio \u00e0 popula\u00e7\u00e3o de Valada enquanto as condi\u00e7\u00f5es meteorol\u00f3gicas permanecem adversas. A a\u00e7\u00e3o \u00e9 apresentada como preventivo, visando evitar situa\u00e7\u00f5es de risco para crian\u00e7as e encarregados de educa\u00e7\u00e3o.<\/p>\n<h3>Desdobramentos e financiamento<\/h3>\n<p>Fontes municipais indicam que o programa pode estender-se conforme a evolu\u00e7\u00e3o do tempo, com recursos locais mobilizados pela junta de freguesia. A divulga\u00e7\u00e3o oficial n\u00e3o detalha empresas envolvidas al\u00e9m da CP, nem o custo da opera\u00e7\u00e3o.<\/p>\n","protected":false},"excerpt":{"rendered":"<ul>\n<li>A C\u00e2mara Municipal do Cartaxo, em parceria com a CP, lan\u00e7ou uma iniciativa para ajudar a popula\u00e7\u00e3o de Valada face ao mau tempo.<\/li>\n<li>Crian\u00e7as v\u00e3o para a escola acompanhadas por elementos da junta de freguesia do Cartaxo.<\/li>\n<li>A medida tem como objetivo assegurar desloca\u00e7\u00f5es seguras durante as condi\u00e7\u00f5es clim\u00e1ticas adversas.<\/li>\n<li>A a\u00e7\u00e3o visa apoiar fam\u00edlias na freguesia de Valada.<\/li>\n<\/ul>\n","protected":false},"author":2,"featured_media":208007,"comment_status":"closed","ping_status":"closed","sticky":false,"template":"","format":"standard","meta":{"footnotes":""},"categories":[1],"tags":[2696,3191,3953,4191,163,5293],"class_list":["post-208002","post","type-post","status-publish","format-standard","has-post-thumbnail","hentry","category-noticias","tag-cartaxo","tag-cp","tag-criancas","tag-deslocacoes","tag-educacao","tag-junta-de-freguesia"],"yoast_head":"<!-- This site is optimized with the Yoast SEO plugin v27.2 - https:\/\/yoast.com\/product\/yoast-seo-wordpress\/ -->\n<title>Crian\u00e7as deslocam-se \u00e0 escola acompanhadas pela Junta de Freguesia do Cartaxo por mau tempo - Portal Tela Portugal<\/title>\n<meta name=\"robots\" content=\"index, follow, max-snippet:-1, max-image-preview:large, max-video-preview:-1\" \/>\n<meta property=\"og:locale\" content=\"pt_PT\" \/>\n<meta property=\"og:type\" content=\"article\" \/>\n<meta property=\"og:title\" content=\"Crian\u00e7as deslocam-se \u00e0 escola acompanhadas pela Junta de Freguesia do Cartaxo por mau tempo - Portal Tela Portugal\" \/>\n<meta property=\"og:description\" content=\"A C\u00e2mara Municipal do Cartaxo, em parceria com a CP, lan\u00e7ou uma iniciativa para ajudar a popula\u00e7\u00e3o de Valada face ao mau tempo. Crian\u00e7as v\u00e3o para a escola acompanhadas por elementos da junta de freguesia do Cartaxo. A medida tem como objetivo assegurar desloca\u00e7\u00f5es seguras durante as condi\u00e7\u00f5es clim\u00e1ticas adversas. A a\u00e7\u00e3o visa apoiar fam\u00edlias na freguesia de Valada.\" \/>\n<meta property=\"og:url\" content=\"https:\/\/portaltela.pt\/noticias\/2026\/02\/11\/criancas-deslocam-se-a-escola-acompanhadas-pela-junta-de-freguesia-do-cartaxo-por-mau-tempo\/\" \/>\n<meta property=\"og:site_name\" content=\"Portal Tela Portugal\" \/>\n<meta property=\"article:published_time\" content=\"2026-02-11T11:48:39+00:00\" \/>\n<meta name=\"author\" content=\"Telinha\" \/>\n<meta name=\"twitter:card\" content=\"summary_large_image\" \/>\n<meta name=\"twitter:label1\" content=\"Escrito por\" \/>\n\t<meta name=\"twitter:data1\" content=\"Telinha\" \/>\n\t<meta name=\"twitter:label2\" content=\"Tempo estimado de leitura\" \/>\n\t<meta name=\"twitter:data2\" content=\"1 minuto\" \/>\n<script type=\"application\/ld+json\" class=\"yoast-schema-graph\">{\"@context\":\"https:\/\/schema.org\",\"@graph\":[{\"@type\":\"Article\",\"@id\":\"https:\/\/portaltela.pt\/noticias\/2026\/02\/11\/criancas-deslocam-se-a-escola-acompanhadas-pela-junta-de-freguesia-do-cartaxo-por-mau-tempo\/#article\",\"isPartOf\":{\"@id\":\"https:\/\/portaltela.pt\/noticias\/2026\/02\/11\/criancas-deslocam-se-a-escola-acompanhadas-pela-junta-de-freguesia-do-cartaxo-por-mau-tempo\/\"},\"author\":{\"name\":\"Telinha\",\"@id\":\"https:\/\/portaltela.pt\/#\/schema\/person\/c4278d4a6028830caff9ee44b42d32ed\"},\"headline\":\"Crian\u00e7as deslocam-se \u00e0 escola acompanhadas pela Junta de Freguesia do Cartaxo por mau tempo\",\"datePublished\":\"2026-02-11T11:48:39+00:00\",\"mainEntityOfPage\":{\"@id\":\"https:\/\/portaltela.pt\/noticias\/2026\/02\/11\/criancas-deslocam-se-a-escola-acompanhadas-pela-junta-de-freguesia-do-cartaxo-por-mau-tempo\/\"},\"wordCount\":199,\"image\":{\"@id\":\"https:\/\/portaltela.pt\/noticias\/2026\/02\/11\/criancas-deslocam-se-a-escola-acompanhadas-pela-junta-de-freguesia-do-cartaxo-por-mau-tempo\/#primaryimage\"},\"thumbnailUrl\":\"https:\/\/portaltela.pt\/s.01k8rhncp4jt1\/2026\/02\/img_1280x722uu2026-02-11-11-14-14-2266222.jpg\",\"keywords\":[\"Cartaxo\",\"CP\",\"crian\u00e7as\",\"desloca\u00e7\u00f5es\",\"educa\u00e7\u00e3o\",\"Junta de Freguesia\"],\"articleSection\":[\"Not\u00edcias\"],\"inLanguage\":\"pt-PT\"},{\"@type\":\"WebPage\",\"@id\":\"https:\/\/portaltela.pt\/noticias\/2026\/02\/11\/criancas-deslocam-se-a-escola-acompanhadas-pela-junta-de-freguesia-do-cartaxo-por-mau-tempo\/\",\"url\":\"https:\/\/portaltela.pt\/noticias\/2026\/02\/11\/criancas-deslocam-se-a-escola-acompanhadas-pela-junta-de-freguesia-do-cartaxo-por-mau-tempo\/\",\"name\":\"Crian\u00e7as deslocam-se \u00e0 escola acompanhadas pela Junta de Freguesia do Cartaxo por mau tempo - Portal Tela Portugal\",\"isPartOf\":{\"@id\":\"https:\/\/portaltela.pt\/#website\"},\"primaryImageOfPage\":{\"@id\":\"https:\/\/portaltela.pt\/noticias\/2026\/02\/11\/criancas-deslocam-se-a-escola-acompanhadas-pela-junta-de-freguesia-do-cartaxo-por-mau-tempo\/#primaryimage\"},\"image\":{\"@id\":\"https:\/\/portaltela.pt\/noticias\/2026\/02\/11\/criancas-deslocam-se-a-escola-acompanhadas-pela-junta-de-freguesia-do-cartaxo-por-mau-tempo\/#primaryimage\"},\"thumbnailUrl\":\"https:\/\/portaltela.pt\/s.01k8rhncp4jt1\/2026\/02\/img_1280x722uu2026-02-11-11-14-14-2266222.jpg\",\"datePublished\":\"2026-02-11T11:48:39+00:00\",\"author\":{\"@id\":\"https:\/\/portaltela.pt\/#\/schema\/person\/c4278d4a6028830caff9ee44b42d32ed\"},\"breadcrumb\":{\"@id\":\"https:\/\/portaltela.pt\/noticias\/2026\/02\/11\/criancas-deslocam-se-a-escola-acompanhadas-pela-junta-de-freguesia-do-cartaxo-por-mau-tempo\/#breadcrumb\"},\"inLanguage\":\"pt-PT\",\"potentialAction\":[{\"@type\":\"ReadAction\",\"target\":[\"https:\/\/portaltela.pt\/noticias\/2026\/02\/11\/criancas-deslocam-se-a-escola-acompanhadas-pela-junta-de-freguesia-do-cartaxo-por-mau-tempo\/\"]}]},{\"@type\":\"ImageObject\",\"inLanguage\":\"pt-PT\",\"@id\":\"https:\/\/portaltela.pt\/noticias\/2026\/02\/11\/criancas-deslocam-se-a-escola-acompanhadas-pela-junta-de-freguesia-do-cartaxo-por-mau-tempo\/#primaryimage\",\"url\":\"https:\/\/portaltela.pt\/s.01k8rhncp4jt1\/2026\/02\/img_1280x722uu2026-02-11-11-14-14-2266222.jpg\",\"contentUrl\":\"https:\/\/portaltela.pt\/s.01k8rhncp4jt1\/2026\/02\/img_1280x722uu2026-02-11-11-14-14-2266222.jpg\",\"width\":796,\"height\":448,\"caption\":\"Crian\u00e7as v\u00e3o para a escola acompanhadas por elementos da junta de freguesia do Cartaxo devido ao mau tempo\"},{\"@type\":\"BreadcrumbList\",\"@id\":\"https:\/\/portaltela.pt\/noticias\/2026\/02\/11\/criancas-deslocam-se-a-escola-acompanhadas-pela-junta-de-freguesia-do-cartaxo-por-mau-tempo\/#breadcrumb\",\"itemListElement\":[{\"@type\":\"ListItem\",\"position\":1,\"name\":\"In\u00edcio\",\"item\":\"https:\/\/portaltela.pt\/\"},{\"@type\":\"ListItem\",\"position\":2,\"name\":\"Crian\u00e7as deslocam-se \u00e0 escola acompanhadas pela Junta de Freguesia do Cartaxo por mau tempo\"}]},{\"@type\":\"WebSite\",\"@id\":\"https:\/\/portaltela.pt\/#website\",\"url\":\"https:\/\/portaltela.pt\/\",\"name\":\"Portal Tela Portugal\",\"description\":\"\",\"potentialAction\":[{\"@type\":\"SearchAction\",\"target\":{\"@type\":\"EntryPoint\",\"urlTemplate\":\"https:\/\/portaltela.pt\/?s={search_term_string}\"},\"query-input\":{\"@type\":\"PropertyValueSpecification\",\"valueRequired\":true,\"valueName\":\"search_term_string\"}}],\"inLanguage\":\"pt-PT\"},{\"@type\":\"Person\",\"@id\":\"https:\/\/portaltela.pt\/#\/schema\/person\/c4278d4a6028830caff9ee44b42d32ed\",\"name\":\"Telinha\",\"image\":{\"@type\":\"ImageObject\",\"inLanguage\":\"pt-PT\",\"@id\":\"https:\/\/portaltela.pt\/s.01k8rhncp4jt1\/2025\/11\/talking-bot-125x125.png\",\"url\":\"https:\/\/portaltela.pt\/s.01k8rhncp4jt1\/2025\/11\/talking-bot-125x125.png\",\"contentUrl\":\"https:\/\/portaltela.pt\/s.01k8rhncp4jt1\/2025\/11\/talking-bot-125x125.png\",\"caption\":\"Telinha\"},\"sameAs\":[\"https:\/\/portaltela.pt\/\"],\"url\":\"https:\/\/portaltela.pt\/por\/367410592786\/\"}]}<\/script>\n<!-- \/ Yoast SEO plugin. -->","yoast_head_json":{"title":"Crian\u00e7as deslocam-se \u00e0 escola acompanhadas pela Junta de Freguesia do Cartaxo por mau tempo - Portal Tela Portugal","robots":{"index":"index","follow":"follow","max-snippet":"max-snippet:-1","max-image-preview":"max-image-preview:large","max-video-preview":"max-video-preview:-1"},"og_locale":"pt_PT","og_type":"article","og_title":"Crian\u00e7as deslocam-se \u00e0 escola acompanhadas pela Junta de Freguesia do Cartaxo por mau tempo - Portal Tela Portugal","og_description":"A C\u00e2mara Municipal do Cartaxo, em parceria com a CP, lan\u00e7ou uma iniciativa para ajudar a popula\u00e7\u00e3o de Valada face ao mau tempo. Crian\u00e7as v\u00e3o para a escola acompanhadas por elementos da junta de freguesia do Cartaxo. A medida tem como objetivo assegurar desloca\u00e7\u00f5es seguras durante as condi\u00e7\u00f5es clim\u00e1ticas adversas. A a\u00e7\u00e3o visa apoiar fam\u00edlias na freguesia de Valada.","og_url":"https:\/\/portaltela.pt\/noticias\/2026\/02\/11\/criancas-deslocam-se-a-escola-acompanhadas-pela-junta-de-freguesia-do-cartaxo-por-mau-tempo\/","og_site_name":"Portal Tela Portugal","article_published_time":"2026-02-11T11:48:39+00:00","author":"Telinha","twitter_card":"summary_large_image","twitter_misc":{"Escrito por":"Telinha","Tempo estimado de leitura":"1 minuto"},"schema":{"@context":"https:\/\/schema.org","@graph":[{"@type":"Article","@id":"https:\/\/portaltela.pt\/noticias\/2026\/02\/11\/criancas-deslocam-se-a-escola-acompanhadas-pela-junta-de-freguesia-do-cartaxo-por-mau-tempo\/#article","isPartOf":{"@id":"https:\/\/portaltela.pt\/noticias\/2026\/02\/11\/criancas-deslocam-se-a-escola-acompanhadas-pela-junta-de-freguesia-do-cartaxo-por-mau-tempo\/"},"author":{"name":"Telinha","@id":"https:\/\/portaltela.pt\/#\/schema\/person\/c4278d4a6028830caff9ee44b42d32ed"},"headline":"Crian\u00e7as deslocam-se \u00e0 escola acompanhadas pela Junta de Freguesia do Cartaxo por mau tempo","datePublished":"2026-02-11T11:48:39+00:00","mainEntityOfPage":{"@id":"https:\/\/portaltela.pt\/noticias\/2026\/02\/11\/criancas-deslocam-se-a-escola-acompanhadas-pela-junta-de-freguesia-do-cartaxo-por-mau-tempo\/"},"wordCount":199,"image":{"@id":"https:\/\/portaltela.pt\/noticias\/2026\/02\/11\/criancas-deslocam-se-a-escola-acompanhadas-pela-junta-de-freguesia-do-cartaxo-por-mau-tempo\/#primaryimage"},"thumbnailUrl":"https:\/\/portaltela.pt\/s.01k8rhncp4jt1\/2026\/02\/img_1280x722uu2026-02-11-11-14-14-2266222.jpg","keywords":["Cartaxo","CP","crian\u00e7as","desloca\u00e7\u00f5es","educa\u00e7\u00e3o","Junta de Freguesia"],"articleSection":["Not\u00edcias"],"inLanguage":"pt-PT"},{"@type":"WebPage","@id":"https:\/\/portaltela.pt\/noticias\/2026\/02\/11\/criancas-deslocam-se-a-escola-acompanhadas-pela-junta-de-freguesia-do-cartaxo-por-mau-tempo\/","url":"https:\/\/portaltela.pt\/noticias\/2026\/02\/11\/criancas-deslocam-se-a-escola-acompanhadas-pela-junta-de-freguesia-do-cartaxo-por-mau-tempo\/","name":"Crian\u00e7as deslocam-se \u00e0 escola acompanhadas pela Junta de Freguesia do Cartaxo por mau tempo - Portal Tela Portugal","isPartOf":{"@id":"https:\/\/portaltela.pt\/#website"},"primaryImageOfPage":{"@id":"https:\/\/portaltela.pt\/noticias\/2026\/02\/11\/criancas-deslocam-se-a-escola-acompanhadas-pela-junta-de-freguesia-do-cartaxo-por-mau-tempo\/#primaryimage"},"image":{"@id":"https:\/\/portaltela.pt\/noticias\/2026\/02\/11\/criancas-deslocam-se-a-escola-acompanhadas-pela-junta-de-freguesia-do-cartaxo-por-mau-tempo\/#primaryimage"},"thumbnailUrl":"https:\/\/portaltela.pt\/s.01k8rhncp4jt1\/2026\/02\/img_1280x722uu2026-02-11-11-14-14-2266222.jpg","datePublished":"2026-02-11T11:48:39+00:00","author":{"@id":"https:\/\/portaltela.pt\/#\/schema\/person\/c4278d4a6028830caff9ee44b42d32ed"},"breadcrumb":{"@id":"https:\/\/portaltela.pt\/noticias\/2026\/02\/11\/criancas-deslocam-se-a-escola-acompanhadas-pela-junta-de-freguesia-do-cartaxo-por-mau-tempo\/#breadcrumb"},"inLanguage":"pt-PT","potentialAction":[{"@type":"ReadAction","target":["https:\/\/portaltela.pt\/noticias\/2026\/02\/11\/criancas-deslocam-se-a-escola-acompanhadas-pela-junta-de-freguesia-do-cartaxo-por-mau-tempo\/"]}]},{"@type":"ImageObject","inLanguage":"pt-PT","@id":"https:\/\/portaltela.pt\/noticias\/2026\/02\/11\/criancas-deslocam-se-a-escola-acompanhadas-pela-junta-de-freguesia-do-cartaxo-por-mau-tempo\/#primaryimage","url":"https:\/\/portaltela.pt\/s.01k8rhncp4jt1\/2026\/02\/img_1280x722uu2026-02-11-11-14-14-2266222.jpg","contentUrl":"https:\/\/portaltela.pt\/s.01k8rhncp4jt1\/2026\/02\/img_1280x722uu2026-02-11-11-14-14-2266222.jpg","width":796,"height":448,"caption":"Crian\u00e7as v\u00e3o para a escola acompanhadas por elementos da junta de freguesia do Cartaxo devido ao mau tempo"},{"@type":"BreadcrumbList","@id":"https:\/\/portaltela.pt\/noticias\/2026\/02\/11\/criancas-deslocam-se-a-escola-acompanhadas-pela-junta-de-freguesia-do-cartaxo-por-mau-tempo\/#breadcrumb","itemListElement":[{"@type":"ListItem","position":1,"name":"In\u00edcio","item":"https:\/\/portaltela.pt\/"},{"@type":"ListItem","position":2,"name":"Crian\u00e7as deslocam-se \u00e0 escola acompanhadas pela Junta de Freguesia do Cartaxo por mau tempo"}]},{"@type":"WebSite","@id":"https:\/\/portaltela.pt\/#website","url":"https:\/\/portaltela.pt\/","name":"Portal Tela Portugal","description":"","potentialAction":[{"@type":"SearchAction","target":{"@type":"EntryPoint","urlTemplate":"https:\/\/portaltela.pt\/?s={search_term_string}"},"query-input":{"@type":"PropertyValueSpecification","valueRequired":true,"valueName":"search_term_string"}}],"inLanguage":"pt-PT"},{"@type":"Person","@id":"https:\/\/portaltela.pt\/#\/schema\/person\/c4278d4a6028830caff9ee44b42d32ed","name":"Telinha","image":{"@type":"ImageObject","inLanguage":"pt-PT","@id":"https:\/\/portaltela.pt\/s.01k8rhncp4jt1\/2025\/11\/talking-bot-125x125.png","url":"https:\/\/portaltela.pt\/s.01k8rhncp4jt1\/2025\/11\/talking-bot-125x125.png","contentUrl":"https:\/\/portaltela.pt\/s.01k8rhncp4jt1\/2025\/11\/talking-bot-125x125.png","caption":"Telinha"},"sameAs":["https:\/\/portaltela.pt\/"],"url":"https:\/\/portaltela.pt\/por\/367410592786\/"}]}},"_links":{"self":[{"href":"https:\/\/portaltela.pt\/api\/wp\/v2\/posts\/208002","targetHints":{"allow":["GET"]}}],"collection":[{"href":"https:\/\/portaltela.pt\/api\/wp\/v2\/posts"}],"about":[{"href":"https:\/\/portaltela.pt\/api\/wp\/v2\/types\/post"}],"author":[{"embeddable":true,"href":"https:\/\/portaltela.pt\/api\/wp\/v2\/users\/2"}],"replies":[{"embeddable":true,"href":"https:\/\/portaltela.pt\/api\/wp\/v2\/comments?post=208002"}],"version-history":[{"count":0,"href":"https:\/\/portaltela.pt\/api\/wp\/v2\/posts\/208002\/revisions"}],"wp:featuredmedia":[{"embeddable":true,"href":"https:\/\/portaltela.pt\/api\/wp\/v2\/media\/208007"}],"wp:attachment":[{"href":"https:\/\/portaltela.pt\/api\/wp\/v2\/media?parent=208002"}],"wp:term":[{"taxonomy":"category","embeddable":true,"href":"https:\/\/portaltela.pt\/api\/wp\/v2\/categories?post=208002"},{"taxonomy":"post_tag","embeddable":true,"href":"https:\/\/portaltela.pt\/api\/wp\/v2\/tags?post=208002"}],"curies":[{"name":"wp","href":"https:\/\/api.w.org\/{rel}","templated":true}]}}