{"id":207975,"date":"2026-02-11T08:33:00","date_gmt":"2026-02-11T11:33:00","guid":{"rendered":"https:\/\/portaltela.pt\/noticias\/2026\/02\/11\/estrela-nasce-nas-redes-com-la-vie-de-maria-manuela\/"},"modified":"2026-02-11T08:33:00","modified_gmt":"2026-02-11T11:33:00","slug":"estrela-nasce-nas-redes-com-la-vie-de-maria-manuela","status":"publish","type":"post","link":"https:\/\/portaltela.pt\/noticias\/2026\/02\/11\/estrela-nasce-nas-redes-com-la-vie-de-maria-manuela\/","title":{"rendered":"Estrela nasce nas redes com La Vie de Maria Manuela"},"content":{"rendered":"<p>A cr\u00edtica de cinema analisa o filme La Vie de Maria Manuela, questionando a forma como retrata a protagonista e o pr\u00f3prio conceito de estrelato. Segundo o texto, o t\u00edtulo promete explorar a ascens\u00e3o de uma jovem do interior, mas a obra falha em oferecer uma perspetiva s\u00f3lida sobre a personagem.<\/p>\n<p>De acordo com a avalia\u00e7\u00e3o, a narrativa funciona mais como uma colec\u00e7\u00e3o de imagens destinadas \u00e0s redes sociais do que como um filme com arco dram\u00e1tico definido. A cr\u00edtica sustenta que o conjunto parece um conjunto de reels, sem uma abordagem clara sobre o lugar de Maria Manuela na sociedade ou na fam\u00edlia.<\/p>\n<p>O artigo aponta ainda que Maria Manuela, tamb\u00e9m conhecida como Marie nas redes, j\u00e1 tem presen\u00e7a p\u00fablica fora do cinema, incluindo participa\u00e7\u00e3o em reality show. O texto pergunta se o filme n\u00e3o seria mais eficiente como document\u00e1rio ou fic\u00e7\u00e3o com uma constru\u00e7\u00e3o mais cuidada da personagem.<\/p>\n<p>A an\u00e1lise aponta falhas de realiza\u00e7\u00e3o, com foco excessivo na est\u00e9tica promocional e pouca curiosidade pela interioridade da protagonista. Em detrimento de uma vis\u00e3o mais profunda, o filme parece apresentar um motor de fic\u00e7\u00e3o que n\u00e3o se sustenta na pr\u00e1tica narrativa.<\/p>\n<h3>Mundo de imagem versus realidade<\/h3>\n<p>O autor do texto afirma que o filme n\u00e3o oferece uma compreens\u00e3o significativa do contexto social de Maria Manuela. Em vez de explorar rela\u00e7\u00f5es familiares e o ambiente em que a jovem cresce, a obra recorre a cenas ic\u00f3nicas sem aprofundar o enquadramento di\u00e1rio da personagem.<\/p>\n<p>A cr\u00edtica sugere que o potencial de uma abordagem documental ou fic\u00e7\u00e3o mais elaborada permanece por explorar. Ao inv\u00e9s disso, o filme parece alinhar-se com uma estrat\u00e9gia de divulga\u00e7\u00e3o, deixando de lado uma leitura mais cr\u00edtica da celebridade nas redes.<\/p>\n","protected":false},"excerpt":{"rendered":"<ul>\n<li>O texto critica o filme La Vie de Maria Manuela, dizendo que a gra\u00e7a reside na ideia de \u201cinventar\u201d uma estrela.<\/li>\n<li>Afirma que Maria Manuela \u00e9 uma influencer popular no TikTok e j\u00e1 participou no Big Brother Famosos, o que desvirtuaria a premissa ficcional.<\/li>\n<li>A cr\u00edtica sustenta que o filme parece uma colec\u00e7\u00e3o de reels para redes sociais e n\u00e3o oferece perspetiva sobre o lugar de Maria Manuela na sociedade e na fam\u00edlia.<\/li>\n<li>Quando aborda Maria Manuela, o filme \u00e9 breve e pouco fundamentado, parecendo promover o conte\u00fado mais do que explorar a personagem.<\/li>\n<li>Conclui que o filme poderia ter sido um document\u00e1rio ou uma fic\u00e7\u00e3o de maior qualidade, mas n\u00e3o atinge esse n\u00edvel.<\/li>\n<\/ul>\n","protected":false},"author":2,"featured_media":207979,"comment_status":"closed","ping_status":"closed","sticky":false,"template":"","format":"standard","meta":{"footnotes":""},"categories":[12,1],"tags":[76,112,196,3797,197,88],"class_list":["post-207975","post","type-post","status-publish","format-standard","has-post-thumbnail","hentry","category-entretenimento","category-noticias","tag-celebridades","tag-cinema","tag-documentarios","tag-ficcao","tag-reality-show","tag-redes-sociais"],"yoast_head":"<!-- This site is optimized with the Yoast SEO plugin v27.2 - https:\/\/yoast.com\/product\/yoast-seo-wordpress\/ -->\n<title>Estrela nasce nas redes com La Vie de Maria Manuela - Portal Tela Portugal<\/title>\n<meta name=\"robots\" content=\"index, follow, max-snippet:-1, max-image-preview:large, max-video-preview:-1\" \/>\n<meta property=\"og:locale\" content=\"pt_PT\" \/>\n<meta property=\"og:type\" content=\"article\" \/>\n<meta property=\"og:title\" content=\"Estrela nasce nas redes com La Vie de Maria Manuela - Portal Tela Portugal\" \/>\n<meta property=\"og:description\" content=\"O texto critica o filme La Vie de Maria Manuela, dizendo que a gra\u00e7a reside na ideia de \u201cinventar\u201d uma estrela. Afirma que Maria Manuela \u00e9 uma influencer popular no TikTok e j\u00e1 participou no Big Brother Famosos, o que desvirtuaria a premissa ficcional. A cr\u00edtica sustenta que o filme parece uma colec\u00e7\u00e3o de reels para redes sociais e n\u00e3o oferece perspetiva sobre o lugar de Maria Manuela na sociedade e na fam\u00edlia. Quando aborda Maria Manuela, o filme \u00e9 breve e pouco fundamentado, parecendo promover o conte\u00fado mais do que explorar a personagem. Conclui que o filme poderia ter sido um document\u00e1rio ou uma fic\u00e7\u00e3o de maior qualidade, mas n\u00e3o atinge esse n\u00edvel.\" \/>\n<meta property=\"og:url\" content=\"https:\/\/portaltela.pt\/noticias\/2026\/02\/11\/estrela-nasce-nas-redes-com-la-vie-de-maria-manuela\/\" \/>\n<meta property=\"og:site_name\" content=\"Portal Tela Portugal\" \/>\n<meta property=\"article:published_time\" content=\"2026-02-11T11:33:00+00:00\" \/>\n<meta name=\"author\" content=\"Telinha\" \/>\n<meta name=\"twitter:card\" content=\"summary_large_image\" \/>\n<meta name=\"twitter:label1\" content=\"Escrito por\" \/>\n\t<meta name=\"twitter:data1\" content=\"Telinha\" \/>\n\t<meta name=\"twitter:label2\" content=\"Tempo estimado de leitura\" \/>\n\t<meta name=\"twitter:data2\" content=\"2 minutos\" \/>\n<script type=\"application\/ld+json\" class=\"yoast-schema-graph\">{\"@context\":\"https:\/\/schema.org\",\"@graph\":[{\"@type\":\"Article\",\"@id\":\"https:\/\/portaltela.pt\/noticias\/2026\/02\/11\/estrela-nasce-nas-redes-com-la-vie-de-maria-manuela\/#article\",\"isPartOf\":{\"@id\":\"https:\/\/portaltela.pt\/noticias\/2026\/02\/11\/estrela-nasce-nas-redes-com-la-vie-de-maria-manuela\/\"},\"author\":{\"name\":\"Telinha\",\"@id\":\"https:\/\/portaltela.pt\/#\/schema\/person\/c4278d4a6028830caff9ee44b42d32ed\"},\"headline\":\"Estrela nasce nas redes com La Vie de Maria Manuela\",\"datePublished\":\"2026-02-11T11:33:00+00:00\",\"mainEntityOfPage\":{\"@id\":\"https:\/\/portaltela.pt\/noticias\/2026\/02\/11\/estrela-nasce-nas-redes-com-la-vie-de-maria-manuela\/\"},\"wordCount\":328,\"image\":{\"@id\":\"https:\/\/portaltela.pt\/noticias\/2026\/02\/11\/estrela-nasce-nas-redes-com-la-vie-de-maria-manuela\/#primaryimage\"},\"thumbnailUrl\":\"https:\/\/portaltela.pt\/s.01k8rhncp4jt1\/2026\/02\/2066213.jpg\",\"keywords\":[\"celebridades\",\"cinema\",\"document\u00e1rios\",\"fic\u00e7\u00e3o\",\"Reality Show\",\"redes sociais\"],\"articleSection\":[\"Entretenimento\",\"Not\u00edcias\"],\"inLanguage\":\"pt-PT\"},{\"@type\":\"WebPage\",\"@id\":\"https:\/\/portaltela.pt\/noticias\/2026\/02\/11\/estrela-nasce-nas-redes-com-la-vie-de-maria-manuela\/\",\"url\":\"https:\/\/portaltela.pt\/noticias\/2026\/02\/11\/estrela-nasce-nas-redes-com-la-vie-de-maria-manuela\/\",\"name\":\"Estrela nasce nas redes com La Vie de Maria Manuela - Portal Tela Portugal\",\"isPartOf\":{\"@id\":\"https:\/\/portaltela.pt\/#website\"},\"primaryImageOfPage\":{\"@id\":\"https:\/\/portaltela.pt\/noticias\/2026\/02\/11\/estrela-nasce-nas-redes-com-la-vie-de-maria-manuela\/#primaryimage\"},\"image\":{\"@id\":\"https:\/\/portaltela.pt\/noticias\/2026\/02\/11\/estrela-nasce-nas-redes-com-la-vie-de-maria-manuela\/#primaryimage\"},\"thumbnailUrl\":\"https:\/\/portaltela.pt\/s.01k8rhncp4jt1\/2026\/02\/2066213.jpg\",\"datePublished\":\"2026-02-11T11:33:00+00:00\",\"author\":{\"@id\":\"https:\/\/portaltela.pt\/#\/schema\/person\/c4278d4a6028830caff9ee44b42d32ed\"},\"breadcrumb\":{\"@id\":\"https:\/\/portaltela.pt\/noticias\/2026\/02\/11\/estrela-nasce-nas-redes-com-la-vie-de-maria-manuela\/#breadcrumb\"},\"inLanguage\":\"pt-PT\",\"potentialAction\":[{\"@type\":\"ReadAction\",\"target\":[\"https:\/\/portaltela.pt\/noticias\/2026\/02\/11\/estrela-nasce-nas-redes-com-la-vie-de-maria-manuela\/\"]}]},{\"@type\":\"ImageObject\",\"inLanguage\":\"pt-PT\",\"@id\":\"https:\/\/portaltela.pt\/noticias\/2026\/02\/11\/estrela-nasce-nas-redes-com-la-vie-de-maria-manuela\/#primaryimage\",\"url\":\"https:\/\/portaltela.pt\/s.01k8rhncp4jt1\/2026\/02\/2066213.jpg\",\"contentUrl\":\"https:\/\/portaltela.pt\/s.01k8rhncp4jt1\/2026\/02\/2066213.jpg\",\"width\":796,\"height\":448,\"caption\":\"Esqu\u00e1lido e superficial, eis *La Vie de Maria Manuela*\"},{\"@type\":\"BreadcrumbList\",\"@id\":\"https:\/\/portaltela.pt\/noticias\/2026\/02\/11\/estrela-nasce-nas-redes-com-la-vie-de-maria-manuela\/#breadcrumb\",\"itemListElement\":[{\"@type\":\"ListItem\",\"position\":1,\"name\":\"In\u00edcio\",\"item\":\"https:\/\/portaltela.pt\/\"},{\"@type\":\"ListItem\",\"position\":2,\"name\":\"Estrela nasce nas redes com La Vie de Maria Manuela\"}]},{\"@type\":\"WebSite\",\"@id\":\"https:\/\/portaltela.pt\/#website\",\"url\":\"https:\/\/portaltela.pt\/\",\"name\":\"Portal Tela Portugal\",\"description\":\"\",\"potentialAction\":[{\"@type\":\"SearchAction\",\"target\":{\"@type\":\"EntryPoint\",\"urlTemplate\":\"https:\/\/portaltela.pt\/?s={search_term_string}\"},\"query-input\":{\"@type\":\"PropertyValueSpecification\",\"valueRequired\":true,\"valueName\":\"search_term_string\"}}],\"inLanguage\":\"pt-PT\"},{\"@type\":\"Person\",\"@id\":\"https:\/\/portaltela.pt\/#\/schema\/person\/c4278d4a6028830caff9ee44b42d32ed\",\"name\":\"Telinha\",\"image\":{\"@type\":\"ImageObject\",\"inLanguage\":\"pt-PT\",\"@id\":\"https:\/\/portaltela.pt\/s.01k8rhncp4jt1\/2025\/11\/talking-bot-125x125.png\",\"url\":\"https:\/\/portaltela.pt\/s.01k8rhncp4jt1\/2025\/11\/talking-bot-125x125.png\",\"contentUrl\":\"https:\/\/portaltela.pt\/s.01k8rhncp4jt1\/2025\/11\/talking-bot-125x125.png\",\"caption\":\"Telinha\"},\"sameAs\":[\"https:\/\/portaltela.pt\/\"],\"url\":\"https:\/\/portaltela.pt\/por\/367410592786\/\"}]}<\/script>\n<!-- \/ Yoast SEO plugin. -->","yoast_head_json":{"title":"Estrela nasce nas redes com La Vie de Maria Manuela - Portal Tela Portugal","robots":{"index":"index","follow":"follow","max-snippet":"max-snippet:-1","max-image-preview":"max-image-preview:large","max-video-preview":"max-video-preview:-1"},"og_locale":"pt_PT","og_type":"article","og_title":"Estrela nasce nas redes com La Vie de Maria Manuela - Portal Tela Portugal","og_description":"O texto critica o filme La Vie de Maria Manuela, dizendo que a gra\u00e7a reside na ideia de \u201cinventar\u201d uma estrela. Afirma que Maria Manuela \u00e9 uma influencer popular no TikTok e j\u00e1 participou no Big Brother Famosos, o que desvirtuaria a premissa ficcional. A cr\u00edtica sustenta que o filme parece uma colec\u00e7\u00e3o de reels para redes sociais e n\u00e3o oferece perspetiva sobre o lugar de Maria Manuela na sociedade e na fam\u00edlia. Quando aborda Maria Manuela, o filme \u00e9 breve e pouco fundamentado, parecendo promover o conte\u00fado mais do que explorar a personagem. Conclui que o filme poderia ter sido um document\u00e1rio ou uma fic\u00e7\u00e3o de maior qualidade, mas n\u00e3o atinge esse n\u00edvel.","og_url":"https:\/\/portaltela.pt\/noticias\/2026\/02\/11\/estrela-nasce-nas-redes-com-la-vie-de-maria-manuela\/","og_site_name":"Portal Tela Portugal","article_published_time":"2026-02-11T11:33:00+00:00","author":"Telinha","twitter_card":"summary_large_image","twitter_misc":{"Escrito por":"Telinha","Tempo estimado de leitura":"2 minutos"},"schema":{"@context":"https:\/\/schema.org","@graph":[{"@type":"Article","@id":"https:\/\/portaltela.pt\/noticias\/2026\/02\/11\/estrela-nasce-nas-redes-com-la-vie-de-maria-manuela\/#article","isPartOf":{"@id":"https:\/\/portaltela.pt\/noticias\/2026\/02\/11\/estrela-nasce-nas-redes-com-la-vie-de-maria-manuela\/"},"author":{"name":"Telinha","@id":"https:\/\/portaltela.pt\/#\/schema\/person\/c4278d4a6028830caff9ee44b42d32ed"},"headline":"Estrela nasce nas redes com La Vie de Maria Manuela","datePublished":"2026-02-11T11:33:00+00:00","mainEntityOfPage":{"@id":"https:\/\/portaltela.pt\/noticias\/2026\/02\/11\/estrela-nasce-nas-redes-com-la-vie-de-maria-manuela\/"},"wordCount":328,"image":{"@id":"https:\/\/portaltela.pt\/noticias\/2026\/02\/11\/estrela-nasce-nas-redes-com-la-vie-de-maria-manuela\/#primaryimage"},"thumbnailUrl":"https:\/\/portaltela.pt\/s.01k8rhncp4jt1\/2026\/02\/2066213.jpg","keywords":["celebridades","cinema","document\u00e1rios","fic\u00e7\u00e3o","Reality Show","redes sociais"],"articleSection":["Entretenimento","Not\u00edcias"],"inLanguage":"pt-PT"},{"@type":"WebPage","@id":"https:\/\/portaltela.pt\/noticias\/2026\/02\/11\/estrela-nasce-nas-redes-com-la-vie-de-maria-manuela\/","url":"https:\/\/portaltela.pt\/noticias\/2026\/02\/11\/estrela-nasce-nas-redes-com-la-vie-de-maria-manuela\/","name":"Estrela nasce nas redes com La Vie de Maria Manuela - Portal Tela Portugal","isPartOf":{"@id":"https:\/\/portaltela.pt\/#website"},"primaryImageOfPage":{"@id":"https:\/\/portaltela.pt\/noticias\/2026\/02\/11\/estrela-nasce-nas-redes-com-la-vie-de-maria-manuela\/#primaryimage"},"image":{"@id":"https:\/\/portaltela.pt\/noticias\/2026\/02\/11\/estrela-nasce-nas-redes-com-la-vie-de-maria-manuela\/#primaryimage"},"thumbnailUrl":"https:\/\/portaltela.pt\/s.01k8rhncp4jt1\/2026\/02\/2066213.jpg","datePublished":"2026-02-11T11:33:00+00:00","author":{"@id":"https:\/\/portaltela.pt\/#\/schema\/person\/c4278d4a6028830caff9ee44b42d32ed"},"breadcrumb":{"@id":"https:\/\/portaltela.pt\/noticias\/2026\/02\/11\/estrela-nasce-nas-redes-com-la-vie-de-maria-manuela\/#breadcrumb"},"inLanguage":"pt-PT","potentialAction":[{"@type":"ReadAction","target":["https:\/\/portaltela.pt\/noticias\/2026\/02\/11\/estrela-nasce-nas-redes-com-la-vie-de-maria-manuela\/"]}]},{"@type":"ImageObject","inLanguage":"pt-PT","@id":"https:\/\/portaltela.pt\/noticias\/2026\/02\/11\/estrela-nasce-nas-redes-com-la-vie-de-maria-manuela\/#primaryimage","url":"https:\/\/portaltela.pt\/s.01k8rhncp4jt1\/2026\/02\/2066213.jpg","contentUrl":"https:\/\/portaltela.pt\/s.01k8rhncp4jt1\/2026\/02\/2066213.jpg","width":796,"height":448,"caption":"Esqu\u00e1lido e superficial, eis *La Vie de Maria Manuela*"},{"@type":"BreadcrumbList","@id":"https:\/\/portaltela.pt\/noticias\/2026\/02\/11\/estrela-nasce-nas-redes-com-la-vie-de-maria-manuela\/#breadcrumb","itemListElement":[{"@type":"ListItem","position":1,"name":"In\u00edcio","item":"https:\/\/portaltela.pt\/"},{"@type":"ListItem","position":2,"name":"Estrela nasce nas redes com La Vie de Maria Manuela"}]},{"@type":"WebSite","@id":"https:\/\/portaltela.pt\/#website","url":"https:\/\/portaltela.pt\/","name":"Portal Tela Portugal","description":"","potentialAction":[{"@type":"SearchAction","target":{"@type":"EntryPoint","urlTemplate":"https:\/\/portaltela.pt\/?s={search_term_string}"},"query-input":{"@type":"PropertyValueSpecification","valueRequired":true,"valueName":"search_term_string"}}],"inLanguage":"pt-PT"},{"@type":"Person","@id":"https:\/\/portaltela.pt\/#\/schema\/person\/c4278d4a6028830caff9ee44b42d32ed","name":"Telinha","image":{"@type":"ImageObject","inLanguage":"pt-PT","@id":"https:\/\/portaltela.pt\/s.01k8rhncp4jt1\/2025\/11\/talking-bot-125x125.png","url":"https:\/\/portaltela.pt\/s.01k8rhncp4jt1\/2025\/11\/talking-bot-125x125.png","contentUrl":"https:\/\/portaltela.pt\/s.01k8rhncp4jt1\/2025\/11\/talking-bot-125x125.png","caption":"Telinha"},"sameAs":["https:\/\/portaltela.pt\/"],"url":"https:\/\/portaltela.pt\/por\/367410592786\/"}]}},"_links":{"self":[{"href":"https:\/\/portaltela.pt\/api\/wp\/v2\/posts\/207975","targetHints":{"allow":["GET"]}}],"collection":[{"href":"https:\/\/portaltela.pt\/api\/wp\/v2\/posts"}],"about":[{"href":"https:\/\/portaltela.pt\/api\/wp\/v2\/types\/post"}],"author":[{"embeddable":true,"href":"https:\/\/portaltela.pt\/api\/wp\/v2\/users\/2"}],"replies":[{"embeddable":true,"href":"https:\/\/portaltela.pt\/api\/wp\/v2\/comments?post=207975"}],"version-history":[{"count":0,"href":"https:\/\/portaltela.pt\/api\/wp\/v2\/posts\/207975\/revisions"}],"wp:featuredmedia":[{"embeddable":true,"href":"https:\/\/portaltela.pt\/api\/wp\/v2\/media\/207979"}],"wp:attachment":[{"href":"https:\/\/portaltela.pt\/api\/wp\/v2\/media?parent=207975"}],"wp:term":[{"taxonomy":"category","embeddable":true,"href":"https:\/\/portaltela.pt\/api\/wp\/v2\/categories?post=207975"},{"taxonomy":"post_tag","embeddable":true,"href":"https:\/\/portaltela.pt\/api\/wp\/v2\/tags?post=207975"}],"curies":[{"name":"wp","href":"https:\/\/api.w.org\/{rel}","templated":true}]}}