{"id":207934,"date":"2026-02-11T08:11:00","date_gmt":"2026-02-11T11:11:00","guid":{"rendered":"https:\/\/portaltela.pt\/noticias\/2026\/02\/11\/autorizacoes-de-residencia-cairam-60-no-ano-passado-face-a-2023\/"},"modified":"2026-02-11T08:11:00","modified_gmt":"2026-02-11T11:11:00","slug":"autorizacoes-de-residencia-cairam-60-no-ano-passado-face-a-2023","status":"publish","type":"post","link":"https:\/\/portaltela.pt\/noticias\/politica\/2026\/02\/11\/autorizacoes-de-residencia-cairam-60-no-ano-passado-face-a-2023\/","title":{"rendered":"Autoriza\u00e7\u00f5es de resid\u00eancia ca\u00edram 60% no ano passado face a 2023"},"content":{"rendered":"<p>O ministro da Presid\u00eancia, Ant\u00f3nio Leit\u00e3o Amaro, indicou no Parlamento uma queda de 60% nas autoriza\u00e7\u00f5es de resid\u00eancia em 2024 face a 2023, quando foram emitidos 328 mil t\u00edtulos. Em 2024, a AIMA concedeu 131.200 novas autoriza\u00e7\u00f5es, revelando uma mudan\u00e7a de estrat\u00e9gia governamental.<\/p>\n<p>A explica\u00e7\u00e3o do Governo aponta para uma reorienta\u00e7\u00e3o da rede consular, que passou de 22 mil vistos de trabalho em 2022 para 70 mil em 2025, integrados no total de 131.200 autoriza\u00e7\u00f5es de resid\u00eancia nesse ano. O objetivo \u00e9 assegurar que os imigrantes entrem com contratos de trabalho v\u00e1lidos.<\/p>\n<p>Em resposta a perguntas, o ministro salientou que a queda n\u00e3o significa encerramento de processos, mas uma maior exig\u00eancia de condi\u00e7\u00f5es de entrada. O n\u00famero de entradas por via consular representa uma parcela significativa das autoriza\u00e7\u00f5es de resid\u00eancia de 2025.<\/p>\n<p>As autoridades destacaram ainda a operacionalidade da chamada via verde, destinada a grandes empresas, que emitiu 3.200 vistos pedidos por 110 empresas. O programa exige obriga\u00e7\u00f5es de integra\u00e7\u00e3o, alojamento, forma\u00e7\u00e3o e seguros por parte das empresas.<\/p>\n<p>Entre as medidas governamentais, Leit\u00e3o Amaro criticou pol\u00edticas anteriores e explicou altera\u00e7\u00f5es \u00e0 lei de estrangeiros, sujeitas a aprecia\u00e7\u00e3o do Tribunal Constitucional. O Governo pretende uma lei que promova a integra\u00e7\u00e3o, mantendo os direitos e os deveres dos imigrantes.<\/p>\n<p>O titular da pasta ressalvou os resultados da atua\u00e7\u00e3o da AIMA: notifica\u00e7\u00f5es a mais de 938 mil pessoas, atendimentos superiores a 760 mil, rejei\u00e7\u00f5es de 240 mil processos e emiss\u00e3o de cerca de 320 mil cart\u00f5es. A capacidade de atendimento cresceu, com atua\u00e7\u00e3o em 57 localiza\u00e7\u00f5es e envolvimento de 1.600 pessoas.<\/p>\n<p>Para o futuro, o ministro avan\u00e7ou o retorno volunt\u00e1rio e coercivo com n\u00fameros crescentes, j\u00e1 acima de 1.030 casos em 2025, e anunciou a conclus\u00e3o de projetos de CIT e um regime de retorno mais eficaz. Tamb\u00e9m revelou planos para um plano nacional de integra\u00e7\u00e3o, com direitos e deveres, a apresentar ainda neste semestre.<\/p>\n","protected":false},"excerpt":{"rendered":"<ul>\n<li>As autoriza\u00e7\u00f5es de resid\u00eancia ca\u00edram 60% em 2024 face a 2023, passando de 328 mil concess\u00f5es em 2023 para 131.200 em 2024, segundo o ministro da Presid\u00eancia, Ant\u00f3nio Leit\u00e3o Amaro.<\/li>\n<li>A rede consular emitiu 70 mil vistos de trabalho em 2025, incluindo 28 mil vistos de procura de trabalho, com a quota a abranger apenas profissionais altamente qualificados ap\u00f3s altera\u00e7\u00f5es \u00e0 lei de estrangeiros.<\/li>\n<li>A via verde, para grandes empresas, registou 3.200 vistos pedidos por 110 empresas; \u00e9 apresentada como uma alternativa que funciona, com obrigatoriedade de alojamento, integra\u00e7\u00e3o, forma\u00e7\u00e3o e seguros.<\/li>\n<li>A Ag\u00eancia para a Integra\u00e7\u00e3o, Migra\u00e7\u00f5es e Asilo (AIMA) notificou mais de 938 mil pessoas, realizou mais de 760 mil atendimentos, rejeitou 240 mil processos e emitiu cerca de 320 mil cart\u00f5es, ampliando a capacidade para 57 locais e 1.600 profissionais.<\/li>\n<li>O Governo pretende avan\u00e7ar com um regime de retorno mais eficaz, desenvolver um plano nacional de integra\u00e7\u00e3o com direitos e deveres, criar os CIT e apresentar o plano ainda neste semestre.<\/li>\n<\/ul>\n","protected":false},"author":2,"featured_media":207942,"comment_status":"closed","ping_status":"closed","sticky":false,"template":"","format":"standard","meta":{"footnotes":""},"categories":[1,5],"tags":[34,712,1921,5773,2178,229],"class_list":["post-207934","post","type-post","status-publish","format-standard","has-post-thumbnail","hentry","category-noticias","category-politica","tag-governo","tag-imigracao","tag-imigrantes","tag-integracao-social","tag-lei-de-estrangeiros","tag-politica-publica"],"yoast_head":"<!-- This site is optimized with the Yoast SEO plugin v27.2 - https:\/\/yoast.com\/product\/yoast-seo-wordpress\/ -->\n<title>Autoriza\u00e7\u00f5es de resid\u00eancia ca\u00edram 60% no ano passado face a 2023 - Portal Tela Portugal<\/title>\n<meta name=\"robots\" content=\"index, follow, max-snippet:-1, max-image-preview:large, max-video-preview:-1\" \/>\n<meta property=\"og:locale\" content=\"pt_PT\" \/>\n<meta property=\"og:type\" content=\"article\" \/>\n<meta property=\"og:title\" content=\"Autoriza\u00e7\u00f5es de resid\u00eancia ca\u00edram 60% no ano passado face a 2023 - Portal Tela Portugal\" \/>\n<meta property=\"og:description\" content=\"As autoriza\u00e7\u00f5es de resid\u00eancia ca\u00edram 60% em 2024 face a 2023, passando de 328 mil concess\u00f5es em 2023 para 131.200 em 2024, segundo o ministro da Presid\u00eancia, Ant\u00f3nio Leit\u00e3o Amaro. A rede consular emitiu 70 mil vistos de trabalho em 2025, incluindo 28 mil vistos de procura de trabalho, com a quota a abranger apenas profissionais altamente qualificados ap\u00f3s altera\u00e7\u00f5es \u00e0 lei de estrangeiros. A via verde, para grandes empresas, registou 3.200 vistos pedidos por 110 empresas; \u00e9 apresentada como uma alternativa que funciona, com obrigatoriedade de alojamento, integra\u00e7\u00e3o, forma\u00e7\u00e3o e seguros. A Ag\u00eancia para a Integra\u00e7\u00e3o, Migra\u00e7\u00f5es e Asilo (AIMA) notificou mais de 938 mil pessoas, realizou mais de 760 mil atendimentos, rejeitou 240 mil processos e emitiu cerca de 320 mil cart\u00f5es, ampliando a capacidade para 57 locais e 1.600 profissionais. O Governo pretende avan\u00e7ar com um regime de retorno mais eficaz, desenvolver um plano nacional de integra\u00e7\u00e3o com direitos e deveres, criar os CIT e apresentar o plano ainda neste semestre.\" \/>\n<meta property=\"og:url\" content=\"https:\/\/portaltela.pt\/noticias\/2026\/02\/11\/autorizacoes-de-residencia-cairam-60-no-ano-passado-face-a-2023\/\" \/>\n<meta property=\"og:site_name\" content=\"Portal Tela Portugal\" \/>\n<meta property=\"article:published_time\" content=\"2026-02-11T11:11:00+00:00\" \/>\n<meta name=\"author\" content=\"Telinha\" \/>\n<meta name=\"twitter:card\" content=\"summary_large_image\" \/>\n<meta name=\"twitter:label1\" content=\"Escrito por\" \/>\n\t<meta name=\"twitter:data1\" content=\"Telinha\" \/>\n\t<meta name=\"twitter:label2\" content=\"Tempo estimado de leitura\" \/>\n\t<meta name=\"twitter:data2\" content=\"2 minutos\" \/>\n<script type=\"application\/ld+json\" class=\"yoast-schema-graph\">{\"@context\":\"https:\/\/schema.org\",\"@graph\":[{\"@type\":\"Article\",\"@id\":\"https:\/\/portaltela.pt\/noticias\/2026\/02\/11\/autorizacoes-de-residencia-cairam-60-no-ano-passado-face-a-2023\/#article\",\"isPartOf\":{\"@id\":\"https:\/\/portaltela.pt\/noticias\/2026\/02\/11\/autorizacoes-de-residencia-cairam-60-no-ano-passado-face-a-2023\/\"},\"author\":{\"name\":\"Telinha\",\"@id\":\"https:\/\/portaltela.pt\/#\/schema\/person\/c4278d4a6028830caff9ee44b42d32ed\"},\"headline\":\"Autoriza\u00e7\u00f5es de resid\u00eancia ca\u00edram 60% no ano passado face a 2023\",\"datePublished\":\"2026-02-11T11:11:00+00:00\",\"mainEntityOfPage\":{\"@id\":\"https:\/\/portaltela.pt\/noticias\/2026\/02\/11\/autorizacoes-de-residencia-cairam-60-no-ano-passado-face-a-2023\/\"},\"wordCount\":341,\"image\":{\"@id\":\"https:\/\/portaltela.pt\/noticias\/2026\/02\/11\/autorizacoes-de-residencia-cairam-60-no-ano-passado-face-a-2023\/#primaryimage\"},\"thumbnailUrl\":\"https:\/\/portaltela.pt\/s.01k8rhncp4jt1\/2026\/02\/2066256.jpg\",\"keywords\":[\"governo\",\"imigra\u00e7\u00e3o\",\"imigrantes\",\"integra\u00e7\u00e3o social\",\"Lei de Estrangeiros\",\"pol\u00edtica p\u00fablica\"],\"articleSection\":[\"Not\u00edcias\",\"Pol\u00edtica\"],\"inLanguage\":\"pt-PT\"},{\"@type\":\"WebPage\",\"@id\":\"https:\/\/portaltela.pt\/noticias\/2026\/02\/11\/autorizacoes-de-residencia-cairam-60-no-ano-passado-face-a-2023\/\",\"url\":\"https:\/\/portaltela.pt\/noticias\/2026\/02\/11\/autorizacoes-de-residencia-cairam-60-no-ano-passado-face-a-2023\/\",\"name\":\"Autoriza\u00e7\u00f5es de resid\u00eancia ca\u00edram 60% no ano passado face a 2023 - Portal Tela Portugal\",\"isPartOf\":{\"@id\":\"https:\/\/portaltela.pt\/#website\"},\"primaryImageOfPage\":{\"@id\":\"https:\/\/portaltela.pt\/noticias\/2026\/02\/11\/autorizacoes-de-residencia-cairam-60-no-ano-passado-face-a-2023\/#primaryimage\"},\"image\":{\"@id\":\"https:\/\/portaltela.pt\/noticias\/2026\/02\/11\/autorizacoes-de-residencia-cairam-60-no-ano-passado-face-a-2023\/#primaryimage\"},\"thumbnailUrl\":\"https:\/\/portaltela.pt\/s.01k8rhncp4jt1\/2026\/02\/2066256.jpg\",\"datePublished\":\"2026-02-11T11:11:00+00:00\",\"author\":{\"@id\":\"https:\/\/portaltela.pt\/#\/schema\/person\/c4278d4a6028830caff9ee44b42d32ed\"},\"breadcrumb\":{\"@id\":\"https:\/\/portaltela.pt\/noticias\/2026\/02\/11\/autorizacoes-de-residencia-cairam-60-no-ano-passado-face-a-2023\/#breadcrumb\"},\"inLanguage\":\"pt-PT\",\"potentialAction\":[{\"@type\":\"ReadAction\",\"target\":[\"https:\/\/portaltela.pt\/noticias\/2026\/02\/11\/autorizacoes-de-residencia-cairam-60-no-ano-passado-face-a-2023\/\"]}]},{\"@type\":\"ImageObject\",\"inLanguage\":\"pt-PT\",\"@id\":\"https:\/\/portaltela.pt\/noticias\/2026\/02\/11\/autorizacoes-de-residencia-cairam-60-no-ano-passado-face-a-2023\/#primaryimage\",\"url\":\"https:\/\/portaltela.pt\/s.01k8rhncp4jt1\/2026\/02\/2066256.jpg\",\"contentUrl\":\"https:\/\/portaltela.pt\/s.01k8rhncp4jt1\/2026\/02\/2066256.jpg\",\"width\":796,\"height\":448,\"caption\":\"Ant\u00f3nio Leit\u00e3o Amaro, ministro da Presid\u00eancia, explica hoje no Parlamento os resultados da nova pol\u00edtica migrat\u00f3ria\"},{\"@type\":\"BreadcrumbList\",\"@id\":\"https:\/\/portaltela.pt\/noticias\/2026\/02\/11\/autorizacoes-de-residencia-cairam-60-no-ano-passado-face-a-2023\/#breadcrumb\",\"itemListElement\":[{\"@type\":\"ListItem\",\"position\":1,\"name\":\"In\u00edcio\",\"item\":\"https:\/\/portaltela.pt\/\"},{\"@type\":\"ListItem\",\"position\":2,\"name\":\"Autoriza\u00e7\u00f5es de resid\u00eancia ca\u00edram 60% no ano passado face a 2023\"}]},{\"@type\":\"WebSite\",\"@id\":\"https:\/\/portaltela.pt\/#website\",\"url\":\"https:\/\/portaltela.pt\/\",\"name\":\"Portal Tela Portugal\",\"description\":\"\",\"potentialAction\":[{\"@type\":\"SearchAction\",\"target\":{\"@type\":\"EntryPoint\",\"urlTemplate\":\"https:\/\/portaltela.pt\/?s={search_term_string}\"},\"query-input\":{\"@type\":\"PropertyValueSpecification\",\"valueRequired\":true,\"valueName\":\"search_term_string\"}}],\"inLanguage\":\"pt-PT\"},{\"@type\":\"Person\",\"@id\":\"https:\/\/portaltela.pt\/#\/schema\/person\/c4278d4a6028830caff9ee44b42d32ed\",\"name\":\"Telinha\",\"image\":{\"@type\":\"ImageObject\",\"inLanguage\":\"pt-PT\",\"@id\":\"https:\/\/portaltela.pt\/s.01k8rhncp4jt1\/2025\/11\/talking-bot-125x125.png\",\"url\":\"https:\/\/portaltela.pt\/s.01k8rhncp4jt1\/2025\/11\/talking-bot-125x125.png\",\"contentUrl\":\"https:\/\/portaltela.pt\/s.01k8rhncp4jt1\/2025\/11\/talking-bot-125x125.png\",\"caption\":\"Telinha\"},\"sameAs\":[\"https:\/\/portaltela.pt\/\"],\"url\":\"https:\/\/portaltela.pt\/por\/367410592786\/\"}]}<\/script>\n<!-- \/ Yoast SEO plugin. -->","yoast_head_json":{"title":"Autoriza\u00e7\u00f5es de resid\u00eancia ca\u00edram 60% no ano passado face a 2023 - Portal Tela Portugal","robots":{"index":"index","follow":"follow","max-snippet":"max-snippet:-1","max-image-preview":"max-image-preview:large","max-video-preview":"max-video-preview:-1"},"og_locale":"pt_PT","og_type":"article","og_title":"Autoriza\u00e7\u00f5es de resid\u00eancia ca\u00edram 60% no ano passado face a 2023 - Portal Tela Portugal","og_description":"As autoriza\u00e7\u00f5es de resid\u00eancia ca\u00edram 60% em 2024 face a 2023, passando de 328 mil concess\u00f5es em 2023 para 131.200 em 2024, segundo o ministro da Presid\u00eancia, Ant\u00f3nio Leit\u00e3o Amaro. A rede consular emitiu 70 mil vistos de trabalho em 2025, incluindo 28 mil vistos de procura de trabalho, com a quota a abranger apenas profissionais altamente qualificados ap\u00f3s altera\u00e7\u00f5es \u00e0 lei de estrangeiros. A via verde, para grandes empresas, registou 3.200 vistos pedidos por 110 empresas; \u00e9 apresentada como uma alternativa que funciona, com obrigatoriedade de alojamento, integra\u00e7\u00e3o, forma\u00e7\u00e3o e seguros. A Ag\u00eancia para a Integra\u00e7\u00e3o, Migra\u00e7\u00f5es e Asilo (AIMA) notificou mais de 938 mil pessoas, realizou mais de 760 mil atendimentos, rejeitou 240 mil processos e emitiu cerca de 320 mil cart\u00f5es, ampliando a capacidade para 57 locais e 1.600 profissionais. O Governo pretende avan\u00e7ar com um regime de retorno mais eficaz, desenvolver um plano nacional de integra\u00e7\u00e3o com direitos e deveres, criar os CIT e apresentar o plano ainda neste semestre.","og_url":"https:\/\/portaltela.pt\/noticias\/2026\/02\/11\/autorizacoes-de-residencia-cairam-60-no-ano-passado-face-a-2023\/","og_site_name":"Portal Tela Portugal","article_published_time":"2026-02-11T11:11:00+00:00","author":"Telinha","twitter_card":"summary_large_image","twitter_misc":{"Escrito por":"Telinha","Tempo estimado de leitura":"2 minutos"},"schema":{"@context":"https:\/\/schema.org","@graph":[{"@type":"Article","@id":"https:\/\/portaltela.pt\/noticias\/2026\/02\/11\/autorizacoes-de-residencia-cairam-60-no-ano-passado-face-a-2023\/#article","isPartOf":{"@id":"https:\/\/portaltela.pt\/noticias\/2026\/02\/11\/autorizacoes-de-residencia-cairam-60-no-ano-passado-face-a-2023\/"},"author":{"name":"Telinha","@id":"https:\/\/portaltela.pt\/#\/schema\/person\/c4278d4a6028830caff9ee44b42d32ed"},"headline":"Autoriza\u00e7\u00f5es de resid\u00eancia ca\u00edram 60% no ano passado face a 2023","datePublished":"2026-02-11T11:11:00+00:00","mainEntityOfPage":{"@id":"https:\/\/portaltela.pt\/noticias\/2026\/02\/11\/autorizacoes-de-residencia-cairam-60-no-ano-passado-face-a-2023\/"},"wordCount":341,"image":{"@id":"https:\/\/portaltela.pt\/noticias\/2026\/02\/11\/autorizacoes-de-residencia-cairam-60-no-ano-passado-face-a-2023\/#primaryimage"},"thumbnailUrl":"https:\/\/portaltela.pt\/s.01k8rhncp4jt1\/2026\/02\/2066256.jpg","keywords":["governo","imigra\u00e7\u00e3o","imigrantes","integra\u00e7\u00e3o social","Lei de Estrangeiros","pol\u00edtica p\u00fablica"],"articleSection":["Not\u00edcias","Pol\u00edtica"],"inLanguage":"pt-PT"},{"@type":"WebPage","@id":"https:\/\/portaltela.pt\/noticias\/2026\/02\/11\/autorizacoes-de-residencia-cairam-60-no-ano-passado-face-a-2023\/","url":"https:\/\/portaltela.pt\/noticias\/2026\/02\/11\/autorizacoes-de-residencia-cairam-60-no-ano-passado-face-a-2023\/","name":"Autoriza\u00e7\u00f5es de resid\u00eancia ca\u00edram 60% no ano passado face a 2023 - Portal Tela Portugal","isPartOf":{"@id":"https:\/\/portaltela.pt\/#website"},"primaryImageOfPage":{"@id":"https:\/\/portaltela.pt\/noticias\/2026\/02\/11\/autorizacoes-de-residencia-cairam-60-no-ano-passado-face-a-2023\/#primaryimage"},"image":{"@id":"https:\/\/portaltela.pt\/noticias\/2026\/02\/11\/autorizacoes-de-residencia-cairam-60-no-ano-passado-face-a-2023\/#primaryimage"},"thumbnailUrl":"https:\/\/portaltela.pt\/s.01k8rhncp4jt1\/2026\/02\/2066256.jpg","datePublished":"2026-02-11T11:11:00+00:00","author":{"@id":"https:\/\/portaltela.pt\/#\/schema\/person\/c4278d4a6028830caff9ee44b42d32ed"},"breadcrumb":{"@id":"https:\/\/portaltela.pt\/noticias\/2026\/02\/11\/autorizacoes-de-residencia-cairam-60-no-ano-passado-face-a-2023\/#breadcrumb"},"inLanguage":"pt-PT","potentialAction":[{"@type":"ReadAction","target":["https:\/\/portaltela.pt\/noticias\/2026\/02\/11\/autorizacoes-de-residencia-cairam-60-no-ano-passado-face-a-2023\/"]}]},{"@type":"ImageObject","inLanguage":"pt-PT","@id":"https:\/\/portaltela.pt\/noticias\/2026\/02\/11\/autorizacoes-de-residencia-cairam-60-no-ano-passado-face-a-2023\/#primaryimage","url":"https:\/\/portaltela.pt\/s.01k8rhncp4jt1\/2026\/02\/2066256.jpg","contentUrl":"https:\/\/portaltela.pt\/s.01k8rhncp4jt1\/2026\/02\/2066256.jpg","width":796,"height":448,"caption":"Ant\u00f3nio Leit\u00e3o Amaro, ministro da Presid\u00eancia, explica hoje no Parlamento os resultados da nova pol\u00edtica migrat\u00f3ria"},{"@type":"BreadcrumbList","@id":"https:\/\/portaltela.pt\/noticias\/2026\/02\/11\/autorizacoes-de-residencia-cairam-60-no-ano-passado-face-a-2023\/#breadcrumb","itemListElement":[{"@type":"ListItem","position":1,"name":"In\u00edcio","item":"https:\/\/portaltela.pt\/"},{"@type":"ListItem","position":2,"name":"Autoriza\u00e7\u00f5es de resid\u00eancia ca\u00edram 60% no ano passado face a 2023"}]},{"@type":"WebSite","@id":"https:\/\/portaltela.pt\/#website","url":"https:\/\/portaltela.pt\/","name":"Portal Tela Portugal","description":"","potentialAction":[{"@type":"SearchAction","target":{"@type":"EntryPoint","urlTemplate":"https:\/\/portaltela.pt\/?s={search_term_string}"},"query-input":{"@type":"PropertyValueSpecification","valueRequired":true,"valueName":"search_term_string"}}],"inLanguage":"pt-PT"},{"@type":"Person","@id":"https:\/\/portaltela.pt\/#\/schema\/person\/c4278d4a6028830caff9ee44b42d32ed","name":"Telinha","image":{"@type":"ImageObject","inLanguage":"pt-PT","@id":"https:\/\/portaltela.pt\/s.01k8rhncp4jt1\/2025\/11\/talking-bot-125x125.png","url":"https:\/\/portaltela.pt\/s.01k8rhncp4jt1\/2025\/11\/talking-bot-125x125.png","contentUrl":"https:\/\/portaltela.pt\/s.01k8rhncp4jt1\/2025\/11\/talking-bot-125x125.png","caption":"Telinha"},"sameAs":["https:\/\/portaltela.pt\/"],"url":"https:\/\/portaltela.pt\/por\/367410592786\/"}]}},"_links":{"self":[{"href":"https:\/\/portaltela.pt\/api\/wp\/v2\/posts\/207934","targetHints":{"allow":["GET"]}}],"collection":[{"href":"https:\/\/portaltela.pt\/api\/wp\/v2\/posts"}],"about":[{"href":"https:\/\/portaltela.pt\/api\/wp\/v2\/types\/post"}],"author":[{"embeddable":true,"href":"https:\/\/portaltela.pt\/api\/wp\/v2\/users\/2"}],"replies":[{"embeddable":true,"href":"https:\/\/portaltela.pt\/api\/wp\/v2\/comments?post=207934"}],"version-history":[{"count":0,"href":"https:\/\/portaltela.pt\/api\/wp\/v2\/posts\/207934\/revisions"}],"wp:featuredmedia":[{"embeddable":true,"href":"https:\/\/portaltela.pt\/api\/wp\/v2\/media\/207942"}],"wp:attachment":[{"href":"https:\/\/portaltela.pt\/api\/wp\/v2\/media?parent=207934"}],"wp:term":[{"taxonomy":"category","embeddable":true,"href":"https:\/\/portaltela.pt\/api\/wp\/v2\/categories?post=207934"},{"taxonomy":"post_tag","embeddable":true,"href":"https:\/\/portaltela.pt\/api\/wp\/v2\/tags?post=207934"}],"curies":[{"name":"wp","href":"https:\/\/api.w.org\/{rel}","templated":true}]}}