{"id":207930,"date":"2026-02-11T08:20:00","date_gmt":"2026-02-11T11:20:00","guid":{"rendered":"https:\/\/portaltela.pt\/noticias\/2026\/02\/11\/governo-concede-tolerancia-de-ponto-na-terca-feira-de-carnaval\/"},"modified":"2026-02-11T08:20:00","modified_gmt":"2026-02-11T11:20:00","slug":"governo-concede-tolerancia-de-ponto-na-terca-feira-de-carnaval","status":"publish","type":"post","link":"https:\/\/portaltela.pt\/noticias\/politica\/2026\/02\/11\/governo-concede-tolerancia-de-ponto-na-terca-feira-de-carnaval\/","title":{"rendered":"Governo concede toler\u00e2ncia de ponto na ter\u00e7a-feira de Carnaval"},"content":{"rendered":"<p>O Governo vai conceder toler\u00e2ncia de ponto aos funcion\u00e1rios p\u00fablicos na pr\u00f3xima ter\u00e7a-feira, dia de Carnaval. O an\u00fancio foi feito pelo gabinete do primeiro-ministro.<\/p>\n<p>A ter\u00e7a-feira de Carnaval n\u00e3o \u00e9 feriado oficial, mas tem sido habitual que os executivos ajustem o regime de trabalho nesse dia. A medida visa aliviar a carga de mobilidade e facilitar desloca\u00e7\u00f5es.<\/p>\n<p>Conforme a pr\u00e1tica recente, a toler\u00e2ncia de ponto aplica-se apenas aos trabalhadores abrangidos pelo setor p\u00fablico, n\u00e3o implicando automaticamente suspens\u00e3o de servi\u00e7os. O objetivo \u00e9 manter normalidade administrativa onde necess\u00e1ria.<\/p>\n","protected":false},"excerpt":{"rendered":"<ul>\n<li>O Governo vai conceder toler\u00e2ncia de ponto aos funcionarios p\u00fablicos na pr\u00f3xima ter\u00e7a-feira, dia de Carnaval.<\/li>\n<li>A ter\u00e7a-feira de Carnaval n\u00e3o \u00e9 feriado oficial, mas costuma receber toler\u00e2ncia de ponto por parte dos executivos.<\/li>\n<li>A informa\u00e7\u00e3o foi comunicada pelo gabinete do primeiro-ministro.<\/li>\n<li>A pr\u00e1tica tem ocorrido habitualmente, mesmo sem status de feriado formal.<\/li>\n<li>A medida aplica-se apenas aos trabalhadores p\u00fablicos, n\u00e3o sendo explicitado impacto para setores privados.<\/li>\n<\/ul>\n","protected":false},"author":2,"featured_media":207933,"comment_status":"closed","ping_status":"closed","sticky":false,"template":"","format":"standard","meta":{"footnotes":""},"categories":[1,5],"tags":[168,5591,34,1221,2824,2201],"class_list":["post-207930","post","type-post","status-publish","format-standard","has-post-thumbnail","hentry","category-noticias","category-politica","tag-administracao-publica","tag-funcionarios","tag-governo","tag-servicos-publicos","tag-setor-publico","tag-trabalho"],"yoast_head":"<!-- This site is optimized with the Yoast SEO plugin v27.2 - https:\/\/yoast.com\/product\/yoast-seo-wordpress\/ -->\n<title>Governo concede toler\u00e2ncia de ponto na ter\u00e7a-feira de Carnaval - Portal Tela Portugal<\/title>\n<meta name=\"robots\" content=\"index, follow, max-snippet:-1, max-image-preview:large, max-video-preview:-1\" \/>\n<meta property=\"og:locale\" content=\"pt_PT\" \/>\n<meta property=\"og:type\" content=\"article\" \/>\n<meta property=\"og:title\" content=\"Governo concede toler\u00e2ncia de ponto na ter\u00e7a-feira de Carnaval - Portal Tela Portugal\" \/>\n<meta property=\"og:description\" content=\"O Governo vai conceder toler\u00e2ncia de ponto aos funcionarios p\u00fablicos na pr\u00f3xima ter\u00e7a-feira, dia de Carnaval. A ter\u00e7a-feira de Carnaval n\u00e3o \u00e9 feriado oficial, mas costuma receber toler\u00e2ncia de ponto por parte dos executivos. A informa\u00e7\u00e3o foi comunicada pelo gabinete do primeiro-ministro. A pr\u00e1tica tem ocorrido habitualmente, mesmo sem status de feriado formal. A medida aplica-se apenas aos trabalhadores p\u00fablicos, n\u00e3o sendo explicitado impacto para setores privados.\" \/>\n<meta property=\"og:url\" content=\"https:\/\/portaltela.pt\/noticias\/2026\/02\/11\/governo-concede-tolerancia-de-ponto-na-terca-feira-de-carnaval\/\" \/>\n<meta property=\"og:site_name\" content=\"Portal Tela Portugal\" \/>\n<meta property=\"article:published_time\" content=\"2026-02-11T11:20:00+00:00\" \/>\n<meta name=\"author\" content=\"Telinha\" \/>\n<meta name=\"twitter:card\" content=\"summary_large_image\" \/>\n<meta name=\"twitter:label1\" content=\"Escrito por\" \/>\n\t<meta name=\"twitter:data1\" content=\"Telinha\" \/>\n\t<meta name=\"twitter:label2\" content=\"Tempo estimado de leitura\" \/>\n\t<meta name=\"twitter:data2\" content=\"1 minuto\" \/>\n<script type=\"application\/ld+json\" class=\"yoast-schema-graph\">{\"@context\":\"https:\/\/schema.org\",\"@graph\":[{\"@type\":\"Article\",\"@id\":\"https:\/\/portaltela.pt\/noticias\/2026\/02\/11\/governo-concede-tolerancia-de-ponto-na-terca-feira-de-carnaval\/#article\",\"isPartOf\":{\"@id\":\"https:\/\/portaltela.pt\/noticias\/2026\/02\/11\/governo-concede-tolerancia-de-ponto-na-terca-feira-de-carnaval\/\"},\"author\":{\"name\":\"Telinha\",\"@id\":\"https:\/\/portaltela.pt\/#\/schema\/person\/c4278d4a6028830caff9ee44b42d32ed\"},\"headline\":\"Governo concede toler\u00e2ncia de ponto na ter\u00e7a-feira de Carnaval\",\"datePublished\":\"2026-02-11T11:20:00+00:00\",\"mainEntityOfPage\":{\"@id\":\"https:\/\/portaltela.pt\/noticias\/2026\/02\/11\/governo-concede-tolerancia-de-ponto-na-terca-feira-de-carnaval\/\"},\"wordCount\":112,\"image\":{\"@id\":\"https:\/\/portaltela.pt\/noticias\/2026\/02\/11\/governo-concede-tolerancia-de-ponto-na-terca-feira-de-carnaval\/#primaryimage\"},\"thumbnailUrl\":\"https:\/\/portaltela.pt\/s.01k8rhncp4jt1\/2026\/02\/image-850.jpg\",\"keywords\":[\"administra\u00e7\u00e3o p\u00fablica\",\"funcion\u00e1rios\",\"governo\",\"servi\u00e7os p\u00fablicos\",\"setor p\u00fablico\",\"trabalho\"],\"articleSection\":[\"Not\u00edcias\",\"Pol\u00edtica\"],\"inLanguage\":\"pt-PT\"},{\"@type\":\"WebPage\",\"@id\":\"https:\/\/portaltela.pt\/noticias\/2026\/02\/11\/governo-concede-tolerancia-de-ponto-na-terca-feira-de-carnaval\/\",\"url\":\"https:\/\/portaltela.pt\/noticias\/2026\/02\/11\/governo-concede-tolerancia-de-ponto-na-terca-feira-de-carnaval\/\",\"name\":\"Governo concede toler\u00e2ncia de ponto na ter\u00e7a-feira de Carnaval - Portal Tela Portugal\",\"isPartOf\":{\"@id\":\"https:\/\/portaltela.pt\/#website\"},\"primaryImageOfPage\":{\"@id\":\"https:\/\/portaltela.pt\/noticias\/2026\/02\/11\/governo-concede-tolerancia-de-ponto-na-terca-feira-de-carnaval\/#primaryimage\"},\"image\":{\"@id\":\"https:\/\/portaltela.pt\/noticias\/2026\/02\/11\/governo-concede-tolerancia-de-ponto-na-terca-feira-de-carnaval\/#primaryimage\"},\"thumbnailUrl\":\"https:\/\/portaltela.pt\/s.01k8rhncp4jt1\/2026\/02\/image-850.jpg\",\"datePublished\":\"2026-02-11T11:20:00+00:00\",\"author\":{\"@id\":\"https:\/\/portaltela.pt\/#\/schema\/person\/c4278d4a6028830caff9ee44b42d32ed\"},\"breadcrumb\":{\"@id\":\"https:\/\/portaltela.pt\/noticias\/2026\/02\/11\/governo-concede-tolerancia-de-ponto-na-terca-feira-de-carnaval\/#breadcrumb\"},\"inLanguage\":\"pt-PT\",\"potentialAction\":[{\"@type\":\"ReadAction\",\"target\":[\"https:\/\/portaltela.pt\/noticias\/2026\/02\/11\/governo-concede-tolerancia-de-ponto-na-terca-feira-de-carnaval\/\"]}]},{\"@type\":\"ImageObject\",\"inLanguage\":\"pt-PT\",\"@id\":\"https:\/\/portaltela.pt\/noticias\/2026\/02\/11\/governo-concede-tolerancia-de-ponto-na-terca-feira-de-carnaval\/#primaryimage\",\"url\":\"https:\/\/portaltela.pt\/s.01k8rhncp4jt1\/2026\/02\/image-850.jpg\",\"contentUrl\":\"https:\/\/portaltela.pt\/s.01k8rhncp4jt1\/2026\/02\/image-850.jpg\",\"width\":796,\"height\":448,\"caption\":\"A ter\u00e7a-feira de Carnaval n\u00e3o \u00e9 um feriado oficial\"},{\"@type\":\"BreadcrumbList\",\"@id\":\"https:\/\/portaltela.pt\/noticias\/2026\/02\/11\/governo-concede-tolerancia-de-ponto-na-terca-feira-de-carnaval\/#breadcrumb\",\"itemListElement\":[{\"@type\":\"ListItem\",\"position\":1,\"name\":\"In\u00edcio\",\"item\":\"https:\/\/portaltela.pt\/\"},{\"@type\":\"ListItem\",\"position\":2,\"name\":\"Governo concede toler\u00e2ncia de ponto na ter\u00e7a-feira de Carnaval\"}]},{\"@type\":\"WebSite\",\"@id\":\"https:\/\/portaltela.pt\/#website\",\"url\":\"https:\/\/portaltela.pt\/\",\"name\":\"Portal Tela Portugal\",\"description\":\"\",\"potentialAction\":[{\"@type\":\"SearchAction\",\"target\":{\"@type\":\"EntryPoint\",\"urlTemplate\":\"https:\/\/portaltela.pt\/?s={search_term_string}\"},\"query-input\":{\"@type\":\"PropertyValueSpecification\",\"valueRequired\":true,\"valueName\":\"search_term_string\"}}],\"inLanguage\":\"pt-PT\"},{\"@type\":\"Person\",\"@id\":\"https:\/\/portaltela.pt\/#\/schema\/person\/c4278d4a6028830caff9ee44b42d32ed\",\"name\":\"Telinha\",\"image\":{\"@type\":\"ImageObject\",\"inLanguage\":\"pt-PT\",\"@id\":\"https:\/\/portaltela.pt\/s.01k8rhncp4jt1\/2025\/11\/talking-bot-125x125.png\",\"url\":\"https:\/\/portaltela.pt\/s.01k8rhncp4jt1\/2025\/11\/talking-bot-125x125.png\",\"contentUrl\":\"https:\/\/portaltela.pt\/s.01k8rhncp4jt1\/2025\/11\/talking-bot-125x125.png\",\"caption\":\"Telinha\"},\"sameAs\":[\"https:\/\/portaltela.pt\/\"],\"url\":\"https:\/\/portaltela.pt\/por\/367410592786\/\"}]}<\/script>\n<!-- \/ Yoast SEO plugin. -->","yoast_head_json":{"title":"Governo concede toler\u00e2ncia de ponto na ter\u00e7a-feira de Carnaval - Portal Tela Portugal","robots":{"index":"index","follow":"follow","max-snippet":"max-snippet:-1","max-image-preview":"max-image-preview:large","max-video-preview":"max-video-preview:-1"},"og_locale":"pt_PT","og_type":"article","og_title":"Governo concede toler\u00e2ncia de ponto na ter\u00e7a-feira de Carnaval - Portal Tela Portugal","og_description":"O Governo vai conceder toler\u00e2ncia de ponto aos funcionarios p\u00fablicos na pr\u00f3xima ter\u00e7a-feira, dia de Carnaval. A ter\u00e7a-feira de Carnaval n\u00e3o \u00e9 feriado oficial, mas costuma receber toler\u00e2ncia de ponto por parte dos executivos. A informa\u00e7\u00e3o foi comunicada pelo gabinete do primeiro-ministro. A pr\u00e1tica tem ocorrido habitualmente, mesmo sem status de feriado formal. A medida aplica-se apenas aos trabalhadores p\u00fablicos, n\u00e3o sendo explicitado impacto para setores privados.","og_url":"https:\/\/portaltela.pt\/noticias\/2026\/02\/11\/governo-concede-tolerancia-de-ponto-na-terca-feira-de-carnaval\/","og_site_name":"Portal Tela Portugal","article_published_time":"2026-02-11T11:20:00+00:00","author":"Telinha","twitter_card":"summary_large_image","twitter_misc":{"Escrito por":"Telinha","Tempo estimado de leitura":"1 minuto"},"schema":{"@context":"https:\/\/schema.org","@graph":[{"@type":"Article","@id":"https:\/\/portaltela.pt\/noticias\/2026\/02\/11\/governo-concede-tolerancia-de-ponto-na-terca-feira-de-carnaval\/#article","isPartOf":{"@id":"https:\/\/portaltela.pt\/noticias\/2026\/02\/11\/governo-concede-tolerancia-de-ponto-na-terca-feira-de-carnaval\/"},"author":{"name":"Telinha","@id":"https:\/\/portaltela.pt\/#\/schema\/person\/c4278d4a6028830caff9ee44b42d32ed"},"headline":"Governo concede toler\u00e2ncia de ponto na ter\u00e7a-feira de Carnaval","datePublished":"2026-02-11T11:20:00+00:00","mainEntityOfPage":{"@id":"https:\/\/portaltela.pt\/noticias\/2026\/02\/11\/governo-concede-tolerancia-de-ponto-na-terca-feira-de-carnaval\/"},"wordCount":112,"image":{"@id":"https:\/\/portaltela.pt\/noticias\/2026\/02\/11\/governo-concede-tolerancia-de-ponto-na-terca-feira-de-carnaval\/#primaryimage"},"thumbnailUrl":"https:\/\/portaltela.pt\/s.01k8rhncp4jt1\/2026\/02\/image-850.jpg","keywords":["administra\u00e7\u00e3o p\u00fablica","funcion\u00e1rios","governo","servi\u00e7os p\u00fablicos","setor p\u00fablico","trabalho"],"articleSection":["Not\u00edcias","Pol\u00edtica"],"inLanguage":"pt-PT"},{"@type":"WebPage","@id":"https:\/\/portaltela.pt\/noticias\/2026\/02\/11\/governo-concede-tolerancia-de-ponto-na-terca-feira-de-carnaval\/","url":"https:\/\/portaltela.pt\/noticias\/2026\/02\/11\/governo-concede-tolerancia-de-ponto-na-terca-feira-de-carnaval\/","name":"Governo concede toler\u00e2ncia de ponto na ter\u00e7a-feira de Carnaval - Portal Tela Portugal","isPartOf":{"@id":"https:\/\/portaltela.pt\/#website"},"primaryImageOfPage":{"@id":"https:\/\/portaltela.pt\/noticias\/2026\/02\/11\/governo-concede-tolerancia-de-ponto-na-terca-feira-de-carnaval\/#primaryimage"},"image":{"@id":"https:\/\/portaltela.pt\/noticias\/2026\/02\/11\/governo-concede-tolerancia-de-ponto-na-terca-feira-de-carnaval\/#primaryimage"},"thumbnailUrl":"https:\/\/portaltela.pt\/s.01k8rhncp4jt1\/2026\/02\/image-850.jpg","datePublished":"2026-02-11T11:20:00+00:00","author":{"@id":"https:\/\/portaltela.pt\/#\/schema\/person\/c4278d4a6028830caff9ee44b42d32ed"},"breadcrumb":{"@id":"https:\/\/portaltela.pt\/noticias\/2026\/02\/11\/governo-concede-tolerancia-de-ponto-na-terca-feira-de-carnaval\/#breadcrumb"},"inLanguage":"pt-PT","potentialAction":[{"@type":"ReadAction","target":["https:\/\/portaltela.pt\/noticias\/2026\/02\/11\/governo-concede-tolerancia-de-ponto-na-terca-feira-de-carnaval\/"]}]},{"@type":"ImageObject","inLanguage":"pt-PT","@id":"https:\/\/portaltela.pt\/noticias\/2026\/02\/11\/governo-concede-tolerancia-de-ponto-na-terca-feira-de-carnaval\/#primaryimage","url":"https:\/\/portaltela.pt\/s.01k8rhncp4jt1\/2026\/02\/image-850.jpg","contentUrl":"https:\/\/portaltela.pt\/s.01k8rhncp4jt1\/2026\/02\/image-850.jpg","width":796,"height":448,"caption":"A ter\u00e7a-feira de Carnaval n\u00e3o \u00e9 um feriado oficial"},{"@type":"BreadcrumbList","@id":"https:\/\/portaltela.pt\/noticias\/2026\/02\/11\/governo-concede-tolerancia-de-ponto-na-terca-feira-de-carnaval\/#breadcrumb","itemListElement":[{"@type":"ListItem","position":1,"name":"In\u00edcio","item":"https:\/\/portaltela.pt\/"},{"@type":"ListItem","position":2,"name":"Governo concede toler\u00e2ncia de ponto na ter\u00e7a-feira de Carnaval"}]},{"@type":"WebSite","@id":"https:\/\/portaltela.pt\/#website","url":"https:\/\/portaltela.pt\/","name":"Portal Tela Portugal","description":"","potentialAction":[{"@type":"SearchAction","target":{"@type":"EntryPoint","urlTemplate":"https:\/\/portaltela.pt\/?s={search_term_string}"},"query-input":{"@type":"PropertyValueSpecification","valueRequired":true,"valueName":"search_term_string"}}],"inLanguage":"pt-PT"},{"@type":"Person","@id":"https:\/\/portaltela.pt\/#\/schema\/person\/c4278d4a6028830caff9ee44b42d32ed","name":"Telinha","image":{"@type":"ImageObject","inLanguage":"pt-PT","@id":"https:\/\/portaltela.pt\/s.01k8rhncp4jt1\/2025\/11\/talking-bot-125x125.png","url":"https:\/\/portaltela.pt\/s.01k8rhncp4jt1\/2025\/11\/talking-bot-125x125.png","contentUrl":"https:\/\/portaltela.pt\/s.01k8rhncp4jt1\/2025\/11\/talking-bot-125x125.png","caption":"Telinha"},"sameAs":["https:\/\/portaltela.pt\/"],"url":"https:\/\/portaltela.pt\/por\/367410592786\/"}]}},"_links":{"self":[{"href":"https:\/\/portaltela.pt\/api\/wp\/v2\/posts\/207930","targetHints":{"allow":["GET"]}}],"collection":[{"href":"https:\/\/portaltela.pt\/api\/wp\/v2\/posts"}],"about":[{"href":"https:\/\/portaltela.pt\/api\/wp\/v2\/types\/post"}],"author":[{"embeddable":true,"href":"https:\/\/portaltela.pt\/api\/wp\/v2\/users\/2"}],"replies":[{"embeddable":true,"href":"https:\/\/portaltela.pt\/api\/wp\/v2\/comments?post=207930"}],"version-history":[{"count":0,"href":"https:\/\/portaltela.pt\/api\/wp\/v2\/posts\/207930\/revisions"}],"wp:featuredmedia":[{"embeddable":true,"href":"https:\/\/portaltela.pt\/api\/wp\/v2\/media\/207933"}],"wp:attachment":[{"href":"https:\/\/portaltela.pt\/api\/wp\/v2\/media?parent=207930"}],"wp:term":[{"taxonomy":"category","embeddable":true,"href":"https:\/\/portaltela.pt\/api\/wp\/v2\/categories?post=207930"},{"taxonomy":"post_tag","embeddable":true,"href":"https:\/\/portaltela.pt\/api\/wp\/v2\/tags?post=207930"}],"curies":[{"name":"wp","href":"https:\/\/api.w.org\/{rel}","templated":true}]}}