{"id":207905,"date":"2026-02-11T07:48:00","date_gmt":"2026-02-11T10:48:00","guid":{"rendered":"https:\/\/portaltela.pt\/noticias\/2026\/02\/11\/risco-de-inundacoes-aumenta-em-varios-concelhos-da-regiao-oeste\/"},"modified":"2026-02-11T07:48:00","modified_gmt":"2026-02-11T10:48:00","slug":"risco-de-inundacoes-aumenta-em-varios-concelhos-da-regiao-oeste","status":"publish","type":"post","link":"https:\/\/portaltela.pt\/noticias\/2026\/02\/11\/risco-de-inundacoes-aumenta-em-varios-concelhos-da-regiao-oeste\/","title":{"rendered":"Risco de inunda\u00e7\u00f5es aumenta em v\u00e1rios concelhos da regi\u00e3o Oeste"},"content":{"rendered":"<p>Foi emitido um alerta pela Prote\u00e7\u00e3o Civil na regi\u00e3o Oeste devido ao aumento do caudal de v\u00e1rios rios, consequ\u00eancia das chuvas persistentes. O risco de inunda\u00e7\u00f5es levou a recomenda\u00e7\u00f5es para manter dist\u00e2ncia de zonas ribeirinhas e \u00e1reas urbanas junto aos cursos de \u00e1gua.<\/p>\n<p>Em Dois Portos e Runa, o rio subiu rapidamente, com possibilidade de transbordo. Na cidade de Torres Vedras, o acesso junto a margens tamb\u00e9m est\u00e1 sob vigil\u00e2ncia, com v\u00e1rias ruas a ficar inundadas. Em Ponte do Rol j\u00e1 houve remo\u00e7\u00e3o de moradores de emerg\u00eancias previamente.<\/p>\n<p>Em Alenquer, o rio galgou margens ao longo da noite, chegando a Ribafria, Espi\u00e7andeira e Atouguia. O presidente da c\u00e2mara, Jo\u00e3o Nicolau, confirmou aumento de desalojados e deslocados no concelho, ap\u00f3s danos estruturais em habita\u00e7\u00f5es.<\/p>\n<p>Na Lourinh\u00e3, ruas centrais ficam cortadas por inunda\u00e7\u00f5es, sem afetar habita\u00e7\u00f5es ou estabelecimentos comerciais. O vice-presidente da c\u00e2mara, Ant\u00f3nio Gomes, indicou sete desalojados e cinco deslocados, com novos casos registados na freguesia de Miragaia e Marteleira.<\/p>\n<p>Arruda dos Vinhos reporta incremento de desalojados para 51 e deslocados para 10, ap\u00f3s deslizamentos de terras em Mata e Casais da Granja, que causaram danos em habita\u00e7\u00f5es. Moradores foram acolhidos em casas municipais ou de familiares.<\/p>\n<p>Al\u00e9m disso, o Bombarral est\u00e1 tamb\u00e9m sob risco de cheias. Outras vias nacionais est\u00e3o cortadas: EN 115 (Cadaval), EN 9 (Alenquer), EN 248 (Torres Vedras), EN 361 e 361-1 (Lourinh\u00e3). O Sub-Comando de Emerg\u00eancia do Oeste coordena os trabalhos nos distritos de Leiria e Lisboa.<\/p>\n<p>No distrito de Leiria, a EN 8 foi interrompida entre Valbom e Mendalvo, e em Alcoba\u00e7a e Bombarral tamb\u00e9m h\u00e1 cortes adicionais. Na \u00e1rea de Lisboa, encerram-se trechos entre Merceana e Alenquer, e entre Torres Vedras e Ponte do Rol.<\/p>\n<p>A atua\u00e7\u00e3o envolve 15 concelhos desde 28 de janeiro, com balan\u00e7os de feridos, desalojados e danos generalizados. O Governo mant\u00e9m medidas de prote\u00e7\u00e3o e apoio financeiro para enfrentar as consequ\u00eancias do temporal, at\u00e9 15 de fevereiro.<\/p>\n","protected":false},"excerpt":{"rendered":"<ul>\n<li>A chuva persistente aumenta o caudal dos rios na regi\u00e3o Oeste, levando a Prote\u00e7\u00e3o Civil a pedir que se afaste de zonas ribeirinhas por risco elevado de cheias.<\/li>\n<li>Em Dois Portos, Runa e Torres Vedras o rio subiu muito e h\u00e1 risco de transbordo; algumas ruas j\u00e1 come\u00e7am a encher-se de \u00e1gua, incluindo na cidade de Torres Vedras.<\/li>\n<li>Em Alenquer, o rio galgou margens em Ribafria, Espi\u00e7andeira e Atouguia, com refor\u00e7o de desalojos e casa que ru\u00edu em Bogarr\u00e9us, levando moradores a fugir.<\/li>\n<li>Lourinh\u00e3, Arruda dos Vinhos e Bombarral registam cortes em v\u00e1rias estradas nacionais devido \u00e0s inunda\u00e7\u00f5es, com vias encerradas a oeste, norte e centro.<\/li>\n<li>O Governo mant\u00e9m a situa\u00e7\u00e3o de calamidade at\u00e9 dia 15, com apoio estimado em at\u00e9 2,5 mil milh\u00f5es de euros; quinze pessoas morreram em Portugal desde 28 de janeiro devido \u00e0s depress\u00f5es Kristin, Leonardo e Marta.<\/li>\n<\/ul>\n","protected":false},"author":2,"featured_media":207907,"comment_status":"closed","ping_status":"closed","sticky":false,"template":"","format":"standard","meta":{"footnotes":""},"categories":[1],"tags":[4180,3004,2293,5028,320,1835],"class_list":["post-207905","post","type-post","status-publish","format-standard","has-post-thumbnail","hentry","category-noticias","tag-alenquer","tag-desalojados","tag-inundacoes","tag-lourinha","tag-protecao-civil","tag-torres-vedras"],"yoast_head":"<!-- This site is optimized with the Yoast SEO plugin v27.2 - https:\/\/yoast.com\/product\/yoast-seo-wordpress\/ -->\n<title>Risco de inunda\u00e7\u00f5es aumenta em v\u00e1rios concelhos da regi\u00e3o Oeste - Portal Tela Portugal<\/title>\n<meta name=\"robots\" content=\"index, follow, max-snippet:-1, max-image-preview:large, max-video-preview:-1\" \/>\n<meta property=\"og:locale\" content=\"pt_PT\" \/>\n<meta property=\"og:type\" content=\"article\" \/>\n<meta property=\"og:title\" content=\"Risco de inunda\u00e7\u00f5es aumenta em v\u00e1rios concelhos da regi\u00e3o Oeste - Portal Tela Portugal\" \/>\n<meta property=\"og:description\" content=\"A chuva persistente aumenta o caudal dos rios na regi\u00e3o Oeste, levando a Prote\u00e7\u00e3o Civil a pedir que se afaste de zonas ribeirinhas por risco elevado de cheias. Em Dois Portos, Runa e Torres Vedras o rio subiu muito e h\u00e1 risco de transbordo; algumas ruas j\u00e1 come\u00e7am a encher-se de \u00e1gua, incluindo na cidade de Torres Vedras. Em Alenquer, o rio galgou margens em Ribafria, Espi\u00e7andeira e Atouguia, com refor\u00e7o de desalojos e casa que ru\u00edu em Bogarr\u00e9us, levando moradores a fugir. Lourinh\u00e3, Arruda dos Vinhos e Bombarral registam cortes em v\u00e1rias estradas nacionais devido \u00e0s inunda\u00e7\u00f5es, com vias encerradas a oeste, norte e centro. O Governo mant\u00e9m a situa\u00e7\u00e3o de calamidade at\u00e9 dia 15, com apoio estimado em at\u00e9 2,5 mil milh\u00f5es de euros; quinze pessoas morreram em Portugal desde 28 de janeiro devido \u00e0s depress\u00f5es Kristin, Leonardo e Marta.\" \/>\n<meta property=\"og:url\" content=\"https:\/\/portaltela.pt\/noticias\/2026\/02\/11\/risco-de-inundacoes-aumenta-em-varios-concelhos-da-regiao-oeste\/\" \/>\n<meta property=\"og:site_name\" content=\"Portal Tela Portugal\" \/>\n<meta property=\"article:published_time\" content=\"2026-02-11T10:48:00+00:00\" \/>\n<meta name=\"author\" content=\"Telinha\" \/>\n<meta name=\"twitter:card\" content=\"summary_large_image\" \/>\n<meta name=\"twitter:label1\" content=\"Escrito por\" \/>\n\t<meta name=\"twitter:data1\" content=\"Telinha\" \/>\n\t<meta name=\"twitter:label2\" content=\"Tempo estimado de leitura\" \/>\n\t<meta name=\"twitter:data2\" content=\"2 minutos\" \/>\n<script type=\"application\/ld+json\" class=\"yoast-schema-graph\">{\"@context\":\"https:\/\/schema.org\",\"@graph\":[{\"@type\":\"Article\",\"@id\":\"https:\/\/portaltela.pt\/noticias\/2026\/02\/11\/risco-de-inundacoes-aumenta-em-varios-concelhos-da-regiao-oeste\/#article\",\"isPartOf\":{\"@id\":\"https:\/\/portaltela.pt\/noticias\/2026\/02\/11\/risco-de-inundacoes-aumenta-em-varios-concelhos-da-regiao-oeste\/\"},\"author\":{\"name\":\"Telinha\",\"@id\":\"https:\/\/portaltela.pt\/#\/schema\/person\/c4278d4a6028830caff9ee44b42d32ed\"},\"headline\":\"Risco de inunda\u00e7\u00f5es aumenta em v\u00e1rios concelhos da regi\u00e3o Oeste\",\"datePublished\":\"2026-02-11T10:48:00+00:00\",\"mainEntityOfPage\":{\"@id\":\"https:\/\/portaltela.pt\/noticias\/2026\/02\/11\/risco-de-inundacoes-aumenta-em-varios-concelhos-da-regiao-oeste\/\"},\"wordCount\":354,\"image\":{\"@id\":\"https:\/\/portaltela.pt\/noticias\/2026\/02\/11\/risco-de-inundacoes-aumenta-em-varios-concelhos-da-regiao-oeste\/#primaryimage\"},\"thumbnailUrl\":\"https:\/\/portaltela.pt\/s.01k8rhncp4jt1\/2026\/02\/img_1500x1000uu2026-02-05-22-04-44-2265124-im-639059272199213819.jpg\",\"keywords\":[\"Alenquer\",\"desalojados\",\"inunda\u00e7\u00f5es\",\"Lourinh\u00e3\",\"prote\u00e7\u00e3o civil\",\"Torres Vedras\"],\"articleSection\":[\"Not\u00edcias\"],\"inLanguage\":\"pt-PT\"},{\"@type\":\"WebPage\",\"@id\":\"https:\/\/portaltela.pt\/noticias\/2026\/02\/11\/risco-de-inundacoes-aumenta-em-varios-concelhos-da-regiao-oeste\/\",\"url\":\"https:\/\/portaltela.pt\/noticias\/2026\/02\/11\/risco-de-inundacoes-aumenta-em-varios-concelhos-da-regiao-oeste\/\",\"name\":\"Risco de inunda\u00e7\u00f5es aumenta em v\u00e1rios concelhos da regi\u00e3o Oeste - Portal Tela Portugal\",\"isPartOf\":{\"@id\":\"https:\/\/portaltela.pt\/#website\"},\"primaryImageOfPage\":{\"@id\":\"https:\/\/portaltela.pt\/noticias\/2026\/02\/11\/risco-de-inundacoes-aumenta-em-varios-concelhos-da-regiao-oeste\/#primaryimage\"},\"image\":{\"@id\":\"https:\/\/portaltela.pt\/noticias\/2026\/02\/11\/risco-de-inundacoes-aumenta-em-varios-concelhos-da-regiao-oeste\/#primaryimage\"},\"thumbnailUrl\":\"https:\/\/portaltela.pt\/s.01k8rhncp4jt1\/2026\/02\/img_1500x1000uu2026-02-05-22-04-44-2265124-im-639059272199213819.jpg\",\"datePublished\":\"2026-02-11T10:48:00+00:00\",\"author\":{\"@id\":\"https:\/\/portaltela.pt\/#\/schema\/person\/c4278d4a6028830caff9ee44b42d32ed\"},\"breadcrumb\":{\"@id\":\"https:\/\/portaltela.pt\/noticias\/2026\/02\/11\/risco-de-inundacoes-aumenta-em-varios-concelhos-da-regiao-oeste\/#breadcrumb\"},\"inLanguage\":\"pt-PT\",\"potentialAction\":[{\"@type\":\"ReadAction\",\"target\":[\"https:\/\/portaltela.pt\/noticias\/2026\/02\/11\/risco-de-inundacoes-aumenta-em-varios-concelhos-da-regiao-oeste\/\"]}]},{\"@type\":\"ImageObject\",\"inLanguage\":\"pt-PT\",\"@id\":\"https:\/\/portaltela.pt\/noticias\/2026\/02\/11\/risco-de-inundacoes-aumenta-em-varios-concelhos-da-regiao-oeste\/#primaryimage\",\"url\":\"https:\/\/portaltela.pt\/s.01k8rhncp4jt1\/2026\/02\/img_1500x1000uu2026-02-05-22-04-44-2265124-im-639059272199213819.jpg\",\"contentUrl\":\"https:\/\/portaltela.pt\/s.01k8rhncp4jt1\/2026\/02\/img_1500x1000uu2026-02-05-22-04-44-2265124-im-639059272199213819.jpg\",\"width\":796,\"height\":448,\"caption\":\"Cheias em Portugal: Imagens a\u00e9reas revelam inunda\u00e7\u00f5es em \u00e1reas urbanas e rurais\"},{\"@type\":\"BreadcrumbList\",\"@id\":\"https:\/\/portaltela.pt\/noticias\/2026\/02\/11\/risco-de-inundacoes-aumenta-em-varios-concelhos-da-regiao-oeste\/#breadcrumb\",\"itemListElement\":[{\"@type\":\"ListItem\",\"position\":1,\"name\":\"In\u00edcio\",\"item\":\"https:\/\/portaltela.pt\/\"},{\"@type\":\"ListItem\",\"position\":2,\"name\":\"Risco de inunda\u00e7\u00f5es aumenta em v\u00e1rios concelhos da regi\u00e3o Oeste\"}]},{\"@type\":\"WebSite\",\"@id\":\"https:\/\/portaltela.pt\/#website\",\"url\":\"https:\/\/portaltela.pt\/\",\"name\":\"Portal Tela Portugal\",\"description\":\"\",\"potentialAction\":[{\"@type\":\"SearchAction\",\"target\":{\"@type\":\"EntryPoint\",\"urlTemplate\":\"https:\/\/portaltela.pt\/?s={search_term_string}\"},\"query-input\":{\"@type\":\"PropertyValueSpecification\",\"valueRequired\":true,\"valueName\":\"search_term_string\"}}],\"inLanguage\":\"pt-PT\"},{\"@type\":\"Person\",\"@id\":\"https:\/\/portaltela.pt\/#\/schema\/person\/c4278d4a6028830caff9ee44b42d32ed\",\"name\":\"Telinha\",\"image\":{\"@type\":\"ImageObject\",\"inLanguage\":\"pt-PT\",\"@id\":\"https:\/\/portaltela.pt\/s.01k8rhncp4jt1\/2025\/11\/talking-bot-125x125.png\",\"url\":\"https:\/\/portaltela.pt\/s.01k8rhncp4jt1\/2025\/11\/talking-bot-125x125.png\",\"contentUrl\":\"https:\/\/portaltela.pt\/s.01k8rhncp4jt1\/2025\/11\/talking-bot-125x125.png\",\"caption\":\"Telinha\"},\"sameAs\":[\"https:\/\/portaltela.pt\/\"],\"url\":\"https:\/\/portaltela.pt\/por\/367410592786\/\"}]}<\/script>\n<!-- \/ Yoast SEO plugin. -->","yoast_head_json":{"title":"Risco de inunda\u00e7\u00f5es aumenta em v\u00e1rios concelhos da regi\u00e3o Oeste - Portal Tela Portugal","robots":{"index":"index","follow":"follow","max-snippet":"max-snippet:-1","max-image-preview":"max-image-preview:large","max-video-preview":"max-video-preview:-1"},"og_locale":"pt_PT","og_type":"article","og_title":"Risco de inunda\u00e7\u00f5es aumenta em v\u00e1rios concelhos da regi\u00e3o Oeste - Portal Tela Portugal","og_description":"A chuva persistente aumenta o caudal dos rios na regi\u00e3o Oeste, levando a Prote\u00e7\u00e3o Civil a pedir que se afaste de zonas ribeirinhas por risco elevado de cheias. Em Dois Portos, Runa e Torres Vedras o rio subiu muito e h\u00e1 risco de transbordo; algumas ruas j\u00e1 come\u00e7am a encher-se de \u00e1gua, incluindo na cidade de Torres Vedras. Em Alenquer, o rio galgou margens em Ribafria, Espi\u00e7andeira e Atouguia, com refor\u00e7o de desalojos e casa que ru\u00edu em Bogarr\u00e9us, levando moradores a fugir. Lourinh\u00e3, Arruda dos Vinhos e Bombarral registam cortes em v\u00e1rias estradas nacionais devido \u00e0s inunda\u00e7\u00f5es, com vias encerradas a oeste, norte e centro. O Governo mant\u00e9m a situa\u00e7\u00e3o de calamidade at\u00e9 dia 15, com apoio estimado em at\u00e9 2,5 mil milh\u00f5es de euros; quinze pessoas morreram em Portugal desde 28 de janeiro devido \u00e0s depress\u00f5es Kristin, Leonardo e Marta.","og_url":"https:\/\/portaltela.pt\/noticias\/2026\/02\/11\/risco-de-inundacoes-aumenta-em-varios-concelhos-da-regiao-oeste\/","og_site_name":"Portal Tela Portugal","article_published_time":"2026-02-11T10:48:00+00:00","author":"Telinha","twitter_card":"summary_large_image","twitter_misc":{"Escrito por":"Telinha","Tempo estimado de leitura":"2 minutos"},"schema":{"@context":"https:\/\/schema.org","@graph":[{"@type":"Article","@id":"https:\/\/portaltela.pt\/noticias\/2026\/02\/11\/risco-de-inundacoes-aumenta-em-varios-concelhos-da-regiao-oeste\/#article","isPartOf":{"@id":"https:\/\/portaltela.pt\/noticias\/2026\/02\/11\/risco-de-inundacoes-aumenta-em-varios-concelhos-da-regiao-oeste\/"},"author":{"name":"Telinha","@id":"https:\/\/portaltela.pt\/#\/schema\/person\/c4278d4a6028830caff9ee44b42d32ed"},"headline":"Risco de inunda\u00e7\u00f5es aumenta em v\u00e1rios concelhos da regi\u00e3o Oeste","datePublished":"2026-02-11T10:48:00+00:00","mainEntityOfPage":{"@id":"https:\/\/portaltela.pt\/noticias\/2026\/02\/11\/risco-de-inundacoes-aumenta-em-varios-concelhos-da-regiao-oeste\/"},"wordCount":354,"image":{"@id":"https:\/\/portaltela.pt\/noticias\/2026\/02\/11\/risco-de-inundacoes-aumenta-em-varios-concelhos-da-regiao-oeste\/#primaryimage"},"thumbnailUrl":"https:\/\/portaltela.pt\/s.01k8rhncp4jt1\/2026\/02\/img_1500x1000uu2026-02-05-22-04-44-2265124-im-639059272199213819.jpg","keywords":["Alenquer","desalojados","inunda\u00e7\u00f5es","Lourinh\u00e3","prote\u00e7\u00e3o civil","Torres Vedras"],"articleSection":["Not\u00edcias"],"inLanguage":"pt-PT"},{"@type":"WebPage","@id":"https:\/\/portaltela.pt\/noticias\/2026\/02\/11\/risco-de-inundacoes-aumenta-em-varios-concelhos-da-regiao-oeste\/","url":"https:\/\/portaltela.pt\/noticias\/2026\/02\/11\/risco-de-inundacoes-aumenta-em-varios-concelhos-da-regiao-oeste\/","name":"Risco de inunda\u00e7\u00f5es aumenta em v\u00e1rios concelhos da regi\u00e3o Oeste - Portal Tela Portugal","isPartOf":{"@id":"https:\/\/portaltela.pt\/#website"},"primaryImageOfPage":{"@id":"https:\/\/portaltela.pt\/noticias\/2026\/02\/11\/risco-de-inundacoes-aumenta-em-varios-concelhos-da-regiao-oeste\/#primaryimage"},"image":{"@id":"https:\/\/portaltela.pt\/noticias\/2026\/02\/11\/risco-de-inundacoes-aumenta-em-varios-concelhos-da-regiao-oeste\/#primaryimage"},"thumbnailUrl":"https:\/\/portaltela.pt\/s.01k8rhncp4jt1\/2026\/02\/img_1500x1000uu2026-02-05-22-04-44-2265124-im-639059272199213819.jpg","datePublished":"2026-02-11T10:48:00+00:00","author":{"@id":"https:\/\/portaltela.pt\/#\/schema\/person\/c4278d4a6028830caff9ee44b42d32ed"},"breadcrumb":{"@id":"https:\/\/portaltela.pt\/noticias\/2026\/02\/11\/risco-de-inundacoes-aumenta-em-varios-concelhos-da-regiao-oeste\/#breadcrumb"},"inLanguage":"pt-PT","potentialAction":[{"@type":"ReadAction","target":["https:\/\/portaltela.pt\/noticias\/2026\/02\/11\/risco-de-inundacoes-aumenta-em-varios-concelhos-da-regiao-oeste\/"]}]},{"@type":"ImageObject","inLanguage":"pt-PT","@id":"https:\/\/portaltela.pt\/noticias\/2026\/02\/11\/risco-de-inundacoes-aumenta-em-varios-concelhos-da-regiao-oeste\/#primaryimage","url":"https:\/\/portaltela.pt\/s.01k8rhncp4jt1\/2026\/02\/img_1500x1000uu2026-02-05-22-04-44-2265124-im-639059272199213819.jpg","contentUrl":"https:\/\/portaltela.pt\/s.01k8rhncp4jt1\/2026\/02\/img_1500x1000uu2026-02-05-22-04-44-2265124-im-639059272199213819.jpg","width":796,"height":448,"caption":"Cheias em Portugal: Imagens a\u00e9reas revelam inunda\u00e7\u00f5es em \u00e1reas urbanas e rurais"},{"@type":"BreadcrumbList","@id":"https:\/\/portaltela.pt\/noticias\/2026\/02\/11\/risco-de-inundacoes-aumenta-em-varios-concelhos-da-regiao-oeste\/#breadcrumb","itemListElement":[{"@type":"ListItem","position":1,"name":"In\u00edcio","item":"https:\/\/portaltela.pt\/"},{"@type":"ListItem","position":2,"name":"Risco de inunda\u00e7\u00f5es aumenta em v\u00e1rios concelhos da regi\u00e3o Oeste"}]},{"@type":"WebSite","@id":"https:\/\/portaltela.pt\/#website","url":"https:\/\/portaltela.pt\/","name":"Portal Tela Portugal","description":"","potentialAction":[{"@type":"SearchAction","target":{"@type":"EntryPoint","urlTemplate":"https:\/\/portaltela.pt\/?s={search_term_string}"},"query-input":{"@type":"PropertyValueSpecification","valueRequired":true,"valueName":"search_term_string"}}],"inLanguage":"pt-PT"},{"@type":"Person","@id":"https:\/\/portaltela.pt\/#\/schema\/person\/c4278d4a6028830caff9ee44b42d32ed","name":"Telinha","image":{"@type":"ImageObject","inLanguage":"pt-PT","@id":"https:\/\/portaltela.pt\/s.01k8rhncp4jt1\/2025\/11\/talking-bot-125x125.png","url":"https:\/\/portaltela.pt\/s.01k8rhncp4jt1\/2025\/11\/talking-bot-125x125.png","contentUrl":"https:\/\/portaltela.pt\/s.01k8rhncp4jt1\/2025\/11\/talking-bot-125x125.png","caption":"Telinha"},"sameAs":["https:\/\/portaltela.pt\/"],"url":"https:\/\/portaltela.pt\/por\/367410592786\/"}]}},"_links":{"self":[{"href":"https:\/\/portaltela.pt\/api\/wp\/v2\/posts\/207905","targetHints":{"allow":["GET"]}}],"collection":[{"href":"https:\/\/portaltela.pt\/api\/wp\/v2\/posts"}],"about":[{"href":"https:\/\/portaltela.pt\/api\/wp\/v2\/types\/post"}],"author":[{"embeddable":true,"href":"https:\/\/portaltela.pt\/api\/wp\/v2\/users\/2"}],"replies":[{"embeddable":true,"href":"https:\/\/portaltela.pt\/api\/wp\/v2\/comments?post=207905"}],"version-history":[{"count":0,"href":"https:\/\/portaltela.pt\/api\/wp\/v2\/posts\/207905\/revisions"}],"wp:featuredmedia":[{"embeddable":true,"href":"https:\/\/portaltela.pt\/api\/wp\/v2\/media\/207907"}],"wp:attachment":[{"href":"https:\/\/portaltela.pt\/api\/wp\/v2\/media?parent=207905"}],"wp:term":[{"taxonomy":"category","embeddable":true,"href":"https:\/\/portaltela.pt\/api\/wp\/v2\/categories?post=207905"},{"taxonomy":"post_tag","embeddable":true,"href":"https:\/\/portaltela.pt\/api\/wp\/v2\/tags?post=207905"}],"curies":[{"name":"wp","href":"https:\/\/api.w.org\/{rel}","templated":true}]}}