{"id":207848,"date":"2026-02-11T07:26:00","date_gmt":"2026-02-11T10:26:00","guid":{"rendered":"https:\/\/portaltela.pt\/noticias\/2026\/02\/11\/capitania-do-funchal-emite-aviso-de-agitacao-maritima-forte-na-madeira\/"},"modified":"2026-02-11T07:26:00","modified_gmt":"2026-02-11T10:26:00","slug":"capitania-do-funchal-emite-aviso-de-agitacao-maritima-forte-na-madeira","status":"publish","type":"post","link":"https:\/\/portaltela.pt\/noticias\/2026\/02\/11\/capitania-do-funchal-emite-aviso-de-agitacao-maritima-forte-na-madeira\/","title":{"rendered":"Capitania do Funchal emite aviso de agita\u00e7\u00e3o mar\u00edtima forte na Madeira"},"content":{"rendered":"<p>A Capitania do Porto do Funchal emitiu esta quarta-feira um aviso de agita\u00e7\u00e3o mar\u00edtima forte para o arquip\u00e9lago da Madeira. A orienta\u00e7\u00e3o vale at\u00e9 \u00e0s 06h00 de quinta-feira, com base nas previs\u00f5es do IPMA.<\/p>\n<p>Segundo o comunicado, na costa norte as ondas devem ser de noroeste, aumentando at\u00e9 aos 4,5 metros. Na parte mais oeste da costa sul da Madeira, as ondas dever\u00e3o situar-se entre 2 e 3,5 metros.<\/p>\n<p>A Capitania pediu \u00e0 comunidade mar\u00edtima e \u00e0 popula\u00e7\u00e3o em geral que adoptem precau\u00e7\u00f5es na prepara\u00e7\u00e3o para o mar e enquanto estiverem em zonas costeiras. O IPMA tamb\u00e9m colocou aviso amarelo para a costa norte da Madeira e para a ilha do Porto Santo.<\/p>\n","protected":false},"excerpt":{"rendered":"<ul>\n<li>A Capitania do Porto do Funchal emitiu um aviso de agita\u00e7\u00e3o mar\u00edtima forte para a Madeira at\u00e9 \u00e0s 06h00 de quinta-feira, com base nas previs\u00f5es do IPMA.<\/li>\n<li>Na costa norte, as ondas devem ser de noroeste e atingir at\u00e9 4,5 metros.<\/li>\n<li>Na parte mais oeste da costa sul da Madeira, as ondas situam-se entre 2 e 3,5 metros.<\/li>\n<li>A Capitania recomenda cuidados \u00e0 comunidade mar\u00edtima e \u00e0 popula\u00e7\u00e3o em geral durante a prepara\u00e7\u00e3o, desloca\u00e7\u00e3o para o mar, atividade no mar e zonas costeiras.<\/li>\n<li>O IPMA colocou a costa norte da Madeira e a ilha do Porto Santo com aviso amarelo para agita\u00e7\u00e3o mar\u00edtima forte.<\/li>\n<\/ul>\n","protected":false},"author":2,"featured_media":207851,"comment_status":"closed","ping_status":"closed","sticky":false,"template":"","format":"standard","meta":{"footnotes":""},"categories":[1],"tags":[5768,183,3658,3968,859,976],"class_list":["post-207848","post","type-post","status-publish","format-standard","has-post-thumbnail","hentry","category-noticias","tag-a-costa-norte","tag-agitacao-maritima","tag-aviso-amarelo","tag-ipma","tag-madeira","tag-porto-santo"],"yoast_head":"<!-- This site is optimized with the Yoast SEO plugin v27.2 - https:\/\/yoast.com\/product\/yoast-seo-wordpress\/ -->\n<title>Capitania do Funchal emite aviso de agita\u00e7\u00e3o mar\u00edtima forte na Madeira - Portal Tela Portugal<\/title>\n<meta name=\"robots\" content=\"index, follow, max-snippet:-1, max-image-preview:large, max-video-preview:-1\" \/>\n<meta property=\"og:locale\" content=\"pt_PT\" \/>\n<meta property=\"og:type\" content=\"article\" \/>\n<meta property=\"og:title\" content=\"Capitania do Funchal emite aviso de agita\u00e7\u00e3o mar\u00edtima forte na Madeira - Portal Tela Portugal\" \/>\n<meta property=\"og:description\" content=\"A Capitania do Porto do Funchal emitiu um aviso de agita\u00e7\u00e3o mar\u00edtima forte para a Madeira at\u00e9 \u00e0s 06h00 de quinta-feira, com base nas previs\u00f5es do IPMA. Na costa norte, as ondas devem ser de noroeste e atingir at\u00e9 4,5 metros. Na parte mais oeste da costa sul da Madeira, as ondas situam-se entre 2 e 3,5 metros. A Capitania recomenda cuidados \u00e0 comunidade mar\u00edtima e \u00e0 popula\u00e7\u00e3o em geral durante a prepara\u00e7\u00e3o, desloca\u00e7\u00e3o para o mar, atividade no mar e zonas costeiras. O IPMA colocou a costa norte da Madeira e a ilha do Porto Santo com aviso amarelo para agita\u00e7\u00e3o mar\u00edtima forte.\" \/>\n<meta property=\"og:url\" content=\"https:\/\/portaltela.pt\/noticias\/2026\/02\/11\/capitania-do-funchal-emite-aviso-de-agitacao-maritima-forte-na-madeira\/\" \/>\n<meta property=\"og:site_name\" content=\"Portal Tela Portugal\" \/>\n<meta property=\"article:published_time\" content=\"2026-02-11T10:26:00+00:00\" \/>\n<meta name=\"author\" content=\"Telinha\" \/>\n<meta name=\"twitter:card\" content=\"summary_large_image\" \/>\n<meta name=\"twitter:label1\" content=\"Escrito por\" \/>\n\t<meta name=\"twitter:data1\" content=\"Telinha\" \/>\n\t<meta name=\"twitter:label2\" content=\"Tempo estimado de leitura\" \/>\n\t<meta name=\"twitter:data2\" content=\"1 minuto\" \/>\n<script type=\"application\/ld+json\" class=\"yoast-schema-graph\">{\"@context\":\"https:\/\/schema.org\",\"@graph\":[{\"@type\":\"Article\",\"@id\":\"https:\/\/portaltela.pt\/noticias\/2026\/02\/11\/capitania-do-funchal-emite-aviso-de-agitacao-maritima-forte-na-madeira\/#article\",\"isPartOf\":{\"@id\":\"https:\/\/portaltela.pt\/noticias\/2026\/02\/11\/capitania-do-funchal-emite-aviso-de-agitacao-maritima-forte-na-madeira\/\"},\"author\":{\"name\":\"Telinha\",\"@id\":\"https:\/\/portaltela.pt\/#\/schema\/person\/c4278d4a6028830caff9ee44b42d32ed\"},\"headline\":\"Capitania do Funchal emite aviso de agita\u00e7\u00e3o mar\u00edtima forte na Madeira\",\"datePublished\":\"2026-02-11T10:26:00+00:00\",\"mainEntityOfPage\":{\"@id\":\"https:\/\/portaltela.pt\/noticias\/2026\/02\/11\/capitania-do-funchal-emite-aviso-de-agitacao-maritima-forte-na-madeira\/\"},\"wordCount\":132,\"image\":{\"@id\":\"https:\/\/portaltela.pt\/noticias\/2026\/02\/11\/capitania-do-funchal-emite-aviso-de-agitacao-maritima-forte-na-madeira\/#primaryimage\"},\"thumbnailUrl\":\"https:\/\/portaltela.pt\/s.01k8rhncp4jt1\/2026\/02\/img_1500x1000uu2015-03-24-08-34-00-442667.jpg\",\"keywords\":[\"a costa norte\",\"agita\u00e7\u00e3o mar\u00edtima\",\"aviso amarelo\",\"IPMA\",\"Madeira\",\"Porto Santo\"],\"articleSection\":[\"Not\u00edcias\"],\"inLanguage\":\"pt-PT\"},{\"@type\":\"WebPage\",\"@id\":\"https:\/\/portaltela.pt\/noticias\/2026\/02\/11\/capitania-do-funchal-emite-aviso-de-agitacao-maritima-forte-na-madeira\/\",\"url\":\"https:\/\/portaltela.pt\/noticias\/2026\/02\/11\/capitania-do-funchal-emite-aviso-de-agitacao-maritima-forte-na-madeira\/\",\"name\":\"Capitania do Funchal emite aviso de agita\u00e7\u00e3o mar\u00edtima forte na Madeira - Portal Tela Portugal\",\"isPartOf\":{\"@id\":\"https:\/\/portaltela.pt\/#website\"},\"primaryImageOfPage\":{\"@id\":\"https:\/\/portaltela.pt\/noticias\/2026\/02\/11\/capitania-do-funchal-emite-aviso-de-agitacao-maritima-forte-na-madeira\/#primaryimage\"},\"image\":{\"@id\":\"https:\/\/portaltela.pt\/noticias\/2026\/02\/11\/capitania-do-funchal-emite-aviso-de-agitacao-maritima-forte-na-madeira\/#primaryimage\"},\"thumbnailUrl\":\"https:\/\/portaltela.pt\/s.01k8rhncp4jt1\/2026\/02\/img_1500x1000uu2015-03-24-08-34-00-442667.jpg\",\"datePublished\":\"2026-02-11T10:26:00+00:00\",\"author\":{\"@id\":\"https:\/\/portaltela.pt\/#\/schema\/person\/c4278d4a6028830caff9ee44b42d32ed\"},\"breadcrumb\":{\"@id\":\"https:\/\/portaltela.pt\/noticias\/2026\/02\/11\/capitania-do-funchal-emite-aviso-de-agitacao-maritima-forte-na-madeira\/#breadcrumb\"},\"inLanguage\":\"pt-PT\",\"potentialAction\":[{\"@type\":\"ReadAction\",\"target\":[\"https:\/\/portaltela.pt\/noticias\/2026\/02\/11\/capitania-do-funchal-emite-aviso-de-agitacao-maritima-forte-na-madeira\/\"]}]},{\"@type\":\"ImageObject\",\"inLanguage\":\"pt-PT\",\"@id\":\"https:\/\/portaltela.pt\/noticias\/2026\/02\/11\/capitania-do-funchal-emite-aviso-de-agitacao-maritima-forte-na-madeira\/#primaryimage\",\"url\":\"https:\/\/portaltela.pt\/s.01k8rhncp4jt1\/2026\/02\/img_1500x1000uu2015-03-24-08-34-00-442667.jpg\",\"contentUrl\":\"https:\/\/portaltela.pt\/s.01k8rhncp4jt1\/2026\/02\/img_1500x1000uu2015-03-24-08-34-00-442667.jpg\",\"width\":796,\"height\":448,\"caption\":\"Agita\u00e7\u00e3o mar\u00edtima na Madeira\"},{\"@type\":\"BreadcrumbList\",\"@id\":\"https:\/\/portaltela.pt\/noticias\/2026\/02\/11\/capitania-do-funchal-emite-aviso-de-agitacao-maritima-forte-na-madeira\/#breadcrumb\",\"itemListElement\":[{\"@type\":\"ListItem\",\"position\":1,\"name\":\"In\u00edcio\",\"item\":\"https:\/\/portaltela.pt\/\"},{\"@type\":\"ListItem\",\"position\":2,\"name\":\"Capitania do Funchal emite aviso de agita\u00e7\u00e3o mar\u00edtima forte na Madeira\"}]},{\"@type\":\"WebSite\",\"@id\":\"https:\/\/portaltela.pt\/#website\",\"url\":\"https:\/\/portaltela.pt\/\",\"name\":\"Portal Tela Portugal\",\"description\":\"\",\"potentialAction\":[{\"@type\":\"SearchAction\",\"target\":{\"@type\":\"EntryPoint\",\"urlTemplate\":\"https:\/\/portaltela.pt\/?s={search_term_string}\"},\"query-input\":{\"@type\":\"PropertyValueSpecification\",\"valueRequired\":true,\"valueName\":\"search_term_string\"}}],\"inLanguage\":\"pt-PT\"},{\"@type\":\"Person\",\"@id\":\"https:\/\/portaltela.pt\/#\/schema\/person\/c4278d4a6028830caff9ee44b42d32ed\",\"name\":\"Telinha\",\"image\":{\"@type\":\"ImageObject\",\"inLanguage\":\"pt-PT\",\"@id\":\"https:\/\/portaltela.pt\/s.01k8rhncp4jt1\/2025\/11\/talking-bot-125x125.png\",\"url\":\"https:\/\/portaltela.pt\/s.01k8rhncp4jt1\/2025\/11\/talking-bot-125x125.png\",\"contentUrl\":\"https:\/\/portaltela.pt\/s.01k8rhncp4jt1\/2025\/11\/talking-bot-125x125.png\",\"caption\":\"Telinha\"},\"sameAs\":[\"https:\/\/portaltela.pt\/\"],\"url\":\"https:\/\/portaltela.pt\/por\/367410592786\/\"}]}<\/script>\n<!-- \/ Yoast SEO plugin. -->","yoast_head_json":{"title":"Capitania do Funchal emite aviso de agita\u00e7\u00e3o mar\u00edtima forte na Madeira - Portal Tela Portugal","robots":{"index":"index","follow":"follow","max-snippet":"max-snippet:-1","max-image-preview":"max-image-preview:large","max-video-preview":"max-video-preview:-1"},"og_locale":"pt_PT","og_type":"article","og_title":"Capitania do Funchal emite aviso de agita\u00e7\u00e3o mar\u00edtima forte na Madeira - Portal Tela Portugal","og_description":"A Capitania do Porto do Funchal emitiu um aviso de agita\u00e7\u00e3o mar\u00edtima forte para a Madeira at\u00e9 \u00e0s 06h00 de quinta-feira, com base nas previs\u00f5es do IPMA. Na costa norte, as ondas devem ser de noroeste e atingir at\u00e9 4,5 metros. Na parte mais oeste da costa sul da Madeira, as ondas situam-se entre 2 e 3,5 metros. A Capitania recomenda cuidados \u00e0 comunidade mar\u00edtima e \u00e0 popula\u00e7\u00e3o em geral durante a prepara\u00e7\u00e3o, desloca\u00e7\u00e3o para o mar, atividade no mar e zonas costeiras. O IPMA colocou a costa norte da Madeira e a ilha do Porto Santo com aviso amarelo para agita\u00e7\u00e3o mar\u00edtima forte.","og_url":"https:\/\/portaltela.pt\/noticias\/2026\/02\/11\/capitania-do-funchal-emite-aviso-de-agitacao-maritima-forte-na-madeira\/","og_site_name":"Portal Tela Portugal","article_published_time":"2026-02-11T10:26:00+00:00","author":"Telinha","twitter_card":"summary_large_image","twitter_misc":{"Escrito por":"Telinha","Tempo estimado de leitura":"1 minuto"},"schema":{"@context":"https:\/\/schema.org","@graph":[{"@type":"Article","@id":"https:\/\/portaltela.pt\/noticias\/2026\/02\/11\/capitania-do-funchal-emite-aviso-de-agitacao-maritima-forte-na-madeira\/#article","isPartOf":{"@id":"https:\/\/portaltela.pt\/noticias\/2026\/02\/11\/capitania-do-funchal-emite-aviso-de-agitacao-maritima-forte-na-madeira\/"},"author":{"name":"Telinha","@id":"https:\/\/portaltela.pt\/#\/schema\/person\/c4278d4a6028830caff9ee44b42d32ed"},"headline":"Capitania do Funchal emite aviso de agita\u00e7\u00e3o mar\u00edtima forte na Madeira","datePublished":"2026-02-11T10:26:00+00:00","mainEntityOfPage":{"@id":"https:\/\/portaltela.pt\/noticias\/2026\/02\/11\/capitania-do-funchal-emite-aviso-de-agitacao-maritima-forte-na-madeira\/"},"wordCount":132,"image":{"@id":"https:\/\/portaltela.pt\/noticias\/2026\/02\/11\/capitania-do-funchal-emite-aviso-de-agitacao-maritima-forte-na-madeira\/#primaryimage"},"thumbnailUrl":"https:\/\/portaltela.pt\/s.01k8rhncp4jt1\/2026\/02\/img_1500x1000uu2015-03-24-08-34-00-442667.jpg","keywords":["a costa norte","agita\u00e7\u00e3o mar\u00edtima","aviso amarelo","IPMA","Madeira","Porto Santo"],"articleSection":["Not\u00edcias"],"inLanguage":"pt-PT"},{"@type":"WebPage","@id":"https:\/\/portaltela.pt\/noticias\/2026\/02\/11\/capitania-do-funchal-emite-aviso-de-agitacao-maritima-forte-na-madeira\/","url":"https:\/\/portaltela.pt\/noticias\/2026\/02\/11\/capitania-do-funchal-emite-aviso-de-agitacao-maritima-forte-na-madeira\/","name":"Capitania do Funchal emite aviso de agita\u00e7\u00e3o mar\u00edtima forte na Madeira - Portal Tela Portugal","isPartOf":{"@id":"https:\/\/portaltela.pt\/#website"},"primaryImageOfPage":{"@id":"https:\/\/portaltela.pt\/noticias\/2026\/02\/11\/capitania-do-funchal-emite-aviso-de-agitacao-maritima-forte-na-madeira\/#primaryimage"},"image":{"@id":"https:\/\/portaltela.pt\/noticias\/2026\/02\/11\/capitania-do-funchal-emite-aviso-de-agitacao-maritima-forte-na-madeira\/#primaryimage"},"thumbnailUrl":"https:\/\/portaltela.pt\/s.01k8rhncp4jt1\/2026\/02\/img_1500x1000uu2015-03-24-08-34-00-442667.jpg","datePublished":"2026-02-11T10:26:00+00:00","author":{"@id":"https:\/\/portaltela.pt\/#\/schema\/person\/c4278d4a6028830caff9ee44b42d32ed"},"breadcrumb":{"@id":"https:\/\/portaltela.pt\/noticias\/2026\/02\/11\/capitania-do-funchal-emite-aviso-de-agitacao-maritima-forte-na-madeira\/#breadcrumb"},"inLanguage":"pt-PT","potentialAction":[{"@type":"ReadAction","target":["https:\/\/portaltela.pt\/noticias\/2026\/02\/11\/capitania-do-funchal-emite-aviso-de-agitacao-maritima-forte-na-madeira\/"]}]},{"@type":"ImageObject","inLanguage":"pt-PT","@id":"https:\/\/portaltela.pt\/noticias\/2026\/02\/11\/capitania-do-funchal-emite-aviso-de-agitacao-maritima-forte-na-madeira\/#primaryimage","url":"https:\/\/portaltela.pt\/s.01k8rhncp4jt1\/2026\/02\/img_1500x1000uu2015-03-24-08-34-00-442667.jpg","contentUrl":"https:\/\/portaltela.pt\/s.01k8rhncp4jt1\/2026\/02\/img_1500x1000uu2015-03-24-08-34-00-442667.jpg","width":796,"height":448,"caption":"Agita\u00e7\u00e3o mar\u00edtima na Madeira"},{"@type":"BreadcrumbList","@id":"https:\/\/portaltela.pt\/noticias\/2026\/02\/11\/capitania-do-funchal-emite-aviso-de-agitacao-maritima-forte-na-madeira\/#breadcrumb","itemListElement":[{"@type":"ListItem","position":1,"name":"In\u00edcio","item":"https:\/\/portaltela.pt\/"},{"@type":"ListItem","position":2,"name":"Capitania do Funchal emite aviso de agita\u00e7\u00e3o mar\u00edtima forte na Madeira"}]},{"@type":"WebSite","@id":"https:\/\/portaltela.pt\/#website","url":"https:\/\/portaltela.pt\/","name":"Portal Tela Portugal","description":"","potentialAction":[{"@type":"SearchAction","target":{"@type":"EntryPoint","urlTemplate":"https:\/\/portaltela.pt\/?s={search_term_string}"},"query-input":{"@type":"PropertyValueSpecification","valueRequired":true,"valueName":"search_term_string"}}],"inLanguage":"pt-PT"},{"@type":"Person","@id":"https:\/\/portaltela.pt\/#\/schema\/person\/c4278d4a6028830caff9ee44b42d32ed","name":"Telinha","image":{"@type":"ImageObject","inLanguage":"pt-PT","@id":"https:\/\/portaltela.pt\/s.01k8rhncp4jt1\/2025\/11\/talking-bot-125x125.png","url":"https:\/\/portaltela.pt\/s.01k8rhncp4jt1\/2025\/11\/talking-bot-125x125.png","contentUrl":"https:\/\/portaltela.pt\/s.01k8rhncp4jt1\/2025\/11\/talking-bot-125x125.png","caption":"Telinha"},"sameAs":["https:\/\/portaltela.pt\/"],"url":"https:\/\/portaltela.pt\/por\/367410592786\/"}]}},"_links":{"self":[{"href":"https:\/\/portaltela.pt\/api\/wp\/v2\/posts\/207848","targetHints":{"allow":["GET"]}}],"collection":[{"href":"https:\/\/portaltela.pt\/api\/wp\/v2\/posts"}],"about":[{"href":"https:\/\/portaltela.pt\/api\/wp\/v2\/types\/post"}],"author":[{"embeddable":true,"href":"https:\/\/portaltela.pt\/api\/wp\/v2\/users\/2"}],"replies":[{"embeddable":true,"href":"https:\/\/portaltela.pt\/api\/wp\/v2\/comments?post=207848"}],"version-history":[{"count":0,"href":"https:\/\/portaltela.pt\/api\/wp\/v2\/posts\/207848\/revisions"}],"wp:featuredmedia":[{"embeddable":true,"href":"https:\/\/portaltela.pt\/api\/wp\/v2\/media\/207851"}],"wp:attachment":[{"href":"https:\/\/portaltela.pt\/api\/wp\/v2\/media?parent=207848"}],"wp:term":[{"taxonomy":"category","embeddable":true,"href":"https:\/\/portaltela.pt\/api\/wp\/v2\/categories?post=207848"},{"taxonomy":"post_tag","embeddable":true,"href":"https:\/\/portaltela.pt\/api\/wp\/v2\/tags?post=207848"}],"curies":[{"name":"wp","href":"https:\/\/api.w.org\/{rel}","templated":true}]}}