{"id":207843,"date":"2026-02-11T07:06:00","date_gmt":"2026-02-11T10:06:00","guid":{"rendered":"https:\/\/portaltela.pt\/noticias\/2026\/02\/11\/cronica-de-um-pais-mal-aquecido-impactos-climaticos-e-sociais\/"},"modified":"2026-02-11T07:06:00","modified_gmt":"2026-02-11T10:06:00","slug":"cronica-de-um-pais-mal-aquecido-impactos-climaticos-e-sociais","status":"publish","type":"post","link":"https:\/\/portaltela.pt\/noticias\/2026\/02\/11\/cronica-de-um-pais-mal-aquecido-impactos-climaticos-e-sociais\/","title":{"rendered":"Cr\u00f3nica de um pa\u00eds mal aquecido: impactos clim\u00e1ticos e sociais"},"content":{"rendered":"<p>Nesta reportagem, descreve-se o peso do frio em casas portuguesas, onde a lareira est\u00e1 apagada ou n\u00e3o chega para aquecer. O pre\u00e7o da lenha e o desgaste da idade afastam o sonho do aquecimento tradicional, impondo ajustes no quotidiano. O efeito \u00e9 sentido sobretudo no inverno, em habita\u00e7\u00f5es sem isolamento adequado.<\/p>\n<p>As redes de apoio social e os profissionais de sa\u00fade domicili\u00e1rios relatam cen\u00e1rios frequentes de mal-ufladores. Enfermeiros e assistentes socias chegam a casas com cobertores, improvisam reparos e tentam conservar a dignidade dos moradores, apesar das dificuldades para tomar banho ou vestir-se em ambiente frio.<\/p>\n<p>Horas de frio intenso, custos de energia elevados e falta de aquecimento central configuram uma realidade comum no interior. Em algumas resid\u00eancias, a lenha torna-se o recurso principal, mas chega apenas para curtos per\u00edodos, deixando moradores dependentes de fontes alternativas de calor.<\/p>\n<h3>Contexto dom\u00e9stico<\/h3>\n<p>A rede de apoio cita situa\u00e7\u00f5es repetidas de habita\u00e7\u00f5es com pouca ou nenhuma prote\u00e7\u00e3o t\u00e9rmica. Os profissionais relatam roupas penduradas a secar por v\u00e1rias semanas, cortinas a mover-se com o vento e a sensa\u00e7\u00e3o de frio quase permanente dentro de casa.<\/p>\n<p>A comorbidade financeira agrava o quadro: contas de eletricidade elevadas no inverno, com faturas que se aproximam de valores significativos para fam\u00edlias de rendimentos m\u00e9dios e baixos. A falta de aquecimento central agrava a vulnerabilidade de idosos.<\/p>\n<h3>Dados nacionais<\/h3>\n<p>Um estudo da Otovo, com 3800 inquiridos em dez pa\u00edses, indica que 60% dos europeus teme aumentos de custo de energia no inverno, sendo que 89% dos portugueses se mostram preocupados. Em 2024, Portugal foi o quarto pa\u00eds da UE com maior parcela de popula\u00e7\u00e3o incapaz de aquecer a casa, 14,5%. A m\u00e9dia europeia situa-se nos 9,2%.<\/p>\n<p>A reportagem observa que a crise clim\u00e1tica penetra no dia a dia, com tempestades a destruir estruturas e a expor ainda mais a fragilidade de habita\u00e7\u00f5es. Enquanto o pa\u00eds debate transi\u00e7\u00e3o energ\u00e9tica, muitas casas continuam sem aquecimento adequado e sem garantias de solu\u00e7\u00e3o r\u00e1pida.<\/p>\n<p>O retrato apresentado n\u00e3o \u00e9 fic\u00e7\u00e3o: corresponde a uma realidade que persiste entre bairros rurais e urbanos do interior, onde a qualidade de aquecimento \u00e9, para muitos, uma quest\u00e3o de dignidade e de sobreviv\u00eancia di\u00e1ria.<\/p>\n","protected":false},"excerpt":{"rendered":"<ul>\n<li>O texto mostra casas mal isoladas em Portugal, onde o aquecimento \u00e9 caro e a fatura de eletricidade pode chegar a cerca de 200 euros.<\/li>\n<li>Enfermeiros e trabalhadores sociais relatam dificuldades de moradores idosos, que recorrem a cobertores e lareiras caras para enfrentar o frio.<\/li>\n<li>Um estudo da Otovo com 3.800 inquiridos em dez pa\u00edses indica que 60% das fam\u00edlias europeias temem aumentos nas contas de eletricidade no inverno; em Portugal, 89% est\u00e3o preocupados.<\/li>\n<li>Em 2024, Portugal foi o quarto Estado-m-membro da Uni\u00e3o Europeia com maior propor\u00e7\u00e3o de pessoas incapazes de aquecer adequadamente as casas (14,5%), acima da m\u00e9dia europeia (9,2%).<\/li>\n<li>O artigo critica a insufici\u00eancia de reformas e apoios, contrastando a situa\u00e7\u00e3o com a Su\u00ed\u00e7a, onde o conforto t\u00e9rmico \u00e9 visto como parte da dignidade habitacional.<\/li>\n<\/ul>\n","protected":false},"author":2,"featured_media":207847,"comment_status":"closed","ping_status":"closed","sticky":false,"template":"","format":"standard","meta":{"footnotes":""},"categories":[1],"tags":[2172,5224,174,150,2736,1053],"class_list":["post-207843","post","type-post","status-publish","format-standard","has-post-thumbnail","hentry","category-noticias","tag-assistencia-social","tag-clima","tag-energia","tag-habitacao","tag-idosos","tag-pobreza-energetica"],"yoast_head":"<!-- This site is optimized with the Yoast SEO plugin v27.2 - https:\/\/yoast.com\/product\/yoast-seo-wordpress\/ -->\n<title>Cr\u00f3nica de um pa\u00eds mal aquecido: impactos clim\u00e1ticos e sociais - Portal Tela Portugal<\/title>\n<meta name=\"robots\" content=\"index, follow, max-snippet:-1, max-image-preview:large, max-video-preview:-1\" \/>\n<meta property=\"og:locale\" content=\"pt_PT\" \/>\n<meta property=\"og:type\" content=\"article\" \/>\n<meta property=\"og:title\" content=\"Cr\u00f3nica de um pa\u00eds mal aquecido: impactos clim\u00e1ticos e sociais - Portal Tela Portugal\" \/>\n<meta property=\"og:description\" content=\"O texto mostra casas mal isoladas em Portugal, onde o aquecimento \u00e9 caro e a fatura de eletricidade pode chegar a cerca de 200 euros. Enfermeiros e trabalhadores sociais relatam dificuldades de moradores idosos, que recorrem a cobertores e lareiras caras para enfrentar o frio. Um estudo da Otovo com 3.800 inquiridos em dez pa\u00edses indica que 60% das fam\u00edlias europeias temem aumentos nas contas de eletricidade no inverno; em Portugal, 89% est\u00e3o preocupados. Em 2024, Portugal foi o quarto Estado-m-membro da Uni\u00e3o Europeia com maior propor\u00e7\u00e3o de pessoas incapazes de aquecer adequadamente as casas (14,5%), acima da m\u00e9dia europeia (9,2%). O artigo critica a insufici\u00eancia de reformas e apoios, contrastando a situa\u00e7\u00e3o com a Su\u00ed\u00e7a, onde o conforto t\u00e9rmico \u00e9 visto como parte da dignidade habitacional.\" \/>\n<meta property=\"og:url\" content=\"https:\/\/portaltela.pt\/noticias\/2026\/02\/11\/cronica-de-um-pais-mal-aquecido-impactos-climaticos-e-sociais\/\" \/>\n<meta property=\"og:site_name\" content=\"Portal Tela Portugal\" \/>\n<meta property=\"article:published_time\" content=\"2026-02-11T10:06:00+00:00\" \/>\n<meta name=\"author\" content=\"Telinha\" \/>\n<meta name=\"twitter:card\" content=\"summary_large_image\" \/>\n<meta name=\"twitter:label1\" content=\"Escrito por\" \/>\n\t<meta name=\"twitter:data1\" content=\"Telinha\" \/>\n\t<meta name=\"twitter:label2\" content=\"Tempo estimado de leitura\" \/>\n\t<meta name=\"twitter:data2\" content=\"2 minutos\" \/>\n<script type=\"application\/ld+json\" class=\"yoast-schema-graph\">{\"@context\":\"https:\/\/schema.org\",\"@graph\":[{\"@type\":\"Article\",\"@id\":\"https:\/\/portaltela.pt\/noticias\/2026\/02\/11\/cronica-de-um-pais-mal-aquecido-impactos-climaticos-e-sociais\/#article\",\"isPartOf\":{\"@id\":\"https:\/\/portaltela.pt\/noticias\/2026\/02\/11\/cronica-de-um-pais-mal-aquecido-impactos-climaticos-e-sociais\/\"},\"author\":{\"name\":\"Telinha\",\"@id\":\"https:\/\/portaltela.pt\/#\/schema\/person\/c4278d4a6028830caff9ee44b42d32ed\"},\"headline\":\"Cr\u00f3nica de um pa\u00eds mal aquecido: impactos clim\u00e1ticos e sociais\",\"datePublished\":\"2026-02-11T10:06:00+00:00\",\"mainEntityOfPage\":{\"@id\":\"https:\/\/portaltela.pt\/noticias\/2026\/02\/11\/cronica-de-um-pais-mal-aquecido-impactos-climaticos-e-sociais\/\"},\"wordCount\":393,\"image\":{\"@id\":\"https:\/\/portaltela.pt\/noticias\/2026\/02\/11\/cronica-de-um-pais-mal-aquecido-impactos-climaticos-e-sociais\/#primaryimage\"},\"thumbnailUrl\":\"https:\/\/portaltela.pt\/s.01k8rhncp4jt1\/2026\/02\/2066052.jpg\",\"keywords\":[\"assist\u00eancia social\",\"clima\",\"energia\",\"habita\u00e7\u00e3o\",\"idosos\",\"pobreza energ\u00e9tica\"],\"articleSection\":[\"Not\u00edcias\"],\"inLanguage\":\"pt-PT\"},{\"@type\":\"WebPage\",\"@id\":\"https:\/\/portaltela.pt\/noticias\/2026\/02\/11\/cronica-de-um-pais-mal-aquecido-impactos-climaticos-e-sociais\/\",\"url\":\"https:\/\/portaltela.pt\/noticias\/2026\/02\/11\/cronica-de-um-pais-mal-aquecido-impactos-climaticos-e-sociais\/\",\"name\":\"Cr\u00f3nica de um pa\u00eds mal aquecido: impactos clim\u00e1ticos e sociais - Portal Tela Portugal\",\"isPartOf\":{\"@id\":\"https:\/\/portaltela.pt\/#website\"},\"primaryImageOfPage\":{\"@id\":\"https:\/\/portaltela.pt\/noticias\/2026\/02\/11\/cronica-de-um-pais-mal-aquecido-impactos-climaticos-e-sociais\/#primaryimage\"},\"image\":{\"@id\":\"https:\/\/portaltela.pt\/noticias\/2026\/02\/11\/cronica-de-um-pais-mal-aquecido-impactos-climaticos-e-sociais\/#primaryimage\"},\"thumbnailUrl\":\"https:\/\/portaltela.pt\/s.01k8rhncp4jt1\/2026\/02\/2066052.jpg\",\"datePublished\":\"2026-02-11T10:06:00+00:00\",\"author\":{\"@id\":\"https:\/\/portaltela.pt\/#\/schema\/person\/c4278d4a6028830caff9ee44b42d32ed\"},\"breadcrumb\":{\"@id\":\"https:\/\/portaltela.pt\/noticias\/2026\/02\/11\/cronica-de-um-pais-mal-aquecido-impactos-climaticos-e-sociais\/#breadcrumb\"},\"inLanguage\":\"pt-PT\",\"potentialAction\":[{\"@type\":\"ReadAction\",\"target\":[\"https:\/\/portaltela.pt\/noticias\/2026\/02\/11\/cronica-de-um-pais-mal-aquecido-impactos-climaticos-e-sociais\/\"]}]},{\"@type\":\"ImageObject\",\"inLanguage\":\"pt-PT\",\"@id\":\"https:\/\/portaltela.pt\/noticias\/2026\/02\/11\/cronica-de-um-pais-mal-aquecido-impactos-climaticos-e-sociais\/#primaryimage\",\"url\":\"https:\/\/portaltela.pt\/s.01k8rhncp4jt1\/2026\/02\/2066052.jpg\",\"contentUrl\":\"https:\/\/portaltela.pt\/s.01k8rhncp4jt1\/2026\/02\/2066052.jpg\",\"width\":796,\"height\":448,\"caption\":\"\u201cH\u00e1 um pa\u00eds que treme de frio no inverno e, pior, morre a tentar combat\u00ea-lo\u201d\"},{\"@type\":\"BreadcrumbList\",\"@id\":\"https:\/\/portaltela.pt\/noticias\/2026\/02\/11\/cronica-de-um-pais-mal-aquecido-impactos-climaticos-e-sociais\/#breadcrumb\",\"itemListElement\":[{\"@type\":\"ListItem\",\"position\":1,\"name\":\"In\u00edcio\",\"item\":\"https:\/\/portaltela.pt\/\"},{\"@type\":\"ListItem\",\"position\":2,\"name\":\"Cr\u00f3nica de um pa\u00eds mal aquecido: impactos clim\u00e1ticos e sociais\"}]},{\"@type\":\"WebSite\",\"@id\":\"https:\/\/portaltela.pt\/#website\",\"url\":\"https:\/\/portaltela.pt\/\",\"name\":\"Portal Tela Portugal\",\"description\":\"\",\"potentialAction\":[{\"@type\":\"SearchAction\",\"target\":{\"@type\":\"EntryPoint\",\"urlTemplate\":\"https:\/\/portaltela.pt\/?s={search_term_string}\"},\"query-input\":{\"@type\":\"PropertyValueSpecification\",\"valueRequired\":true,\"valueName\":\"search_term_string\"}}],\"inLanguage\":\"pt-PT\"},{\"@type\":\"Person\",\"@id\":\"https:\/\/portaltela.pt\/#\/schema\/person\/c4278d4a6028830caff9ee44b42d32ed\",\"name\":\"Telinha\",\"image\":{\"@type\":\"ImageObject\",\"inLanguage\":\"pt-PT\",\"@id\":\"https:\/\/portaltela.pt\/s.01k8rhncp4jt1\/2025\/11\/talking-bot-125x125.png\",\"url\":\"https:\/\/portaltela.pt\/s.01k8rhncp4jt1\/2025\/11\/talking-bot-125x125.png\",\"contentUrl\":\"https:\/\/portaltela.pt\/s.01k8rhncp4jt1\/2025\/11\/talking-bot-125x125.png\",\"caption\":\"Telinha\"},\"sameAs\":[\"https:\/\/portaltela.pt\/\"],\"url\":\"https:\/\/portaltela.pt\/por\/367410592786\/\"}]}<\/script>\n<!-- \/ Yoast SEO plugin. -->","yoast_head_json":{"title":"Cr\u00f3nica de um pa\u00eds mal aquecido: impactos clim\u00e1ticos e sociais - Portal Tela Portugal","robots":{"index":"index","follow":"follow","max-snippet":"max-snippet:-1","max-image-preview":"max-image-preview:large","max-video-preview":"max-video-preview:-1"},"og_locale":"pt_PT","og_type":"article","og_title":"Cr\u00f3nica de um pa\u00eds mal aquecido: impactos clim\u00e1ticos e sociais - Portal Tela Portugal","og_description":"O texto mostra casas mal isoladas em Portugal, onde o aquecimento \u00e9 caro e a fatura de eletricidade pode chegar a cerca de 200 euros. Enfermeiros e trabalhadores sociais relatam dificuldades de moradores idosos, que recorrem a cobertores e lareiras caras para enfrentar o frio. Um estudo da Otovo com 3.800 inquiridos em dez pa\u00edses indica que 60% das fam\u00edlias europeias temem aumentos nas contas de eletricidade no inverno; em Portugal, 89% est\u00e3o preocupados. Em 2024, Portugal foi o quarto Estado-m-membro da Uni\u00e3o Europeia com maior propor\u00e7\u00e3o de pessoas incapazes de aquecer adequadamente as casas (14,5%), acima da m\u00e9dia europeia (9,2%). O artigo critica a insufici\u00eancia de reformas e apoios, contrastando a situa\u00e7\u00e3o com a Su\u00ed\u00e7a, onde o conforto t\u00e9rmico \u00e9 visto como parte da dignidade habitacional.","og_url":"https:\/\/portaltela.pt\/noticias\/2026\/02\/11\/cronica-de-um-pais-mal-aquecido-impactos-climaticos-e-sociais\/","og_site_name":"Portal Tela Portugal","article_published_time":"2026-02-11T10:06:00+00:00","author":"Telinha","twitter_card":"summary_large_image","twitter_misc":{"Escrito por":"Telinha","Tempo estimado de leitura":"2 minutos"},"schema":{"@context":"https:\/\/schema.org","@graph":[{"@type":"Article","@id":"https:\/\/portaltela.pt\/noticias\/2026\/02\/11\/cronica-de-um-pais-mal-aquecido-impactos-climaticos-e-sociais\/#article","isPartOf":{"@id":"https:\/\/portaltela.pt\/noticias\/2026\/02\/11\/cronica-de-um-pais-mal-aquecido-impactos-climaticos-e-sociais\/"},"author":{"name":"Telinha","@id":"https:\/\/portaltela.pt\/#\/schema\/person\/c4278d4a6028830caff9ee44b42d32ed"},"headline":"Cr\u00f3nica de um pa\u00eds mal aquecido: impactos clim\u00e1ticos e sociais","datePublished":"2026-02-11T10:06:00+00:00","mainEntityOfPage":{"@id":"https:\/\/portaltela.pt\/noticias\/2026\/02\/11\/cronica-de-um-pais-mal-aquecido-impactos-climaticos-e-sociais\/"},"wordCount":393,"image":{"@id":"https:\/\/portaltela.pt\/noticias\/2026\/02\/11\/cronica-de-um-pais-mal-aquecido-impactos-climaticos-e-sociais\/#primaryimage"},"thumbnailUrl":"https:\/\/portaltela.pt\/s.01k8rhncp4jt1\/2026\/02\/2066052.jpg","keywords":["assist\u00eancia social","clima","energia","habita\u00e7\u00e3o","idosos","pobreza energ\u00e9tica"],"articleSection":["Not\u00edcias"],"inLanguage":"pt-PT"},{"@type":"WebPage","@id":"https:\/\/portaltela.pt\/noticias\/2026\/02\/11\/cronica-de-um-pais-mal-aquecido-impactos-climaticos-e-sociais\/","url":"https:\/\/portaltela.pt\/noticias\/2026\/02\/11\/cronica-de-um-pais-mal-aquecido-impactos-climaticos-e-sociais\/","name":"Cr\u00f3nica de um pa\u00eds mal aquecido: impactos clim\u00e1ticos e sociais - Portal Tela Portugal","isPartOf":{"@id":"https:\/\/portaltela.pt\/#website"},"primaryImageOfPage":{"@id":"https:\/\/portaltela.pt\/noticias\/2026\/02\/11\/cronica-de-um-pais-mal-aquecido-impactos-climaticos-e-sociais\/#primaryimage"},"image":{"@id":"https:\/\/portaltela.pt\/noticias\/2026\/02\/11\/cronica-de-um-pais-mal-aquecido-impactos-climaticos-e-sociais\/#primaryimage"},"thumbnailUrl":"https:\/\/portaltela.pt\/s.01k8rhncp4jt1\/2026\/02\/2066052.jpg","datePublished":"2026-02-11T10:06:00+00:00","author":{"@id":"https:\/\/portaltela.pt\/#\/schema\/person\/c4278d4a6028830caff9ee44b42d32ed"},"breadcrumb":{"@id":"https:\/\/portaltela.pt\/noticias\/2026\/02\/11\/cronica-de-um-pais-mal-aquecido-impactos-climaticos-e-sociais\/#breadcrumb"},"inLanguage":"pt-PT","potentialAction":[{"@type":"ReadAction","target":["https:\/\/portaltela.pt\/noticias\/2026\/02\/11\/cronica-de-um-pais-mal-aquecido-impactos-climaticos-e-sociais\/"]}]},{"@type":"ImageObject","inLanguage":"pt-PT","@id":"https:\/\/portaltela.pt\/noticias\/2026\/02\/11\/cronica-de-um-pais-mal-aquecido-impactos-climaticos-e-sociais\/#primaryimage","url":"https:\/\/portaltela.pt\/s.01k8rhncp4jt1\/2026\/02\/2066052.jpg","contentUrl":"https:\/\/portaltela.pt\/s.01k8rhncp4jt1\/2026\/02\/2066052.jpg","width":796,"height":448,"caption":"\u201cH\u00e1 um pa\u00eds que treme de frio no inverno e, pior, morre a tentar combat\u00ea-lo\u201d"},{"@type":"BreadcrumbList","@id":"https:\/\/portaltela.pt\/noticias\/2026\/02\/11\/cronica-de-um-pais-mal-aquecido-impactos-climaticos-e-sociais\/#breadcrumb","itemListElement":[{"@type":"ListItem","position":1,"name":"In\u00edcio","item":"https:\/\/portaltela.pt\/"},{"@type":"ListItem","position":2,"name":"Cr\u00f3nica de um pa\u00eds mal aquecido: impactos clim\u00e1ticos e sociais"}]},{"@type":"WebSite","@id":"https:\/\/portaltela.pt\/#website","url":"https:\/\/portaltela.pt\/","name":"Portal Tela Portugal","description":"","potentialAction":[{"@type":"SearchAction","target":{"@type":"EntryPoint","urlTemplate":"https:\/\/portaltela.pt\/?s={search_term_string}"},"query-input":{"@type":"PropertyValueSpecification","valueRequired":true,"valueName":"search_term_string"}}],"inLanguage":"pt-PT"},{"@type":"Person","@id":"https:\/\/portaltela.pt\/#\/schema\/person\/c4278d4a6028830caff9ee44b42d32ed","name":"Telinha","image":{"@type":"ImageObject","inLanguage":"pt-PT","@id":"https:\/\/portaltela.pt\/s.01k8rhncp4jt1\/2025\/11\/talking-bot-125x125.png","url":"https:\/\/portaltela.pt\/s.01k8rhncp4jt1\/2025\/11\/talking-bot-125x125.png","contentUrl":"https:\/\/portaltela.pt\/s.01k8rhncp4jt1\/2025\/11\/talking-bot-125x125.png","caption":"Telinha"},"sameAs":["https:\/\/portaltela.pt\/"],"url":"https:\/\/portaltela.pt\/por\/367410592786\/"}]}},"_links":{"self":[{"href":"https:\/\/portaltela.pt\/api\/wp\/v2\/posts\/207843","targetHints":{"allow":["GET"]}}],"collection":[{"href":"https:\/\/portaltela.pt\/api\/wp\/v2\/posts"}],"about":[{"href":"https:\/\/portaltela.pt\/api\/wp\/v2\/types\/post"}],"author":[{"embeddable":true,"href":"https:\/\/portaltela.pt\/api\/wp\/v2\/users\/2"}],"replies":[{"embeddable":true,"href":"https:\/\/portaltela.pt\/api\/wp\/v2\/comments?post=207843"}],"version-history":[{"count":0,"href":"https:\/\/portaltela.pt\/api\/wp\/v2\/posts\/207843\/revisions"}],"wp:featuredmedia":[{"embeddable":true,"href":"https:\/\/portaltela.pt\/api\/wp\/v2\/media\/207847"}],"wp:attachment":[{"href":"https:\/\/portaltela.pt\/api\/wp\/v2\/media?parent=207843"}],"wp:term":[{"taxonomy":"category","embeddable":true,"href":"https:\/\/portaltela.pt\/api\/wp\/v2\/categories?post=207843"},{"taxonomy":"post_tag","embeddable":true,"href":"https:\/\/portaltela.pt\/api\/wp\/v2\/tags?post=207843"}],"curies":[{"name":"wp","href":"https:\/\/api.w.org\/{rel}","templated":true}]}}