{"id":207837,"date":"2026-02-11T07:06:00","date_gmt":"2026-02-11T10:06:00","guid":{"rendered":"https:\/\/portaltela.pt\/noticias\/2026\/02\/11\/mau-tempo-provoca-queda-de-teto-na-estacao-do-heroismo\/"},"modified":"2026-02-11T07:06:00","modified_gmt":"2026-02-11T10:06:00","slug":"mau-tempo-provoca-queda-de-teto-na-estacao-do-heroismo","status":"publish","type":"post","link":"https:\/\/portaltela.pt\/noticias\/2026\/02\/11\/mau-tempo-provoca-queda-de-teto-na-estacao-do-heroismo\/","title":{"rendered":"Mau tempo provoca queda de teto na esta\u00e7\u00e3o do Hero\u00edsmo"},"content":{"rendered":"<p>Nesta quarta-feira de manh\u00e3, parte do teto da esta\u00e7\u00e3o do Hero\u00edsmo, no Porto, caiu, causando constrangimentos na circula\u00e7\u00e3o de passageiros. O incidente ocorreu no \u00e2mbito das condi\u00e7\u00f5es meteorol\u00f3gicas adversas em curso.<\/p>\n<p>A queda foi provocada pelo mau tempo e pelas chuvas intensas que t\u00eam afetado o pa\u00eds, levando a cortes tempor\u00e1rios na passagem de aturados e altera\u00e7\u00f5es de itiner\u00e1rios em v\u00e1rias linhas.<\/p>\n<p>A Metro do Porto n\u00e3o se pronunciou sobre o epis\u00f3dio at\u00e9 ao momento. N\u00e3o foram pedidos procedimentos de evacua\u00e7\u00e3o nem feridos confirmados, segundo fontes oficiais.<\/p>\n<p>As chuvas torrenciais mant\u00eam-se nos pr\u00f3ximos dias, com previs\u00f5es de tempestades e inunda\u00e7\u00f5es pontuais, agravando impactos no servi\u00e7o de metro e em outras infraestruturas urbanas.<\/p>\n","protected":false},"excerpt":{"rendered":"<ul>\n<li>O mau tempo provocou a queda de parte do teto da esta\u00e7\u00e3o do Hero\u00edsmo, no Porto.<\/li>\n<li>A ocorr\u00eancia ocorreu numa manh\u00e3 de quarta-feira e gerou constrangimentos \u00e0 circula\u00e7\u00e3o de passageiros.<\/li>\n<li>A Metro do Porto ainda n\u00e3o se pronunciou sobre o incidente.<\/li>\n<li>As chuvas torrenciais t\u00eam causado estragos por todo o pa\u00eds, com perspetiva de continuidade nos pr\u00f3ximos dias.<\/li>\n<\/ul>\n","protected":false},"author":2,"featured_media":207841,"comment_status":"closed","ping_status":"closed","sticky":false,"template":"","format":"standard","meta":{"footnotes":""},"categories":[1],"tags":[5487,5215,5329,3931,1615,982],"class_list":["post-207837","post","type-post","status-publish","format-standard","has-post-thumbnail","hentry","category-noticias","tag-acidente","tag-catastrofes-naturais","tag-chuva","tag-chuva-forte","tag-infraestrutura","tag-porto"],"yoast_head":"<!-- This site is optimized with the Yoast SEO plugin v27.2 - https:\/\/yoast.com\/product\/yoast-seo-wordpress\/ -->\n<title>Mau tempo provoca queda de teto na esta\u00e7\u00e3o do Hero\u00edsmo - Portal Tela Portugal<\/title>\n<meta name=\"robots\" content=\"index, follow, max-snippet:-1, max-image-preview:large, max-video-preview:-1\" \/>\n<meta property=\"og:locale\" content=\"pt_PT\" \/>\n<meta property=\"og:type\" content=\"article\" \/>\n<meta property=\"og:title\" content=\"Mau tempo provoca queda de teto na esta\u00e7\u00e3o do Hero\u00edsmo - Portal Tela Portugal\" \/>\n<meta property=\"og:description\" content=\"O mau tempo provocou a queda de parte do teto da esta\u00e7\u00e3o do Hero\u00edsmo, no Porto. A ocorr\u00eancia ocorreu numa manh\u00e3 de quarta-feira e gerou constrangimentos \u00e0 circula\u00e7\u00e3o de passageiros. A Metro do Porto ainda n\u00e3o se pronunciou sobre o incidente. As chuvas torrenciais t\u00eam causado estragos por todo o pa\u00eds, com perspetiva de continuidade nos pr\u00f3ximos dias.\" \/>\n<meta property=\"og:url\" content=\"https:\/\/portaltela.pt\/noticias\/2026\/02\/11\/mau-tempo-provoca-queda-de-teto-na-estacao-do-heroismo\/\" \/>\n<meta property=\"og:site_name\" content=\"Portal Tela Portugal\" \/>\n<meta property=\"article:published_time\" content=\"2026-02-11T10:06:00+00:00\" \/>\n<meta name=\"author\" content=\"Telinha\" \/>\n<meta name=\"twitter:card\" content=\"summary_large_image\" \/>\n<meta name=\"twitter:label1\" content=\"Escrito por\" \/>\n\t<meta name=\"twitter:data1\" content=\"Telinha\" \/>\n\t<meta name=\"twitter:label2\" content=\"Tempo estimado de leitura\" \/>\n\t<meta name=\"twitter:data2\" content=\"1 minuto\" \/>\n<script type=\"application\/ld+json\" class=\"yoast-schema-graph\">{\"@context\":\"https:\/\/schema.org\",\"@graph\":[{\"@type\":\"Article\",\"@id\":\"https:\/\/portaltela.pt\/noticias\/2026\/02\/11\/mau-tempo-provoca-queda-de-teto-na-estacao-do-heroismo\/#article\",\"isPartOf\":{\"@id\":\"https:\/\/portaltela.pt\/noticias\/2026\/02\/11\/mau-tempo-provoca-queda-de-teto-na-estacao-do-heroismo\/\"},\"author\":{\"name\":\"Telinha\",\"@id\":\"https:\/\/portaltela.pt\/#\/schema\/person\/c4278d4a6028830caff9ee44b42d32ed\"},\"headline\":\"Mau tempo provoca queda de teto na esta\u00e7\u00e3o do Hero\u00edsmo\",\"datePublished\":\"2026-02-11T10:06:00+00:00\",\"mainEntityOfPage\":{\"@id\":\"https:\/\/portaltela.pt\/noticias\/2026\/02\/11\/mau-tempo-provoca-queda-de-teto-na-estacao-do-heroismo\/\"},\"wordCount\":144,\"image\":{\"@id\":\"https:\/\/portaltela.pt\/noticias\/2026\/02\/11\/mau-tempo-provoca-queda-de-teto-na-estacao-do-heroismo\/#primaryimage\"},\"thumbnailUrl\":\"https:\/\/portaltela.pt\/s.01k8rhncp4jt1\/2026\/02\/image-840.jpg\",\"keywords\":[\"acidente\",\"cat\u00e1strofes naturais\",\"chuva\",\"chuva forte\",\"infraestrutura\",\"Porto\"],\"articleSection\":[\"Not\u00edcias\"],\"inLanguage\":\"pt-PT\"},{\"@type\":\"WebPage\",\"@id\":\"https:\/\/portaltela.pt\/noticias\/2026\/02\/11\/mau-tempo-provoca-queda-de-teto-na-estacao-do-heroismo\/\",\"url\":\"https:\/\/portaltela.pt\/noticias\/2026\/02\/11\/mau-tempo-provoca-queda-de-teto-na-estacao-do-heroismo\/\",\"name\":\"Mau tempo provoca queda de teto na esta\u00e7\u00e3o do Hero\u00edsmo - Portal Tela Portugal\",\"isPartOf\":{\"@id\":\"https:\/\/portaltela.pt\/#website\"},\"primaryImageOfPage\":{\"@id\":\"https:\/\/portaltela.pt\/noticias\/2026\/02\/11\/mau-tempo-provoca-queda-de-teto-na-estacao-do-heroismo\/#primaryimage\"},\"image\":{\"@id\":\"https:\/\/portaltela.pt\/noticias\/2026\/02\/11\/mau-tempo-provoca-queda-de-teto-na-estacao-do-heroismo\/#primaryimage\"},\"thumbnailUrl\":\"https:\/\/portaltela.pt\/s.01k8rhncp4jt1\/2026\/02\/image-840.jpg\",\"datePublished\":\"2026-02-11T10:06:00+00:00\",\"author\":{\"@id\":\"https:\/\/portaltela.pt\/#\/schema\/person\/c4278d4a6028830caff9ee44b42d32ed\"},\"breadcrumb\":{\"@id\":\"https:\/\/portaltela.pt\/noticias\/2026\/02\/11\/mau-tempo-provoca-queda-de-teto-na-estacao-do-heroismo\/#breadcrumb\"},\"inLanguage\":\"pt-PT\",\"potentialAction\":[{\"@type\":\"ReadAction\",\"target\":[\"https:\/\/portaltela.pt\/noticias\/2026\/02\/11\/mau-tempo-provoca-queda-de-teto-na-estacao-do-heroismo\/\"]}]},{\"@type\":\"ImageObject\",\"inLanguage\":\"pt-PT\",\"@id\":\"https:\/\/portaltela.pt\/noticias\/2026\/02\/11\/mau-tempo-provoca-queda-de-teto-na-estacao-do-heroismo\/#primaryimage\",\"url\":\"https:\/\/portaltela.pt\/s.01k8rhncp4jt1\/2026\/02\/image-840.jpg\",\"contentUrl\":\"https:\/\/portaltela.pt\/s.01k8rhncp4jt1\/2026\/02\/image-840.jpg\",\"width\":796,\"height\":448,\"caption\":\"Imagem de contexto do artigo Mau tempo provocou queda de teto na esta\u00e7\u00e3o do Hero\u00edsmo\"},{\"@type\":\"BreadcrumbList\",\"@id\":\"https:\/\/portaltela.pt\/noticias\/2026\/02\/11\/mau-tempo-provoca-queda-de-teto-na-estacao-do-heroismo\/#breadcrumb\",\"itemListElement\":[{\"@type\":\"ListItem\",\"position\":1,\"name\":\"In\u00edcio\",\"item\":\"https:\/\/portaltela.pt\/\"},{\"@type\":\"ListItem\",\"position\":2,\"name\":\"Mau tempo provoca queda de teto na esta\u00e7\u00e3o do Hero\u00edsmo\"}]},{\"@type\":\"WebSite\",\"@id\":\"https:\/\/portaltela.pt\/#website\",\"url\":\"https:\/\/portaltela.pt\/\",\"name\":\"Portal Tela Portugal\",\"description\":\"\",\"potentialAction\":[{\"@type\":\"SearchAction\",\"target\":{\"@type\":\"EntryPoint\",\"urlTemplate\":\"https:\/\/portaltela.pt\/?s={search_term_string}\"},\"query-input\":{\"@type\":\"PropertyValueSpecification\",\"valueRequired\":true,\"valueName\":\"search_term_string\"}}],\"inLanguage\":\"pt-PT\"},{\"@type\":\"Person\",\"@id\":\"https:\/\/portaltela.pt\/#\/schema\/person\/c4278d4a6028830caff9ee44b42d32ed\",\"name\":\"Telinha\",\"image\":{\"@type\":\"ImageObject\",\"inLanguage\":\"pt-PT\",\"@id\":\"https:\/\/portaltela.pt\/s.01k8rhncp4jt1\/2025\/11\/talking-bot-125x125.png\",\"url\":\"https:\/\/portaltela.pt\/s.01k8rhncp4jt1\/2025\/11\/talking-bot-125x125.png\",\"contentUrl\":\"https:\/\/portaltela.pt\/s.01k8rhncp4jt1\/2025\/11\/talking-bot-125x125.png\",\"caption\":\"Telinha\"},\"sameAs\":[\"https:\/\/portaltela.pt\/\"],\"url\":\"https:\/\/portaltela.pt\/por\/367410592786\/\"}]}<\/script>\n<!-- \/ Yoast SEO plugin. -->","yoast_head_json":{"title":"Mau tempo provoca queda de teto na esta\u00e7\u00e3o do Hero\u00edsmo - Portal Tela Portugal","robots":{"index":"index","follow":"follow","max-snippet":"max-snippet:-1","max-image-preview":"max-image-preview:large","max-video-preview":"max-video-preview:-1"},"og_locale":"pt_PT","og_type":"article","og_title":"Mau tempo provoca queda de teto na esta\u00e7\u00e3o do Hero\u00edsmo - Portal Tela Portugal","og_description":"O mau tempo provocou a queda de parte do teto da esta\u00e7\u00e3o do Hero\u00edsmo, no Porto. A ocorr\u00eancia ocorreu numa manh\u00e3 de quarta-feira e gerou constrangimentos \u00e0 circula\u00e7\u00e3o de passageiros. A Metro do Porto ainda n\u00e3o se pronunciou sobre o incidente. As chuvas torrenciais t\u00eam causado estragos por todo o pa\u00eds, com perspetiva de continuidade nos pr\u00f3ximos dias.","og_url":"https:\/\/portaltela.pt\/noticias\/2026\/02\/11\/mau-tempo-provoca-queda-de-teto-na-estacao-do-heroismo\/","og_site_name":"Portal Tela Portugal","article_published_time":"2026-02-11T10:06:00+00:00","author":"Telinha","twitter_card":"summary_large_image","twitter_misc":{"Escrito por":"Telinha","Tempo estimado de leitura":"1 minuto"},"schema":{"@context":"https:\/\/schema.org","@graph":[{"@type":"Article","@id":"https:\/\/portaltela.pt\/noticias\/2026\/02\/11\/mau-tempo-provoca-queda-de-teto-na-estacao-do-heroismo\/#article","isPartOf":{"@id":"https:\/\/portaltela.pt\/noticias\/2026\/02\/11\/mau-tempo-provoca-queda-de-teto-na-estacao-do-heroismo\/"},"author":{"name":"Telinha","@id":"https:\/\/portaltela.pt\/#\/schema\/person\/c4278d4a6028830caff9ee44b42d32ed"},"headline":"Mau tempo provoca queda de teto na esta\u00e7\u00e3o do Hero\u00edsmo","datePublished":"2026-02-11T10:06:00+00:00","mainEntityOfPage":{"@id":"https:\/\/portaltela.pt\/noticias\/2026\/02\/11\/mau-tempo-provoca-queda-de-teto-na-estacao-do-heroismo\/"},"wordCount":144,"image":{"@id":"https:\/\/portaltela.pt\/noticias\/2026\/02\/11\/mau-tempo-provoca-queda-de-teto-na-estacao-do-heroismo\/#primaryimage"},"thumbnailUrl":"https:\/\/portaltela.pt\/s.01k8rhncp4jt1\/2026\/02\/image-840.jpg","keywords":["acidente","cat\u00e1strofes naturais","chuva","chuva forte","infraestrutura","Porto"],"articleSection":["Not\u00edcias"],"inLanguage":"pt-PT"},{"@type":"WebPage","@id":"https:\/\/portaltela.pt\/noticias\/2026\/02\/11\/mau-tempo-provoca-queda-de-teto-na-estacao-do-heroismo\/","url":"https:\/\/portaltela.pt\/noticias\/2026\/02\/11\/mau-tempo-provoca-queda-de-teto-na-estacao-do-heroismo\/","name":"Mau tempo provoca queda de teto na esta\u00e7\u00e3o do Hero\u00edsmo - Portal Tela Portugal","isPartOf":{"@id":"https:\/\/portaltela.pt\/#website"},"primaryImageOfPage":{"@id":"https:\/\/portaltela.pt\/noticias\/2026\/02\/11\/mau-tempo-provoca-queda-de-teto-na-estacao-do-heroismo\/#primaryimage"},"image":{"@id":"https:\/\/portaltela.pt\/noticias\/2026\/02\/11\/mau-tempo-provoca-queda-de-teto-na-estacao-do-heroismo\/#primaryimage"},"thumbnailUrl":"https:\/\/portaltela.pt\/s.01k8rhncp4jt1\/2026\/02\/image-840.jpg","datePublished":"2026-02-11T10:06:00+00:00","author":{"@id":"https:\/\/portaltela.pt\/#\/schema\/person\/c4278d4a6028830caff9ee44b42d32ed"},"breadcrumb":{"@id":"https:\/\/portaltela.pt\/noticias\/2026\/02\/11\/mau-tempo-provoca-queda-de-teto-na-estacao-do-heroismo\/#breadcrumb"},"inLanguage":"pt-PT","potentialAction":[{"@type":"ReadAction","target":["https:\/\/portaltela.pt\/noticias\/2026\/02\/11\/mau-tempo-provoca-queda-de-teto-na-estacao-do-heroismo\/"]}]},{"@type":"ImageObject","inLanguage":"pt-PT","@id":"https:\/\/portaltela.pt\/noticias\/2026\/02\/11\/mau-tempo-provoca-queda-de-teto-na-estacao-do-heroismo\/#primaryimage","url":"https:\/\/portaltela.pt\/s.01k8rhncp4jt1\/2026\/02\/image-840.jpg","contentUrl":"https:\/\/portaltela.pt\/s.01k8rhncp4jt1\/2026\/02\/image-840.jpg","width":796,"height":448,"caption":"Imagem de contexto do artigo Mau tempo provocou queda de teto na esta\u00e7\u00e3o do Hero\u00edsmo"},{"@type":"BreadcrumbList","@id":"https:\/\/portaltela.pt\/noticias\/2026\/02\/11\/mau-tempo-provoca-queda-de-teto-na-estacao-do-heroismo\/#breadcrumb","itemListElement":[{"@type":"ListItem","position":1,"name":"In\u00edcio","item":"https:\/\/portaltela.pt\/"},{"@type":"ListItem","position":2,"name":"Mau tempo provoca queda de teto na esta\u00e7\u00e3o do Hero\u00edsmo"}]},{"@type":"WebSite","@id":"https:\/\/portaltela.pt\/#website","url":"https:\/\/portaltela.pt\/","name":"Portal Tela Portugal","description":"","potentialAction":[{"@type":"SearchAction","target":{"@type":"EntryPoint","urlTemplate":"https:\/\/portaltela.pt\/?s={search_term_string}"},"query-input":{"@type":"PropertyValueSpecification","valueRequired":true,"valueName":"search_term_string"}}],"inLanguage":"pt-PT"},{"@type":"Person","@id":"https:\/\/portaltela.pt\/#\/schema\/person\/c4278d4a6028830caff9ee44b42d32ed","name":"Telinha","image":{"@type":"ImageObject","inLanguage":"pt-PT","@id":"https:\/\/portaltela.pt\/s.01k8rhncp4jt1\/2025\/11\/talking-bot-125x125.png","url":"https:\/\/portaltela.pt\/s.01k8rhncp4jt1\/2025\/11\/talking-bot-125x125.png","contentUrl":"https:\/\/portaltela.pt\/s.01k8rhncp4jt1\/2025\/11\/talking-bot-125x125.png","caption":"Telinha"},"sameAs":["https:\/\/portaltela.pt\/"],"url":"https:\/\/portaltela.pt\/por\/367410592786\/"}]}},"_links":{"self":[{"href":"https:\/\/portaltela.pt\/api\/wp\/v2\/posts\/207837","targetHints":{"allow":["GET"]}}],"collection":[{"href":"https:\/\/portaltela.pt\/api\/wp\/v2\/posts"}],"about":[{"href":"https:\/\/portaltela.pt\/api\/wp\/v2\/types\/post"}],"author":[{"embeddable":true,"href":"https:\/\/portaltela.pt\/api\/wp\/v2\/users\/2"}],"replies":[{"embeddable":true,"href":"https:\/\/portaltela.pt\/api\/wp\/v2\/comments?post=207837"}],"version-history":[{"count":0,"href":"https:\/\/portaltela.pt\/api\/wp\/v2\/posts\/207837\/revisions"}],"wp:featuredmedia":[{"embeddable":true,"href":"https:\/\/portaltela.pt\/api\/wp\/v2\/media\/207841"}],"wp:attachment":[{"href":"https:\/\/portaltela.pt\/api\/wp\/v2\/media?parent=207837"}],"wp:term":[{"taxonomy":"category","embeddable":true,"href":"https:\/\/portaltela.pt\/api\/wp\/v2\/categories?post=207837"},{"taxonomy":"post_tag","embeddable":true,"href":"https:\/\/portaltela.pt\/api\/wp\/v2\/tags?post=207837"}],"curies":[{"name":"wp","href":"https:\/\/api.w.org\/{rel}","templated":true}]}}