{"id":207835,"date":"2026-02-11T07:10:05","date_gmt":"2026-02-11T10:10:05","guid":{"rendered":"https:\/\/portaltela.pt\/noticias\/2026\/02\/11\/carlos-moedas-conquista-maioria-absoluta-com-vereadora-que-se-desfilou-do-chega\/"},"modified":"2026-02-11T07:10:05","modified_gmt":"2026-02-11T10:10:05","slug":"carlos-moedas-conquista-maioria-absoluta-com-vereadora-que-se-desfilou-do-chega","status":"publish","type":"post","link":"https:\/\/portaltela.pt\/noticias\/politica\/2026\/02\/11\/carlos-moedas-conquista-maioria-absoluta-com-vereadora-que-se-desfilou-do-chega\/","title":{"rendered":"Carlos Moedas conquista maioria absoluta com vereadora que se desfilou do Chega"},"content":{"rendered":"<p>O presidente da C\u00e2mara de Lisboa, Carlos Moedas (PSD), vai governar com maioria absoluta ao delegar compet\u00eancias na vereadora independente Ana Sim\u00f5es Silva, ex-Chega. A decis\u00e3o foi anunciada pela autarquia na quarta-feira.<\/p>\n<p>A C\u00e2mara convocou uma reuni\u00e3o extraordin\u00e1ria do executivo para sexta-feira para fixar em oito o n\u00famero de vereadores em regime de tempo inteiro. Ana Sim\u00f5es Silva ficar\u00e1 com os pelouros da Sa\u00fade e do Desperd\u00edcio Alimentar, e ter\u00e1 compet\u00eancias no \u00e2mbito do grupo de trabalho respons\u00e1vel pelas candidaturas a projetos europeus.<\/p>\n<p>Com a mudan\u00e7a, a maioria passa a ser de nove vereadores, num total de 17. A autarquia afirma que o objetivo \u00e9 refor\u00e7ar a governa\u00e7\u00e3o est\u00e1vel e coesa do munic\u00edpio, permitindo ao executivo liderado por Moedas concretizar o programa para o quadri\u00e9nio 2025-2029.<\/p>\n","protected":false},"excerpt":{"rendered":"<ul>\n<li>O presidente da C\u00e2mara de Lisboa, Carlos Moedas (PSD), passar\u00e1 a governar com maioria absoluta.<\/li>\n<li>Ana Sim\u00f5es Silva, vereadora independente que se desfiliou do Chega em janeiro, passa a regime de tempo inteiro.<\/li>\n<li>Moedas convocou uma reuni\u00e3o extraordin\u00e1ria do executivo para sexta-feira para fixar oito vereadores em tempo inteiro.<\/li>\n<li>A vereadora vai ficar respons\u00e1vel pelos pelouros da Sa\u00fade e do Desperd\u00edcio Alimentar, e ter\u00e1 compet\u00eancias no grupo de trabalho de candidaturas a projetos europeus.<\/li>\n<li>Com a mudan\u00e7a, passa a haver nove eleitos em maioria absoluta (de um total de dezessete), o que refor\u00e7a a estabilidade da governa\u00e7\u00e3o para o quadri\u00e9nio 2025-2029.<\/li>\n<\/ul>\n","protected":false},"author":2,"featured_media":207840,"comment_status":"closed","ping_status":"closed","sticky":false,"template":"","format":"standard","meta":{"footnotes":""},"categories":[1,5],"tags":[3948,2142,34,981,2832,3695],"class_list":["post-207835","post","type-post","status-publish","format-standard","has-post-thumbnail","hentry","category-noticias","category-politica","tag-carlos-moedas","tag-chega","tag-governo","tag-lisboa","tag-politica","tag-psd"],"yoast_head":"<!-- This site is optimized with the Yoast SEO plugin v27.2 - https:\/\/yoast.com\/product\/yoast-seo-wordpress\/ -->\n<title>Carlos Moedas conquista maioria absoluta com vereadora que se desfilou do Chega - Portal Tela Portugal<\/title>\n<meta name=\"robots\" content=\"index, follow, max-snippet:-1, max-image-preview:large, max-video-preview:-1\" \/>\n<meta property=\"og:locale\" content=\"pt_PT\" \/>\n<meta property=\"og:type\" content=\"article\" \/>\n<meta property=\"og:title\" content=\"Carlos Moedas conquista maioria absoluta com vereadora que se desfilou do Chega - Portal Tela Portugal\" \/>\n<meta property=\"og:description\" content=\"O presidente da C\u00e2mara de Lisboa, Carlos Moedas (PSD), passar\u00e1 a governar com maioria absoluta. Ana Sim\u00f5es Silva, vereadora independente que se desfiliou do Chega em janeiro, passa a regime de tempo inteiro. Moedas convocou uma reuni\u00e3o extraordin\u00e1ria do executivo para sexta-feira para fixar oito vereadores em tempo inteiro. A vereadora vai ficar respons\u00e1vel pelos pelouros da Sa\u00fade e do Desperd\u00edcio Alimentar, e ter\u00e1 compet\u00eancias no grupo de trabalho de candidaturas a projetos europeus. Com a mudan\u00e7a, passa a haver nove eleitos em maioria absoluta (de um total de dezessete), o que refor\u00e7a a estabilidade da governa\u00e7\u00e3o para o quadri\u00e9nio 2025-2029.\" \/>\n<meta property=\"og:url\" content=\"https:\/\/portaltela.pt\/noticias\/2026\/02\/11\/carlos-moedas-conquista-maioria-absoluta-com-vereadora-que-se-desfilou-do-chega\/\" \/>\n<meta property=\"og:site_name\" content=\"Portal Tela Portugal\" \/>\n<meta property=\"article:published_time\" content=\"2026-02-11T10:10:05+00:00\" \/>\n<meta name=\"author\" content=\"Telinha\" \/>\n<meta name=\"twitter:card\" content=\"summary_large_image\" \/>\n<meta name=\"twitter:label1\" content=\"Escrito por\" \/>\n\t<meta name=\"twitter:data1\" content=\"Telinha\" \/>\n\t<meta name=\"twitter:label2\" content=\"Tempo estimado de leitura\" \/>\n\t<meta name=\"twitter:data2\" content=\"1 minuto\" \/>\n<script type=\"application\/ld+json\" class=\"yoast-schema-graph\">{\"@context\":\"https:\/\/schema.org\",\"@graph\":[{\"@type\":\"Article\",\"@id\":\"https:\/\/portaltela.pt\/noticias\/2026\/02\/11\/carlos-moedas-conquista-maioria-absoluta-com-vereadora-que-se-desfilou-do-chega\/#article\",\"isPartOf\":{\"@id\":\"https:\/\/portaltela.pt\/noticias\/2026\/02\/11\/carlos-moedas-conquista-maioria-absoluta-com-vereadora-que-se-desfilou-do-chega\/\"},\"author\":{\"name\":\"Telinha\",\"@id\":\"https:\/\/portaltela.pt\/#\/schema\/person\/c4278d4a6028830caff9ee44b42d32ed\"},\"headline\":\"Carlos Moedas conquista maioria absoluta com vereadora que se desfilou do Chega\",\"datePublished\":\"2026-02-11T10:10:05+00:00\",\"mainEntityOfPage\":{\"@id\":\"https:\/\/portaltela.pt\/noticias\/2026\/02\/11\/carlos-moedas-conquista-maioria-absoluta-com-vereadora-que-se-desfilou-do-chega\/\"},\"wordCount\":155,\"image\":{\"@id\":\"https:\/\/portaltela.pt\/noticias\/2026\/02\/11\/carlos-moedas-conquista-maioria-absoluta-com-vereadora-que-se-desfilou-do-chega\/#primaryimage\"},\"thumbnailUrl\":\"https:\/\/portaltela.pt\/s.01k8rhncp4jt1\/2026\/02\/img_1500x1000uu2025-10-13-00-53-21-2241224.jpg\",\"keywords\":[\"Carlos Moedas\",\"CHEGA\",\"governo\",\"Lisboa\",\"pol\u00edtica\",\"PSD\"],\"articleSection\":[\"Not\u00edcias\",\"Pol\u00edtica\"],\"inLanguage\":\"pt-PT\"},{\"@type\":\"WebPage\",\"@id\":\"https:\/\/portaltela.pt\/noticias\/2026\/02\/11\/carlos-moedas-conquista-maioria-absoluta-com-vereadora-que-se-desfilou-do-chega\/\",\"url\":\"https:\/\/portaltela.pt\/noticias\/2026\/02\/11\/carlos-moedas-conquista-maioria-absoluta-com-vereadora-que-se-desfilou-do-chega\/\",\"name\":\"Carlos Moedas conquista maioria absoluta com vereadora que se desfilou do Chega - Portal Tela Portugal\",\"isPartOf\":{\"@id\":\"https:\/\/portaltela.pt\/#website\"},\"primaryImageOfPage\":{\"@id\":\"https:\/\/portaltela.pt\/noticias\/2026\/02\/11\/carlos-moedas-conquista-maioria-absoluta-com-vereadora-que-se-desfilou-do-chega\/#primaryimage\"},\"image\":{\"@id\":\"https:\/\/portaltela.pt\/noticias\/2026\/02\/11\/carlos-moedas-conquista-maioria-absoluta-com-vereadora-que-se-desfilou-do-chega\/#primaryimage\"},\"thumbnailUrl\":\"https:\/\/portaltela.pt\/s.01k8rhncp4jt1\/2026\/02\/img_1500x1000uu2025-10-13-00-53-21-2241224.jpg\",\"datePublished\":\"2026-02-11T10:10:05+00:00\",\"author\":{\"@id\":\"https:\/\/portaltela.pt\/#\/schema\/person\/c4278d4a6028830caff9ee44b42d32ed\"},\"breadcrumb\":{\"@id\":\"https:\/\/portaltela.pt\/noticias\/2026\/02\/11\/carlos-moedas-conquista-maioria-absoluta-com-vereadora-que-se-desfilou-do-chega\/#breadcrumb\"},\"inLanguage\":\"pt-PT\",\"potentialAction\":[{\"@type\":\"ReadAction\",\"target\":[\"https:\/\/portaltela.pt\/noticias\/2026\/02\/11\/carlos-moedas-conquista-maioria-absoluta-com-vereadora-que-se-desfilou-do-chega\/\"]}]},{\"@type\":\"ImageObject\",\"inLanguage\":\"pt-PT\",\"@id\":\"https:\/\/portaltela.pt\/noticias\/2026\/02\/11\/carlos-moedas-conquista-maioria-absoluta-com-vereadora-que-se-desfilou-do-chega\/#primaryimage\",\"url\":\"https:\/\/portaltela.pt\/s.01k8rhncp4jt1\/2026\/02\/img_1500x1000uu2025-10-13-00-53-21-2241224.jpg\",\"contentUrl\":\"https:\/\/portaltela.pt\/s.01k8rhncp4jt1\/2026\/02\/img_1500x1000uu2025-10-13-00-53-21-2241224.jpg\",\"width\":796,\"height\":448,\"caption\":\"Carlos Moedas\"},{\"@type\":\"BreadcrumbList\",\"@id\":\"https:\/\/portaltela.pt\/noticias\/2026\/02\/11\/carlos-moedas-conquista-maioria-absoluta-com-vereadora-que-se-desfilou-do-chega\/#breadcrumb\",\"itemListElement\":[{\"@type\":\"ListItem\",\"position\":1,\"name\":\"In\u00edcio\",\"item\":\"https:\/\/portaltela.pt\/\"},{\"@type\":\"ListItem\",\"position\":2,\"name\":\"Carlos Moedas conquista maioria absoluta com vereadora que se desfilou do Chega\"}]},{\"@type\":\"WebSite\",\"@id\":\"https:\/\/portaltela.pt\/#website\",\"url\":\"https:\/\/portaltela.pt\/\",\"name\":\"Portal Tela Portugal\",\"description\":\"\",\"potentialAction\":[{\"@type\":\"SearchAction\",\"target\":{\"@type\":\"EntryPoint\",\"urlTemplate\":\"https:\/\/portaltela.pt\/?s={search_term_string}\"},\"query-input\":{\"@type\":\"PropertyValueSpecification\",\"valueRequired\":true,\"valueName\":\"search_term_string\"}}],\"inLanguage\":\"pt-PT\"},{\"@type\":\"Person\",\"@id\":\"https:\/\/portaltela.pt\/#\/schema\/person\/c4278d4a6028830caff9ee44b42d32ed\",\"name\":\"Telinha\",\"image\":{\"@type\":\"ImageObject\",\"inLanguage\":\"pt-PT\",\"@id\":\"https:\/\/portaltela.pt\/s.01k8rhncp4jt1\/2025\/11\/talking-bot-125x125.png\",\"url\":\"https:\/\/portaltela.pt\/s.01k8rhncp4jt1\/2025\/11\/talking-bot-125x125.png\",\"contentUrl\":\"https:\/\/portaltela.pt\/s.01k8rhncp4jt1\/2025\/11\/talking-bot-125x125.png\",\"caption\":\"Telinha\"},\"sameAs\":[\"https:\/\/portaltela.pt\/\"],\"url\":\"https:\/\/portaltela.pt\/por\/367410592786\/\"}]}<\/script>\n<!-- \/ Yoast SEO plugin. -->","yoast_head_json":{"title":"Carlos Moedas conquista maioria absoluta com vereadora que se desfilou do Chega - Portal Tela Portugal","robots":{"index":"index","follow":"follow","max-snippet":"max-snippet:-1","max-image-preview":"max-image-preview:large","max-video-preview":"max-video-preview:-1"},"og_locale":"pt_PT","og_type":"article","og_title":"Carlos Moedas conquista maioria absoluta com vereadora que se desfilou do Chega - Portal Tela Portugal","og_description":"O presidente da C\u00e2mara de Lisboa, Carlos Moedas (PSD), passar\u00e1 a governar com maioria absoluta. Ana Sim\u00f5es Silva, vereadora independente que se desfiliou do Chega em janeiro, passa a regime de tempo inteiro. Moedas convocou uma reuni\u00e3o extraordin\u00e1ria do executivo para sexta-feira para fixar oito vereadores em tempo inteiro. A vereadora vai ficar respons\u00e1vel pelos pelouros da Sa\u00fade e do Desperd\u00edcio Alimentar, e ter\u00e1 compet\u00eancias no grupo de trabalho de candidaturas a projetos europeus. Com a mudan\u00e7a, passa a haver nove eleitos em maioria absoluta (de um total de dezessete), o que refor\u00e7a a estabilidade da governa\u00e7\u00e3o para o quadri\u00e9nio 2025-2029.","og_url":"https:\/\/portaltela.pt\/noticias\/2026\/02\/11\/carlos-moedas-conquista-maioria-absoluta-com-vereadora-que-se-desfilou-do-chega\/","og_site_name":"Portal Tela Portugal","article_published_time":"2026-02-11T10:10:05+00:00","author":"Telinha","twitter_card":"summary_large_image","twitter_misc":{"Escrito por":"Telinha","Tempo estimado de leitura":"1 minuto"},"schema":{"@context":"https:\/\/schema.org","@graph":[{"@type":"Article","@id":"https:\/\/portaltela.pt\/noticias\/2026\/02\/11\/carlos-moedas-conquista-maioria-absoluta-com-vereadora-que-se-desfilou-do-chega\/#article","isPartOf":{"@id":"https:\/\/portaltela.pt\/noticias\/2026\/02\/11\/carlos-moedas-conquista-maioria-absoluta-com-vereadora-que-se-desfilou-do-chega\/"},"author":{"name":"Telinha","@id":"https:\/\/portaltela.pt\/#\/schema\/person\/c4278d4a6028830caff9ee44b42d32ed"},"headline":"Carlos Moedas conquista maioria absoluta com vereadora que se desfilou do Chega","datePublished":"2026-02-11T10:10:05+00:00","mainEntityOfPage":{"@id":"https:\/\/portaltela.pt\/noticias\/2026\/02\/11\/carlos-moedas-conquista-maioria-absoluta-com-vereadora-que-se-desfilou-do-chega\/"},"wordCount":155,"image":{"@id":"https:\/\/portaltela.pt\/noticias\/2026\/02\/11\/carlos-moedas-conquista-maioria-absoluta-com-vereadora-que-se-desfilou-do-chega\/#primaryimage"},"thumbnailUrl":"https:\/\/portaltela.pt\/s.01k8rhncp4jt1\/2026\/02\/img_1500x1000uu2025-10-13-00-53-21-2241224.jpg","keywords":["Carlos Moedas","CHEGA","governo","Lisboa","pol\u00edtica","PSD"],"articleSection":["Not\u00edcias","Pol\u00edtica"],"inLanguage":"pt-PT"},{"@type":"WebPage","@id":"https:\/\/portaltela.pt\/noticias\/2026\/02\/11\/carlos-moedas-conquista-maioria-absoluta-com-vereadora-que-se-desfilou-do-chega\/","url":"https:\/\/portaltela.pt\/noticias\/2026\/02\/11\/carlos-moedas-conquista-maioria-absoluta-com-vereadora-que-se-desfilou-do-chega\/","name":"Carlos Moedas conquista maioria absoluta com vereadora que se desfilou do Chega - Portal Tela Portugal","isPartOf":{"@id":"https:\/\/portaltela.pt\/#website"},"primaryImageOfPage":{"@id":"https:\/\/portaltela.pt\/noticias\/2026\/02\/11\/carlos-moedas-conquista-maioria-absoluta-com-vereadora-que-se-desfilou-do-chega\/#primaryimage"},"image":{"@id":"https:\/\/portaltela.pt\/noticias\/2026\/02\/11\/carlos-moedas-conquista-maioria-absoluta-com-vereadora-que-se-desfilou-do-chega\/#primaryimage"},"thumbnailUrl":"https:\/\/portaltela.pt\/s.01k8rhncp4jt1\/2026\/02\/img_1500x1000uu2025-10-13-00-53-21-2241224.jpg","datePublished":"2026-02-11T10:10:05+00:00","author":{"@id":"https:\/\/portaltela.pt\/#\/schema\/person\/c4278d4a6028830caff9ee44b42d32ed"},"breadcrumb":{"@id":"https:\/\/portaltela.pt\/noticias\/2026\/02\/11\/carlos-moedas-conquista-maioria-absoluta-com-vereadora-que-se-desfilou-do-chega\/#breadcrumb"},"inLanguage":"pt-PT","potentialAction":[{"@type":"ReadAction","target":["https:\/\/portaltela.pt\/noticias\/2026\/02\/11\/carlos-moedas-conquista-maioria-absoluta-com-vereadora-que-se-desfilou-do-chega\/"]}]},{"@type":"ImageObject","inLanguage":"pt-PT","@id":"https:\/\/portaltela.pt\/noticias\/2026\/02\/11\/carlos-moedas-conquista-maioria-absoluta-com-vereadora-que-se-desfilou-do-chega\/#primaryimage","url":"https:\/\/portaltela.pt\/s.01k8rhncp4jt1\/2026\/02\/img_1500x1000uu2025-10-13-00-53-21-2241224.jpg","contentUrl":"https:\/\/portaltela.pt\/s.01k8rhncp4jt1\/2026\/02\/img_1500x1000uu2025-10-13-00-53-21-2241224.jpg","width":796,"height":448,"caption":"Carlos Moedas"},{"@type":"BreadcrumbList","@id":"https:\/\/portaltela.pt\/noticias\/2026\/02\/11\/carlos-moedas-conquista-maioria-absoluta-com-vereadora-que-se-desfilou-do-chega\/#breadcrumb","itemListElement":[{"@type":"ListItem","position":1,"name":"In\u00edcio","item":"https:\/\/portaltela.pt\/"},{"@type":"ListItem","position":2,"name":"Carlos Moedas conquista maioria absoluta com vereadora que se desfilou do Chega"}]},{"@type":"WebSite","@id":"https:\/\/portaltela.pt\/#website","url":"https:\/\/portaltela.pt\/","name":"Portal Tela Portugal","description":"","potentialAction":[{"@type":"SearchAction","target":{"@type":"EntryPoint","urlTemplate":"https:\/\/portaltela.pt\/?s={search_term_string}"},"query-input":{"@type":"PropertyValueSpecification","valueRequired":true,"valueName":"search_term_string"}}],"inLanguage":"pt-PT"},{"@type":"Person","@id":"https:\/\/portaltela.pt\/#\/schema\/person\/c4278d4a6028830caff9ee44b42d32ed","name":"Telinha","image":{"@type":"ImageObject","inLanguage":"pt-PT","@id":"https:\/\/portaltela.pt\/s.01k8rhncp4jt1\/2025\/11\/talking-bot-125x125.png","url":"https:\/\/portaltela.pt\/s.01k8rhncp4jt1\/2025\/11\/talking-bot-125x125.png","contentUrl":"https:\/\/portaltela.pt\/s.01k8rhncp4jt1\/2025\/11\/talking-bot-125x125.png","caption":"Telinha"},"sameAs":["https:\/\/portaltela.pt\/"],"url":"https:\/\/portaltela.pt\/por\/367410592786\/"}]}},"_links":{"self":[{"href":"https:\/\/portaltela.pt\/api\/wp\/v2\/posts\/207835","targetHints":{"allow":["GET"]}}],"collection":[{"href":"https:\/\/portaltela.pt\/api\/wp\/v2\/posts"}],"about":[{"href":"https:\/\/portaltela.pt\/api\/wp\/v2\/types\/post"}],"author":[{"embeddable":true,"href":"https:\/\/portaltela.pt\/api\/wp\/v2\/users\/2"}],"replies":[{"embeddable":true,"href":"https:\/\/portaltela.pt\/api\/wp\/v2\/comments?post=207835"}],"version-history":[{"count":0,"href":"https:\/\/portaltela.pt\/api\/wp\/v2\/posts\/207835\/revisions"}],"wp:featuredmedia":[{"embeddable":true,"href":"https:\/\/portaltela.pt\/api\/wp\/v2\/media\/207840"}],"wp:attachment":[{"href":"https:\/\/portaltela.pt\/api\/wp\/v2\/media?parent=207835"}],"wp:term":[{"taxonomy":"category","embeddable":true,"href":"https:\/\/portaltela.pt\/api\/wp\/v2\/categories?post=207835"},{"taxonomy":"post_tag","embeddable":true,"href":"https:\/\/portaltela.pt\/api\/wp\/v2\/tags?post=207835"}],"curies":[{"name":"wp","href":"https:\/\/api.w.org\/{rel}","templated":true}]}}