{"id":207806,"date":"2026-02-11T06:55:00","date_gmt":"2026-02-11T09:55:00","guid":{"rendered":"https:\/\/portaltela.pt\/noticias\/2026\/02\/11\/man-city-provoca-united-com-foto-de-haaland-a-deixar-crescer-o-cabelo\/"},"modified":"2026-02-11T06:55:00","modified_gmt":"2026-02-11T09:55:00","slug":"man-city-provoca-united-com-foto-de-haaland-a-deixar-crescer-o-cabelo","status":"publish","type":"post","link":"https:\/\/portaltela.pt\/desporto\/futebol\/2026\/02\/11\/man-city-provoca-united-com-foto-de-haaland-a-deixar-crescer-o-cabelo\/","title":{"rendered":"Man. City provoca United com foto de Haaland a deixar crescer o cabelo"},"content":{"rendered":"<p>O Manchester United empatou 1-1 com o West Ham, em jogo marcado pelo regresso de Nuno Esp\u00edrito Santo a orientar o West Ham. O resultado foi divulgado no \u00faltimo fim de semana, em contexto de grande aten\u00e7\u00e3o medi\u00e1tica.<\/p>\n<p>Pouco depois, o Manchester City utilizou as redes sociais para provocar o rival, atrav\u00e9s de uma imagem de Erling Haaland com o cabelo solto. A refer\u00eancia envolve Frank Ilett, conhecido adepto dos Reds que prometeu cortar o cabelo se o United vencesse cinco jogos seguidos.<\/p>\n<p>Na publica\u00e7\u00e3o, a legenda sugeriu que n\u00e3o existe problema em deixar crescer o cabelo, numa leitura direta \u00e0 promessa do adepto. A imagem foi partilhada apenas na conta do City dedicada aos Estados Unidos.<\/p>\n<p>A legenda e a escolha da imagem causaram reac\u00e7\u00f5es entre f\u00e3s e comentadores, sem confirma\u00e7\u00e3o oficial de qualquer rela\u00e7\u00e3o entre as equipas. A a\u00e7\u00e3o insere-se no habitual confronto entre rivais de Manchester nas redes sociais.<\/p>\n","protected":false},"excerpt":{"rendered":"<ul>\n<li>O Manchester City utilizou as redes sociais para provocar o Manchester United ap\u00f3s o empate do United com o West Ham (1-1).<\/li>\n<li>A provoca\u00e7ao veio na forma de uma foto de Erling Haaland com o cabelo solto, recebida como refer\u00eancia ao adepto Frank Ilett.<\/li>\n<li>Frank Ilett tinha prometido cortar o cabelo se o United vencesse cinco jogos seguidos, promessa que ainda n\u00e3o se cumpriu.<\/li>\n<li>A publica\u00e7\u00e3o foi publicada apenas na conta do City dedicada aos Estados Unidos.<\/li>\n<\/ul>\n","protected":false},"author":2,"featured_media":207807,"comment_status":"closed","ping_status":"closed","sticky":false,"template":"","format":"standard","meta":{"footnotes":""},"categories":[21,24],"tags":[152,3396,32,3338,1980,3187],"class_list":["post-207806","post","type-post","status-publish","format-standard","has-post-thumbnail","hentry","category-desporto","category-futebol","tag-desporto","tag-erling-haaland","tag-futebol","tag-futebol-internacional","tag-manchester-city","tag-manchester-united"],"yoast_head":"<!-- This site is optimized with the Yoast SEO plugin v27.2 - https:\/\/yoast.com\/product\/yoast-seo-wordpress\/ -->\n<title>Man. City provoca United com foto de Haaland a deixar crescer o cabelo - Portal Tela Portugal<\/title>\n<meta name=\"robots\" content=\"index, follow, max-snippet:-1, max-image-preview:large, max-video-preview:-1\" \/>\n<meta property=\"og:locale\" content=\"pt_PT\" \/>\n<meta property=\"og:type\" content=\"article\" \/>\n<meta property=\"og:title\" content=\"Man. City provoca United com foto de Haaland a deixar crescer o cabelo - Portal Tela Portugal\" \/>\n<meta property=\"og:description\" content=\"O Manchester City utilizou as redes sociais para provocar o Manchester United ap\u00f3s o empate do United com o West Ham (1-1). A provoca\u00e7ao veio na forma de uma foto de Erling Haaland com o cabelo solto, recebida como refer\u00eancia ao adepto Frank Ilett. Frank Ilett tinha prometido cortar o cabelo se o United vencesse cinco jogos seguidos, promessa que ainda n\u00e3o se cumpriu. A publica\u00e7\u00e3o foi publicada apenas na conta do City dedicada aos Estados Unidos.\" \/>\n<meta property=\"og:url\" content=\"https:\/\/portaltela.pt\/noticias\/2026\/02\/11\/man-city-provoca-united-com-foto-de-haaland-a-deixar-crescer-o-cabelo\/\" \/>\n<meta property=\"og:site_name\" content=\"Portal Tela Portugal\" \/>\n<meta property=\"article:published_time\" content=\"2026-02-11T09:55:00+00:00\" \/>\n<meta name=\"author\" content=\"Telinha\" \/>\n<meta name=\"twitter:card\" content=\"summary_large_image\" \/>\n<meta name=\"twitter:label1\" content=\"Escrito por\" \/>\n\t<meta name=\"twitter:data1\" content=\"Telinha\" \/>\n\t<meta name=\"twitter:label2\" content=\"Tempo estimado de leitura\" \/>\n\t<meta name=\"twitter:data2\" content=\"1 minuto\" \/>\n<script type=\"application\/ld+json\" class=\"yoast-schema-graph\">{\"@context\":\"https:\/\/schema.org\",\"@graph\":[{\"@type\":\"Article\",\"@id\":\"https:\/\/portaltela.pt\/noticias\/2026\/02\/11\/man-city-provoca-united-com-foto-de-haaland-a-deixar-crescer-o-cabelo\/#article\",\"isPartOf\":{\"@id\":\"https:\/\/portaltela.pt\/noticias\/2026\/02\/11\/man-city-provoca-united-com-foto-de-haaland-a-deixar-crescer-o-cabelo\/\"},\"author\":{\"name\":\"Telinha\",\"@id\":\"https:\/\/portaltela.pt\/#\/schema\/person\/c4278d4a6028830caff9ee44b42d32ed\"},\"headline\":\"Man. City provoca United com foto de Haaland a deixar crescer o cabelo\",\"datePublished\":\"2026-02-11T09:55:00+00:00\",\"mainEntityOfPage\":{\"@id\":\"https:\/\/portaltela.pt\/noticias\/2026\/02\/11\/man-city-provoca-united-com-foto-de-haaland-a-deixar-crescer-o-cabelo\/\"},\"wordCount\":176,\"image\":{\"@id\":\"https:\/\/portaltela.pt\/noticias\/2026\/02\/11\/man-city-provoca-united-com-foto-de-haaland-a-deixar-crescer-o-cabelo\/#primaryimage\"},\"thumbnailUrl\":\"https:\/\/portaltela.pt\/s.01k8rhncp4jt1\/2026\/02\/img_1200x721uu2026-02-10-22-11-23-2420854-1.jpg\",\"keywords\":[\"desporto\",\"Erling Haaland\",\"futebol\",\"futebol internacional\",\"Manchester City\",\"Manchester United\"],\"articleSection\":[\"Desporto\",\"Futebol\"],\"inLanguage\":\"pt-PT\"},{\"@type\":\"WebPage\",\"@id\":\"https:\/\/portaltela.pt\/noticias\/2026\/02\/11\/man-city-provoca-united-com-foto-de-haaland-a-deixar-crescer-o-cabelo\/\",\"url\":\"https:\/\/portaltela.pt\/noticias\/2026\/02\/11\/man-city-provoca-united-com-foto-de-haaland-a-deixar-crescer-o-cabelo\/\",\"name\":\"Man. City provoca United com foto de Haaland a deixar crescer o cabelo - Portal Tela Portugal\",\"isPartOf\":{\"@id\":\"https:\/\/portaltela.pt\/#website\"},\"primaryImageOfPage\":{\"@id\":\"https:\/\/portaltela.pt\/noticias\/2026\/02\/11\/man-city-provoca-united-com-foto-de-haaland-a-deixar-crescer-o-cabelo\/#primaryimage\"},\"image\":{\"@id\":\"https:\/\/portaltela.pt\/noticias\/2026\/02\/11\/man-city-provoca-united-com-foto-de-haaland-a-deixar-crescer-o-cabelo\/#primaryimage\"},\"thumbnailUrl\":\"https:\/\/portaltela.pt\/s.01k8rhncp4jt1\/2026\/02\/img_1200x721uu2026-02-10-22-11-23-2420854-1.jpg\",\"datePublished\":\"2026-02-11T09:55:00+00:00\",\"author\":{\"@id\":\"https:\/\/portaltela.pt\/#\/schema\/person\/c4278d4a6028830caff9ee44b42d32ed\"},\"breadcrumb\":{\"@id\":\"https:\/\/portaltela.pt\/noticias\/2026\/02\/11\/man-city-provoca-united-com-foto-de-haaland-a-deixar-crescer-o-cabelo\/#breadcrumb\"},\"inLanguage\":\"pt-PT\",\"potentialAction\":[{\"@type\":\"ReadAction\",\"target\":[\"https:\/\/portaltela.pt\/noticias\/2026\/02\/11\/man-city-provoca-united-com-foto-de-haaland-a-deixar-crescer-o-cabelo\/\"]}]},{\"@type\":\"ImageObject\",\"inLanguage\":\"pt-PT\",\"@id\":\"https:\/\/portaltela.pt\/noticias\/2026\/02\/11\/man-city-provoca-united-com-foto-de-haaland-a-deixar-crescer-o-cabelo\/#primaryimage\",\"url\":\"https:\/\/portaltela.pt\/s.01k8rhncp4jt1\/2026\/02\/img_1200x721uu2026-02-10-22-11-23-2420854-1.jpg\",\"contentUrl\":\"https:\/\/portaltela.pt\/s.01k8rhncp4jt1\/2026\/02\/img_1200x721uu2026-02-10-22-11-23-2420854-1.jpg\",\"width\":796,\"height\":448,\"caption\":\"\u00abN\u00e3o h\u00e1 nada de errado em deixar crescer o cabelo\u00bb: Man. City provoca United com foto... de Haaland\"},{\"@type\":\"BreadcrumbList\",\"@id\":\"https:\/\/portaltela.pt\/noticias\/2026\/02\/11\/man-city-provoca-united-com-foto-de-haaland-a-deixar-crescer-o-cabelo\/#breadcrumb\",\"itemListElement\":[{\"@type\":\"ListItem\",\"position\":1,\"name\":\"In\u00edcio\",\"item\":\"https:\/\/portaltela.pt\/\"},{\"@type\":\"ListItem\",\"position\":2,\"name\":\"Man. City provoca United com foto de Haaland a deixar crescer o cabelo\"}]},{\"@type\":\"WebSite\",\"@id\":\"https:\/\/portaltela.pt\/#website\",\"url\":\"https:\/\/portaltela.pt\/\",\"name\":\"Portal Tela Portugal\",\"description\":\"\",\"potentialAction\":[{\"@type\":\"SearchAction\",\"target\":{\"@type\":\"EntryPoint\",\"urlTemplate\":\"https:\/\/portaltela.pt\/?s={search_term_string}\"},\"query-input\":{\"@type\":\"PropertyValueSpecification\",\"valueRequired\":true,\"valueName\":\"search_term_string\"}}],\"inLanguage\":\"pt-PT\"},{\"@type\":\"Person\",\"@id\":\"https:\/\/portaltela.pt\/#\/schema\/person\/c4278d4a6028830caff9ee44b42d32ed\",\"name\":\"Telinha\",\"image\":{\"@type\":\"ImageObject\",\"inLanguage\":\"pt-PT\",\"@id\":\"https:\/\/portaltela.pt\/s.01k8rhncp4jt1\/2025\/11\/talking-bot-125x125.png\",\"url\":\"https:\/\/portaltela.pt\/s.01k8rhncp4jt1\/2025\/11\/talking-bot-125x125.png\",\"contentUrl\":\"https:\/\/portaltela.pt\/s.01k8rhncp4jt1\/2025\/11\/talking-bot-125x125.png\",\"caption\":\"Telinha\"},\"sameAs\":[\"https:\/\/portaltela.pt\/\"],\"url\":\"https:\/\/portaltela.pt\/por\/367410592786\/\"}]}<\/script>\n<!-- \/ Yoast SEO plugin. -->","yoast_head_json":{"title":"Man. City provoca United com foto de Haaland a deixar crescer o cabelo - Portal Tela Portugal","robots":{"index":"index","follow":"follow","max-snippet":"max-snippet:-1","max-image-preview":"max-image-preview:large","max-video-preview":"max-video-preview:-1"},"og_locale":"pt_PT","og_type":"article","og_title":"Man. City provoca United com foto de Haaland a deixar crescer o cabelo - Portal Tela Portugal","og_description":"O Manchester City utilizou as redes sociais para provocar o Manchester United ap\u00f3s o empate do United com o West Ham (1-1). A provoca\u00e7ao veio na forma de uma foto de Erling Haaland com o cabelo solto, recebida como refer\u00eancia ao adepto Frank Ilett. Frank Ilett tinha prometido cortar o cabelo se o United vencesse cinco jogos seguidos, promessa que ainda n\u00e3o se cumpriu. A publica\u00e7\u00e3o foi publicada apenas na conta do City dedicada aos Estados Unidos.","og_url":"https:\/\/portaltela.pt\/noticias\/2026\/02\/11\/man-city-provoca-united-com-foto-de-haaland-a-deixar-crescer-o-cabelo\/","og_site_name":"Portal Tela Portugal","article_published_time":"2026-02-11T09:55:00+00:00","author":"Telinha","twitter_card":"summary_large_image","twitter_misc":{"Escrito por":"Telinha","Tempo estimado de leitura":"1 minuto"},"schema":{"@context":"https:\/\/schema.org","@graph":[{"@type":"Article","@id":"https:\/\/portaltela.pt\/noticias\/2026\/02\/11\/man-city-provoca-united-com-foto-de-haaland-a-deixar-crescer-o-cabelo\/#article","isPartOf":{"@id":"https:\/\/portaltela.pt\/noticias\/2026\/02\/11\/man-city-provoca-united-com-foto-de-haaland-a-deixar-crescer-o-cabelo\/"},"author":{"name":"Telinha","@id":"https:\/\/portaltela.pt\/#\/schema\/person\/c4278d4a6028830caff9ee44b42d32ed"},"headline":"Man. City provoca United com foto de Haaland a deixar crescer o cabelo","datePublished":"2026-02-11T09:55:00+00:00","mainEntityOfPage":{"@id":"https:\/\/portaltela.pt\/noticias\/2026\/02\/11\/man-city-provoca-united-com-foto-de-haaland-a-deixar-crescer-o-cabelo\/"},"wordCount":176,"image":{"@id":"https:\/\/portaltela.pt\/noticias\/2026\/02\/11\/man-city-provoca-united-com-foto-de-haaland-a-deixar-crescer-o-cabelo\/#primaryimage"},"thumbnailUrl":"https:\/\/portaltela.pt\/s.01k8rhncp4jt1\/2026\/02\/img_1200x721uu2026-02-10-22-11-23-2420854-1.jpg","keywords":["desporto","Erling Haaland","futebol","futebol internacional","Manchester City","Manchester United"],"articleSection":["Desporto","Futebol"],"inLanguage":"pt-PT"},{"@type":"WebPage","@id":"https:\/\/portaltela.pt\/noticias\/2026\/02\/11\/man-city-provoca-united-com-foto-de-haaland-a-deixar-crescer-o-cabelo\/","url":"https:\/\/portaltela.pt\/noticias\/2026\/02\/11\/man-city-provoca-united-com-foto-de-haaland-a-deixar-crescer-o-cabelo\/","name":"Man. City provoca United com foto de Haaland a deixar crescer o cabelo - Portal Tela Portugal","isPartOf":{"@id":"https:\/\/portaltela.pt\/#website"},"primaryImageOfPage":{"@id":"https:\/\/portaltela.pt\/noticias\/2026\/02\/11\/man-city-provoca-united-com-foto-de-haaland-a-deixar-crescer-o-cabelo\/#primaryimage"},"image":{"@id":"https:\/\/portaltela.pt\/noticias\/2026\/02\/11\/man-city-provoca-united-com-foto-de-haaland-a-deixar-crescer-o-cabelo\/#primaryimage"},"thumbnailUrl":"https:\/\/portaltela.pt\/s.01k8rhncp4jt1\/2026\/02\/img_1200x721uu2026-02-10-22-11-23-2420854-1.jpg","datePublished":"2026-02-11T09:55:00+00:00","author":{"@id":"https:\/\/portaltela.pt\/#\/schema\/person\/c4278d4a6028830caff9ee44b42d32ed"},"breadcrumb":{"@id":"https:\/\/portaltela.pt\/noticias\/2026\/02\/11\/man-city-provoca-united-com-foto-de-haaland-a-deixar-crescer-o-cabelo\/#breadcrumb"},"inLanguage":"pt-PT","potentialAction":[{"@type":"ReadAction","target":["https:\/\/portaltela.pt\/noticias\/2026\/02\/11\/man-city-provoca-united-com-foto-de-haaland-a-deixar-crescer-o-cabelo\/"]}]},{"@type":"ImageObject","inLanguage":"pt-PT","@id":"https:\/\/portaltela.pt\/noticias\/2026\/02\/11\/man-city-provoca-united-com-foto-de-haaland-a-deixar-crescer-o-cabelo\/#primaryimage","url":"https:\/\/portaltela.pt\/s.01k8rhncp4jt1\/2026\/02\/img_1200x721uu2026-02-10-22-11-23-2420854-1.jpg","contentUrl":"https:\/\/portaltela.pt\/s.01k8rhncp4jt1\/2026\/02\/img_1200x721uu2026-02-10-22-11-23-2420854-1.jpg","width":796,"height":448,"caption":"\u00abN\u00e3o h\u00e1 nada de errado em deixar crescer o cabelo\u00bb: Man. City provoca United com foto... de Haaland"},{"@type":"BreadcrumbList","@id":"https:\/\/portaltela.pt\/noticias\/2026\/02\/11\/man-city-provoca-united-com-foto-de-haaland-a-deixar-crescer-o-cabelo\/#breadcrumb","itemListElement":[{"@type":"ListItem","position":1,"name":"In\u00edcio","item":"https:\/\/portaltela.pt\/"},{"@type":"ListItem","position":2,"name":"Man. City provoca United com foto de Haaland a deixar crescer o cabelo"}]},{"@type":"WebSite","@id":"https:\/\/portaltela.pt\/#website","url":"https:\/\/portaltela.pt\/","name":"Portal Tela Portugal","description":"","potentialAction":[{"@type":"SearchAction","target":{"@type":"EntryPoint","urlTemplate":"https:\/\/portaltela.pt\/?s={search_term_string}"},"query-input":{"@type":"PropertyValueSpecification","valueRequired":true,"valueName":"search_term_string"}}],"inLanguage":"pt-PT"},{"@type":"Person","@id":"https:\/\/portaltela.pt\/#\/schema\/person\/c4278d4a6028830caff9ee44b42d32ed","name":"Telinha","image":{"@type":"ImageObject","inLanguage":"pt-PT","@id":"https:\/\/portaltela.pt\/s.01k8rhncp4jt1\/2025\/11\/talking-bot-125x125.png","url":"https:\/\/portaltela.pt\/s.01k8rhncp4jt1\/2025\/11\/talking-bot-125x125.png","contentUrl":"https:\/\/portaltela.pt\/s.01k8rhncp4jt1\/2025\/11\/talking-bot-125x125.png","caption":"Telinha"},"sameAs":["https:\/\/portaltela.pt\/"],"url":"https:\/\/portaltela.pt\/por\/367410592786\/"}]}},"_links":{"self":[{"href":"https:\/\/portaltela.pt\/api\/wp\/v2\/posts\/207806","targetHints":{"allow":["GET"]}}],"collection":[{"href":"https:\/\/portaltela.pt\/api\/wp\/v2\/posts"}],"about":[{"href":"https:\/\/portaltela.pt\/api\/wp\/v2\/types\/post"}],"author":[{"embeddable":true,"href":"https:\/\/portaltela.pt\/api\/wp\/v2\/users\/2"}],"replies":[{"embeddable":true,"href":"https:\/\/portaltela.pt\/api\/wp\/v2\/comments?post=207806"}],"version-history":[{"count":0,"href":"https:\/\/portaltela.pt\/api\/wp\/v2\/posts\/207806\/revisions"}],"wp:featuredmedia":[{"embeddable":true,"href":"https:\/\/portaltela.pt\/api\/wp\/v2\/media\/207807"}],"wp:attachment":[{"href":"https:\/\/portaltela.pt\/api\/wp\/v2\/media?parent=207806"}],"wp:term":[{"taxonomy":"category","embeddable":true,"href":"https:\/\/portaltela.pt\/api\/wp\/v2\/categories?post=207806"},{"taxonomy":"post_tag","embeddable":true,"href":"https:\/\/portaltela.pt\/api\/wp\/v2\/tags?post=207806"}],"curies":[{"name":"wp","href":"https:\/\/api.w.org\/{rel}","templated":true}]}}