{"id":207771,"date":"2026-02-11T06:22:41","date_gmt":"2026-02-11T09:22:41","guid":{"rendered":"https:\/\/portaltela.pt\/noticias\/2026\/02\/11\/cancelo-regressa-ao-barcelona-deco-admite-que-regresso-sem-proposito-nao-valia-a-pena\/"},"modified":"2026-02-11T06:22:41","modified_gmt":"2026-02-11T09:22:41","slug":"cancelo-regressa-ao-barcelona-deco-admite-que-regresso-sem-proposito-nao-valia-a-pena","status":"publish","type":"post","link":"https:\/\/portaltela.pt\/desporto\/futebol\/2026\/02\/11\/cancelo-regressa-ao-barcelona-deco-admite-que-regresso-sem-proposito-nao-valia-a-pena\/","title":{"rendered":"Cancelo regressa ao Barcelona; Deco admite que regresso sem prop\u00f3sito n\u00e3o valia a pena"},"content":{"rendered":"<p>Jo\u00e3o Cancelo est\u00e1 de volta ao Barcelona, ap\u00f3s ser contratado em regime de empr\u00e9stimo ao final do inverno. Deco, o diretor desportivo, explicou a decis\u00e3o e destacou que a contrata\u00e7\u00e3o n\u00e3o visou apenas preencher n\u00fameros no plantel. A opera\u00e7\u00e3o contou com a avalia\u00e7\u00e3o do treinador.<\/p>\n<p>O dirigente explicou que o Bar\u00e7a procurava um jogador multifuncional, capaz de atuar em v\u00e1rias posi\u00e7\u00f5es, e que conhecesse o clube. Foi considerada a disponibilidade interna de solu\u00e7\u00f5es, nomeadamente jogadores que poderiam adaptar-se a diferentes fun\u00e7\u00f5es.<\/p>\n<p>Segundo Deco, o clube analisou o mercado e concluiu que ningu\u00e9m superava os defesas que j\u00e1 estavam no plantel. O objetivo foi elevar o n\u00edvel do plantel com um jogador experiente e vers\u00e1til, que possa atuar como lateral direito e esquerdo, entre outras fun\u00e7\u00f5es.<\/p>\n<h3>Siga-se o foco no regresso de Ara\u00fajo<\/h3>\n<p>Deco abordou ainda o regresso de Ronald Ara\u00fajo, que est\u00e1 de volta ap\u00f3s superar problemas de sa\u00fade mental. O diretor desportivo elogiou a coragem de reconhecer dificuldades, pedir ajuda e avan\u00e7ar com o tratamento.<\/p>\n<p>O respons\u00e1vel salientou que reconhecer dificuldades \u00e9 o primeiro passo para a recupera\u00e7\u00e3o. Recordou casos de desportistas que enfrentaram depress\u00e3o e destacadamente a import\u00e2ncia de apoiar quem passa por situa\u00e7\u00f5es semelhantes.<\/p>\n<p>Para Deco, Ara\u00fajo merece respeito pela coragem de pedir ajuda. Enalteceu que o jogador est\u00e1 dispon\u00edvel para continuar a trabalhar como qualquer outro atleta, mantendo o foco no rendimento em campo.<\/p>\n","protected":false},"excerpt":{"rendered":"<ul>\n<li>Deco analisou a contrata\u00e7\u00e3o de Jo\u00e3o Cancelo no mercado de inverno, dizendo que trazer algu\u00e9m apenas para fazer n\u00famero n\u00e3o valia a pena.<\/li>\n<li>Explicou que Cancelo pode atuar como lateral direito, esquerdo e at\u00e9 extremo, oferecendo versatilidade e melhoria do plantel.<\/li>\n<li>A decis\u00e3o foi tomada em consenso com o treinador, j\u00e1 que n\u00e3o havia defesa central melhor no plantel e n\u00e3o fazia sentido aumentar o n\u00famero de jogadores.<\/li>\n<li>Cancelo est\u00e1 emprestado pelo Al Hilal at\u00e9 ao final da temporada, e foram procuradas solu\u00e7\u00f5es internas para posi\u00e7\u00f5es adicionais.<\/li>\n<li>Deco falou tamb\u00e9m do regresso de Ronald Ara\u00fajo ap\u00f3s a recupera\u00e7\u00e3o de problemas de sa\u00fade mental, sublinhando a import\u00e2ncia de reconhecer dificuldades e pedir ajuda.<\/li>\n<\/ul>\n","protected":false},"author":2,"featured_media":207777,"comment_status":"closed","ping_status":"closed","sticky":false,"template":"","format":"standard","meta":{"footnotes":""},"categories":[21,24],"tags":[2587,2331,2040,152,32,55],"class_list":["post-207771","post","type-post","status-publish","format-standard","has-post-thumbnail","hentry","category-desporto","category-futebol","tag-barcelona","tag-cancelo","tag-deco","tag-desporto","tag-futebol","tag-saude-mental"],"yoast_head":"<!-- This site is optimized with the Yoast SEO plugin v27.2 - https:\/\/yoast.com\/product\/yoast-seo-wordpress\/ -->\n<title>Cancelo regressa ao Barcelona; Deco admite que regresso sem prop\u00f3sito n\u00e3o valia a pena - Portal Tela Portugal<\/title>\n<meta name=\"robots\" content=\"index, follow, max-snippet:-1, max-image-preview:large, max-video-preview:-1\" \/>\n<meta property=\"og:locale\" content=\"pt_PT\" \/>\n<meta property=\"og:type\" content=\"article\" \/>\n<meta property=\"og:title\" content=\"Cancelo regressa ao Barcelona; Deco admite que regresso sem prop\u00f3sito n\u00e3o valia a pena - Portal Tela Portugal\" \/>\n<meta property=\"og:description\" content=\"Deco analisou a contrata\u00e7\u00e3o de Jo\u00e3o Cancelo no mercado de inverno, dizendo que trazer algu\u00e9m apenas para fazer n\u00famero n\u00e3o valia a pena. Explicou que Cancelo pode atuar como lateral direito, esquerdo e at\u00e9 extremo, oferecendo versatilidade e melhoria do plantel. A decis\u00e3o foi tomada em consenso com o treinador, j\u00e1 que n\u00e3o havia defesa central melhor no plantel e n\u00e3o fazia sentido aumentar o n\u00famero de jogadores. Cancelo est\u00e1 emprestado pelo Al Hilal at\u00e9 ao final da temporada, e foram procuradas solu\u00e7\u00f5es internas para posi\u00e7\u00f5es adicionais. Deco falou tamb\u00e9m do regresso de Ronald Ara\u00fajo ap\u00f3s a recupera\u00e7\u00e3o de problemas de sa\u00fade mental, sublinhando a import\u00e2ncia de reconhecer dificuldades e pedir ajuda.\" \/>\n<meta property=\"og:url\" content=\"https:\/\/portaltela.pt\/noticias\/2026\/02\/11\/cancelo-regressa-ao-barcelona-deco-admite-que-regresso-sem-proposito-nao-valia-a-pena\/\" \/>\n<meta property=\"og:site_name\" content=\"Portal Tela Portugal\" \/>\n<meta property=\"article:published_time\" content=\"2026-02-11T09:22:41+00:00\" \/>\n<meta name=\"author\" content=\"Telinha\" \/>\n<meta name=\"twitter:card\" content=\"summary_large_image\" \/>\n<meta name=\"twitter:label1\" content=\"Escrito por\" \/>\n\t<meta name=\"twitter:data1\" content=\"Telinha\" \/>\n\t<meta name=\"twitter:label2\" content=\"Tempo estimado de leitura\" \/>\n\t<meta name=\"twitter:data2\" content=\"1 minuto\" \/>\n<script type=\"application\/ld+json\" class=\"yoast-schema-graph\">{\"@context\":\"https:\/\/schema.org\",\"@graph\":[{\"@type\":\"Article\",\"@id\":\"https:\/\/portaltela.pt\/noticias\/2026\/02\/11\/cancelo-regressa-ao-barcelona-deco-admite-que-regresso-sem-proposito-nao-valia-a-pena\/#article\",\"isPartOf\":{\"@id\":\"https:\/\/portaltela.pt\/noticias\/2026\/02\/11\/cancelo-regressa-ao-barcelona-deco-admite-que-regresso-sem-proposito-nao-valia-a-pena\/\"},\"author\":{\"name\":\"Telinha\",\"@id\":\"https:\/\/portaltela.pt\/#\/schema\/person\/c4278d4a6028830caff9ee44b42d32ed\"},\"headline\":\"Cancelo regressa ao Barcelona; Deco admite que regresso sem prop\u00f3sito n\u00e3o valia a pena\",\"datePublished\":\"2026-02-11T09:22:41+00:00\",\"mainEntityOfPage\":{\"@id\":\"https:\/\/portaltela.pt\/noticias\/2026\/02\/11\/cancelo-regressa-ao-barcelona-deco-admite-que-regresso-sem-proposito-nao-valia-a-pena\/\"},\"wordCount\":273,\"image\":{\"@id\":\"https:\/\/portaltela.pt\/noticias\/2026\/02\/11\/cancelo-regressa-ao-barcelona-deco-admite-que-regresso-sem-proposito-nao-valia-a-pena\/#primaryimage\"},\"thumbnailUrl\":\"https:\/\/portaltela.pt\/s.01k8rhncp4jt1\/2026\/02\/img_920x518uu2026-01-25-16-10-36-2417250.jpg\",\"keywords\":[\"Barcelona\",\"Cancelo\",\"Deco\",\"desporto\",\"futebol\",\"sa\u00fade mental\"],\"articleSection\":[\"Desporto\",\"Futebol\"],\"inLanguage\":\"pt-PT\"},{\"@type\":\"WebPage\",\"@id\":\"https:\/\/portaltela.pt\/noticias\/2026\/02\/11\/cancelo-regressa-ao-barcelona-deco-admite-que-regresso-sem-proposito-nao-valia-a-pena\/\",\"url\":\"https:\/\/portaltela.pt\/noticias\/2026\/02\/11\/cancelo-regressa-ao-barcelona-deco-admite-que-regresso-sem-proposito-nao-valia-a-pena\/\",\"name\":\"Cancelo regressa ao Barcelona; Deco admite que regresso sem prop\u00f3sito n\u00e3o valia a pena - Portal Tela Portugal\",\"isPartOf\":{\"@id\":\"https:\/\/portaltela.pt\/#website\"},\"primaryImageOfPage\":{\"@id\":\"https:\/\/portaltela.pt\/noticias\/2026\/02\/11\/cancelo-regressa-ao-barcelona-deco-admite-que-regresso-sem-proposito-nao-valia-a-pena\/#primaryimage\"},\"image\":{\"@id\":\"https:\/\/portaltela.pt\/noticias\/2026\/02\/11\/cancelo-regressa-ao-barcelona-deco-admite-que-regresso-sem-proposito-nao-valia-a-pena\/#primaryimage\"},\"thumbnailUrl\":\"https:\/\/portaltela.pt\/s.01k8rhncp4jt1\/2026\/02\/img_920x518uu2026-01-25-16-10-36-2417250.jpg\",\"datePublished\":\"2026-02-11T09:22:41+00:00\",\"author\":{\"@id\":\"https:\/\/portaltela.pt\/#\/schema\/person\/c4278d4a6028830caff9ee44b42d32ed\"},\"breadcrumb\":{\"@id\":\"https:\/\/portaltela.pt\/noticias\/2026\/02\/11\/cancelo-regressa-ao-barcelona-deco-admite-que-regresso-sem-proposito-nao-valia-a-pena\/#breadcrumb\"},\"inLanguage\":\"pt-PT\",\"potentialAction\":[{\"@type\":\"ReadAction\",\"target\":[\"https:\/\/portaltela.pt\/noticias\/2026\/02\/11\/cancelo-regressa-ao-barcelona-deco-admite-que-regresso-sem-proposito-nao-valia-a-pena\/\"]}]},{\"@type\":\"ImageObject\",\"inLanguage\":\"pt-PT\",\"@id\":\"https:\/\/portaltela.pt\/noticias\/2026\/02\/11\/cancelo-regressa-ao-barcelona-deco-admite-que-regresso-sem-proposito-nao-valia-a-pena\/#primaryimage\",\"url\":\"https:\/\/portaltela.pt\/s.01k8rhncp4jt1\/2026\/02\/img_920x518uu2026-01-25-16-10-36-2417250.jpg\",\"contentUrl\":\"https:\/\/portaltela.pt\/s.01k8rhncp4jt1\/2026\/02\/img_920x518uu2026-01-25-16-10-36-2417250.jpg\",\"width\":796,\"height\":448,\"caption\":\"Jo\u00e3o Cancelo em a\u00e7\u00e3o\"},{\"@type\":\"BreadcrumbList\",\"@id\":\"https:\/\/portaltela.pt\/noticias\/2026\/02\/11\/cancelo-regressa-ao-barcelona-deco-admite-que-regresso-sem-proposito-nao-valia-a-pena\/#breadcrumb\",\"itemListElement\":[{\"@type\":\"ListItem\",\"position\":1,\"name\":\"In\u00edcio\",\"item\":\"https:\/\/portaltela.pt\/\"},{\"@type\":\"ListItem\",\"position\":2,\"name\":\"Cancelo regressa ao Barcelona; Deco admite que regresso sem prop\u00f3sito n\u00e3o valia a pena\"}]},{\"@type\":\"WebSite\",\"@id\":\"https:\/\/portaltela.pt\/#website\",\"url\":\"https:\/\/portaltela.pt\/\",\"name\":\"Portal Tela Portugal\",\"description\":\"\",\"potentialAction\":[{\"@type\":\"SearchAction\",\"target\":{\"@type\":\"EntryPoint\",\"urlTemplate\":\"https:\/\/portaltela.pt\/?s={search_term_string}\"},\"query-input\":{\"@type\":\"PropertyValueSpecification\",\"valueRequired\":true,\"valueName\":\"search_term_string\"}}],\"inLanguage\":\"pt-PT\"},{\"@type\":\"Person\",\"@id\":\"https:\/\/portaltela.pt\/#\/schema\/person\/c4278d4a6028830caff9ee44b42d32ed\",\"name\":\"Telinha\",\"image\":{\"@type\":\"ImageObject\",\"inLanguage\":\"pt-PT\",\"@id\":\"https:\/\/portaltela.pt\/s.01k8rhncp4jt1\/2025\/11\/talking-bot-125x125.png\",\"url\":\"https:\/\/portaltela.pt\/s.01k8rhncp4jt1\/2025\/11\/talking-bot-125x125.png\",\"contentUrl\":\"https:\/\/portaltela.pt\/s.01k8rhncp4jt1\/2025\/11\/talking-bot-125x125.png\",\"caption\":\"Telinha\"},\"sameAs\":[\"https:\/\/portaltela.pt\/\"],\"url\":\"https:\/\/portaltela.pt\/por\/367410592786\/\"}]}<\/script>\n<!-- \/ Yoast SEO plugin. -->","yoast_head_json":{"title":"Cancelo regressa ao Barcelona; Deco admite que regresso sem prop\u00f3sito n\u00e3o valia a pena - Portal Tela Portugal","robots":{"index":"index","follow":"follow","max-snippet":"max-snippet:-1","max-image-preview":"max-image-preview:large","max-video-preview":"max-video-preview:-1"},"og_locale":"pt_PT","og_type":"article","og_title":"Cancelo regressa ao Barcelona; Deco admite que regresso sem prop\u00f3sito n\u00e3o valia a pena - Portal Tela Portugal","og_description":"Deco analisou a contrata\u00e7\u00e3o de Jo\u00e3o Cancelo no mercado de inverno, dizendo que trazer algu\u00e9m apenas para fazer n\u00famero n\u00e3o valia a pena. Explicou que Cancelo pode atuar como lateral direito, esquerdo e at\u00e9 extremo, oferecendo versatilidade e melhoria do plantel. A decis\u00e3o foi tomada em consenso com o treinador, j\u00e1 que n\u00e3o havia defesa central melhor no plantel e n\u00e3o fazia sentido aumentar o n\u00famero de jogadores. Cancelo est\u00e1 emprestado pelo Al Hilal at\u00e9 ao final da temporada, e foram procuradas solu\u00e7\u00f5es internas para posi\u00e7\u00f5es adicionais. Deco falou tamb\u00e9m do regresso de Ronald Ara\u00fajo ap\u00f3s a recupera\u00e7\u00e3o de problemas de sa\u00fade mental, sublinhando a import\u00e2ncia de reconhecer dificuldades e pedir ajuda.","og_url":"https:\/\/portaltela.pt\/noticias\/2026\/02\/11\/cancelo-regressa-ao-barcelona-deco-admite-que-regresso-sem-proposito-nao-valia-a-pena\/","og_site_name":"Portal Tela Portugal","article_published_time":"2026-02-11T09:22:41+00:00","author":"Telinha","twitter_card":"summary_large_image","twitter_misc":{"Escrito por":"Telinha","Tempo estimado de leitura":"1 minuto"},"schema":{"@context":"https:\/\/schema.org","@graph":[{"@type":"Article","@id":"https:\/\/portaltela.pt\/noticias\/2026\/02\/11\/cancelo-regressa-ao-barcelona-deco-admite-que-regresso-sem-proposito-nao-valia-a-pena\/#article","isPartOf":{"@id":"https:\/\/portaltela.pt\/noticias\/2026\/02\/11\/cancelo-regressa-ao-barcelona-deco-admite-que-regresso-sem-proposito-nao-valia-a-pena\/"},"author":{"name":"Telinha","@id":"https:\/\/portaltela.pt\/#\/schema\/person\/c4278d4a6028830caff9ee44b42d32ed"},"headline":"Cancelo regressa ao Barcelona; Deco admite que regresso sem prop\u00f3sito n\u00e3o valia a pena","datePublished":"2026-02-11T09:22:41+00:00","mainEntityOfPage":{"@id":"https:\/\/portaltela.pt\/noticias\/2026\/02\/11\/cancelo-regressa-ao-barcelona-deco-admite-que-regresso-sem-proposito-nao-valia-a-pena\/"},"wordCount":273,"image":{"@id":"https:\/\/portaltela.pt\/noticias\/2026\/02\/11\/cancelo-regressa-ao-barcelona-deco-admite-que-regresso-sem-proposito-nao-valia-a-pena\/#primaryimage"},"thumbnailUrl":"https:\/\/portaltela.pt\/s.01k8rhncp4jt1\/2026\/02\/img_920x518uu2026-01-25-16-10-36-2417250.jpg","keywords":["Barcelona","Cancelo","Deco","desporto","futebol","sa\u00fade mental"],"articleSection":["Desporto","Futebol"],"inLanguage":"pt-PT"},{"@type":"WebPage","@id":"https:\/\/portaltela.pt\/noticias\/2026\/02\/11\/cancelo-regressa-ao-barcelona-deco-admite-que-regresso-sem-proposito-nao-valia-a-pena\/","url":"https:\/\/portaltela.pt\/noticias\/2026\/02\/11\/cancelo-regressa-ao-barcelona-deco-admite-que-regresso-sem-proposito-nao-valia-a-pena\/","name":"Cancelo regressa ao Barcelona; Deco admite que regresso sem prop\u00f3sito n\u00e3o valia a pena - Portal Tela Portugal","isPartOf":{"@id":"https:\/\/portaltela.pt\/#website"},"primaryImageOfPage":{"@id":"https:\/\/portaltela.pt\/noticias\/2026\/02\/11\/cancelo-regressa-ao-barcelona-deco-admite-que-regresso-sem-proposito-nao-valia-a-pena\/#primaryimage"},"image":{"@id":"https:\/\/portaltela.pt\/noticias\/2026\/02\/11\/cancelo-regressa-ao-barcelona-deco-admite-que-regresso-sem-proposito-nao-valia-a-pena\/#primaryimage"},"thumbnailUrl":"https:\/\/portaltela.pt\/s.01k8rhncp4jt1\/2026\/02\/img_920x518uu2026-01-25-16-10-36-2417250.jpg","datePublished":"2026-02-11T09:22:41+00:00","author":{"@id":"https:\/\/portaltela.pt\/#\/schema\/person\/c4278d4a6028830caff9ee44b42d32ed"},"breadcrumb":{"@id":"https:\/\/portaltela.pt\/noticias\/2026\/02\/11\/cancelo-regressa-ao-barcelona-deco-admite-que-regresso-sem-proposito-nao-valia-a-pena\/#breadcrumb"},"inLanguage":"pt-PT","potentialAction":[{"@type":"ReadAction","target":["https:\/\/portaltela.pt\/noticias\/2026\/02\/11\/cancelo-regressa-ao-barcelona-deco-admite-que-regresso-sem-proposito-nao-valia-a-pena\/"]}]},{"@type":"ImageObject","inLanguage":"pt-PT","@id":"https:\/\/portaltela.pt\/noticias\/2026\/02\/11\/cancelo-regressa-ao-barcelona-deco-admite-que-regresso-sem-proposito-nao-valia-a-pena\/#primaryimage","url":"https:\/\/portaltela.pt\/s.01k8rhncp4jt1\/2026\/02\/img_920x518uu2026-01-25-16-10-36-2417250.jpg","contentUrl":"https:\/\/portaltela.pt\/s.01k8rhncp4jt1\/2026\/02\/img_920x518uu2026-01-25-16-10-36-2417250.jpg","width":796,"height":448,"caption":"Jo\u00e3o Cancelo em a\u00e7\u00e3o"},{"@type":"BreadcrumbList","@id":"https:\/\/portaltela.pt\/noticias\/2026\/02\/11\/cancelo-regressa-ao-barcelona-deco-admite-que-regresso-sem-proposito-nao-valia-a-pena\/#breadcrumb","itemListElement":[{"@type":"ListItem","position":1,"name":"In\u00edcio","item":"https:\/\/portaltela.pt\/"},{"@type":"ListItem","position":2,"name":"Cancelo regressa ao Barcelona; Deco admite que regresso sem prop\u00f3sito n\u00e3o valia a pena"}]},{"@type":"WebSite","@id":"https:\/\/portaltela.pt\/#website","url":"https:\/\/portaltela.pt\/","name":"Portal Tela Portugal","description":"","potentialAction":[{"@type":"SearchAction","target":{"@type":"EntryPoint","urlTemplate":"https:\/\/portaltela.pt\/?s={search_term_string}"},"query-input":{"@type":"PropertyValueSpecification","valueRequired":true,"valueName":"search_term_string"}}],"inLanguage":"pt-PT"},{"@type":"Person","@id":"https:\/\/portaltela.pt\/#\/schema\/person\/c4278d4a6028830caff9ee44b42d32ed","name":"Telinha","image":{"@type":"ImageObject","inLanguage":"pt-PT","@id":"https:\/\/portaltela.pt\/s.01k8rhncp4jt1\/2025\/11\/talking-bot-125x125.png","url":"https:\/\/portaltela.pt\/s.01k8rhncp4jt1\/2025\/11\/talking-bot-125x125.png","contentUrl":"https:\/\/portaltela.pt\/s.01k8rhncp4jt1\/2025\/11\/talking-bot-125x125.png","caption":"Telinha"},"sameAs":["https:\/\/portaltela.pt\/"],"url":"https:\/\/portaltela.pt\/por\/367410592786\/"}]}},"_links":{"self":[{"href":"https:\/\/portaltela.pt\/api\/wp\/v2\/posts\/207771","targetHints":{"allow":["GET"]}}],"collection":[{"href":"https:\/\/portaltela.pt\/api\/wp\/v2\/posts"}],"about":[{"href":"https:\/\/portaltela.pt\/api\/wp\/v2\/types\/post"}],"author":[{"embeddable":true,"href":"https:\/\/portaltela.pt\/api\/wp\/v2\/users\/2"}],"replies":[{"embeddable":true,"href":"https:\/\/portaltela.pt\/api\/wp\/v2\/comments?post=207771"}],"version-history":[{"count":0,"href":"https:\/\/portaltela.pt\/api\/wp\/v2\/posts\/207771\/revisions"}],"wp:featuredmedia":[{"embeddable":true,"href":"https:\/\/portaltela.pt\/api\/wp\/v2\/media\/207777"}],"wp:attachment":[{"href":"https:\/\/portaltela.pt\/api\/wp\/v2\/media?parent=207771"}],"wp:term":[{"taxonomy":"category","embeddable":true,"href":"https:\/\/portaltela.pt\/api\/wp\/v2\/categories?post=207771"},{"taxonomy":"post_tag","embeddable":true,"href":"https:\/\/portaltela.pt\/api\/wp\/v2\/tags?post=207771"}],"curies":[{"name":"wp","href":"https:\/\/api.w.org\/{rel}","templated":true}]}}