{"id":207756,"date":"2026-02-11T06:11:00","date_gmt":"2026-02-11T09:11:00","guid":{"rendered":"https:\/\/portaltela.pt\/noticias\/2026\/02\/11\/imagens-de-satelite-revelam-extensao-das-inundacoes-na-bacia-do-tejo\/"},"modified":"2026-02-11T06:11:00","modified_gmt":"2026-02-11T09:11:00","slug":"imagens-de-satelite-revelam-extensao-das-inundacoes-na-bacia-do-tejo","status":"publish","type":"post","link":"https:\/\/portaltela.pt\/noticias\/2026\/02\/11\/imagens-de-satelite-revelam-extensao-das-inundacoes-na-bacia-do-tejo\/","title":{"rendered":"Imagens de sat\u00e9lite revelam extens\u00e3o das inunda\u00e7\u00f5es na bacia do Tejo"},"content":{"rendered":"<p>A Ag\u00eancia Espacial Europeia (ESA) divulgou imagens de sat\u00e9lite que evidenciam a extens\u00e3o das inunda\u00e7\u00f5es na bacia do Tejo, em Portugal, resultantes das tempestades que afetaram a Pen\u00ednsula Ib\u00e9rica no in\u00edcio de 2026. As imagens destacam zonas inundadas na nordeste de Lisboa, com especial foco em Alc\u00e1cer do Sal.<\/p>\n<p>A observa\u00e7\u00e3o baseia-se em dados do sat\u00e9lite Copernicus Sentinel-1, com uma imagem de radar que mostra as cheias em redor do Tejo e da sua bacia hidrogr\u00e1fica. A compara\u00e7\u00e3o entre 7 de fevereiro e 27 de dezembro indica subida dos n\u00edveis de \u00e1gua.<\/p>\n<p>O Copernicus tamb\u00e9m destacou a ativa\u00e7\u00e3o do Servi\u00e7o de Gest\u00e3o de Emerg\u00eancias Copernicus (CEMS) para acompanhar 17 \u00e1reas de interesse em Portugal. Em Salvaterra de Magos, foram reportados mais de 64 mil hectares inundados at\u00e9 8 de fevereiro de 2026.<\/p>\n<p>A ESA recorda que o CEMS, criado para monitoriza\u00e7\u00e3o de eventos clim\u00e1ticos extremos, j\u00e1 estava ativo desde 28 de janeiro e voltou a ser acionado a 3 de fevereiro, mantendo-se em vigor. O objetivo \u00e9 mapear melhor os danos.<\/p>\n<p>Em Espanha, as zonas afetadas incluem Andaluzia e Gal\u00edcia, com a regi\u00e3o montanhosa de Grazalema a registar mais de 500 mm de chuva em 24 horas durante as tempestades. A an\u00e1lise de precipita\u00e7\u00e3o foi baseada na miss\u00e3o GPM.<\/p>\n<p>A miss\u00e3o Global Precipitation Measurement (GPM) fornece observa\u00e7\u00f5es globais de chuva e neve, permitindo \u00e0 ESA apresentar um panorama da acumula\u00e7\u00e3o de precipita\u00e7\u00e3o entre 1 e 7 de fevereiro na Pen\u00ednsula Ib\u00e9rica.<\/p>\n","protected":false},"excerpt":{"rendered":"<ul>\n<li>Imagens de sat\u00e9lite da Ag\u00eancia Espacial Europeia mostram a extens\u00e3o das inunda\u00e7\u00f5es na bacia do Tejo, em Portugal.<\/li>\n<li>O radar do Copernicus Sentinel-1 indica zonas inundadas a vermelho, nordeste de Lisboa, com dados de 7 de fevereiro face a 27 de dezembro.<\/li>\n<li>Salvaterra de Magos registou mais de 64 mil hectares inundados at\u00e9 8 de fevereiro de 2026.<\/li>\n<li>O Servi\u00e7o de Gest\u00e3o de Emerg\u00eancias Copernicus (CEMS) foi ativado para 17 \u00e1reas de interesse em Portugal, entre 28 de janeiro e 3 de fevereiro, e permanece ativo.<\/li>\n<li>Chuva significativa na Pen\u00ednsula Ib\u00e9rica, incluindo a Andaluzia e Galiza, com acumula\u00e7\u00e3o superior a 500 mm em Grazalema entre 1 e 7 de fevereiro; a miss\u00e3o Global Precipitation Measurement (GPM) regista a precipita\u00e7\u00e3o.<\/li>\n<\/ul>\n","protected":false},"author":2,"featured_media":207763,"comment_status":"closed","ping_status":"closed","sticky":false,"template":"","format":"standard","meta":{"footnotes":""},"categories":[1],"tags":[1998,5179,2293,981,1014,4339],"class_list":["post-207756","post","type-post","status-publish","format-standard","has-post-thumbnail","hentry","category-noticias","tag-alcacer-do-sal","tag-copernicus","tag-inundacoes","tag-lisboa","tag-portugal","tag-salvaterra-de-magos"],"yoast_head":"<!-- This site is optimized with the Yoast SEO plugin v27.2 - https:\/\/yoast.com\/product\/yoast-seo-wordpress\/ -->\n<title>Imagens de sat\u00e9lite revelam extens\u00e3o das inunda\u00e7\u00f5es na bacia do Tejo - Portal Tela Portugal<\/title>\n<meta name=\"robots\" content=\"index, follow, max-snippet:-1, max-image-preview:large, max-video-preview:-1\" \/>\n<meta property=\"og:locale\" content=\"pt_PT\" \/>\n<meta property=\"og:type\" content=\"article\" \/>\n<meta property=\"og:title\" content=\"Imagens de sat\u00e9lite revelam extens\u00e3o das inunda\u00e7\u00f5es na bacia do Tejo - Portal Tela Portugal\" \/>\n<meta property=\"og:description\" content=\"Imagens de sat\u00e9lite da Ag\u00eancia Espacial Europeia mostram a extens\u00e3o das inunda\u00e7\u00f5es na bacia do Tejo, em Portugal. O radar do Copernicus Sentinel-1 indica zonas inundadas a vermelho, nordeste de Lisboa, com dados de 7 de fevereiro face a 27 de dezembro. Salvaterra de Magos registou mais de 64 mil hectares inundados at\u00e9 8 de fevereiro de 2026. O Servi\u00e7o de Gest\u00e3o de Emerg\u00eancias Copernicus (CEMS) foi ativado para 17 \u00e1reas de interesse em Portugal, entre 28 de janeiro e 3 de fevereiro, e permanece ativo. Chuva significativa na Pen\u00ednsula Ib\u00e9rica, incluindo a Andaluzia e Galiza, com acumula\u00e7\u00e3o superior a 500 mm em Grazalema entre 1 e 7 de fevereiro; a miss\u00e3o Global Precipitation Measurement (GPM) regista a precipita\u00e7\u00e3o.\" \/>\n<meta property=\"og:url\" content=\"https:\/\/portaltela.pt\/noticias\/2026\/02\/11\/imagens-de-satelite-revelam-extensao-das-inundacoes-na-bacia-do-tejo\/\" \/>\n<meta property=\"og:site_name\" content=\"Portal Tela Portugal\" \/>\n<meta property=\"article:published_time\" content=\"2026-02-11T09:11:00+00:00\" \/>\n<meta name=\"author\" content=\"Telinha\" \/>\n<meta name=\"twitter:card\" content=\"summary_large_image\" \/>\n<meta name=\"twitter:label1\" content=\"Escrito por\" \/>\n\t<meta name=\"twitter:data1\" content=\"Telinha\" \/>\n\t<meta name=\"twitter:label2\" content=\"Tempo estimado de leitura\" \/>\n\t<meta name=\"twitter:data2\" content=\"1 minuto\" \/>\n<script type=\"application\/ld+json\" class=\"yoast-schema-graph\">{\"@context\":\"https:\/\/schema.org\",\"@graph\":[{\"@type\":\"Article\",\"@id\":\"https:\/\/portaltela.pt\/noticias\/2026\/02\/11\/imagens-de-satelite-revelam-extensao-das-inundacoes-na-bacia-do-tejo\/#article\",\"isPartOf\":{\"@id\":\"https:\/\/portaltela.pt\/noticias\/2026\/02\/11\/imagens-de-satelite-revelam-extensao-das-inundacoes-na-bacia-do-tejo\/\"},\"author\":{\"name\":\"Telinha\",\"@id\":\"https:\/\/portaltela.pt\/#\/schema\/person\/c4278d4a6028830caff9ee44b42d32ed\"},\"headline\":\"Imagens de sat\u00e9lite revelam extens\u00e3o das inunda\u00e7\u00f5es na bacia do Tejo\",\"datePublished\":\"2026-02-11T09:11:00+00:00\",\"mainEntityOfPage\":{\"@id\":\"https:\/\/portaltela.pt\/noticias\/2026\/02\/11\/imagens-de-satelite-revelam-extensao-das-inundacoes-na-bacia-do-tejo\/\"},\"wordCount\":271,\"image\":{\"@id\":\"https:\/\/portaltela.pt\/noticias\/2026\/02\/11\/imagens-de-satelite-revelam-extensao-das-inundacoes-na-bacia-do-tejo\/#primaryimage\"},\"thumbnailUrl\":\"https:\/\/portaltela.pt\/s.01k8rhncp4jt1\/2026\/02\/image-38.webp\",\"keywords\":[\"Alc\u00e1cer do Sal\",\"Copernicus\",\"inunda\u00e7\u00f5es\",\"Lisboa\",\"Portugal\",\"Salvaterra de Magos\"],\"articleSection\":[\"Not\u00edcias\"],\"inLanguage\":\"pt-PT\"},{\"@type\":\"WebPage\",\"@id\":\"https:\/\/portaltela.pt\/noticias\/2026\/02\/11\/imagens-de-satelite-revelam-extensao-das-inundacoes-na-bacia-do-tejo\/\",\"url\":\"https:\/\/portaltela.pt\/noticias\/2026\/02\/11\/imagens-de-satelite-revelam-extensao-das-inundacoes-na-bacia-do-tejo\/\",\"name\":\"Imagens de sat\u00e9lite revelam extens\u00e3o das inunda\u00e7\u00f5es na bacia do Tejo - Portal Tela Portugal\",\"isPartOf\":{\"@id\":\"https:\/\/portaltela.pt\/#website\"},\"primaryImageOfPage\":{\"@id\":\"https:\/\/portaltela.pt\/noticias\/2026\/02\/11\/imagens-de-satelite-revelam-extensao-das-inundacoes-na-bacia-do-tejo\/#primaryimage\"},\"image\":{\"@id\":\"https:\/\/portaltela.pt\/noticias\/2026\/02\/11\/imagens-de-satelite-revelam-extensao-das-inundacoes-na-bacia-do-tejo\/#primaryimage\"},\"thumbnailUrl\":\"https:\/\/portaltela.pt\/s.01k8rhncp4jt1\/2026\/02\/image-38.webp\",\"datePublished\":\"2026-02-11T09:11:00+00:00\",\"author\":{\"@id\":\"https:\/\/portaltela.pt\/#\/schema\/person\/c4278d4a6028830caff9ee44b42d32ed\"},\"breadcrumb\":{\"@id\":\"https:\/\/portaltela.pt\/noticias\/2026\/02\/11\/imagens-de-satelite-revelam-extensao-das-inundacoes-na-bacia-do-tejo\/#breadcrumb\"},\"inLanguage\":\"pt-PT\",\"potentialAction\":[{\"@type\":\"ReadAction\",\"target\":[\"https:\/\/portaltela.pt\/noticias\/2026\/02\/11\/imagens-de-satelite-revelam-extensao-das-inundacoes-na-bacia-do-tejo\/\"]}]},{\"@type\":\"ImageObject\",\"inLanguage\":\"pt-PT\",\"@id\":\"https:\/\/portaltela.pt\/noticias\/2026\/02\/11\/imagens-de-satelite-revelam-extensao-das-inundacoes-na-bacia-do-tejo\/#primaryimage\",\"url\":\"https:\/\/portaltela.pt\/s.01k8rhncp4jt1\/2026\/02\/image-38.webp\",\"contentUrl\":\"https:\/\/portaltela.pt\/s.01k8rhncp4jt1\/2026\/02\/image-38.webp\",\"width\":1200,\"height\":1200,\"caption\":\"Imagem de sat\u00e9lite que mostra zonas inundadas pelo rio Tejo\"},{\"@type\":\"BreadcrumbList\",\"@id\":\"https:\/\/portaltela.pt\/noticias\/2026\/02\/11\/imagens-de-satelite-revelam-extensao-das-inundacoes-na-bacia-do-tejo\/#breadcrumb\",\"itemListElement\":[{\"@type\":\"ListItem\",\"position\":1,\"name\":\"In\u00edcio\",\"item\":\"https:\/\/portaltela.pt\/\"},{\"@type\":\"ListItem\",\"position\":2,\"name\":\"Imagens de sat\u00e9lite revelam extens\u00e3o das inunda\u00e7\u00f5es na bacia do Tejo\"}]},{\"@type\":\"WebSite\",\"@id\":\"https:\/\/portaltela.pt\/#website\",\"url\":\"https:\/\/portaltela.pt\/\",\"name\":\"Portal Tela Portugal\",\"description\":\"\",\"potentialAction\":[{\"@type\":\"SearchAction\",\"target\":{\"@type\":\"EntryPoint\",\"urlTemplate\":\"https:\/\/portaltela.pt\/?s={search_term_string}\"},\"query-input\":{\"@type\":\"PropertyValueSpecification\",\"valueRequired\":true,\"valueName\":\"search_term_string\"}}],\"inLanguage\":\"pt-PT\"},{\"@type\":\"Person\",\"@id\":\"https:\/\/portaltela.pt\/#\/schema\/person\/c4278d4a6028830caff9ee44b42d32ed\",\"name\":\"Telinha\",\"image\":{\"@type\":\"ImageObject\",\"inLanguage\":\"pt-PT\",\"@id\":\"https:\/\/portaltela.pt\/s.01k8rhncp4jt1\/2025\/11\/talking-bot-125x125.png\",\"url\":\"https:\/\/portaltela.pt\/s.01k8rhncp4jt1\/2025\/11\/talking-bot-125x125.png\",\"contentUrl\":\"https:\/\/portaltela.pt\/s.01k8rhncp4jt1\/2025\/11\/talking-bot-125x125.png\",\"caption\":\"Telinha\"},\"sameAs\":[\"https:\/\/portaltela.pt\/\"],\"url\":\"https:\/\/portaltela.pt\/por\/367410592786\/\"}]}<\/script>\n<!-- \/ Yoast SEO plugin. -->","yoast_head_json":{"title":"Imagens de sat\u00e9lite revelam extens\u00e3o das inunda\u00e7\u00f5es na bacia do Tejo - Portal Tela Portugal","robots":{"index":"index","follow":"follow","max-snippet":"max-snippet:-1","max-image-preview":"max-image-preview:large","max-video-preview":"max-video-preview:-1"},"og_locale":"pt_PT","og_type":"article","og_title":"Imagens de sat\u00e9lite revelam extens\u00e3o das inunda\u00e7\u00f5es na bacia do Tejo - Portal Tela Portugal","og_description":"Imagens de sat\u00e9lite da Ag\u00eancia Espacial Europeia mostram a extens\u00e3o das inunda\u00e7\u00f5es na bacia do Tejo, em Portugal. O radar do Copernicus Sentinel-1 indica zonas inundadas a vermelho, nordeste de Lisboa, com dados de 7 de fevereiro face a 27 de dezembro. Salvaterra de Magos registou mais de 64 mil hectares inundados at\u00e9 8 de fevereiro de 2026. O Servi\u00e7o de Gest\u00e3o de Emerg\u00eancias Copernicus (CEMS) foi ativado para 17 \u00e1reas de interesse em Portugal, entre 28 de janeiro e 3 de fevereiro, e permanece ativo. Chuva significativa na Pen\u00ednsula Ib\u00e9rica, incluindo a Andaluzia e Galiza, com acumula\u00e7\u00e3o superior a 500 mm em Grazalema entre 1 e 7 de fevereiro; a miss\u00e3o Global Precipitation Measurement (GPM) regista a precipita\u00e7\u00e3o.","og_url":"https:\/\/portaltela.pt\/noticias\/2026\/02\/11\/imagens-de-satelite-revelam-extensao-das-inundacoes-na-bacia-do-tejo\/","og_site_name":"Portal Tela Portugal","article_published_time":"2026-02-11T09:11:00+00:00","author":"Telinha","twitter_card":"summary_large_image","twitter_misc":{"Escrito por":"Telinha","Tempo estimado de leitura":"1 minuto"},"schema":{"@context":"https:\/\/schema.org","@graph":[{"@type":"Article","@id":"https:\/\/portaltela.pt\/noticias\/2026\/02\/11\/imagens-de-satelite-revelam-extensao-das-inundacoes-na-bacia-do-tejo\/#article","isPartOf":{"@id":"https:\/\/portaltela.pt\/noticias\/2026\/02\/11\/imagens-de-satelite-revelam-extensao-das-inundacoes-na-bacia-do-tejo\/"},"author":{"name":"Telinha","@id":"https:\/\/portaltela.pt\/#\/schema\/person\/c4278d4a6028830caff9ee44b42d32ed"},"headline":"Imagens de sat\u00e9lite revelam extens\u00e3o das inunda\u00e7\u00f5es na bacia do Tejo","datePublished":"2026-02-11T09:11:00+00:00","mainEntityOfPage":{"@id":"https:\/\/portaltela.pt\/noticias\/2026\/02\/11\/imagens-de-satelite-revelam-extensao-das-inundacoes-na-bacia-do-tejo\/"},"wordCount":271,"image":{"@id":"https:\/\/portaltela.pt\/noticias\/2026\/02\/11\/imagens-de-satelite-revelam-extensao-das-inundacoes-na-bacia-do-tejo\/#primaryimage"},"thumbnailUrl":"https:\/\/portaltela.pt\/s.01k8rhncp4jt1\/2026\/02\/image-38.webp","keywords":["Alc\u00e1cer do Sal","Copernicus","inunda\u00e7\u00f5es","Lisboa","Portugal","Salvaterra de Magos"],"articleSection":["Not\u00edcias"],"inLanguage":"pt-PT"},{"@type":"WebPage","@id":"https:\/\/portaltela.pt\/noticias\/2026\/02\/11\/imagens-de-satelite-revelam-extensao-das-inundacoes-na-bacia-do-tejo\/","url":"https:\/\/portaltela.pt\/noticias\/2026\/02\/11\/imagens-de-satelite-revelam-extensao-das-inundacoes-na-bacia-do-tejo\/","name":"Imagens de sat\u00e9lite revelam extens\u00e3o das inunda\u00e7\u00f5es na bacia do Tejo - Portal Tela Portugal","isPartOf":{"@id":"https:\/\/portaltela.pt\/#website"},"primaryImageOfPage":{"@id":"https:\/\/portaltela.pt\/noticias\/2026\/02\/11\/imagens-de-satelite-revelam-extensao-das-inundacoes-na-bacia-do-tejo\/#primaryimage"},"image":{"@id":"https:\/\/portaltela.pt\/noticias\/2026\/02\/11\/imagens-de-satelite-revelam-extensao-das-inundacoes-na-bacia-do-tejo\/#primaryimage"},"thumbnailUrl":"https:\/\/portaltela.pt\/s.01k8rhncp4jt1\/2026\/02\/image-38.webp","datePublished":"2026-02-11T09:11:00+00:00","author":{"@id":"https:\/\/portaltela.pt\/#\/schema\/person\/c4278d4a6028830caff9ee44b42d32ed"},"breadcrumb":{"@id":"https:\/\/portaltela.pt\/noticias\/2026\/02\/11\/imagens-de-satelite-revelam-extensao-das-inundacoes-na-bacia-do-tejo\/#breadcrumb"},"inLanguage":"pt-PT","potentialAction":[{"@type":"ReadAction","target":["https:\/\/portaltela.pt\/noticias\/2026\/02\/11\/imagens-de-satelite-revelam-extensao-das-inundacoes-na-bacia-do-tejo\/"]}]},{"@type":"ImageObject","inLanguage":"pt-PT","@id":"https:\/\/portaltela.pt\/noticias\/2026\/02\/11\/imagens-de-satelite-revelam-extensao-das-inundacoes-na-bacia-do-tejo\/#primaryimage","url":"https:\/\/portaltela.pt\/s.01k8rhncp4jt1\/2026\/02\/image-38.webp","contentUrl":"https:\/\/portaltela.pt\/s.01k8rhncp4jt1\/2026\/02\/image-38.webp","width":1200,"height":1200,"caption":"Imagem de sat\u00e9lite que mostra zonas inundadas pelo rio Tejo"},{"@type":"BreadcrumbList","@id":"https:\/\/portaltela.pt\/noticias\/2026\/02\/11\/imagens-de-satelite-revelam-extensao-das-inundacoes-na-bacia-do-tejo\/#breadcrumb","itemListElement":[{"@type":"ListItem","position":1,"name":"In\u00edcio","item":"https:\/\/portaltela.pt\/"},{"@type":"ListItem","position":2,"name":"Imagens de sat\u00e9lite revelam extens\u00e3o das inunda\u00e7\u00f5es na bacia do Tejo"}]},{"@type":"WebSite","@id":"https:\/\/portaltela.pt\/#website","url":"https:\/\/portaltela.pt\/","name":"Portal Tela Portugal","description":"","potentialAction":[{"@type":"SearchAction","target":{"@type":"EntryPoint","urlTemplate":"https:\/\/portaltela.pt\/?s={search_term_string}"},"query-input":{"@type":"PropertyValueSpecification","valueRequired":true,"valueName":"search_term_string"}}],"inLanguage":"pt-PT"},{"@type":"Person","@id":"https:\/\/portaltela.pt\/#\/schema\/person\/c4278d4a6028830caff9ee44b42d32ed","name":"Telinha","image":{"@type":"ImageObject","inLanguage":"pt-PT","@id":"https:\/\/portaltela.pt\/s.01k8rhncp4jt1\/2025\/11\/talking-bot-125x125.png","url":"https:\/\/portaltela.pt\/s.01k8rhncp4jt1\/2025\/11\/talking-bot-125x125.png","contentUrl":"https:\/\/portaltela.pt\/s.01k8rhncp4jt1\/2025\/11\/talking-bot-125x125.png","caption":"Telinha"},"sameAs":["https:\/\/portaltela.pt\/"],"url":"https:\/\/portaltela.pt\/por\/367410592786\/"}]}},"_links":{"self":[{"href":"https:\/\/portaltela.pt\/api\/wp\/v2\/posts\/207756","targetHints":{"allow":["GET"]}}],"collection":[{"href":"https:\/\/portaltela.pt\/api\/wp\/v2\/posts"}],"about":[{"href":"https:\/\/portaltela.pt\/api\/wp\/v2\/types\/post"}],"author":[{"embeddable":true,"href":"https:\/\/portaltela.pt\/api\/wp\/v2\/users\/2"}],"replies":[{"embeddable":true,"href":"https:\/\/portaltela.pt\/api\/wp\/v2\/comments?post=207756"}],"version-history":[{"count":0,"href":"https:\/\/portaltela.pt\/api\/wp\/v2\/posts\/207756\/revisions"}],"wp:featuredmedia":[{"embeddable":true,"href":"https:\/\/portaltela.pt\/api\/wp\/v2\/media\/207763"}],"wp:attachment":[{"href":"https:\/\/portaltela.pt\/api\/wp\/v2\/media?parent=207756"}],"wp:term":[{"taxonomy":"category","embeddable":true,"href":"https:\/\/portaltela.pt\/api\/wp\/v2\/categories?post=207756"},{"taxonomy":"post_tag","embeddable":true,"href":"https:\/\/portaltela.pt\/api\/wp\/v2\/tags?post=207756"}],"curies":[{"name":"wp","href":"https:\/\/api.w.org\/{rel}","templated":true}]}}