{"id":207695,"date":"2026-02-11T04:43:00","date_gmt":"2026-02-11T07:43:00","guid":{"rendered":"https:\/\/portaltela.pt\/noticias\/2026\/02\/11\/unicef-apoia-retirada-de-escolas-usadas-por-deslocados-das-cheias-em-mocambique\/"},"modified":"2026-02-11T04:43:00","modified_gmt":"2026-02-11T07:43:00","slug":"unicef-apoia-retirada-de-escolas-usadas-por-deslocados-das-cheias-em-mocambique","status":"publish","type":"post","link":"https:\/\/portaltela.pt\/noticias\/2026\/02\/11\/unicef-apoia-retirada-de-escolas-usadas-por-deslocados-das-cheias-em-mocambique\/","title":{"rendered":"Unicef apoia retirada de escolas usadas por deslocados das cheias em Mo\u00e7ambique"},"content":{"rendered":"<p>A UNICEF anunciou que vai apoiar a desocupa\u00e7\u00e3o de escolas em Mo\u00e7ambique que est\u00e3o a funcionar como abrigos para deslocados pelas cheias. O objetivo \u00e9 libertar infraestruturas escolares para retomar a fun\u00e7\u00e3o educativa nas zonas afetadas.<\/p>\n<p>A medida enquadra-se numa interven\u00e7\u00e3o para proteger a continuidade da aprendizagem e reduzir riscos associados ao uso prolongado de escolas como espa\u00e7os de abrigo. A organiza\u00e7\u00e3o sublinha a import\u00e2ncia de manter o ambiente adequado para estudantes e professores.<\/p>\n<p>Segundo a UNICEF, deslocados ser\u00e3o realojados em alternativas seguras, com condi\u00e7\u00f5es para o regresso \u00e0s aulas assim que poss\u00edvel. O apoio inclui coordena\u00e7\u00e3o com autoridades locais e parceiros para assegurar infraestrutura b\u00e1sica e acompanhamento social.<\/p>\n<p>N\u00e3o foram divulgadas datas espec\u00edficas nem n\u00fameros de alunos envolvidos. A ag\u00eancia destaca a necessidade de planeamento cuidadoso para minimizar impactos no ciclo escolar e garantir retoma r\u00e1pida das atividades letivas.<\/p>\n","protected":false},"excerpt":{"rendered":"<ul>\n<li>UNICEF apoia a desocupa\u00e7\u00e3o de escolas que estavam a acolher deslocados das cheias em Mo\u00e7ambique.<\/li>\n<li>O objetivo \u00e9 libertar as escolas para retomar as atividades de ensino regulares.<\/li>\n<li>A medida envolve coordena\u00e7\u00e3o entre comunidades locais e autoridades escolares.<\/li>\n<li>A a\u00e7\u00e3o acontece no contexto de cheias que afectam v\u00e1rias regi\u00f5es do pa\u00eds.<\/li>\n<li>N\u00e3o foram divulgados mais detalhes no resumo dispon\u00edvel.<\/li>\n<\/ul>\n","protected":false},"author":2,"featured_media":207701,"comment_status":"closed","ping_status":"closed","sticky":false,"template":"","format":"standard","meta":{"footnotes":""},"categories":[1],"tags":[3094,5589,4617,163,2153,1911],"class_list":["post-207695","post","type-post","status-publish","format-standard","has-post-thumbnail","hentry","category-noticias","tag-abrigos","tag-acampamentos","tag-deslocados","tag-educacao","tag-educacao-escolar","tag-mocambique"],"yoast_head":"<!-- This site is optimized with the Yoast SEO plugin v27.2 - https:\/\/yoast.com\/product\/yoast-seo-wordpress\/ -->\n<title>Unicef apoia retirada de escolas usadas por deslocados das cheias em Mo\u00e7ambique - Portal Tela Portugal<\/title>\n<meta name=\"robots\" content=\"index, follow, max-snippet:-1, max-image-preview:large, max-video-preview:-1\" \/>\n<meta property=\"og:locale\" content=\"pt_PT\" \/>\n<meta property=\"og:type\" content=\"article\" \/>\n<meta property=\"og:title\" content=\"Unicef apoia retirada de escolas usadas por deslocados das cheias em Mo\u00e7ambique - Portal Tela Portugal\" \/>\n<meta property=\"og:description\" content=\"UNICEF apoia a desocupa\u00e7\u00e3o de escolas que estavam a acolher deslocados das cheias em Mo\u00e7ambique. O objetivo \u00e9 libertar as escolas para retomar as atividades de ensino regulares. A medida envolve coordena\u00e7\u00e3o entre comunidades locais e autoridades escolares. A a\u00e7\u00e3o acontece no contexto de cheias que afectam v\u00e1rias regi\u00f5es do pa\u00eds. N\u00e3o foram divulgados mais detalhes no resumo dispon\u00edvel.\" \/>\n<meta property=\"og:url\" content=\"https:\/\/portaltela.pt\/noticias\/2026\/02\/11\/unicef-apoia-retirada-de-escolas-usadas-por-deslocados-das-cheias-em-mocambique\/\" \/>\n<meta property=\"og:site_name\" content=\"Portal Tela Portugal\" \/>\n<meta property=\"article:published_time\" content=\"2026-02-11T07:43:00+00:00\" \/>\n<meta name=\"author\" content=\"Telinha\" \/>\n<meta name=\"twitter:card\" content=\"summary_large_image\" \/>\n<meta name=\"twitter:label1\" content=\"Escrito por\" \/>\n\t<meta name=\"twitter:data1\" content=\"Telinha\" \/>\n\t<meta name=\"twitter:label2\" content=\"Tempo estimado de leitura\" \/>\n\t<meta name=\"twitter:data2\" content=\"1 minuto\" \/>\n<script type=\"application\/ld+json\" class=\"yoast-schema-graph\">{\"@context\":\"https:\/\/schema.org\",\"@graph\":[{\"@type\":\"Article\",\"@id\":\"https:\/\/portaltela.pt\/noticias\/2026\/02\/11\/unicef-apoia-retirada-de-escolas-usadas-por-deslocados-das-cheias-em-mocambique\/#article\",\"isPartOf\":{\"@id\":\"https:\/\/portaltela.pt\/noticias\/2026\/02\/11\/unicef-apoia-retirada-de-escolas-usadas-por-deslocados-das-cheias-em-mocambique\/\"},\"author\":{\"name\":\"Telinha\",\"@id\":\"https:\/\/portaltela.pt\/#\/schema\/person\/c4278d4a6028830caff9ee44b42d32ed\"},\"headline\":\"Unicef apoia retirada de escolas usadas por deslocados das cheias em Mo\u00e7ambique\",\"datePublished\":\"2026-02-11T07:43:00+00:00\",\"mainEntityOfPage\":{\"@id\":\"https:\/\/portaltela.pt\/noticias\/2026\/02\/11\/unicef-apoia-retirada-de-escolas-usadas-por-deslocados-das-cheias-em-mocambique\/\"},\"wordCount\":170,\"image\":{\"@id\":\"https:\/\/portaltela.pt\/noticias\/2026\/02\/11\/unicef-apoia-retirada-de-escolas-usadas-por-deslocados-das-cheias-em-mocambique\/#primaryimage\"},\"thumbnailUrl\":\"https:\/\/portaltela.pt\/s.01k8rhncp4jt1\/2026\/02\/CACHE_780X1200_ANALOG_WATERMARKED_46460082_6641611_30012026074546.jpg\",\"keywords\":[\"abrigos\",\"acampamentos\",\"deslocados\",\"educa\u00e7\u00e3o\",\"educa\u00e7\u00e3o escolar\",\"Mo\u00e7ambique\"],\"articleSection\":[\"Not\u00edcias\"],\"inLanguage\":\"pt-PT\"},{\"@type\":\"WebPage\",\"@id\":\"https:\/\/portaltela.pt\/noticias\/2026\/02\/11\/unicef-apoia-retirada-de-escolas-usadas-por-deslocados-das-cheias-em-mocambique\/\",\"url\":\"https:\/\/portaltela.pt\/noticias\/2026\/02\/11\/unicef-apoia-retirada-de-escolas-usadas-por-deslocados-das-cheias-em-mocambique\/\",\"name\":\"Unicef apoia retirada de escolas usadas por deslocados das cheias em Mo\u00e7ambique - Portal Tela Portugal\",\"isPartOf\":{\"@id\":\"https:\/\/portaltela.pt\/#website\"},\"primaryImageOfPage\":{\"@id\":\"https:\/\/portaltela.pt\/noticias\/2026\/02\/11\/unicef-apoia-retirada-de-escolas-usadas-por-deslocados-das-cheias-em-mocambique\/#primaryimage\"},\"image\":{\"@id\":\"https:\/\/portaltela.pt\/noticias\/2026\/02\/11\/unicef-apoia-retirada-de-escolas-usadas-por-deslocados-das-cheias-em-mocambique\/#primaryimage\"},\"thumbnailUrl\":\"https:\/\/portaltela.pt\/s.01k8rhncp4jt1\/2026\/02\/CACHE_780X1200_ANALOG_WATERMARKED_46460082_6641611_30012026074546.jpg\",\"datePublished\":\"2026-02-11T07:43:00+00:00\",\"author\":{\"@id\":\"https:\/\/portaltela.pt\/#\/schema\/person\/c4278d4a6028830caff9ee44b42d32ed\"},\"breadcrumb\":{\"@id\":\"https:\/\/portaltela.pt\/noticias\/2026\/02\/11\/unicef-apoia-retirada-de-escolas-usadas-por-deslocados-das-cheias-em-mocambique\/#breadcrumb\"},\"inLanguage\":\"pt-PT\",\"potentialAction\":[{\"@type\":\"ReadAction\",\"target\":[\"https:\/\/portaltela.pt\/noticias\/2026\/02\/11\/unicef-apoia-retirada-de-escolas-usadas-por-deslocados-das-cheias-em-mocambique\/\"]}]},{\"@type\":\"ImageObject\",\"inLanguage\":\"pt-PT\",\"@id\":\"https:\/\/portaltela.pt\/noticias\/2026\/02\/11\/unicef-apoia-retirada-de-escolas-usadas-por-deslocados-das-cheias-em-mocambique\/#primaryimage\",\"url\":\"https:\/\/portaltela.pt\/s.01k8rhncp4jt1\/2026\/02\/CACHE_780X1200_ANALOG_WATERMARKED_46460082_6641611_30012026074546.jpg\",\"contentUrl\":\"https:\/\/portaltela.pt\/s.01k8rhncp4jt1\/2026\/02\/CACHE_780X1200_ANALOG_WATERMARKED_46460082_6641611_30012026074546.jpg\",\"width\":796,\"height\":448,\"caption\":\"Unicef apoia desocupa\u00e7\u00e3o de escolas usadas por deslocados das cheias em Mo\u00e7ambique\"},{\"@type\":\"BreadcrumbList\",\"@id\":\"https:\/\/portaltela.pt\/noticias\/2026\/02\/11\/unicef-apoia-retirada-de-escolas-usadas-por-deslocados-das-cheias-em-mocambique\/#breadcrumb\",\"itemListElement\":[{\"@type\":\"ListItem\",\"position\":1,\"name\":\"In\u00edcio\",\"item\":\"https:\/\/portaltela.pt\/\"},{\"@type\":\"ListItem\",\"position\":2,\"name\":\"Unicef apoia retirada de escolas usadas por deslocados das cheias em Mo\u00e7ambique\"}]},{\"@type\":\"WebSite\",\"@id\":\"https:\/\/portaltela.pt\/#website\",\"url\":\"https:\/\/portaltela.pt\/\",\"name\":\"Portal Tela Portugal\",\"description\":\"\",\"potentialAction\":[{\"@type\":\"SearchAction\",\"target\":{\"@type\":\"EntryPoint\",\"urlTemplate\":\"https:\/\/portaltela.pt\/?s={search_term_string}\"},\"query-input\":{\"@type\":\"PropertyValueSpecification\",\"valueRequired\":true,\"valueName\":\"search_term_string\"}}],\"inLanguage\":\"pt-PT\"},{\"@type\":\"Person\",\"@id\":\"https:\/\/portaltela.pt\/#\/schema\/person\/c4278d4a6028830caff9ee44b42d32ed\",\"name\":\"Telinha\",\"image\":{\"@type\":\"ImageObject\",\"inLanguage\":\"pt-PT\",\"@id\":\"https:\/\/portaltela.pt\/s.01k8rhncp4jt1\/2025\/11\/talking-bot-125x125.png\",\"url\":\"https:\/\/portaltela.pt\/s.01k8rhncp4jt1\/2025\/11\/talking-bot-125x125.png\",\"contentUrl\":\"https:\/\/portaltela.pt\/s.01k8rhncp4jt1\/2025\/11\/talking-bot-125x125.png\",\"caption\":\"Telinha\"},\"sameAs\":[\"https:\/\/portaltela.pt\/\"],\"url\":\"https:\/\/portaltela.pt\/por\/367410592786\/\"}]}<\/script>\n<!-- \/ Yoast SEO plugin. -->","yoast_head_json":{"title":"Unicef apoia retirada de escolas usadas por deslocados das cheias em Mo\u00e7ambique - Portal Tela Portugal","robots":{"index":"index","follow":"follow","max-snippet":"max-snippet:-1","max-image-preview":"max-image-preview:large","max-video-preview":"max-video-preview:-1"},"og_locale":"pt_PT","og_type":"article","og_title":"Unicef apoia retirada de escolas usadas por deslocados das cheias em Mo\u00e7ambique - Portal Tela Portugal","og_description":"UNICEF apoia a desocupa\u00e7\u00e3o de escolas que estavam a acolher deslocados das cheias em Mo\u00e7ambique. O objetivo \u00e9 libertar as escolas para retomar as atividades de ensino regulares. A medida envolve coordena\u00e7\u00e3o entre comunidades locais e autoridades escolares. A a\u00e7\u00e3o acontece no contexto de cheias que afectam v\u00e1rias regi\u00f5es do pa\u00eds. N\u00e3o foram divulgados mais detalhes no resumo dispon\u00edvel.","og_url":"https:\/\/portaltela.pt\/noticias\/2026\/02\/11\/unicef-apoia-retirada-de-escolas-usadas-por-deslocados-das-cheias-em-mocambique\/","og_site_name":"Portal Tela Portugal","article_published_time":"2026-02-11T07:43:00+00:00","author":"Telinha","twitter_card":"summary_large_image","twitter_misc":{"Escrito por":"Telinha","Tempo estimado de leitura":"1 minuto"},"schema":{"@context":"https:\/\/schema.org","@graph":[{"@type":"Article","@id":"https:\/\/portaltela.pt\/noticias\/2026\/02\/11\/unicef-apoia-retirada-de-escolas-usadas-por-deslocados-das-cheias-em-mocambique\/#article","isPartOf":{"@id":"https:\/\/portaltela.pt\/noticias\/2026\/02\/11\/unicef-apoia-retirada-de-escolas-usadas-por-deslocados-das-cheias-em-mocambique\/"},"author":{"name":"Telinha","@id":"https:\/\/portaltela.pt\/#\/schema\/person\/c4278d4a6028830caff9ee44b42d32ed"},"headline":"Unicef apoia retirada de escolas usadas por deslocados das cheias em Mo\u00e7ambique","datePublished":"2026-02-11T07:43:00+00:00","mainEntityOfPage":{"@id":"https:\/\/portaltela.pt\/noticias\/2026\/02\/11\/unicef-apoia-retirada-de-escolas-usadas-por-deslocados-das-cheias-em-mocambique\/"},"wordCount":170,"image":{"@id":"https:\/\/portaltela.pt\/noticias\/2026\/02\/11\/unicef-apoia-retirada-de-escolas-usadas-por-deslocados-das-cheias-em-mocambique\/#primaryimage"},"thumbnailUrl":"https:\/\/portaltela.pt\/s.01k8rhncp4jt1\/2026\/02\/CACHE_780X1200_ANALOG_WATERMARKED_46460082_6641611_30012026074546.jpg","keywords":["abrigos","acampamentos","deslocados","educa\u00e7\u00e3o","educa\u00e7\u00e3o escolar","Mo\u00e7ambique"],"articleSection":["Not\u00edcias"],"inLanguage":"pt-PT"},{"@type":"WebPage","@id":"https:\/\/portaltela.pt\/noticias\/2026\/02\/11\/unicef-apoia-retirada-de-escolas-usadas-por-deslocados-das-cheias-em-mocambique\/","url":"https:\/\/portaltela.pt\/noticias\/2026\/02\/11\/unicef-apoia-retirada-de-escolas-usadas-por-deslocados-das-cheias-em-mocambique\/","name":"Unicef apoia retirada de escolas usadas por deslocados das cheias em Mo\u00e7ambique - Portal Tela Portugal","isPartOf":{"@id":"https:\/\/portaltela.pt\/#website"},"primaryImageOfPage":{"@id":"https:\/\/portaltela.pt\/noticias\/2026\/02\/11\/unicef-apoia-retirada-de-escolas-usadas-por-deslocados-das-cheias-em-mocambique\/#primaryimage"},"image":{"@id":"https:\/\/portaltela.pt\/noticias\/2026\/02\/11\/unicef-apoia-retirada-de-escolas-usadas-por-deslocados-das-cheias-em-mocambique\/#primaryimage"},"thumbnailUrl":"https:\/\/portaltela.pt\/s.01k8rhncp4jt1\/2026\/02\/CACHE_780X1200_ANALOG_WATERMARKED_46460082_6641611_30012026074546.jpg","datePublished":"2026-02-11T07:43:00+00:00","author":{"@id":"https:\/\/portaltela.pt\/#\/schema\/person\/c4278d4a6028830caff9ee44b42d32ed"},"breadcrumb":{"@id":"https:\/\/portaltela.pt\/noticias\/2026\/02\/11\/unicef-apoia-retirada-de-escolas-usadas-por-deslocados-das-cheias-em-mocambique\/#breadcrumb"},"inLanguage":"pt-PT","potentialAction":[{"@type":"ReadAction","target":["https:\/\/portaltela.pt\/noticias\/2026\/02\/11\/unicef-apoia-retirada-de-escolas-usadas-por-deslocados-das-cheias-em-mocambique\/"]}]},{"@type":"ImageObject","inLanguage":"pt-PT","@id":"https:\/\/portaltela.pt\/noticias\/2026\/02\/11\/unicef-apoia-retirada-de-escolas-usadas-por-deslocados-das-cheias-em-mocambique\/#primaryimage","url":"https:\/\/portaltela.pt\/s.01k8rhncp4jt1\/2026\/02\/CACHE_780X1200_ANALOG_WATERMARKED_46460082_6641611_30012026074546.jpg","contentUrl":"https:\/\/portaltela.pt\/s.01k8rhncp4jt1\/2026\/02\/CACHE_780X1200_ANALOG_WATERMARKED_46460082_6641611_30012026074546.jpg","width":796,"height":448,"caption":"Unicef apoia desocupa\u00e7\u00e3o de escolas usadas por deslocados das cheias em Mo\u00e7ambique"},{"@type":"BreadcrumbList","@id":"https:\/\/portaltela.pt\/noticias\/2026\/02\/11\/unicef-apoia-retirada-de-escolas-usadas-por-deslocados-das-cheias-em-mocambique\/#breadcrumb","itemListElement":[{"@type":"ListItem","position":1,"name":"In\u00edcio","item":"https:\/\/portaltela.pt\/"},{"@type":"ListItem","position":2,"name":"Unicef apoia retirada de escolas usadas por deslocados das cheias em Mo\u00e7ambique"}]},{"@type":"WebSite","@id":"https:\/\/portaltela.pt\/#website","url":"https:\/\/portaltela.pt\/","name":"Portal Tela Portugal","description":"","potentialAction":[{"@type":"SearchAction","target":{"@type":"EntryPoint","urlTemplate":"https:\/\/portaltela.pt\/?s={search_term_string}"},"query-input":{"@type":"PropertyValueSpecification","valueRequired":true,"valueName":"search_term_string"}}],"inLanguage":"pt-PT"},{"@type":"Person","@id":"https:\/\/portaltela.pt\/#\/schema\/person\/c4278d4a6028830caff9ee44b42d32ed","name":"Telinha","image":{"@type":"ImageObject","inLanguage":"pt-PT","@id":"https:\/\/portaltela.pt\/s.01k8rhncp4jt1\/2025\/11\/talking-bot-125x125.png","url":"https:\/\/portaltela.pt\/s.01k8rhncp4jt1\/2025\/11\/talking-bot-125x125.png","contentUrl":"https:\/\/portaltela.pt\/s.01k8rhncp4jt1\/2025\/11\/talking-bot-125x125.png","caption":"Telinha"},"sameAs":["https:\/\/portaltela.pt\/"],"url":"https:\/\/portaltela.pt\/por\/367410592786\/"}]}},"_links":{"self":[{"href":"https:\/\/portaltela.pt\/api\/wp\/v2\/posts\/207695","targetHints":{"allow":["GET"]}}],"collection":[{"href":"https:\/\/portaltela.pt\/api\/wp\/v2\/posts"}],"about":[{"href":"https:\/\/portaltela.pt\/api\/wp\/v2\/types\/post"}],"author":[{"embeddable":true,"href":"https:\/\/portaltela.pt\/api\/wp\/v2\/users\/2"}],"replies":[{"embeddable":true,"href":"https:\/\/portaltela.pt\/api\/wp\/v2\/comments?post=207695"}],"version-history":[{"count":0,"href":"https:\/\/portaltela.pt\/api\/wp\/v2\/posts\/207695\/revisions"}],"wp:featuredmedia":[{"embeddable":true,"href":"https:\/\/portaltela.pt\/api\/wp\/v2\/media\/207701"}],"wp:attachment":[{"href":"https:\/\/portaltela.pt\/api\/wp\/v2\/media?parent=207695"}],"wp:term":[{"taxonomy":"category","embeddable":true,"href":"https:\/\/portaltela.pt\/api\/wp\/v2\/categories?post=207695"},{"taxonomy":"post_tag","embeddable":true,"href":"https:\/\/portaltela.pt\/api\/wp\/v2\/tags?post=207695"}],"curies":[{"name":"wp","href":"https:\/\/api.w.org\/{rel}","templated":true}]}}