{"id":207674,"date":"2026-02-11T04:33:00","date_gmt":"2026-02-11T07:33:00","guid":{"rendered":"https:\/\/portaltela.pt\/noticias\/2026\/02\/11\/silaidopoulos-deixa-rio-ave-sad-ja-no-terreno\/"},"modified":"2026-02-11T04:33:00","modified_gmt":"2026-02-11T07:33:00","slug":"silaidopoulos-deixa-rio-ave-sad-ja-no-terreno","status":"publish","type":"post","link":"https:\/\/portaltela.pt\/desporto\/futebol\/2026\/02\/11\/silaidopoulos-deixa-rio-ave-sad-ja-no-terreno\/","title":{"rendered":"Silaidopoulos deixa Rio Ave; SAD j\u00e1 no terreno"},"content":{"rendered":"<p>Sotiris Silaidopoulos est\u00e1 de sa\u00edda do Rio Ave. O t\u00e9cnico grego, de 47 anos, n\u00e3o resistiu aos maus resultados recentes, com quatro derrotas consecutivas sem qualquer golo marcado. O processo de rescis\u00e3o j\u00e1 foi iniciado com a SAD vilacondense e dever\u00e1 ficar fechado ainda hoje.<\/p>\n<p>A SAD encontra-se a negociar os termos do acordo de rescis\u00e3o, que dever\u00e1 culminar na sa\u00edda do treinador nesta semana. O emblema vilacondense ainda n\u00e3o divulgou declara\u00e7\u00f5es oficiais sobre o desfecho, mantendo o foco na reorganiza\u00e7\u00e3o da equipa.<\/p>\n<h3>**Pr\u00f3ximo treinador entre op\u00e7\u00f5es**<\/h3>\n<p>Entre os nomes referidos pela imprensa e pela estrutura do clube, destaca-se o t\u00e9cnico <strong>Vasco Matos<\/strong> como uma das possibilidades para comandar o Rio Ave. A dire\u00e7\u00e3o poder\u00e1 anunciar evolu\u00e7\u00f5es sobre o assunto nas pr\u00f3ximas horas, conforme avan\u00e7arem as negocia\u00e7\u00f5es.<\/p>\n","protected":false},"excerpt":{"rendered":"<ul>\n<li>Sotiris Silaidopoulos, t\u00e9cnico grego de 47 anos, saiu do Rio Ave ap\u00f3s quatro derrotas consecutivas sem marcar, n\u00e3o resistindo aos maus resultados.<\/li>\n<li>O treinador iniciou o processo de rescis\u00e3o com a SAD vilacondense, acordo que dever\u00e1 ficar conclu\u00eddo ainda hoje.<\/li>\n<li>A SAD j\u00e1 trabalha na escolha de um substituto para o banco do Rio Ave.<\/li>\n<li>Entre os nomes considerados est\u00e1 Vasco Matos, segundo o relat\u00f3rio da not\u00edcia.<\/li>\n<li>O an\u00fancio oficial da rescis\u00e3o deve ocorrer em breve, conforme a informa\u00e7\u00e3o apresentada.<\/li>\n<\/ul>\n","protected":false},"author":2,"featured_media":207676,"comment_status":"closed","ping_status":"closed","sticky":false,"template":"","format":"standard","meta":{"footnotes":""},"categories":[21,24],"tags":[152,32,1747,3501,2190,2477],"class_list":["post-207674","post","type-post","status-publish","format-standard","has-post-thumbnail","hentry","category-desporto","category-futebol","tag-desporto","tag-futebol","tag-futebol-profissional","tag-rescisao","tag-rio-ave","tag-treinadores"],"yoast_head":"<!-- This site is optimized with the Yoast SEO plugin v27.2 - https:\/\/yoast.com\/product\/yoast-seo-wordpress\/ -->\n<title>Silaidopoulos deixa Rio Ave; SAD j\u00e1 no terreno - Portal Tela Portugal<\/title>\n<meta name=\"robots\" content=\"index, follow, max-snippet:-1, max-image-preview:large, max-video-preview:-1\" \/>\n<meta property=\"og:locale\" content=\"pt_PT\" \/>\n<meta property=\"og:type\" content=\"article\" \/>\n<meta property=\"og:title\" content=\"Silaidopoulos deixa Rio Ave; SAD j\u00e1 no terreno - Portal Tela Portugal\" \/>\n<meta property=\"og:description\" content=\"Sotiris Silaidopoulos, t\u00e9cnico grego de 47 anos, saiu do Rio Ave ap\u00f3s quatro derrotas consecutivas sem marcar, n\u00e3o resistindo aos maus resultados. O treinador iniciou o processo de rescis\u00e3o com a SAD vilacondense, acordo que dever\u00e1 ficar conclu\u00eddo ainda hoje. A SAD j\u00e1 trabalha na escolha de um substituto para o banco do Rio Ave. Entre os nomes considerados est\u00e1 Vasco Matos, segundo o relat\u00f3rio da not\u00edcia. O an\u00fancio oficial da rescis\u00e3o deve ocorrer em breve, conforme a informa\u00e7\u00e3o apresentada.\" \/>\n<meta property=\"og:url\" content=\"https:\/\/portaltela.pt\/noticias\/2026\/02\/11\/silaidopoulos-deixa-rio-ave-sad-ja-no-terreno\/\" \/>\n<meta property=\"og:site_name\" content=\"Portal Tela Portugal\" \/>\n<meta property=\"article:published_time\" content=\"2026-02-11T07:33:00+00:00\" \/>\n<meta name=\"author\" content=\"Telinha\" \/>\n<meta name=\"twitter:card\" content=\"summary_large_image\" \/>\n<meta name=\"twitter:label1\" content=\"Escrito por\" \/>\n\t<meta name=\"twitter:data1\" content=\"Telinha\" \/>\n\t<meta name=\"twitter:label2\" content=\"Tempo estimado de leitura\" \/>\n\t<meta name=\"twitter:data2\" content=\"1 minuto\" \/>\n<script type=\"application\/ld+json\" class=\"yoast-schema-graph\">{\"@context\":\"https:\/\/schema.org\",\"@graph\":[{\"@type\":\"Article\",\"@id\":\"https:\/\/portaltela.pt\/noticias\/2026\/02\/11\/silaidopoulos-deixa-rio-ave-sad-ja-no-terreno\/#article\",\"isPartOf\":{\"@id\":\"https:\/\/portaltela.pt\/noticias\/2026\/02\/11\/silaidopoulos-deixa-rio-ave-sad-ja-no-terreno\/\"},\"author\":{\"name\":\"Telinha\",\"@id\":\"https:\/\/portaltela.pt\/#\/schema\/person\/c4278d4a6028830caff9ee44b42d32ed\"},\"headline\":\"Silaidopoulos deixa Rio Ave; SAD j\u00e1 no terreno\",\"datePublished\":\"2026-02-11T07:33:00+00:00\",\"mainEntityOfPage\":{\"@id\":\"https:\/\/portaltela.pt\/noticias\/2026\/02\/11\/silaidopoulos-deixa-rio-ave-sad-ja-no-terreno\/\"},\"wordCount\":151,\"image\":{\"@id\":\"https:\/\/portaltela.pt\/noticias\/2026\/02\/11\/silaidopoulos-deixa-rio-ave-sad-ja-no-terreno\/#primaryimage\"},\"thumbnailUrl\":\"https:\/\/portaltela.pt\/s.01k8rhncp4jt1\/2026\/02\/img_920x518uu2026-01-31-21-05-50-2418740-im-639054903777946007.jpg\",\"keywords\":[\"desporto\",\"futebol\",\"Futebol Profissional\",\"rescis\u00e3o\",\"Rio Ave\",\"treinadores\"],\"articleSection\":[\"Desporto\",\"Futebol\"],\"inLanguage\":\"pt-PT\"},{\"@type\":\"WebPage\",\"@id\":\"https:\/\/portaltela.pt\/noticias\/2026\/02\/11\/silaidopoulos-deixa-rio-ave-sad-ja-no-terreno\/\",\"url\":\"https:\/\/portaltela.pt\/noticias\/2026\/02\/11\/silaidopoulos-deixa-rio-ave-sad-ja-no-terreno\/\",\"name\":\"Silaidopoulos deixa Rio Ave; SAD j\u00e1 no terreno - Portal Tela Portugal\",\"isPartOf\":{\"@id\":\"https:\/\/portaltela.pt\/#website\"},\"primaryImageOfPage\":{\"@id\":\"https:\/\/portaltela.pt\/noticias\/2026\/02\/11\/silaidopoulos-deixa-rio-ave-sad-ja-no-terreno\/#primaryimage\"},\"image\":{\"@id\":\"https:\/\/portaltela.pt\/noticias\/2026\/02\/11\/silaidopoulos-deixa-rio-ave-sad-ja-no-terreno\/#primaryimage\"},\"thumbnailUrl\":\"https:\/\/portaltela.pt\/s.01k8rhncp4jt1\/2026\/02\/img_920x518uu2026-01-31-21-05-50-2418740-im-639054903777946007.jpg\",\"datePublished\":\"2026-02-11T07:33:00+00:00\",\"author\":{\"@id\":\"https:\/\/portaltela.pt\/#\/schema\/person\/c4278d4a6028830caff9ee44b42d32ed\"},\"breadcrumb\":{\"@id\":\"https:\/\/portaltela.pt\/noticias\/2026\/02\/11\/silaidopoulos-deixa-rio-ave-sad-ja-no-terreno\/#breadcrumb\"},\"inLanguage\":\"pt-PT\",\"potentialAction\":[{\"@type\":\"ReadAction\",\"target\":[\"https:\/\/portaltela.pt\/noticias\/2026\/02\/11\/silaidopoulos-deixa-rio-ave-sad-ja-no-terreno\/\"]}]},{\"@type\":\"ImageObject\",\"inLanguage\":\"pt-PT\",\"@id\":\"https:\/\/portaltela.pt\/noticias\/2026\/02\/11\/silaidopoulos-deixa-rio-ave-sad-ja-no-terreno\/#primaryimage\",\"url\":\"https:\/\/portaltela.pt\/s.01k8rhncp4jt1\/2026\/02\/img_920x518uu2026-01-31-21-05-50-2418740-im-639054903777946007.jpg\",\"contentUrl\":\"https:\/\/portaltela.pt\/s.01k8rhncp4jt1\/2026\/02\/img_920x518uu2026-01-31-21-05-50-2418740-im-639054903777946007.jpg\",\"width\":796,\"height\":448,\"caption\":\"Sotiris Silaidopoulos\"},{\"@type\":\"BreadcrumbList\",\"@id\":\"https:\/\/portaltela.pt\/noticias\/2026\/02\/11\/silaidopoulos-deixa-rio-ave-sad-ja-no-terreno\/#breadcrumb\",\"itemListElement\":[{\"@type\":\"ListItem\",\"position\":1,\"name\":\"In\u00edcio\",\"item\":\"https:\/\/portaltela.pt\/\"},{\"@type\":\"ListItem\",\"position\":2,\"name\":\"Silaidopoulos deixa Rio Ave; SAD j\u00e1 no terreno\"}]},{\"@type\":\"WebSite\",\"@id\":\"https:\/\/portaltela.pt\/#website\",\"url\":\"https:\/\/portaltela.pt\/\",\"name\":\"Portal Tela Portugal\",\"description\":\"\",\"potentialAction\":[{\"@type\":\"SearchAction\",\"target\":{\"@type\":\"EntryPoint\",\"urlTemplate\":\"https:\/\/portaltela.pt\/?s={search_term_string}\"},\"query-input\":{\"@type\":\"PropertyValueSpecification\",\"valueRequired\":true,\"valueName\":\"search_term_string\"}}],\"inLanguage\":\"pt-PT\"},{\"@type\":\"Person\",\"@id\":\"https:\/\/portaltela.pt\/#\/schema\/person\/c4278d4a6028830caff9ee44b42d32ed\",\"name\":\"Telinha\",\"image\":{\"@type\":\"ImageObject\",\"inLanguage\":\"pt-PT\",\"@id\":\"https:\/\/portaltela.pt\/s.01k8rhncp4jt1\/2025\/11\/talking-bot-125x125.png\",\"url\":\"https:\/\/portaltela.pt\/s.01k8rhncp4jt1\/2025\/11\/talking-bot-125x125.png\",\"contentUrl\":\"https:\/\/portaltela.pt\/s.01k8rhncp4jt1\/2025\/11\/talking-bot-125x125.png\",\"caption\":\"Telinha\"},\"sameAs\":[\"https:\/\/portaltela.pt\/\"],\"url\":\"https:\/\/portaltela.pt\/por\/367410592786\/\"}]}<\/script>\n<!-- \/ Yoast SEO plugin. -->","yoast_head_json":{"title":"Silaidopoulos deixa Rio Ave; SAD j\u00e1 no terreno - Portal Tela Portugal","robots":{"index":"index","follow":"follow","max-snippet":"max-snippet:-1","max-image-preview":"max-image-preview:large","max-video-preview":"max-video-preview:-1"},"og_locale":"pt_PT","og_type":"article","og_title":"Silaidopoulos deixa Rio Ave; SAD j\u00e1 no terreno - Portal Tela Portugal","og_description":"Sotiris Silaidopoulos, t\u00e9cnico grego de 47 anos, saiu do Rio Ave ap\u00f3s quatro derrotas consecutivas sem marcar, n\u00e3o resistindo aos maus resultados. O treinador iniciou o processo de rescis\u00e3o com a SAD vilacondense, acordo que dever\u00e1 ficar conclu\u00eddo ainda hoje. A SAD j\u00e1 trabalha na escolha de um substituto para o banco do Rio Ave. Entre os nomes considerados est\u00e1 Vasco Matos, segundo o relat\u00f3rio da not\u00edcia. O an\u00fancio oficial da rescis\u00e3o deve ocorrer em breve, conforme a informa\u00e7\u00e3o apresentada.","og_url":"https:\/\/portaltela.pt\/noticias\/2026\/02\/11\/silaidopoulos-deixa-rio-ave-sad-ja-no-terreno\/","og_site_name":"Portal Tela Portugal","article_published_time":"2026-02-11T07:33:00+00:00","author":"Telinha","twitter_card":"summary_large_image","twitter_misc":{"Escrito por":"Telinha","Tempo estimado de leitura":"1 minuto"},"schema":{"@context":"https:\/\/schema.org","@graph":[{"@type":"Article","@id":"https:\/\/portaltela.pt\/noticias\/2026\/02\/11\/silaidopoulos-deixa-rio-ave-sad-ja-no-terreno\/#article","isPartOf":{"@id":"https:\/\/portaltela.pt\/noticias\/2026\/02\/11\/silaidopoulos-deixa-rio-ave-sad-ja-no-terreno\/"},"author":{"name":"Telinha","@id":"https:\/\/portaltela.pt\/#\/schema\/person\/c4278d4a6028830caff9ee44b42d32ed"},"headline":"Silaidopoulos deixa Rio Ave; SAD j\u00e1 no terreno","datePublished":"2026-02-11T07:33:00+00:00","mainEntityOfPage":{"@id":"https:\/\/portaltela.pt\/noticias\/2026\/02\/11\/silaidopoulos-deixa-rio-ave-sad-ja-no-terreno\/"},"wordCount":151,"image":{"@id":"https:\/\/portaltela.pt\/noticias\/2026\/02\/11\/silaidopoulos-deixa-rio-ave-sad-ja-no-terreno\/#primaryimage"},"thumbnailUrl":"https:\/\/portaltela.pt\/s.01k8rhncp4jt1\/2026\/02\/img_920x518uu2026-01-31-21-05-50-2418740-im-639054903777946007.jpg","keywords":["desporto","futebol","Futebol Profissional","rescis\u00e3o","Rio Ave","treinadores"],"articleSection":["Desporto","Futebol"],"inLanguage":"pt-PT"},{"@type":"WebPage","@id":"https:\/\/portaltela.pt\/noticias\/2026\/02\/11\/silaidopoulos-deixa-rio-ave-sad-ja-no-terreno\/","url":"https:\/\/portaltela.pt\/noticias\/2026\/02\/11\/silaidopoulos-deixa-rio-ave-sad-ja-no-terreno\/","name":"Silaidopoulos deixa Rio Ave; SAD j\u00e1 no terreno - Portal Tela Portugal","isPartOf":{"@id":"https:\/\/portaltela.pt\/#website"},"primaryImageOfPage":{"@id":"https:\/\/portaltela.pt\/noticias\/2026\/02\/11\/silaidopoulos-deixa-rio-ave-sad-ja-no-terreno\/#primaryimage"},"image":{"@id":"https:\/\/portaltela.pt\/noticias\/2026\/02\/11\/silaidopoulos-deixa-rio-ave-sad-ja-no-terreno\/#primaryimage"},"thumbnailUrl":"https:\/\/portaltela.pt\/s.01k8rhncp4jt1\/2026\/02\/img_920x518uu2026-01-31-21-05-50-2418740-im-639054903777946007.jpg","datePublished":"2026-02-11T07:33:00+00:00","author":{"@id":"https:\/\/portaltela.pt\/#\/schema\/person\/c4278d4a6028830caff9ee44b42d32ed"},"breadcrumb":{"@id":"https:\/\/portaltela.pt\/noticias\/2026\/02\/11\/silaidopoulos-deixa-rio-ave-sad-ja-no-terreno\/#breadcrumb"},"inLanguage":"pt-PT","potentialAction":[{"@type":"ReadAction","target":["https:\/\/portaltela.pt\/noticias\/2026\/02\/11\/silaidopoulos-deixa-rio-ave-sad-ja-no-terreno\/"]}]},{"@type":"ImageObject","inLanguage":"pt-PT","@id":"https:\/\/portaltela.pt\/noticias\/2026\/02\/11\/silaidopoulos-deixa-rio-ave-sad-ja-no-terreno\/#primaryimage","url":"https:\/\/portaltela.pt\/s.01k8rhncp4jt1\/2026\/02\/img_920x518uu2026-01-31-21-05-50-2418740-im-639054903777946007.jpg","contentUrl":"https:\/\/portaltela.pt\/s.01k8rhncp4jt1\/2026\/02\/img_920x518uu2026-01-31-21-05-50-2418740-im-639054903777946007.jpg","width":796,"height":448,"caption":"Sotiris Silaidopoulos"},{"@type":"BreadcrumbList","@id":"https:\/\/portaltela.pt\/noticias\/2026\/02\/11\/silaidopoulos-deixa-rio-ave-sad-ja-no-terreno\/#breadcrumb","itemListElement":[{"@type":"ListItem","position":1,"name":"In\u00edcio","item":"https:\/\/portaltela.pt\/"},{"@type":"ListItem","position":2,"name":"Silaidopoulos deixa Rio Ave; SAD j\u00e1 no terreno"}]},{"@type":"WebSite","@id":"https:\/\/portaltela.pt\/#website","url":"https:\/\/portaltela.pt\/","name":"Portal Tela Portugal","description":"","potentialAction":[{"@type":"SearchAction","target":{"@type":"EntryPoint","urlTemplate":"https:\/\/portaltela.pt\/?s={search_term_string}"},"query-input":{"@type":"PropertyValueSpecification","valueRequired":true,"valueName":"search_term_string"}}],"inLanguage":"pt-PT"},{"@type":"Person","@id":"https:\/\/portaltela.pt\/#\/schema\/person\/c4278d4a6028830caff9ee44b42d32ed","name":"Telinha","image":{"@type":"ImageObject","inLanguage":"pt-PT","@id":"https:\/\/portaltela.pt\/s.01k8rhncp4jt1\/2025\/11\/talking-bot-125x125.png","url":"https:\/\/portaltela.pt\/s.01k8rhncp4jt1\/2025\/11\/talking-bot-125x125.png","contentUrl":"https:\/\/portaltela.pt\/s.01k8rhncp4jt1\/2025\/11\/talking-bot-125x125.png","caption":"Telinha"},"sameAs":["https:\/\/portaltela.pt\/"],"url":"https:\/\/portaltela.pt\/por\/367410592786\/"}]}},"_links":{"self":[{"href":"https:\/\/portaltela.pt\/api\/wp\/v2\/posts\/207674","targetHints":{"allow":["GET"]}}],"collection":[{"href":"https:\/\/portaltela.pt\/api\/wp\/v2\/posts"}],"about":[{"href":"https:\/\/portaltela.pt\/api\/wp\/v2\/types\/post"}],"author":[{"embeddable":true,"href":"https:\/\/portaltela.pt\/api\/wp\/v2\/users\/2"}],"replies":[{"embeddable":true,"href":"https:\/\/portaltela.pt\/api\/wp\/v2\/comments?post=207674"}],"version-history":[{"count":0,"href":"https:\/\/portaltela.pt\/api\/wp\/v2\/posts\/207674\/revisions"}],"wp:featuredmedia":[{"embeddable":true,"href":"https:\/\/portaltela.pt\/api\/wp\/v2\/media\/207676"}],"wp:attachment":[{"href":"https:\/\/portaltela.pt\/api\/wp\/v2\/media?parent=207674"}],"wp:term":[{"taxonomy":"category","embeddable":true,"href":"https:\/\/portaltela.pt\/api\/wp\/v2\/categories?post=207674"},{"taxonomy":"post_tag","embeddable":true,"href":"https:\/\/portaltela.pt\/api\/wp\/v2\/tags?post=207674"}],"curies":[{"name":"wp","href":"https:\/\/api.w.org\/{rel}","templated":true}]}}