{"id":207660,"date":"2026-02-11T04:20:00","date_gmt":"2026-02-11T07:20:00","guid":{"rendered":"https:\/\/portaltela.pt\/noticias\/2026\/02\/11\/mortes-por-doencas-circulatorias-atingem-menor-nivel-em-30-anos-em-2023\/"},"modified":"2026-02-11T04:20:00","modified_gmt":"2026-02-11T07:20:00","slug":"mortes-por-doencas-circulatorias-atingem-menor-nivel-em-30-anos-em-2023","status":"publish","type":"post","link":"https:\/\/portaltela.pt\/noticias\/2026\/02\/11\/mortes-por-doencas-circulatorias-atingem-menor-nivel-em-30-anos-em-2023\/","title":{"rendered":"Mortes por doen\u00e7as circulat\u00f3rias atingem menor n\u00edvel em 30 anos em 2023"},"content":{"rendered":"<p>Ontem foi divulgado um relat\u00f3rio que indica que, em 2023, Portugal atingiu o valor mais baixo de mortalidade por doen\u00e7as do aparelho circulat\u00f3rio nos \u00faltimos 30 anos. O estudo cobre 2013 a 2023 e \u00e9 divulgado pela Dire\u00e7\u00e3o-Geral da Sa\u00fade (DGS). O documento aponta que, embora estas patologias continuem a ser a principal causa de \u00f3bito, representam cerca de 25% do total, com tend\u00eancia de redu\u00e7\u00e3o gradual.<\/p>\n<p>A an\u00e1lise mostra que Portugal apresenta indicadores de mortalidade por c\u00e9rebro e cardiovascular iguais ou abaixo da m\u00e9dia europeia. Entre 2015 e 2024, o relat\u00f3rio observa melhorias nos cuidados prim\u00e1rios, nomeadamente controlo da press\u00e3o arterial e de colesterol LDL em diab\u00e9ticos, al\u00e9m de um aumento das consultas de cessa\u00e7\u00e3o tab\u00e1gica.<\/p>\n<h3>Panorama das hospitaliza\u00e7\u00f5es<\/h3>\n<p>Nos \u00faltimos dez anos, os internamentos por doen\u00e7as do aparelho circulat\u00f3rio ca\u00edram 19%, gra\u00e7as a avan\u00e7os na preven\u00e7\u00e3o e no tratamento. Entre 2017 e 2023, houve redu\u00e7\u00e3o superior a 10% em todas as patologias, com quedas expressivas nos casos de enfarte agudo do mioc\u00e1rdio e nos AVC.<\/p>\n<p>Entre 2017 e 2023, ocorreram 198.927 internamentos por doen\u00e7as c\u00e9rebro e cardiovasculares, sendo mais de 80% por AVC agudo. O total de internamentos teve uma participa\u00e7\u00e3o de 50,2% de homens, com idade mediana de 76 anos. A letalidade hospitalar manteve-se em 12,3%, com pico de 13,3% em 2020.<\/p>\n<h3>Desafios e avan\u00e7os<\/h3>\n<p>A insufici\u00eancia card\u00edaca continua a ser um dos principais desafios da pr\u00f3xima d\u00e9cada, com redu\u00e7\u00e3o de 37% nos internamentos, mas mortalidade elevada. Mais de 65% dos internamentos por AVC e por insufici\u00eancia card\u00edaca ocorrem em maiores de 70 anos.<\/p>\n<p>A via de melhorias destacou a expans\u00e3o das vias de acesso r\u00e1pidas ao tratamento do AVC e da doen\u00e7a coron\u00e1ria, contribuindo para a sobreviv\u00eancia. O relat\u00f3rio tamb\u00e9m aponta desigualdades regionais no acesso a cuidados de alta complexidade.<\/p>\n<h3>Perspetivas e tecnologia<\/h3>\n<p>Os dados evidenciam melhoria da resposta aguda, maior capacidade t\u00e9cnica e uso de terap\u00eauticas avan\u00e7adas. O documento sublinha uma transforma\u00e7\u00e3o tecnol\u00f3gica marcada, com aumento de procedimentos minimamente invasivos e alinhamento com padr\u00f5es europeus de cuidados cardiovasculares.<\/p>\n","protected":false},"excerpt":{"rendered":"<ul>\n<li>Portugal registou em 2023 o valor mais baixo de mortalidade por doen\u00e7as do aparelho circulat\u00f3rio nos \u00faltimos 30 anos, apesar de serem a principal causa de morte, representando cerca de 25% do total de \u00f3bitos.<\/li>\n<li>O relat\u00f3rio \u201c10 Anos das Doen\u00e7as C\u00e9rebro e Cardiovasculares em Portugal (2013\u20132023)\u201d aponta melhorias nos cuidados prim\u00e1rios, com mais controlo da press\u00e3o arterial e do LDL, e aumento de consultas de cessa\u00e7\u00e3o tab\u00e1gica.<\/li>\n<li>Entre 2017 e 2023 houve redu\u00e7\u00e3o superior a 10% em todas as patologias, com quedas mais expressivas em enfarte agudo do mioc\u00e1rdio (-20,7% internamentos; -29,5% letalidade) e em AVCs (-20,1% internamentos; -20,5% letalidade no hemorr\u00e1gico; -12,1% no isqu\u00eamico).<\/li>\n<li>No per\u00edodo, ocorreram 198.927 internamentos por doen\u00e7as c\u00e9rebro e cardiovasculares, com mais de 80% relacionados com AVC agudo; a mediana de idades foi de 76 anos e a letalidade hospitalar global manteve-se em 12,3% (pico de 13,3% em 2020).<\/li>\n<li>Desafios para a pr\u00f3xima d\u00e9cada incluem a elevada mortalidade associada \u00e0 insufici\u00eancia card\u00edaca, desigualdades regionais no acesso a cuidados de alta complexidade, necessidade de refor\u00e7o da reabilita\u00e7\u00e3o cardiovascular e expans\u00e3o de terapias e t\u00e9cnicas minimamente invasivas.<\/li>\n<\/ul>\n","protected":false},"author":2,"featured_media":207661,"comment_status":"closed","ping_status":"closed","sticky":false,"template":"","format":"standard","meta":{"footnotes":""},"categories":[1],"tags":[2197,2802,633,5410,1014,172],"class_list":["post-207660","post","type-post","status-publish","format-standard","has-post-thumbnail","hentry","category-noticias","tag-cardiologia","tag-doenca-cardiaca","tag-hospital","tag-internamentos","tag-portugal","tag-saude"],"yoast_head":"<!-- This site is optimized with the Yoast SEO plugin v27.2 - https:\/\/yoast.com\/product\/yoast-seo-wordpress\/ -->\n<title>Mortes por doen\u00e7as circulat\u00f3rias atingem menor n\u00edvel em 30 anos em 2023 - Portal Tela Portugal<\/title>\n<meta name=\"robots\" content=\"index, follow, max-snippet:-1, max-image-preview:large, max-video-preview:-1\" \/>\n<meta property=\"og:locale\" content=\"pt_PT\" \/>\n<meta property=\"og:type\" content=\"article\" \/>\n<meta property=\"og:title\" content=\"Mortes por doen\u00e7as circulat\u00f3rias atingem menor n\u00edvel em 30 anos em 2023 - Portal Tela Portugal\" \/>\n<meta property=\"og:description\" content=\"Portugal registou em 2023 o valor mais baixo de mortalidade por doen\u00e7as do aparelho circulat\u00f3rio nos \u00faltimos 30 anos, apesar de serem a principal causa de morte, representando cerca de 25% do total de \u00f3bitos. O relat\u00f3rio \u201c10 Anos das Doen\u00e7as C\u00e9rebro e Cardiovasculares em Portugal (2013\u20132023)\u201d aponta melhorias nos cuidados prim\u00e1rios, com mais controlo da press\u00e3o arterial e do LDL, e aumento de consultas de cessa\u00e7\u00e3o tab\u00e1gica. Entre 2017 e 2023 houve redu\u00e7\u00e3o superior a 10% em todas as patologias, com quedas mais expressivas em enfarte agudo do mioc\u00e1rdio (-20,7% internamentos; -29,5% letalidade) e em AVCs (-20,1% internamentos; -20,5% letalidade no hemorr\u00e1gico; -12,1% no isqu\u00eamico). No per\u00edodo, ocorreram 198.927 internamentos por doen\u00e7as c\u00e9rebro e cardiovasculares, com mais de 80% relacionados com AVC agudo; a mediana de idades foi de 76 anos e a letalidade hospitalar global manteve-se em 12,3% (pico de 13,3% em 2020). Desafios para a pr\u00f3xima d\u00e9cada incluem a elevada mortalidade associada \u00e0 insufici\u00eancia card\u00edaca, desigualdades regionais no acesso a cuidados de alta complexidade, necessidade de refor\u00e7o da reabilita\u00e7\u00e3o cardiovascular e expans\u00e3o de terapias e t\u00e9cnicas minimamente invasivas.\" \/>\n<meta property=\"og:url\" content=\"https:\/\/portaltela.pt\/noticias\/2026\/02\/11\/mortes-por-doencas-circulatorias-atingem-menor-nivel-em-30-anos-em-2023\/\" \/>\n<meta property=\"og:site_name\" content=\"Portal Tela Portugal\" \/>\n<meta property=\"article:published_time\" content=\"2026-02-11T07:20:00+00:00\" \/>\n<meta name=\"author\" content=\"Telinha\" \/>\n<meta name=\"twitter:card\" content=\"summary_large_image\" \/>\n<meta name=\"twitter:label1\" content=\"Escrito por\" \/>\n\t<meta name=\"twitter:data1\" content=\"Telinha\" \/>\n\t<meta name=\"twitter:label2\" content=\"Tempo estimado de leitura\" \/>\n\t<meta name=\"twitter:data2\" content=\"2 minutos\" \/>\n<script type=\"application\/ld+json\" class=\"yoast-schema-graph\">{\"@context\":\"https:\/\/schema.org\",\"@graph\":[{\"@type\":\"Article\",\"@id\":\"https:\/\/portaltela.pt\/noticias\/2026\/02\/11\/mortes-por-doencas-circulatorias-atingem-menor-nivel-em-30-anos-em-2023\/#article\",\"isPartOf\":{\"@id\":\"https:\/\/portaltela.pt\/noticias\/2026\/02\/11\/mortes-por-doencas-circulatorias-atingem-menor-nivel-em-30-anos-em-2023\/\"},\"author\":{\"name\":\"Telinha\",\"@id\":\"https:\/\/portaltela.pt\/#\/schema\/person\/c4278d4a6028830caff9ee44b42d32ed\"},\"headline\":\"Mortes por doen\u00e7as circulat\u00f3rias atingem menor n\u00edvel em 30 anos em 2023\",\"datePublished\":\"2026-02-11T07:20:00+00:00\",\"mainEntityOfPage\":{\"@id\":\"https:\/\/portaltela.pt\/noticias\/2026\/02\/11\/mortes-por-doencas-circulatorias-atingem-menor-nivel-em-30-anos-em-2023\/\"},\"wordCount\":372,\"image\":{\"@id\":\"https:\/\/portaltela.pt\/noticias\/2026\/02\/11\/mortes-por-doencas-circulatorias-atingem-menor-nivel-em-30-anos-em-2023\/#primaryimage\"},\"thumbnailUrl\":\"https:\/\/portaltela.pt\/s.01k8rhncp4jt1\/2026\/02\/img_1500x1000uu2023-12-12-00-41-29-1514288.jpg\",\"keywords\":[\"cardiologia\",\"doen\u00e7a card\u00edaca\",\"hospital\",\"internamentos\",\"Portugal\",\"sa\u00fade\"],\"articleSection\":[\"Not\u00edcias\"],\"inLanguage\":\"pt-PT\"},{\"@type\":\"WebPage\",\"@id\":\"https:\/\/portaltela.pt\/noticias\/2026\/02\/11\/mortes-por-doencas-circulatorias-atingem-menor-nivel-em-30-anos-em-2023\/\",\"url\":\"https:\/\/portaltela.pt\/noticias\/2026\/02\/11\/mortes-por-doencas-circulatorias-atingem-menor-nivel-em-30-anos-em-2023\/\",\"name\":\"Mortes por doen\u00e7as circulat\u00f3rias atingem menor n\u00edvel em 30 anos em 2023 - Portal Tela Portugal\",\"isPartOf\":{\"@id\":\"https:\/\/portaltela.pt\/#website\"},\"primaryImageOfPage\":{\"@id\":\"https:\/\/portaltela.pt\/noticias\/2026\/02\/11\/mortes-por-doencas-circulatorias-atingem-menor-nivel-em-30-anos-em-2023\/#primaryimage\"},\"image\":{\"@id\":\"https:\/\/portaltela.pt\/noticias\/2026\/02\/11\/mortes-por-doencas-circulatorias-atingem-menor-nivel-em-30-anos-em-2023\/#primaryimage\"},\"thumbnailUrl\":\"https:\/\/portaltela.pt\/s.01k8rhncp4jt1\/2026\/02\/img_1500x1000uu2023-12-12-00-41-29-1514288.jpg\",\"datePublished\":\"2026-02-11T07:20:00+00:00\",\"author\":{\"@id\":\"https:\/\/portaltela.pt\/#\/schema\/person\/c4278d4a6028830caff9ee44b42d32ed\"},\"breadcrumb\":{\"@id\":\"https:\/\/portaltela.pt\/noticias\/2026\/02\/11\/mortes-por-doencas-circulatorias-atingem-menor-nivel-em-30-anos-em-2023\/#breadcrumb\"},\"inLanguage\":\"pt-PT\",\"potentialAction\":[{\"@type\":\"ReadAction\",\"target\":[\"https:\/\/portaltela.pt\/noticias\/2026\/02\/11\/mortes-por-doencas-circulatorias-atingem-menor-nivel-em-30-anos-em-2023\/\"]}]},{\"@type\":\"ImageObject\",\"inLanguage\":\"pt-PT\",\"@id\":\"https:\/\/portaltela.pt\/noticias\/2026\/02\/11\/mortes-por-doencas-circulatorias-atingem-menor-nivel-em-30-anos-em-2023\/#primaryimage\",\"url\":\"https:\/\/portaltela.pt\/s.01k8rhncp4jt1\/2026\/02\/img_1500x1000uu2023-12-12-00-41-29-1514288.jpg\",\"contentUrl\":\"https:\/\/portaltela.pt\/s.01k8rhncp4jt1\/2026\/02\/img_1500x1000uu2023-12-12-00-41-29-1514288.jpg\",\"width\":796,\"height\":448,\"caption\":\"Doen\u00e7a card\u00edaca\"},{\"@type\":\"BreadcrumbList\",\"@id\":\"https:\/\/portaltela.pt\/noticias\/2026\/02\/11\/mortes-por-doencas-circulatorias-atingem-menor-nivel-em-30-anos-em-2023\/#breadcrumb\",\"itemListElement\":[{\"@type\":\"ListItem\",\"position\":1,\"name\":\"In\u00edcio\",\"item\":\"https:\/\/portaltela.pt\/\"},{\"@type\":\"ListItem\",\"position\":2,\"name\":\"Mortes por doen\u00e7as circulat\u00f3rias atingem menor n\u00edvel em 30 anos em 2023\"}]},{\"@type\":\"WebSite\",\"@id\":\"https:\/\/portaltela.pt\/#website\",\"url\":\"https:\/\/portaltela.pt\/\",\"name\":\"Portal Tela Portugal\",\"description\":\"\",\"potentialAction\":[{\"@type\":\"SearchAction\",\"target\":{\"@type\":\"EntryPoint\",\"urlTemplate\":\"https:\/\/portaltela.pt\/?s={search_term_string}\"},\"query-input\":{\"@type\":\"PropertyValueSpecification\",\"valueRequired\":true,\"valueName\":\"search_term_string\"}}],\"inLanguage\":\"pt-PT\"},{\"@type\":\"Person\",\"@id\":\"https:\/\/portaltela.pt\/#\/schema\/person\/c4278d4a6028830caff9ee44b42d32ed\",\"name\":\"Telinha\",\"image\":{\"@type\":\"ImageObject\",\"inLanguage\":\"pt-PT\",\"@id\":\"https:\/\/portaltela.pt\/s.01k8rhncp4jt1\/2025\/11\/talking-bot-125x125.png\",\"url\":\"https:\/\/portaltela.pt\/s.01k8rhncp4jt1\/2025\/11\/talking-bot-125x125.png\",\"contentUrl\":\"https:\/\/portaltela.pt\/s.01k8rhncp4jt1\/2025\/11\/talking-bot-125x125.png\",\"caption\":\"Telinha\"},\"sameAs\":[\"https:\/\/portaltela.pt\/\"],\"url\":\"https:\/\/portaltela.pt\/por\/367410592786\/\"}]}<\/script>\n<!-- \/ Yoast SEO plugin. -->","yoast_head_json":{"title":"Mortes por doen\u00e7as circulat\u00f3rias atingem menor n\u00edvel em 30 anos em 2023 - Portal Tela Portugal","robots":{"index":"index","follow":"follow","max-snippet":"max-snippet:-1","max-image-preview":"max-image-preview:large","max-video-preview":"max-video-preview:-1"},"og_locale":"pt_PT","og_type":"article","og_title":"Mortes por doen\u00e7as circulat\u00f3rias atingem menor n\u00edvel em 30 anos em 2023 - Portal Tela Portugal","og_description":"Portugal registou em 2023 o valor mais baixo de mortalidade por doen\u00e7as do aparelho circulat\u00f3rio nos \u00faltimos 30 anos, apesar de serem a principal causa de morte, representando cerca de 25% do total de \u00f3bitos. O relat\u00f3rio \u201c10 Anos das Doen\u00e7as C\u00e9rebro e Cardiovasculares em Portugal (2013\u20132023)\u201d aponta melhorias nos cuidados prim\u00e1rios, com mais controlo da press\u00e3o arterial e do LDL, e aumento de consultas de cessa\u00e7\u00e3o tab\u00e1gica. Entre 2017 e 2023 houve redu\u00e7\u00e3o superior a 10% em todas as patologias, com quedas mais expressivas em enfarte agudo do mioc\u00e1rdio (-20,7% internamentos; -29,5% letalidade) e em AVCs (-20,1% internamentos; -20,5% letalidade no hemorr\u00e1gico; -12,1% no isqu\u00eamico). No per\u00edodo, ocorreram 198.927 internamentos por doen\u00e7as c\u00e9rebro e cardiovasculares, com mais de 80% relacionados com AVC agudo; a mediana de idades foi de 76 anos e a letalidade hospitalar global manteve-se em 12,3% (pico de 13,3% em 2020). Desafios para a pr\u00f3xima d\u00e9cada incluem a elevada mortalidade associada \u00e0 insufici\u00eancia card\u00edaca, desigualdades regionais no acesso a cuidados de alta complexidade, necessidade de refor\u00e7o da reabilita\u00e7\u00e3o cardiovascular e expans\u00e3o de terapias e t\u00e9cnicas minimamente invasivas.","og_url":"https:\/\/portaltela.pt\/noticias\/2026\/02\/11\/mortes-por-doencas-circulatorias-atingem-menor-nivel-em-30-anos-em-2023\/","og_site_name":"Portal Tela Portugal","article_published_time":"2026-02-11T07:20:00+00:00","author":"Telinha","twitter_card":"summary_large_image","twitter_misc":{"Escrito por":"Telinha","Tempo estimado de leitura":"2 minutos"},"schema":{"@context":"https:\/\/schema.org","@graph":[{"@type":"Article","@id":"https:\/\/portaltela.pt\/noticias\/2026\/02\/11\/mortes-por-doencas-circulatorias-atingem-menor-nivel-em-30-anos-em-2023\/#article","isPartOf":{"@id":"https:\/\/portaltela.pt\/noticias\/2026\/02\/11\/mortes-por-doencas-circulatorias-atingem-menor-nivel-em-30-anos-em-2023\/"},"author":{"name":"Telinha","@id":"https:\/\/portaltela.pt\/#\/schema\/person\/c4278d4a6028830caff9ee44b42d32ed"},"headline":"Mortes por doen\u00e7as circulat\u00f3rias atingem menor n\u00edvel em 30 anos em 2023","datePublished":"2026-02-11T07:20:00+00:00","mainEntityOfPage":{"@id":"https:\/\/portaltela.pt\/noticias\/2026\/02\/11\/mortes-por-doencas-circulatorias-atingem-menor-nivel-em-30-anos-em-2023\/"},"wordCount":372,"image":{"@id":"https:\/\/portaltela.pt\/noticias\/2026\/02\/11\/mortes-por-doencas-circulatorias-atingem-menor-nivel-em-30-anos-em-2023\/#primaryimage"},"thumbnailUrl":"https:\/\/portaltela.pt\/s.01k8rhncp4jt1\/2026\/02\/img_1500x1000uu2023-12-12-00-41-29-1514288.jpg","keywords":["cardiologia","doen\u00e7a card\u00edaca","hospital","internamentos","Portugal","sa\u00fade"],"articleSection":["Not\u00edcias"],"inLanguage":"pt-PT"},{"@type":"WebPage","@id":"https:\/\/portaltela.pt\/noticias\/2026\/02\/11\/mortes-por-doencas-circulatorias-atingem-menor-nivel-em-30-anos-em-2023\/","url":"https:\/\/portaltela.pt\/noticias\/2026\/02\/11\/mortes-por-doencas-circulatorias-atingem-menor-nivel-em-30-anos-em-2023\/","name":"Mortes por doen\u00e7as circulat\u00f3rias atingem menor n\u00edvel em 30 anos em 2023 - Portal Tela Portugal","isPartOf":{"@id":"https:\/\/portaltela.pt\/#website"},"primaryImageOfPage":{"@id":"https:\/\/portaltela.pt\/noticias\/2026\/02\/11\/mortes-por-doencas-circulatorias-atingem-menor-nivel-em-30-anos-em-2023\/#primaryimage"},"image":{"@id":"https:\/\/portaltela.pt\/noticias\/2026\/02\/11\/mortes-por-doencas-circulatorias-atingem-menor-nivel-em-30-anos-em-2023\/#primaryimage"},"thumbnailUrl":"https:\/\/portaltela.pt\/s.01k8rhncp4jt1\/2026\/02\/img_1500x1000uu2023-12-12-00-41-29-1514288.jpg","datePublished":"2026-02-11T07:20:00+00:00","author":{"@id":"https:\/\/portaltela.pt\/#\/schema\/person\/c4278d4a6028830caff9ee44b42d32ed"},"breadcrumb":{"@id":"https:\/\/portaltela.pt\/noticias\/2026\/02\/11\/mortes-por-doencas-circulatorias-atingem-menor-nivel-em-30-anos-em-2023\/#breadcrumb"},"inLanguage":"pt-PT","potentialAction":[{"@type":"ReadAction","target":["https:\/\/portaltela.pt\/noticias\/2026\/02\/11\/mortes-por-doencas-circulatorias-atingem-menor-nivel-em-30-anos-em-2023\/"]}]},{"@type":"ImageObject","inLanguage":"pt-PT","@id":"https:\/\/portaltela.pt\/noticias\/2026\/02\/11\/mortes-por-doencas-circulatorias-atingem-menor-nivel-em-30-anos-em-2023\/#primaryimage","url":"https:\/\/portaltela.pt\/s.01k8rhncp4jt1\/2026\/02\/img_1500x1000uu2023-12-12-00-41-29-1514288.jpg","contentUrl":"https:\/\/portaltela.pt\/s.01k8rhncp4jt1\/2026\/02\/img_1500x1000uu2023-12-12-00-41-29-1514288.jpg","width":796,"height":448,"caption":"Doen\u00e7a card\u00edaca"},{"@type":"BreadcrumbList","@id":"https:\/\/portaltela.pt\/noticias\/2026\/02\/11\/mortes-por-doencas-circulatorias-atingem-menor-nivel-em-30-anos-em-2023\/#breadcrumb","itemListElement":[{"@type":"ListItem","position":1,"name":"In\u00edcio","item":"https:\/\/portaltela.pt\/"},{"@type":"ListItem","position":2,"name":"Mortes por doen\u00e7as circulat\u00f3rias atingem menor n\u00edvel em 30 anos em 2023"}]},{"@type":"WebSite","@id":"https:\/\/portaltela.pt\/#website","url":"https:\/\/portaltela.pt\/","name":"Portal Tela Portugal","description":"","potentialAction":[{"@type":"SearchAction","target":{"@type":"EntryPoint","urlTemplate":"https:\/\/portaltela.pt\/?s={search_term_string}"},"query-input":{"@type":"PropertyValueSpecification","valueRequired":true,"valueName":"search_term_string"}}],"inLanguage":"pt-PT"},{"@type":"Person","@id":"https:\/\/portaltela.pt\/#\/schema\/person\/c4278d4a6028830caff9ee44b42d32ed","name":"Telinha","image":{"@type":"ImageObject","inLanguage":"pt-PT","@id":"https:\/\/portaltela.pt\/s.01k8rhncp4jt1\/2025\/11\/talking-bot-125x125.png","url":"https:\/\/portaltela.pt\/s.01k8rhncp4jt1\/2025\/11\/talking-bot-125x125.png","contentUrl":"https:\/\/portaltela.pt\/s.01k8rhncp4jt1\/2025\/11\/talking-bot-125x125.png","caption":"Telinha"},"sameAs":["https:\/\/portaltela.pt\/"],"url":"https:\/\/portaltela.pt\/por\/367410592786\/"}]}},"_links":{"self":[{"href":"https:\/\/portaltela.pt\/api\/wp\/v2\/posts\/207660","targetHints":{"allow":["GET"]}}],"collection":[{"href":"https:\/\/portaltela.pt\/api\/wp\/v2\/posts"}],"about":[{"href":"https:\/\/portaltela.pt\/api\/wp\/v2\/types\/post"}],"author":[{"embeddable":true,"href":"https:\/\/portaltela.pt\/api\/wp\/v2\/users\/2"}],"replies":[{"embeddable":true,"href":"https:\/\/portaltela.pt\/api\/wp\/v2\/comments?post=207660"}],"version-history":[{"count":0,"href":"https:\/\/portaltela.pt\/api\/wp\/v2\/posts\/207660\/revisions"}],"wp:featuredmedia":[{"embeddable":true,"href":"https:\/\/portaltela.pt\/api\/wp\/v2\/media\/207661"}],"wp:attachment":[{"href":"https:\/\/portaltela.pt\/api\/wp\/v2\/media?parent=207660"}],"wp:term":[{"taxonomy":"category","embeddable":true,"href":"https:\/\/portaltela.pt\/api\/wp\/v2\/categories?post=207660"},{"taxonomy":"post_tag","embeddable":true,"href":"https:\/\/portaltela.pt\/api\/wp\/v2\/tags?post=207660"}],"curies":[{"name":"wp","href":"https:\/\/api.w.org\/{rel}","templated":true}]}}