{"id":207585,"date":"2026-02-10T22:30:00","date_gmt":"2026-02-11T01:30:00","guid":{"rendered":"https:\/\/portaltela.pt\/noticias\/2026\/02\/10\/abstencao-na-primeira-volta-das-eleicoes-presidenciais-apesar-das-tempestades\/"},"modified":"2026-02-10T22:30:00","modified_gmt":"2026-02-11T01:30:00","slug":"abstencao-na-primeira-volta-das-eleicoes-presidenciais-apesar-das-tempestades","status":"publish","type":"post","link":"https:\/\/portaltela.pt\/noticias\/politica\/2026\/02\/10\/abstencao-na-primeira-volta-das-eleicoes-presidenciais-apesar-das-tempestades\/","title":{"rendered":"Absten\u00e7\u00e3o na primeira volta das elei\u00e7\u00f5es presidenciais, apesar das tempestades"},"content":{"rendered":"<p>A absten\u00e7\u00e3o na segunda volta das elei\u00e7\u00f5es presidenciais manteve-se pr\u00f3xima da registrada na primeira, apesar das tempestades. A taxa global ficou em 49,91%, frente a 47,74% na primeira vota\u00e7\u00e3o. No fronte nacional, a absten\u00e7\u00e3o subiu de 38,50% para 41,24%.<\/p>\n<p>Foram 280 mil eleitores a menos que foram \u00e0s urnas, ainda com resultados pendentes em seis consulados e em concelhos que ir\u00e3o votar no pr\u00f3ximo domingo devido aos estragos clim\u00e1ticos. O total de votantes caiu de 5,7 milh\u00f5es para 5,4 milh\u00f5es em todo o territ\u00f3rio.<\/p>\n<p>Dos 65 concelhos em calamidade que participaram, Nazar\u00e9 registou a maior absten\u00e7\u00e3o, 51,94%, seguido por Pombal (51,86%) e Murtosa (51,37%). Vila de Rei (29,84%), Sardoal (30,70%) e Ma\u00e7\u00e3o (32,54%) tiveram as menores taxas entre os afetados.<\/p>\n<h3>Votos brancos e nulos<\/h3>\n<p>Enquanto a absten\u00e7\u00e3o manteve o padr\u00e3o da primeira volta, os votos em branco quase triplicaram, de 61 237 para cerca de 173 mil. Os votos nulos aumentaram 50%, totalizando 97 mil. No conjunto, brancos e nulos passaram de 126 mil para 271 mil, sem atingir o recorde de 2011.<\/p>\n","protected":false},"excerpt":{"rendered":"<ul>\n<li>A absten\u00e7\u00e3o na segunda volta manteve-se pr\u00f3xima da primeira, em 49,91%, face a 47,74% na primeira vota\u00e7\u00e3o.<\/li>\n<li>Em territ\u00f3rio nacional, a absten\u00e7\u00e3o subiu de 38,50% para 41,24%.<\/li>\n<li>Houve menos 280 mil eleitores a deslocarem-se \u00e0s urnas, com seis consulados por contabilizar e v\u00e1rios concelhos adiados para domingo seguinte devido \u00e0s tempestades.<\/li>\n<li>O n\u00famero total de votantes caiu de 5,7 milh\u00f5es para 5,4 milh\u00f5es; em territ\u00f3rio nacional, menos 296 mil eleitores votaram.<\/li>\n<li>Concelhos em calamidade registaram maior absten\u00e7\u00e3o em Nazar\u00e9 (51,94%), e menor em Vila de Rei (29,84%); os votos brancos subiram para cerca de 173 mil e os nulos para 97 mil, somando 271 mil.<\/li>\n<\/ul>\n","protected":false},"author":2,"featured_media":207593,"comment_status":"closed","ping_status":"closed","sticky":false,"template":"","format":"standard","meta":{"footnotes":""},"categories":[1,5],"tags":[3412,4687,68,5760,894,2075],"class_list":["post-207585","post","type-post","status-publish","format-standard","has-post-thumbnail","hentry","category-noticias","category-politica","tag-abstencao","tag-calamidade-publica","tag-eleicoes","tag-murtosa","tag-nazare","tag-pombal"],"yoast_head":"<!-- This site is optimized with the Yoast SEO plugin v27.2 - https:\/\/yoast.com\/product\/yoast-seo-wordpress\/ -->\n<title>Absten\u00e7\u00e3o na primeira volta das elei\u00e7\u00f5es presidenciais, apesar das tempestades - Portal Tela Portugal<\/title>\n<meta name=\"robots\" content=\"index, follow, max-snippet:-1, max-image-preview:large, max-video-preview:-1\" \/>\n<meta property=\"og:locale\" content=\"pt_PT\" \/>\n<meta property=\"og:type\" content=\"article\" \/>\n<meta property=\"og:title\" content=\"Absten\u00e7\u00e3o na primeira volta das elei\u00e7\u00f5es presidenciais, apesar das tempestades - Portal Tela Portugal\" \/>\n<meta property=\"og:description\" content=\"A absten\u00e7\u00e3o na segunda volta manteve-se pr\u00f3xima da primeira, em 49,91%, face a 47,74% na primeira vota\u00e7\u00e3o. Em territ\u00f3rio nacional, a absten\u00e7\u00e3o subiu de 38,50% para 41,24%. Houve menos 280 mil eleitores a deslocarem-se \u00e0s urnas, com seis consulados por contabilizar e v\u00e1rios concelhos adiados para domingo seguinte devido \u00e0s tempestades. O n\u00famero total de votantes caiu de 5,7 milh\u00f5es para 5,4 milh\u00f5es; em territ\u00f3rio nacional, menos 296 mil eleitores votaram. Concelhos em calamidade registaram maior absten\u00e7\u00e3o em Nazar\u00e9 (51,94%), e menor em Vila de Rei (29,84%); os votos brancos subiram para cerca de 173 mil e os nulos para 97 mil, somando 271 mil.\" \/>\n<meta property=\"og:url\" content=\"https:\/\/portaltela.pt\/noticias\/2026\/02\/10\/abstencao-na-primeira-volta-das-eleicoes-presidenciais-apesar-das-tempestades\/\" \/>\n<meta property=\"og:site_name\" content=\"Portal Tela Portugal\" \/>\n<meta property=\"article:published_time\" content=\"2026-02-11T01:30:00+00:00\" \/>\n<meta name=\"author\" content=\"Telinha\" \/>\n<meta name=\"twitter:card\" content=\"summary_large_image\" \/>\n<meta name=\"twitter:label1\" content=\"Escrito por\" \/>\n\t<meta name=\"twitter:data1\" content=\"Telinha\" \/>\n\t<meta name=\"twitter:label2\" content=\"Tempo estimado de leitura\" \/>\n\t<meta name=\"twitter:data2\" content=\"1 minuto\" \/>\n<script type=\"application\/ld+json\" class=\"yoast-schema-graph\">{\"@context\":\"https:\/\/schema.org\",\"@graph\":[{\"@type\":\"Article\",\"@id\":\"https:\/\/portaltela.pt\/noticias\/2026\/02\/10\/abstencao-na-primeira-volta-das-eleicoes-presidenciais-apesar-das-tempestades\/#article\",\"isPartOf\":{\"@id\":\"https:\/\/portaltela.pt\/noticias\/2026\/02\/10\/abstencao-na-primeira-volta-das-eleicoes-presidenciais-apesar-das-tempestades\/\"},\"author\":{\"name\":\"Telinha\",\"@id\":\"https:\/\/portaltela.pt\/#\/schema\/person\/c4278d4a6028830caff9ee44b42d32ed\"},\"headline\":\"Absten\u00e7\u00e3o na primeira volta das elei\u00e7\u00f5es presidenciais, apesar das tempestades\",\"datePublished\":\"2026-02-11T01:30:00+00:00\",\"mainEntityOfPage\":{\"@id\":\"https:\/\/portaltela.pt\/noticias\/2026\/02\/10\/abstencao-na-primeira-volta-das-eleicoes-presidenciais-apesar-das-tempestades\/\"},\"wordCount\":178,\"image\":{\"@id\":\"https:\/\/portaltela.pt\/noticias\/2026\/02\/10\/abstencao-na-primeira-volta-das-eleicoes-presidenciais-apesar-das-tempestades\/#primaryimage\"},\"thumbnailUrl\":\"https:\/\/portaltela.pt\/s.01k8rhncp4jt1\/2026\/02\/img_1500x1000uu2026-02-08-10-16-59-2265529.jpg\",\"keywords\":[\"absten\u00e7\u00e3o\",\"calamidade p\u00fablica\",\"elei\u00e7\u00f5es\",\"Murtosa\",\"Nazar\u00e9\",\"Pombal\"],\"articleSection\":[\"Not\u00edcias\",\"Pol\u00edtica\"],\"inLanguage\":\"pt-PT\"},{\"@type\":\"WebPage\",\"@id\":\"https:\/\/portaltela.pt\/noticias\/2026\/02\/10\/abstencao-na-primeira-volta-das-eleicoes-presidenciais-apesar-das-tempestades\/\",\"url\":\"https:\/\/portaltela.pt\/noticias\/2026\/02\/10\/abstencao-na-primeira-volta-das-eleicoes-presidenciais-apesar-das-tempestades\/\",\"name\":\"Absten\u00e7\u00e3o na primeira volta das elei\u00e7\u00f5es presidenciais, apesar das tempestades - Portal Tela Portugal\",\"isPartOf\":{\"@id\":\"https:\/\/portaltela.pt\/#website\"},\"primaryImageOfPage\":{\"@id\":\"https:\/\/portaltela.pt\/noticias\/2026\/02\/10\/abstencao-na-primeira-volta-das-eleicoes-presidenciais-apesar-das-tempestades\/#primaryimage\"},\"image\":{\"@id\":\"https:\/\/portaltela.pt\/noticias\/2026\/02\/10\/abstencao-na-primeira-volta-das-eleicoes-presidenciais-apesar-das-tempestades\/#primaryimage\"},\"thumbnailUrl\":\"https:\/\/portaltela.pt\/s.01k8rhncp4jt1\/2026\/02\/img_1500x1000uu2026-02-08-10-16-59-2265529.jpg\",\"datePublished\":\"2026-02-11T01:30:00+00:00\",\"author\":{\"@id\":\"https:\/\/portaltela.pt\/#\/schema\/person\/c4278d4a6028830caff9ee44b42d32ed\"},\"breadcrumb\":{\"@id\":\"https:\/\/portaltela.pt\/noticias\/2026\/02\/10\/abstencao-na-primeira-volta-das-eleicoes-presidenciais-apesar-das-tempestades\/#breadcrumb\"},\"inLanguage\":\"pt-PT\",\"potentialAction\":[{\"@type\":\"ReadAction\",\"target\":[\"https:\/\/portaltela.pt\/noticias\/2026\/02\/10\/abstencao-na-primeira-volta-das-eleicoes-presidenciais-apesar-das-tempestades\/\"]}]},{\"@type\":\"ImageObject\",\"inLanguage\":\"pt-PT\",\"@id\":\"https:\/\/portaltela.pt\/noticias\/2026\/02\/10\/abstencao-na-primeira-volta-das-eleicoes-presidenciais-apesar-das-tempestades\/#primaryimage\",\"url\":\"https:\/\/portaltela.pt\/s.01k8rhncp4jt1\/2026\/02\/img_1500x1000uu2026-02-08-10-16-59-2265529.jpg\",\"contentUrl\":\"https:\/\/portaltela.pt\/s.01k8rhncp4jt1\/2026\/02\/img_1500x1000uu2026-02-08-10-16-59-2265529.jpg\",\"width\":796,\"height\":448,\"caption\":\"Elei\u00e7\u00f5es presidenciais: cidad\u00e3o vota\"},{\"@type\":\"BreadcrumbList\",\"@id\":\"https:\/\/portaltela.pt\/noticias\/2026\/02\/10\/abstencao-na-primeira-volta-das-eleicoes-presidenciais-apesar-das-tempestades\/#breadcrumb\",\"itemListElement\":[{\"@type\":\"ListItem\",\"position\":1,\"name\":\"In\u00edcio\",\"item\":\"https:\/\/portaltela.pt\/\"},{\"@type\":\"ListItem\",\"position\":2,\"name\":\"Absten\u00e7\u00e3o na primeira volta das elei\u00e7\u00f5es presidenciais, apesar das tempestades\"}]},{\"@type\":\"WebSite\",\"@id\":\"https:\/\/portaltela.pt\/#website\",\"url\":\"https:\/\/portaltela.pt\/\",\"name\":\"Portal Tela Portugal\",\"description\":\"\",\"potentialAction\":[{\"@type\":\"SearchAction\",\"target\":{\"@type\":\"EntryPoint\",\"urlTemplate\":\"https:\/\/portaltela.pt\/?s={search_term_string}\"},\"query-input\":{\"@type\":\"PropertyValueSpecification\",\"valueRequired\":true,\"valueName\":\"search_term_string\"}}],\"inLanguage\":\"pt-PT\"},{\"@type\":\"Person\",\"@id\":\"https:\/\/portaltela.pt\/#\/schema\/person\/c4278d4a6028830caff9ee44b42d32ed\",\"name\":\"Telinha\",\"image\":{\"@type\":\"ImageObject\",\"inLanguage\":\"pt-PT\",\"@id\":\"https:\/\/portaltela.pt\/s.01k8rhncp4jt1\/2025\/11\/talking-bot-125x125.png\",\"url\":\"https:\/\/portaltela.pt\/s.01k8rhncp4jt1\/2025\/11\/talking-bot-125x125.png\",\"contentUrl\":\"https:\/\/portaltela.pt\/s.01k8rhncp4jt1\/2025\/11\/talking-bot-125x125.png\",\"caption\":\"Telinha\"},\"sameAs\":[\"https:\/\/portaltela.pt\/\"],\"url\":\"https:\/\/portaltela.pt\/por\/367410592786\/\"}]}<\/script>\n<!-- \/ Yoast SEO plugin. -->","yoast_head_json":{"title":"Absten\u00e7\u00e3o na primeira volta das elei\u00e7\u00f5es presidenciais, apesar das tempestades - Portal Tela Portugal","robots":{"index":"index","follow":"follow","max-snippet":"max-snippet:-1","max-image-preview":"max-image-preview:large","max-video-preview":"max-video-preview:-1"},"og_locale":"pt_PT","og_type":"article","og_title":"Absten\u00e7\u00e3o na primeira volta das elei\u00e7\u00f5es presidenciais, apesar das tempestades - Portal Tela Portugal","og_description":"A absten\u00e7\u00e3o na segunda volta manteve-se pr\u00f3xima da primeira, em 49,91%, face a 47,74% na primeira vota\u00e7\u00e3o. Em territ\u00f3rio nacional, a absten\u00e7\u00e3o subiu de 38,50% para 41,24%. Houve menos 280 mil eleitores a deslocarem-se \u00e0s urnas, com seis consulados por contabilizar e v\u00e1rios concelhos adiados para domingo seguinte devido \u00e0s tempestades. O n\u00famero total de votantes caiu de 5,7 milh\u00f5es para 5,4 milh\u00f5es; em territ\u00f3rio nacional, menos 296 mil eleitores votaram. Concelhos em calamidade registaram maior absten\u00e7\u00e3o em Nazar\u00e9 (51,94%), e menor em Vila de Rei (29,84%); os votos brancos subiram para cerca de 173 mil e os nulos para 97 mil, somando 271 mil.","og_url":"https:\/\/portaltela.pt\/noticias\/2026\/02\/10\/abstencao-na-primeira-volta-das-eleicoes-presidenciais-apesar-das-tempestades\/","og_site_name":"Portal Tela Portugal","article_published_time":"2026-02-11T01:30:00+00:00","author":"Telinha","twitter_card":"summary_large_image","twitter_misc":{"Escrito por":"Telinha","Tempo estimado de leitura":"1 minuto"},"schema":{"@context":"https:\/\/schema.org","@graph":[{"@type":"Article","@id":"https:\/\/portaltela.pt\/noticias\/2026\/02\/10\/abstencao-na-primeira-volta-das-eleicoes-presidenciais-apesar-das-tempestades\/#article","isPartOf":{"@id":"https:\/\/portaltela.pt\/noticias\/2026\/02\/10\/abstencao-na-primeira-volta-das-eleicoes-presidenciais-apesar-das-tempestades\/"},"author":{"name":"Telinha","@id":"https:\/\/portaltela.pt\/#\/schema\/person\/c4278d4a6028830caff9ee44b42d32ed"},"headline":"Absten\u00e7\u00e3o na primeira volta das elei\u00e7\u00f5es presidenciais, apesar das tempestades","datePublished":"2026-02-11T01:30:00+00:00","mainEntityOfPage":{"@id":"https:\/\/portaltela.pt\/noticias\/2026\/02\/10\/abstencao-na-primeira-volta-das-eleicoes-presidenciais-apesar-das-tempestades\/"},"wordCount":178,"image":{"@id":"https:\/\/portaltela.pt\/noticias\/2026\/02\/10\/abstencao-na-primeira-volta-das-eleicoes-presidenciais-apesar-das-tempestades\/#primaryimage"},"thumbnailUrl":"https:\/\/portaltela.pt\/s.01k8rhncp4jt1\/2026\/02\/img_1500x1000uu2026-02-08-10-16-59-2265529.jpg","keywords":["absten\u00e7\u00e3o","calamidade p\u00fablica","elei\u00e7\u00f5es","Murtosa","Nazar\u00e9","Pombal"],"articleSection":["Not\u00edcias","Pol\u00edtica"],"inLanguage":"pt-PT"},{"@type":"WebPage","@id":"https:\/\/portaltela.pt\/noticias\/2026\/02\/10\/abstencao-na-primeira-volta-das-eleicoes-presidenciais-apesar-das-tempestades\/","url":"https:\/\/portaltela.pt\/noticias\/2026\/02\/10\/abstencao-na-primeira-volta-das-eleicoes-presidenciais-apesar-das-tempestades\/","name":"Absten\u00e7\u00e3o na primeira volta das elei\u00e7\u00f5es presidenciais, apesar das tempestades - Portal Tela Portugal","isPartOf":{"@id":"https:\/\/portaltela.pt\/#website"},"primaryImageOfPage":{"@id":"https:\/\/portaltela.pt\/noticias\/2026\/02\/10\/abstencao-na-primeira-volta-das-eleicoes-presidenciais-apesar-das-tempestades\/#primaryimage"},"image":{"@id":"https:\/\/portaltela.pt\/noticias\/2026\/02\/10\/abstencao-na-primeira-volta-das-eleicoes-presidenciais-apesar-das-tempestades\/#primaryimage"},"thumbnailUrl":"https:\/\/portaltela.pt\/s.01k8rhncp4jt1\/2026\/02\/img_1500x1000uu2026-02-08-10-16-59-2265529.jpg","datePublished":"2026-02-11T01:30:00+00:00","author":{"@id":"https:\/\/portaltela.pt\/#\/schema\/person\/c4278d4a6028830caff9ee44b42d32ed"},"breadcrumb":{"@id":"https:\/\/portaltela.pt\/noticias\/2026\/02\/10\/abstencao-na-primeira-volta-das-eleicoes-presidenciais-apesar-das-tempestades\/#breadcrumb"},"inLanguage":"pt-PT","potentialAction":[{"@type":"ReadAction","target":["https:\/\/portaltela.pt\/noticias\/2026\/02\/10\/abstencao-na-primeira-volta-das-eleicoes-presidenciais-apesar-das-tempestades\/"]}]},{"@type":"ImageObject","inLanguage":"pt-PT","@id":"https:\/\/portaltela.pt\/noticias\/2026\/02\/10\/abstencao-na-primeira-volta-das-eleicoes-presidenciais-apesar-das-tempestades\/#primaryimage","url":"https:\/\/portaltela.pt\/s.01k8rhncp4jt1\/2026\/02\/img_1500x1000uu2026-02-08-10-16-59-2265529.jpg","contentUrl":"https:\/\/portaltela.pt\/s.01k8rhncp4jt1\/2026\/02\/img_1500x1000uu2026-02-08-10-16-59-2265529.jpg","width":796,"height":448,"caption":"Elei\u00e7\u00f5es presidenciais: cidad\u00e3o vota"},{"@type":"BreadcrumbList","@id":"https:\/\/portaltela.pt\/noticias\/2026\/02\/10\/abstencao-na-primeira-volta-das-eleicoes-presidenciais-apesar-das-tempestades\/#breadcrumb","itemListElement":[{"@type":"ListItem","position":1,"name":"In\u00edcio","item":"https:\/\/portaltela.pt\/"},{"@type":"ListItem","position":2,"name":"Absten\u00e7\u00e3o na primeira volta das elei\u00e7\u00f5es presidenciais, apesar das tempestades"}]},{"@type":"WebSite","@id":"https:\/\/portaltela.pt\/#website","url":"https:\/\/portaltela.pt\/","name":"Portal Tela Portugal","description":"","potentialAction":[{"@type":"SearchAction","target":{"@type":"EntryPoint","urlTemplate":"https:\/\/portaltela.pt\/?s={search_term_string}"},"query-input":{"@type":"PropertyValueSpecification","valueRequired":true,"valueName":"search_term_string"}}],"inLanguage":"pt-PT"},{"@type":"Person","@id":"https:\/\/portaltela.pt\/#\/schema\/person\/c4278d4a6028830caff9ee44b42d32ed","name":"Telinha","image":{"@type":"ImageObject","inLanguage":"pt-PT","@id":"https:\/\/portaltela.pt\/s.01k8rhncp4jt1\/2025\/11\/talking-bot-125x125.png","url":"https:\/\/portaltela.pt\/s.01k8rhncp4jt1\/2025\/11\/talking-bot-125x125.png","contentUrl":"https:\/\/portaltela.pt\/s.01k8rhncp4jt1\/2025\/11\/talking-bot-125x125.png","caption":"Telinha"},"sameAs":["https:\/\/portaltela.pt\/"],"url":"https:\/\/portaltela.pt\/por\/367410592786\/"}]}},"_links":{"self":[{"href":"https:\/\/portaltela.pt\/api\/wp\/v2\/posts\/207585","targetHints":{"allow":["GET"]}}],"collection":[{"href":"https:\/\/portaltela.pt\/api\/wp\/v2\/posts"}],"about":[{"href":"https:\/\/portaltela.pt\/api\/wp\/v2\/types\/post"}],"author":[{"embeddable":true,"href":"https:\/\/portaltela.pt\/api\/wp\/v2\/users\/2"}],"replies":[{"embeddable":true,"href":"https:\/\/portaltela.pt\/api\/wp\/v2\/comments?post=207585"}],"version-history":[{"count":0,"href":"https:\/\/portaltela.pt\/api\/wp\/v2\/posts\/207585\/revisions"}],"wp:featuredmedia":[{"embeddable":true,"href":"https:\/\/portaltela.pt\/api\/wp\/v2\/media\/207593"}],"wp:attachment":[{"href":"https:\/\/portaltela.pt\/api\/wp\/v2\/media?parent=207585"}],"wp:term":[{"taxonomy":"category","embeddable":true,"href":"https:\/\/portaltela.pt\/api\/wp\/v2\/categories?post=207585"},{"taxonomy":"post_tag","embeddable":true,"href":"https:\/\/portaltela.pt\/api\/wp\/v2\/tags?post=207585"}],"curies":[{"name":"wp","href":"https:\/\/api.w.org\/{rel}","templated":true}]}}