{"id":207569,"date":"2026-02-10T22:30:00","date_gmt":"2026-02-11T01:30:00","guid":{"rendered":"https:\/\/portaltela.pt\/noticias\/2026\/02\/10\/militar-com-meio-ano-de-servico-morre-durante-atividade-desportiva-em-estremoz\/"},"modified":"2026-02-10T22:30:00","modified_gmt":"2026-02-11T01:30:00","slug":"militar-com-meio-ano-de-servico-morre-durante-atividade-desportiva-em-estremoz","status":"publish","type":"post","link":"https:\/\/portaltela.pt\/noticias\/2026\/02\/10\/militar-com-meio-ano-de-servico-morre-durante-atividade-desportiva-em-estremoz\/","title":{"rendered":"Militar com meio ano de servi\u00e7o morre durante atividade desportiva em Estremoz"},"content":{"rendered":"<p>G\u00e9rson Pinto, militar com 21 anos, morreu durante uma atividade desportiva em Estremoz, ao final da tarde de segunda-feira. O incidente ocorreu junto ao Campo Municipal de Futebol de Estremoz, enquanto o jovem, colocado nos Drag\u00f5es de Oliven\u00e7a desde outubro, praticava desporto com um colega tamb\u00e9m militar. A indisposi\u00e7\u00e3o s\u00fabita levou a que o amigo acionar o INEM, que tentou prestar assist\u00eancia no local e no Centro de Sa\u00fade de Estremoz, onde o \u00f3bito foi confirmado.<\/p>\n<p>O militar era natural do concelho de Alter do Ch\u00e3o e servia no Regimento de Cavalaria N.\u00ba 3. A not\u00edcia provocou grande consterna\u00e7\u00e3o entre as for\u00e7as armadas e autoridades, com lamentos oficiais emitidos pelos tr\u00eas ramos das For\u00e7as Armadas, pelo Minist\u00e9rio e por entidades policiais.<\/p>\n<h3>Investiga\u00e7\u00f5es e apoio \u00e0 fam\u00edlia<\/h3>\n<p>O Ex\u00e9rcito anunciou que ativou apoio psicol\u00f3gico direcionado \u00e0 fam\u00edlia e iniciou um processo de averigua\u00e7\u00f5es para apurar as circunst\u00e2ncias do sucedido. As circunst\u00e2ncias exatas da morte ainda n\u00e3o foram divulgadas, e o caso ficar\u00e1 a cargo das autoridades competentes.<\/p>\n","protected":false},"excerpt":{"rendered":"<ul>\n<li>G\u00e9rson Pinto, 21 anos, era militar h\u00e1 seis meses e estava colocado nos Drag\u00f5es de Oliven\u00e7a desde outubro.<\/li>\n<li>O jovem praticava uma atividade desportiva junto ao Campo Municipal de Estremoz, quando se come\u00e7ou a sentir indisposto; um amigo militar avisou o INEM.<\/li>\n<li>Foi assistido no local e transportado para o Centro de Sa\u00fade de Estremoz, onde o \u00f3bito foi confirmado.<\/li>\n<li>O Ex\u00e9rcito ativou apoio psicol\u00f3gico direcionado \u00e0 fam\u00edlia e abriu um processo de averigua\u00e7\u00f5es para apurar as circunst\u00e2ncias do sucedido.<\/li>\n<li>Natural do concelho de Alter do Ch\u00e3o, a morte gerou consterna\u00e7\u00e3o e foram emitidos lamentos oficiais pelos tr\u00eas ramos das For\u00e7as Armadas, pelo minist\u00e9rio e pelas pol\u00edcias.<\/li>\n<\/ul>\n","protected":false},"author":2,"featured_media":207573,"comment_status":"closed","ping_status":"closed","sticky":false,"template":"","format":"standard","meta":{"footnotes":""},"categories":[1],"tags":[4673,152,1098,1779,215,250],"class_list":["post-207569","post","type-post","status-publish","format-standard","has-post-thumbnail","hentry","category-noticias","tag-alter-do-chao","tag-desporto","tag-estremoz","tag-forcas-armadas","tag-investigacao","tag-seguranca-publica"],"yoast_head":"<!-- This site is optimized with the Yoast SEO plugin v27.2 - https:\/\/yoast.com\/product\/yoast-seo-wordpress\/ -->\n<title>Militar com meio ano de servi\u00e7o morre durante atividade desportiva em Estremoz - Portal Tela Portugal<\/title>\n<meta name=\"robots\" content=\"index, follow, max-snippet:-1, max-image-preview:large, max-video-preview:-1\" \/>\n<meta property=\"og:locale\" content=\"pt_PT\" \/>\n<meta property=\"og:type\" content=\"article\" \/>\n<meta property=\"og:title\" content=\"Militar com meio ano de servi\u00e7o morre durante atividade desportiva em Estremoz - Portal Tela Portugal\" \/>\n<meta property=\"og:description\" content=\"G\u00e9rson Pinto, 21 anos, era militar h\u00e1 seis meses e estava colocado nos Drag\u00f5es de Oliven\u00e7a desde outubro. O jovem praticava uma atividade desportiva junto ao Campo Municipal de Estremoz, quando se come\u00e7ou a sentir indisposto; um amigo militar avisou o INEM. Foi assistido no local e transportado para o Centro de Sa\u00fade de Estremoz, onde o \u00f3bito foi confirmado. O Ex\u00e9rcito ativou apoio psicol\u00f3gico direcionado \u00e0 fam\u00edlia e abriu um processo de averigua\u00e7\u00f5es para apurar as circunst\u00e2ncias do sucedido. Natural do concelho de Alter do Ch\u00e3o, a morte gerou consterna\u00e7\u00e3o e foram emitidos lamentos oficiais pelos tr\u00eas ramos das For\u00e7as Armadas, pelo minist\u00e9rio e pelas pol\u00edcias.\" \/>\n<meta property=\"og:url\" content=\"https:\/\/portaltela.pt\/noticias\/2026\/02\/10\/militar-com-meio-ano-de-servico-morre-durante-atividade-desportiva-em-estremoz\/\" \/>\n<meta property=\"og:site_name\" content=\"Portal Tela Portugal\" \/>\n<meta property=\"article:published_time\" content=\"2026-02-11T01:30:00+00:00\" \/>\n<meta name=\"author\" content=\"Telinha\" \/>\n<meta name=\"twitter:card\" content=\"summary_large_image\" \/>\n<meta name=\"twitter:label1\" content=\"Escrito por\" \/>\n\t<meta name=\"twitter:data1\" content=\"Telinha\" \/>\n\t<meta name=\"twitter:label2\" content=\"Tempo estimado de leitura\" \/>\n\t<meta name=\"twitter:data2\" content=\"1 minuto\" \/>\n<script type=\"application\/ld+json\" class=\"yoast-schema-graph\">{\"@context\":\"https:\/\/schema.org\",\"@graph\":[{\"@type\":\"Article\",\"@id\":\"https:\/\/portaltela.pt\/noticias\/2026\/02\/10\/militar-com-meio-ano-de-servico-morre-durante-atividade-desportiva-em-estremoz\/#article\",\"isPartOf\":{\"@id\":\"https:\/\/portaltela.pt\/noticias\/2026\/02\/10\/militar-com-meio-ano-de-servico-morre-durante-atividade-desportiva-em-estremoz\/\"},\"author\":{\"name\":\"Telinha\",\"@id\":\"https:\/\/portaltela.pt\/#\/schema\/person\/c4278d4a6028830caff9ee44b42d32ed\"},\"headline\":\"Militar com meio ano de servi\u00e7o morre durante atividade desportiva em Estremoz\",\"datePublished\":\"2026-02-11T01:30:00+00:00\",\"mainEntityOfPage\":{\"@id\":\"https:\/\/portaltela.pt\/noticias\/2026\/02\/10\/militar-com-meio-ano-de-servico-morre-durante-atividade-desportiva-em-estremoz\/\"},\"wordCount\":199,\"image\":{\"@id\":\"https:\/\/portaltela.pt\/noticias\/2026\/02\/10\/militar-com-meio-ano-de-servico-morre-durante-atividade-desportiva-em-estremoz\/#primaryimage\"},\"thumbnailUrl\":\"https:\/\/portaltela.pt\/s.01k8rhncp4jt1\/2026\/02\/img_1500x1000uu2026-02-10-23-26-43-2266201-im-639063628190297317.jpg\",\"keywords\":[\"Alter do Ch\u00e3o\",\"desporto\",\"Estremoz\",\"For\u00e7as Armadas\",\"investiga\u00e7\u00e3o\",\"seguran\u00e7a p\u00fablica\"],\"articleSection\":[\"Not\u00edcias\"],\"inLanguage\":\"pt-PT\"},{\"@type\":\"WebPage\",\"@id\":\"https:\/\/portaltela.pt\/noticias\/2026\/02\/10\/militar-com-meio-ano-de-servico-morre-durante-atividade-desportiva-em-estremoz\/\",\"url\":\"https:\/\/portaltela.pt\/noticias\/2026\/02\/10\/militar-com-meio-ano-de-servico-morre-durante-atividade-desportiva-em-estremoz\/\",\"name\":\"Militar com meio ano de servi\u00e7o morre durante atividade desportiva em Estremoz - Portal Tela Portugal\",\"isPartOf\":{\"@id\":\"https:\/\/portaltela.pt\/#website\"},\"primaryImageOfPage\":{\"@id\":\"https:\/\/portaltela.pt\/noticias\/2026\/02\/10\/militar-com-meio-ano-de-servico-morre-durante-atividade-desportiva-em-estremoz\/#primaryimage\"},\"image\":{\"@id\":\"https:\/\/portaltela.pt\/noticias\/2026\/02\/10\/militar-com-meio-ano-de-servico-morre-durante-atividade-desportiva-em-estremoz\/#primaryimage\"},\"thumbnailUrl\":\"https:\/\/portaltela.pt\/s.01k8rhncp4jt1\/2026\/02\/img_1500x1000uu2026-02-10-23-26-43-2266201-im-639063628190297317.jpg\",\"datePublished\":\"2026-02-11T01:30:00+00:00\",\"author\":{\"@id\":\"https:\/\/portaltela.pt\/#\/schema\/person\/c4278d4a6028830caff9ee44b42d32ed\"},\"breadcrumb\":{\"@id\":\"https:\/\/portaltela.pt\/noticias\/2026\/02\/10\/militar-com-meio-ano-de-servico-morre-durante-atividade-desportiva-em-estremoz\/#breadcrumb\"},\"inLanguage\":\"pt-PT\",\"potentialAction\":[{\"@type\":\"ReadAction\",\"target\":[\"https:\/\/portaltela.pt\/noticias\/2026\/02\/10\/militar-com-meio-ano-de-servico-morre-durante-atividade-desportiva-em-estremoz\/\"]}]},{\"@type\":\"ImageObject\",\"inLanguage\":\"pt-PT\",\"@id\":\"https:\/\/portaltela.pt\/noticias\/2026\/02\/10\/militar-com-meio-ano-de-servico-morre-durante-atividade-desportiva-em-estremoz\/#primaryimage\",\"url\":\"https:\/\/portaltela.pt\/s.01k8rhncp4jt1\/2026\/02\/img_1500x1000uu2026-02-10-23-26-43-2266201-im-639063628190297317.jpg\",\"contentUrl\":\"https:\/\/portaltela.pt\/s.01k8rhncp4jt1\/2026\/02\/img_1500x1000uu2026-02-10-23-26-43-2266201-im-639063628190297317.jpg\",\"width\":796,\"height\":448,\"caption\":\"G\u00e9rson Pinto tinha 21 anos\"},{\"@type\":\"BreadcrumbList\",\"@id\":\"https:\/\/portaltela.pt\/noticias\/2026\/02\/10\/militar-com-meio-ano-de-servico-morre-durante-atividade-desportiva-em-estremoz\/#breadcrumb\",\"itemListElement\":[{\"@type\":\"ListItem\",\"position\":1,\"name\":\"In\u00edcio\",\"item\":\"https:\/\/portaltela.pt\/\"},{\"@type\":\"ListItem\",\"position\":2,\"name\":\"Militar com meio ano de servi\u00e7o morre durante atividade desportiva em Estremoz\"}]},{\"@type\":\"WebSite\",\"@id\":\"https:\/\/portaltela.pt\/#website\",\"url\":\"https:\/\/portaltela.pt\/\",\"name\":\"Portal Tela Portugal\",\"description\":\"\",\"potentialAction\":[{\"@type\":\"SearchAction\",\"target\":{\"@type\":\"EntryPoint\",\"urlTemplate\":\"https:\/\/portaltela.pt\/?s={search_term_string}\"},\"query-input\":{\"@type\":\"PropertyValueSpecification\",\"valueRequired\":true,\"valueName\":\"search_term_string\"}}],\"inLanguage\":\"pt-PT\"},{\"@type\":\"Person\",\"@id\":\"https:\/\/portaltela.pt\/#\/schema\/person\/c4278d4a6028830caff9ee44b42d32ed\",\"name\":\"Telinha\",\"image\":{\"@type\":\"ImageObject\",\"inLanguage\":\"pt-PT\",\"@id\":\"https:\/\/portaltela.pt\/s.01k8rhncp4jt1\/2025\/11\/talking-bot-125x125.png\",\"url\":\"https:\/\/portaltela.pt\/s.01k8rhncp4jt1\/2025\/11\/talking-bot-125x125.png\",\"contentUrl\":\"https:\/\/portaltela.pt\/s.01k8rhncp4jt1\/2025\/11\/talking-bot-125x125.png\",\"caption\":\"Telinha\"},\"sameAs\":[\"https:\/\/portaltela.pt\/\"],\"url\":\"https:\/\/portaltela.pt\/por\/367410592786\/\"}]}<\/script>\n<!-- \/ Yoast SEO plugin. -->","yoast_head_json":{"title":"Militar com meio ano de servi\u00e7o morre durante atividade desportiva em Estremoz - Portal Tela Portugal","robots":{"index":"index","follow":"follow","max-snippet":"max-snippet:-1","max-image-preview":"max-image-preview:large","max-video-preview":"max-video-preview:-1"},"og_locale":"pt_PT","og_type":"article","og_title":"Militar com meio ano de servi\u00e7o morre durante atividade desportiva em Estremoz - Portal Tela Portugal","og_description":"G\u00e9rson Pinto, 21 anos, era militar h\u00e1 seis meses e estava colocado nos Drag\u00f5es de Oliven\u00e7a desde outubro. O jovem praticava uma atividade desportiva junto ao Campo Municipal de Estremoz, quando se come\u00e7ou a sentir indisposto; um amigo militar avisou o INEM. Foi assistido no local e transportado para o Centro de Sa\u00fade de Estremoz, onde o \u00f3bito foi confirmado. O Ex\u00e9rcito ativou apoio psicol\u00f3gico direcionado \u00e0 fam\u00edlia e abriu um processo de averigua\u00e7\u00f5es para apurar as circunst\u00e2ncias do sucedido. Natural do concelho de Alter do Ch\u00e3o, a morte gerou consterna\u00e7\u00e3o e foram emitidos lamentos oficiais pelos tr\u00eas ramos das For\u00e7as Armadas, pelo minist\u00e9rio e pelas pol\u00edcias.","og_url":"https:\/\/portaltela.pt\/noticias\/2026\/02\/10\/militar-com-meio-ano-de-servico-morre-durante-atividade-desportiva-em-estremoz\/","og_site_name":"Portal Tela Portugal","article_published_time":"2026-02-11T01:30:00+00:00","author":"Telinha","twitter_card":"summary_large_image","twitter_misc":{"Escrito por":"Telinha","Tempo estimado de leitura":"1 minuto"},"schema":{"@context":"https:\/\/schema.org","@graph":[{"@type":"Article","@id":"https:\/\/portaltela.pt\/noticias\/2026\/02\/10\/militar-com-meio-ano-de-servico-morre-durante-atividade-desportiva-em-estremoz\/#article","isPartOf":{"@id":"https:\/\/portaltela.pt\/noticias\/2026\/02\/10\/militar-com-meio-ano-de-servico-morre-durante-atividade-desportiva-em-estremoz\/"},"author":{"name":"Telinha","@id":"https:\/\/portaltela.pt\/#\/schema\/person\/c4278d4a6028830caff9ee44b42d32ed"},"headline":"Militar com meio ano de servi\u00e7o morre durante atividade desportiva em Estremoz","datePublished":"2026-02-11T01:30:00+00:00","mainEntityOfPage":{"@id":"https:\/\/portaltela.pt\/noticias\/2026\/02\/10\/militar-com-meio-ano-de-servico-morre-durante-atividade-desportiva-em-estremoz\/"},"wordCount":199,"image":{"@id":"https:\/\/portaltela.pt\/noticias\/2026\/02\/10\/militar-com-meio-ano-de-servico-morre-durante-atividade-desportiva-em-estremoz\/#primaryimage"},"thumbnailUrl":"https:\/\/portaltela.pt\/s.01k8rhncp4jt1\/2026\/02\/img_1500x1000uu2026-02-10-23-26-43-2266201-im-639063628190297317.jpg","keywords":["Alter do Ch\u00e3o","desporto","Estremoz","For\u00e7as Armadas","investiga\u00e7\u00e3o","seguran\u00e7a p\u00fablica"],"articleSection":["Not\u00edcias"],"inLanguage":"pt-PT"},{"@type":"WebPage","@id":"https:\/\/portaltela.pt\/noticias\/2026\/02\/10\/militar-com-meio-ano-de-servico-morre-durante-atividade-desportiva-em-estremoz\/","url":"https:\/\/portaltela.pt\/noticias\/2026\/02\/10\/militar-com-meio-ano-de-servico-morre-durante-atividade-desportiva-em-estremoz\/","name":"Militar com meio ano de servi\u00e7o morre durante atividade desportiva em Estremoz - Portal Tela Portugal","isPartOf":{"@id":"https:\/\/portaltela.pt\/#website"},"primaryImageOfPage":{"@id":"https:\/\/portaltela.pt\/noticias\/2026\/02\/10\/militar-com-meio-ano-de-servico-morre-durante-atividade-desportiva-em-estremoz\/#primaryimage"},"image":{"@id":"https:\/\/portaltela.pt\/noticias\/2026\/02\/10\/militar-com-meio-ano-de-servico-morre-durante-atividade-desportiva-em-estremoz\/#primaryimage"},"thumbnailUrl":"https:\/\/portaltela.pt\/s.01k8rhncp4jt1\/2026\/02\/img_1500x1000uu2026-02-10-23-26-43-2266201-im-639063628190297317.jpg","datePublished":"2026-02-11T01:30:00+00:00","author":{"@id":"https:\/\/portaltela.pt\/#\/schema\/person\/c4278d4a6028830caff9ee44b42d32ed"},"breadcrumb":{"@id":"https:\/\/portaltela.pt\/noticias\/2026\/02\/10\/militar-com-meio-ano-de-servico-morre-durante-atividade-desportiva-em-estremoz\/#breadcrumb"},"inLanguage":"pt-PT","potentialAction":[{"@type":"ReadAction","target":["https:\/\/portaltela.pt\/noticias\/2026\/02\/10\/militar-com-meio-ano-de-servico-morre-durante-atividade-desportiva-em-estremoz\/"]}]},{"@type":"ImageObject","inLanguage":"pt-PT","@id":"https:\/\/portaltela.pt\/noticias\/2026\/02\/10\/militar-com-meio-ano-de-servico-morre-durante-atividade-desportiva-em-estremoz\/#primaryimage","url":"https:\/\/portaltela.pt\/s.01k8rhncp4jt1\/2026\/02\/img_1500x1000uu2026-02-10-23-26-43-2266201-im-639063628190297317.jpg","contentUrl":"https:\/\/portaltela.pt\/s.01k8rhncp4jt1\/2026\/02\/img_1500x1000uu2026-02-10-23-26-43-2266201-im-639063628190297317.jpg","width":796,"height":448,"caption":"G\u00e9rson Pinto tinha 21 anos"},{"@type":"BreadcrumbList","@id":"https:\/\/portaltela.pt\/noticias\/2026\/02\/10\/militar-com-meio-ano-de-servico-morre-durante-atividade-desportiva-em-estremoz\/#breadcrumb","itemListElement":[{"@type":"ListItem","position":1,"name":"In\u00edcio","item":"https:\/\/portaltela.pt\/"},{"@type":"ListItem","position":2,"name":"Militar com meio ano de servi\u00e7o morre durante atividade desportiva em Estremoz"}]},{"@type":"WebSite","@id":"https:\/\/portaltela.pt\/#website","url":"https:\/\/portaltela.pt\/","name":"Portal Tela Portugal","description":"","potentialAction":[{"@type":"SearchAction","target":{"@type":"EntryPoint","urlTemplate":"https:\/\/portaltela.pt\/?s={search_term_string}"},"query-input":{"@type":"PropertyValueSpecification","valueRequired":true,"valueName":"search_term_string"}}],"inLanguage":"pt-PT"},{"@type":"Person","@id":"https:\/\/portaltela.pt\/#\/schema\/person\/c4278d4a6028830caff9ee44b42d32ed","name":"Telinha","image":{"@type":"ImageObject","inLanguage":"pt-PT","@id":"https:\/\/portaltela.pt\/s.01k8rhncp4jt1\/2025\/11\/talking-bot-125x125.png","url":"https:\/\/portaltela.pt\/s.01k8rhncp4jt1\/2025\/11\/talking-bot-125x125.png","contentUrl":"https:\/\/portaltela.pt\/s.01k8rhncp4jt1\/2025\/11\/talking-bot-125x125.png","caption":"Telinha"},"sameAs":["https:\/\/portaltela.pt\/"],"url":"https:\/\/portaltela.pt\/por\/367410592786\/"}]}},"_links":{"self":[{"href":"https:\/\/portaltela.pt\/api\/wp\/v2\/posts\/207569","targetHints":{"allow":["GET"]}}],"collection":[{"href":"https:\/\/portaltela.pt\/api\/wp\/v2\/posts"}],"about":[{"href":"https:\/\/portaltela.pt\/api\/wp\/v2\/types\/post"}],"author":[{"embeddable":true,"href":"https:\/\/portaltela.pt\/api\/wp\/v2\/users\/2"}],"replies":[{"embeddable":true,"href":"https:\/\/portaltela.pt\/api\/wp\/v2\/comments?post=207569"}],"version-history":[{"count":0,"href":"https:\/\/portaltela.pt\/api\/wp\/v2\/posts\/207569\/revisions"}],"wp:featuredmedia":[{"embeddable":true,"href":"https:\/\/portaltela.pt\/api\/wp\/v2\/media\/207573"}],"wp:attachment":[{"href":"https:\/\/portaltela.pt\/api\/wp\/v2\/media?parent=207569"}],"wp:term":[{"taxonomy":"category","embeddable":true,"href":"https:\/\/portaltela.pt\/api\/wp\/v2\/categories?post=207569"},{"taxonomy":"post_tag","embeddable":true,"href":"https:\/\/portaltela.pt\/api\/wp\/v2\/tags?post=207569"}],"curies":[{"name":"wp","href":"https:\/\/api.w.org\/{rel}","templated":true}]}}