{"id":207551,"date":"2026-02-10T21:32:00","date_gmt":"2026-02-11T00:32:00","guid":{"rendered":"https:\/\/portaltela.pt\/noticias\/2026\/02\/10\/hamburgo-em-negociacoes-pela-aquisicao-do-passe-de-fabio-vieira\/"},"modified":"2026-02-10T21:32:00","modified_gmt":"2026-02-11T00:32:00","slug":"hamburgo-em-negociacoes-pela-aquisicao-do-passe-de-fabio-vieira","status":"publish","type":"post","link":"https:\/\/portaltela.pt\/desporto\/futebol\/2026\/02\/10\/hamburgo-em-negociacoes-pela-aquisicao-do-passe-de-fabio-vieira\/","title":{"rendered":"Hamburgo em negocia\u00e7\u00f5es pela aquisi\u00e7\u00e3o do passe de F\u00e1bio Vieira"},"content":{"rendered":"<p>O Hamburgo quer adquirir o passe de F\u00e1bio Vieira, jogador atualmente cedido pelo Arsenal. A cl\u00e1usula de compra prevista no empr\u00e9stimo \u00e9 de 20 milh\u00f5es de euros, segundo o jornal Bild. A dire\u00e7\u00e3o alem\u00e3 pretende negociar a redu\u00e7\u00e3o do valor no contrato.<\/p>\n<p>A imprensa aponta que o clube alem\u00e3o n\u00e3o tem f\u00f4lego financeiro para pagar o montante estipulado. A posi\u00e7\u00e3o do Hamburgo passa por chegar a um acordo que permita manter o registo de Vieira sem comprometer o or\u00e7amento.<\/p>\n<p>F\u00e1bio Vieira est\u00e1 emprestado ao Hamburgo at\u00e9 30 de junho. Durante a \u00e9poca, o criativo luso somou dois golos e quatro assist\u00eancias a servi\u00e7o da equipa germ\u00e2nica.<\/p>\n<h3>Detalhes do empr\u00e9stimo<\/h3>\n<ul>\n<li>Cl\u00e1usula de compra: 20 milh\u00f5es de euros.<\/li>\n<li>Situa\u00e7\u00e3o financeira do Hamburgo: disponibilidade limitada para a quantia total.<\/li>\n<li>Gols e assist\u00eancias de Vieira no clube: 2 golos, 4 assist\u00eancias.<\/li>\n<\/ul>\n","protected":false},"excerpt":{"rendered":"<ul>\n<li>O Hamburgo quer comprar o passe de F\u00e1bio Vieira, cedido ao clube at\u00e9 30 de junho.<\/li>\n<li>A cl\u00e1usula de compra est\u00e1 fixada em 20 milh\u00f5es de euros.<\/li>\n<li>Segundo o Bild, o Hamburgo negocia com o Arsenal uma redu\u00e7\u00e3o do valor.<\/li>\n<li>O clube alem\u00e3o n\u00e3o tem f\u00f4lego financeiro para pagar o montante acordado.<\/li>\n<li>O m\u00e9dio lusitano soma dois golos e quatro assist\u00eancias pelo Hamburgo.<\/li>\n<\/ul>\n","protected":false},"author":2,"featured_media":207552,"comment_status":"closed","ping_status":"closed","sticky":false,"template":"","format":"standard","meta":{"footnotes":""},"categories":[21,24],"tags":[1603,2457,32,1747,242,2836],"class_list":["post-207551","post","type-post","status-publish","format-standard","has-post-thumbnail","hentry","category-desporto","category-futebol","tag-alemanha","tag-emprestimos","tag-futebol","tag-futebol-profissional","tag-jogadores","tag-transfers"],"yoast_head":"<!-- This site is optimized with the Yoast SEO plugin v27.2 - https:\/\/yoast.com\/product\/yoast-seo-wordpress\/ -->\n<title>Hamburgo em negocia\u00e7\u00f5es pela aquisi\u00e7\u00e3o do passe de F\u00e1bio Vieira - Portal Tela Portugal<\/title>\n<meta name=\"robots\" content=\"index, follow, max-snippet:-1, max-image-preview:large, max-video-preview:-1\" \/>\n<meta property=\"og:locale\" content=\"pt_PT\" \/>\n<meta property=\"og:type\" content=\"article\" \/>\n<meta property=\"og:title\" content=\"Hamburgo em negocia\u00e7\u00f5es pela aquisi\u00e7\u00e3o do passe de F\u00e1bio Vieira - Portal Tela Portugal\" \/>\n<meta property=\"og:description\" content=\"O Hamburgo quer comprar o passe de F\u00e1bio Vieira, cedido ao clube at\u00e9 30 de junho. A cl\u00e1usula de compra est\u00e1 fixada em 20 milh\u00f5es de euros. Segundo o Bild, o Hamburgo negocia com o Arsenal uma redu\u00e7\u00e3o do valor. O clube alem\u00e3o n\u00e3o tem f\u00f4lego financeiro para pagar o montante acordado. O m\u00e9dio lusitano soma dois golos e quatro assist\u00eancias pelo Hamburgo.\" \/>\n<meta property=\"og:url\" content=\"https:\/\/portaltela.pt\/noticias\/2026\/02\/10\/hamburgo-em-negociacoes-pela-aquisicao-do-passe-de-fabio-vieira\/\" \/>\n<meta property=\"og:site_name\" content=\"Portal Tela Portugal\" \/>\n<meta property=\"article:published_time\" content=\"2026-02-11T00:32:00+00:00\" \/>\n<meta name=\"author\" content=\"Telinha\" \/>\n<meta name=\"twitter:card\" content=\"summary_large_image\" \/>\n<meta name=\"twitter:label1\" content=\"Escrito por\" \/>\n\t<meta name=\"twitter:data1\" content=\"Telinha\" \/>\n\t<meta name=\"twitter:label2\" content=\"Tempo estimado de leitura\" \/>\n\t<meta name=\"twitter:data2\" content=\"1 minuto\" \/>\n<script type=\"application\/ld+json\" class=\"yoast-schema-graph\">{\"@context\":\"https:\/\/schema.org\",\"@graph\":[{\"@type\":\"Article\",\"@id\":\"https:\/\/portaltela.pt\/noticias\/2026\/02\/10\/hamburgo-em-negociacoes-pela-aquisicao-do-passe-de-fabio-vieira\/#article\",\"isPartOf\":{\"@id\":\"https:\/\/portaltela.pt\/noticias\/2026\/02\/10\/hamburgo-em-negociacoes-pela-aquisicao-do-passe-de-fabio-vieira\/\"},\"author\":{\"name\":\"Telinha\",\"@id\":\"https:\/\/portaltela.pt\/#\/schema\/person\/c4278d4a6028830caff9ee44b42d32ed\"},\"headline\":\"Hamburgo em negocia\u00e7\u00f5es pela aquisi\u00e7\u00e3o do passe de F\u00e1bio Vieira\",\"datePublished\":\"2026-02-11T00:32:00+00:00\",\"mainEntityOfPage\":{\"@id\":\"https:\/\/portaltela.pt\/noticias\/2026\/02\/10\/hamburgo-em-negociacoes-pela-aquisicao-do-passe-de-fabio-vieira\/\"},\"wordCount\":165,\"image\":{\"@id\":\"https:\/\/portaltela.pt\/noticias\/2026\/02\/10\/hamburgo-em-negociacoes-pela-aquisicao-do-passe-de-fabio-vieira\/#primaryimage\"},\"thumbnailUrl\":\"https:\/\/portaltela.pt\/s.01k8rhncp4jt1\/2026\/02\/img_920x518uu2026-01-31-18-58-31-2418710-1.jpg\",\"keywords\":[\"Alemanha\",\"empr\u00e9stimos\",\"futebol\",\"Futebol Profissional\",\"jogadores\",\"transfers\"],\"articleSection\":[\"Desporto\",\"Futebol\"],\"inLanguage\":\"pt-PT\"},{\"@type\":\"WebPage\",\"@id\":\"https:\/\/portaltela.pt\/noticias\/2026\/02\/10\/hamburgo-em-negociacoes-pela-aquisicao-do-passe-de-fabio-vieira\/\",\"url\":\"https:\/\/portaltela.pt\/noticias\/2026\/02\/10\/hamburgo-em-negociacoes-pela-aquisicao-do-passe-de-fabio-vieira\/\",\"name\":\"Hamburgo em negocia\u00e7\u00f5es pela aquisi\u00e7\u00e3o do passe de F\u00e1bio Vieira - Portal Tela Portugal\",\"isPartOf\":{\"@id\":\"https:\/\/portaltela.pt\/#website\"},\"primaryImageOfPage\":{\"@id\":\"https:\/\/portaltela.pt\/noticias\/2026\/02\/10\/hamburgo-em-negociacoes-pela-aquisicao-do-passe-de-fabio-vieira\/#primaryimage\"},\"image\":{\"@id\":\"https:\/\/portaltela.pt\/noticias\/2026\/02\/10\/hamburgo-em-negociacoes-pela-aquisicao-do-passe-de-fabio-vieira\/#primaryimage\"},\"thumbnailUrl\":\"https:\/\/portaltela.pt\/s.01k8rhncp4jt1\/2026\/02\/img_920x518uu2026-01-31-18-58-31-2418710-1.jpg\",\"datePublished\":\"2026-02-11T00:32:00+00:00\",\"author\":{\"@id\":\"https:\/\/portaltela.pt\/#\/schema\/person\/c4278d4a6028830caff9ee44b42d32ed\"},\"breadcrumb\":{\"@id\":\"https:\/\/portaltela.pt\/noticias\/2026\/02\/10\/hamburgo-em-negociacoes-pela-aquisicao-do-passe-de-fabio-vieira\/#breadcrumb\"},\"inLanguage\":\"pt-PT\",\"potentialAction\":[{\"@type\":\"ReadAction\",\"target\":[\"https:\/\/portaltela.pt\/noticias\/2026\/02\/10\/hamburgo-em-negociacoes-pela-aquisicao-do-passe-de-fabio-vieira\/\"]}]},{\"@type\":\"ImageObject\",\"inLanguage\":\"pt-PT\",\"@id\":\"https:\/\/portaltela.pt\/noticias\/2026\/02\/10\/hamburgo-em-negociacoes-pela-aquisicao-do-passe-de-fabio-vieira\/#primaryimage\",\"url\":\"https:\/\/portaltela.pt\/s.01k8rhncp4jt1\/2026\/02\/img_920x518uu2026-01-31-18-58-31-2418710-1.jpg\",\"contentUrl\":\"https:\/\/portaltela.pt\/s.01k8rhncp4jt1\/2026\/02\/img_920x518uu2026-01-31-18-58-31-2418710-1.jpg\",\"width\":796,\"height\":448,\"caption\":\"F\u00e1bio Vieira festeja golo frente ao Bayern Munique\"},{\"@type\":\"BreadcrumbList\",\"@id\":\"https:\/\/portaltela.pt\/noticias\/2026\/02\/10\/hamburgo-em-negociacoes-pela-aquisicao-do-passe-de-fabio-vieira\/#breadcrumb\",\"itemListElement\":[{\"@type\":\"ListItem\",\"position\":1,\"name\":\"In\u00edcio\",\"item\":\"https:\/\/portaltela.pt\/\"},{\"@type\":\"ListItem\",\"position\":2,\"name\":\"Hamburgo em negocia\u00e7\u00f5es pela aquisi\u00e7\u00e3o do passe de F\u00e1bio Vieira\"}]},{\"@type\":\"WebSite\",\"@id\":\"https:\/\/portaltela.pt\/#website\",\"url\":\"https:\/\/portaltela.pt\/\",\"name\":\"Portal Tela Portugal\",\"description\":\"\",\"potentialAction\":[{\"@type\":\"SearchAction\",\"target\":{\"@type\":\"EntryPoint\",\"urlTemplate\":\"https:\/\/portaltela.pt\/?s={search_term_string}\"},\"query-input\":{\"@type\":\"PropertyValueSpecification\",\"valueRequired\":true,\"valueName\":\"search_term_string\"}}],\"inLanguage\":\"pt-PT\"},{\"@type\":\"Person\",\"@id\":\"https:\/\/portaltela.pt\/#\/schema\/person\/c4278d4a6028830caff9ee44b42d32ed\",\"name\":\"Telinha\",\"image\":{\"@type\":\"ImageObject\",\"inLanguage\":\"pt-PT\",\"@id\":\"https:\/\/portaltela.pt\/s.01k8rhncp4jt1\/2025\/11\/talking-bot-125x125.png\",\"url\":\"https:\/\/portaltela.pt\/s.01k8rhncp4jt1\/2025\/11\/talking-bot-125x125.png\",\"contentUrl\":\"https:\/\/portaltela.pt\/s.01k8rhncp4jt1\/2025\/11\/talking-bot-125x125.png\",\"caption\":\"Telinha\"},\"sameAs\":[\"https:\/\/portaltela.pt\/\"],\"url\":\"https:\/\/portaltela.pt\/por\/367410592786\/\"}]}<\/script>\n<!-- \/ Yoast SEO plugin. -->","yoast_head_json":{"title":"Hamburgo em negocia\u00e7\u00f5es pela aquisi\u00e7\u00e3o do passe de F\u00e1bio Vieira - Portal Tela Portugal","robots":{"index":"index","follow":"follow","max-snippet":"max-snippet:-1","max-image-preview":"max-image-preview:large","max-video-preview":"max-video-preview:-1"},"og_locale":"pt_PT","og_type":"article","og_title":"Hamburgo em negocia\u00e7\u00f5es pela aquisi\u00e7\u00e3o do passe de F\u00e1bio Vieira - Portal Tela Portugal","og_description":"O Hamburgo quer comprar o passe de F\u00e1bio Vieira, cedido ao clube at\u00e9 30 de junho. A cl\u00e1usula de compra est\u00e1 fixada em 20 milh\u00f5es de euros. Segundo o Bild, o Hamburgo negocia com o Arsenal uma redu\u00e7\u00e3o do valor. O clube alem\u00e3o n\u00e3o tem f\u00f4lego financeiro para pagar o montante acordado. O m\u00e9dio lusitano soma dois golos e quatro assist\u00eancias pelo Hamburgo.","og_url":"https:\/\/portaltela.pt\/noticias\/2026\/02\/10\/hamburgo-em-negociacoes-pela-aquisicao-do-passe-de-fabio-vieira\/","og_site_name":"Portal Tela Portugal","article_published_time":"2026-02-11T00:32:00+00:00","author":"Telinha","twitter_card":"summary_large_image","twitter_misc":{"Escrito por":"Telinha","Tempo estimado de leitura":"1 minuto"},"schema":{"@context":"https:\/\/schema.org","@graph":[{"@type":"Article","@id":"https:\/\/portaltela.pt\/noticias\/2026\/02\/10\/hamburgo-em-negociacoes-pela-aquisicao-do-passe-de-fabio-vieira\/#article","isPartOf":{"@id":"https:\/\/portaltela.pt\/noticias\/2026\/02\/10\/hamburgo-em-negociacoes-pela-aquisicao-do-passe-de-fabio-vieira\/"},"author":{"name":"Telinha","@id":"https:\/\/portaltela.pt\/#\/schema\/person\/c4278d4a6028830caff9ee44b42d32ed"},"headline":"Hamburgo em negocia\u00e7\u00f5es pela aquisi\u00e7\u00e3o do passe de F\u00e1bio Vieira","datePublished":"2026-02-11T00:32:00+00:00","mainEntityOfPage":{"@id":"https:\/\/portaltela.pt\/noticias\/2026\/02\/10\/hamburgo-em-negociacoes-pela-aquisicao-do-passe-de-fabio-vieira\/"},"wordCount":165,"image":{"@id":"https:\/\/portaltela.pt\/noticias\/2026\/02\/10\/hamburgo-em-negociacoes-pela-aquisicao-do-passe-de-fabio-vieira\/#primaryimage"},"thumbnailUrl":"https:\/\/portaltela.pt\/s.01k8rhncp4jt1\/2026\/02\/img_920x518uu2026-01-31-18-58-31-2418710-1.jpg","keywords":["Alemanha","empr\u00e9stimos","futebol","Futebol Profissional","jogadores","transfers"],"articleSection":["Desporto","Futebol"],"inLanguage":"pt-PT"},{"@type":"WebPage","@id":"https:\/\/portaltela.pt\/noticias\/2026\/02\/10\/hamburgo-em-negociacoes-pela-aquisicao-do-passe-de-fabio-vieira\/","url":"https:\/\/portaltela.pt\/noticias\/2026\/02\/10\/hamburgo-em-negociacoes-pela-aquisicao-do-passe-de-fabio-vieira\/","name":"Hamburgo em negocia\u00e7\u00f5es pela aquisi\u00e7\u00e3o do passe de F\u00e1bio Vieira - Portal Tela Portugal","isPartOf":{"@id":"https:\/\/portaltela.pt\/#website"},"primaryImageOfPage":{"@id":"https:\/\/portaltela.pt\/noticias\/2026\/02\/10\/hamburgo-em-negociacoes-pela-aquisicao-do-passe-de-fabio-vieira\/#primaryimage"},"image":{"@id":"https:\/\/portaltela.pt\/noticias\/2026\/02\/10\/hamburgo-em-negociacoes-pela-aquisicao-do-passe-de-fabio-vieira\/#primaryimage"},"thumbnailUrl":"https:\/\/portaltela.pt\/s.01k8rhncp4jt1\/2026\/02\/img_920x518uu2026-01-31-18-58-31-2418710-1.jpg","datePublished":"2026-02-11T00:32:00+00:00","author":{"@id":"https:\/\/portaltela.pt\/#\/schema\/person\/c4278d4a6028830caff9ee44b42d32ed"},"breadcrumb":{"@id":"https:\/\/portaltela.pt\/noticias\/2026\/02\/10\/hamburgo-em-negociacoes-pela-aquisicao-do-passe-de-fabio-vieira\/#breadcrumb"},"inLanguage":"pt-PT","potentialAction":[{"@type":"ReadAction","target":["https:\/\/portaltela.pt\/noticias\/2026\/02\/10\/hamburgo-em-negociacoes-pela-aquisicao-do-passe-de-fabio-vieira\/"]}]},{"@type":"ImageObject","inLanguage":"pt-PT","@id":"https:\/\/portaltela.pt\/noticias\/2026\/02\/10\/hamburgo-em-negociacoes-pela-aquisicao-do-passe-de-fabio-vieira\/#primaryimage","url":"https:\/\/portaltela.pt\/s.01k8rhncp4jt1\/2026\/02\/img_920x518uu2026-01-31-18-58-31-2418710-1.jpg","contentUrl":"https:\/\/portaltela.pt\/s.01k8rhncp4jt1\/2026\/02\/img_920x518uu2026-01-31-18-58-31-2418710-1.jpg","width":796,"height":448,"caption":"F\u00e1bio Vieira festeja golo frente ao Bayern Munique"},{"@type":"BreadcrumbList","@id":"https:\/\/portaltela.pt\/noticias\/2026\/02\/10\/hamburgo-em-negociacoes-pela-aquisicao-do-passe-de-fabio-vieira\/#breadcrumb","itemListElement":[{"@type":"ListItem","position":1,"name":"In\u00edcio","item":"https:\/\/portaltela.pt\/"},{"@type":"ListItem","position":2,"name":"Hamburgo em negocia\u00e7\u00f5es pela aquisi\u00e7\u00e3o do passe de F\u00e1bio Vieira"}]},{"@type":"WebSite","@id":"https:\/\/portaltela.pt\/#website","url":"https:\/\/portaltela.pt\/","name":"Portal Tela Portugal","description":"","potentialAction":[{"@type":"SearchAction","target":{"@type":"EntryPoint","urlTemplate":"https:\/\/portaltela.pt\/?s={search_term_string}"},"query-input":{"@type":"PropertyValueSpecification","valueRequired":true,"valueName":"search_term_string"}}],"inLanguage":"pt-PT"},{"@type":"Person","@id":"https:\/\/portaltela.pt\/#\/schema\/person\/c4278d4a6028830caff9ee44b42d32ed","name":"Telinha","image":{"@type":"ImageObject","inLanguage":"pt-PT","@id":"https:\/\/portaltela.pt\/s.01k8rhncp4jt1\/2025\/11\/talking-bot-125x125.png","url":"https:\/\/portaltela.pt\/s.01k8rhncp4jt1\/2025\/11\/talking-bot-125x125.png","contentUrl":"https:\/\/portaltela.pt\/s.01k8rhncp4jt1\/2025\/11\/talking-bot-125x125.png","caption":"Telinha"},"sameAs":["https:\/\/portaltela.pt\/"],"url":"https:\/\/portaltela.pt\/por\/367410592786\/"}]}},"_links":{"self":[{"href":"https:\/\/portaltela.pt\/api\/wp\/v2\/posts\/207551","targetHints":{"allow":["GET"]}}],"collection":[{"href":"https:\/\/portaltela.pt\/api\/wp\/v2\/posts"}],"about":[{"href":"https:\/\/portaltela.pt\/api\/wp\/v2\/types\/post"}],"author":[{"embeddable":true,"href":"https:\/\/portaltela.pt\/api\/wp\/v2\/users\/2"}],"replies":[{"embeddable":true,"href":"https:\/\/portaltela.pt\/api\/wp\/v2\/comments?post=207551"}],"version-history":[{"count":0,"href":"https:\/\/portaltela.pt\/api\/wp\/v2\/posts\/207551\/revisions"}],"wp:featuredmedia":[{"embeddable":true,"href":"https:\/\/portaltela.pt\/api\/wp\/v2\/media\/207552"}],"wp:attachment":[{"href":"https:\/\/portaltela.pt\/api\/wp\/v2\/media?parent=207551"}],"wp:term":[{"taxonomy":"category","embeddable":true,"href":"https:\/\/portaltela.pt\/api\/wp\/v2\/categories?post=207551"},{"taxonomy":"post_tag","embeddable":true,"href":"https:\/\/portaltela.pt\/api\/wp\/v2\/tags?post=207551"}],"curies":[{"name":"wp","href":"https:\/\/api.w.org\/{rel}","templated":true}]}}