{"id":207540,"date":"2026-02-10T21:13:01","date_gmt":"2026-02-11T00:13:01","guid":{"rendered":"https:\/\/portaltela.pt\/noticias\/2026\/02\/10\/tres-lideres-da-europa-central-pedem-energia-mais-barata-para-sustentar-industria\/"},"modified":"2026-02-10T21:13:01","modified_gmt":"2026-02-11T00:13:01","slug":"tres-lideres-da-europa-central-pedem-energia-mais-barata-para-sustentar-industria","status":"publish","type":"post","link":"https:\/\/portaltela.pt\/noticias\/economia\/2026\/02\/10\/tres-lideres-da-europa-central-pedem-energia-mais-barata-para-sustentar-industria\/","title":{"rendered":"Tr\u00eas l\u00edderes da Europa Central pedem energia mais barata para sustentar ind\u00fastria"},"content":{"rendered":"<p>Tr\u00eas l\u00edderes da Europa Central apresentaram uma declara\u00e7\u00e3o conjunta, assinada em Bratislava, defendendo a redu\u00e7\u00e3o dos pre\u00e7os da energia para sustentar a ind\u00fastria europeia. O encontro aconteceu numa ter\u00e7a-feira, antes da cimeira da UE, com o objetivo de abrir caminho a uma coliga\u00e7\u00e3o informal de aliados da competitividade.<\/p>\n<p>Participaram o primeiro-ministro da Rep\u00fablica Checa, Andrej Babis; o primeiro-ministro da Eslov\u00e1quia, Robert Fico; e o ministro dos Assuntos Parlamentares da \u00c1ustria, Christian Stocker. O texto sinaliza uma posi\u00e7\u00e3o comum para pressionar por altera\u00e7\u00f5es na pol\u00edtica energ\u00e9tica europeia.<\/p>\n<p>Fico criticou a atual orienta\u00e7\u00e3o clim\u00e1tica da UE, alegando que objetivos ambiciosos sem sentido perturbam a competitividade face a industrializa\u00e7\u00e3o na \u00c1sia e na Am\u00e9rica. Babis apontou problemas no sistema de licen\u00e7as de emiss\u00e3o de CO2 (ETS) e a especula\u00e7\u00e3o que elevou os custos para empresas e bancos.<\/p>\n<p>Segundo Babis, o custo l\u00edquido para a Rep\u00fablica Checa com o ETS ascendeu a cerca de 6,36 mil milh\u00f5es de euros, o que motivou o pedido de elimina\u00e7\u00e3o ou reformula\u00e7\u00e3o do sistema. Os tr\u00eas l\u00edderes prop\u00f5em um teto de pre\u00e7o para as licen\u00e7as ou a suspens\u00e3o do ETS por quatro a cinco anos.<\/p>\n<p>Stocker disse que a competitividade \u00e9 a base do projeto europeu e sublinhou a necessidade de controlar a situa\u00e7\u00e3o e de reduzir os pre\u00e7os da energia como prioridade absoluta. O objetivo n\u00e3o \u00e9 apenas cumprir metas ambientais, mas manter a ind\u00fastria europeia vi\u00e1vel.<\/p>\n","protected":false},"excerpt":{"rendered":"<ul>\n<li>Tr\u00eas l\u00edderes da Rep\u00fablica Checa, \u00c1ustria e Eslov\u00e1quia reuniram-se em Bratislava para defender a redu\u00e7\u00e3o dos pre\u00e7os da energia como base da competitividade da ind\u00fastria europeia.<\/li>\n<li>Criaram uma declara\u00e7\u00e3o conjunta como ponto de partida para uma coliga\u00e7\u00e3o informal de &#8220;amigos da competitividade&#8221;, com a exig\u00eancia inicial de baixar os custos energ\u00e9ticos.<\/li>\n<li>O primeiro-ministro eslovaco, Robert Fico, criticou pol\u00edticas clim\u00e1ticas ambiciosas consideradas desadequadas para sustentar a ind\u00fastria na UE face \u00e0 \u00c1sia e aos EUA.<\/li>\n<li>O presidente-checo, Andrej Babi\u0161, criticou o sistema de licen\u00e7as de emiss\u00f5es de CO2 (ETS) devido \u00e0 especula\u00e7\u00e3o e sugeriu teto de pre\u00e7o ou suspens\u00e3o por quatro a cinco anos; as perdas para setores checos foram estimadas em cerca de 6,36 mil milh\u00f5es de euros.<\/li>\n<li>O ministro-presidente austr\u00edaco, Christian Stocker, afirmou que a competitividade \u00e9 essencial ao projeto europeu e que reduzir os pre\u00e7os de energia \u00e9 uma prioridade, para n\u00e3o tornar a Uni\u00e3o Europeia mais pobre.<\/li>\n<\/ul>\n","protected":false},"author":2,"featured_media":207541,"comment_status":"closed","ping_status":"closed","sticky":false,"template":"","format":"standard","meta":{"footnotes":""},"categories":[2,1],"tags":[28,174,2487,3319,255,229],"class_list":["post-207540","post","type-post","status-publish","format-standard","has-post-thumbnail","hentry","category-economia","category-noticias","tag-economia","tag-energia","tag-europa","tag-europa-central","tag-industria","tag-politica-publica"],"yoast_head":"<!-- This site is optimized with the Yoast SEO plugin v27.2 - https:\/\/yoast.com\/product\/yoast-seo-wordpress\/ -->\n<title>Tr\u00eas l\u00edderes da Europa Central pedem energia mais barata para sustentar ind\u00fastria - Portal Tela Portugal<\/title>\n<meta name=\"robots\" content=\"index, follow, max-snippet:-1, max-image-preview:large, max-video-preview:-1\" \/>\n<meta property=\"og:locale\" content=\"pt_PT\" \/>\n<meta property=\"og:type\" content=\"article\" \/>\n<meta property=\"og:title\" content=\"Tr\u00eas l\u00edderes da Europa Central pedem energia mais barata para sustentar ind\u00fastria - Portal Tela Portugal\" \/>\n<meta property=\"og:description\" content=\"Tr\u00eas l\u00edderes da Rep\u00fablica Checa, \u00c1ustria e Eslov\u00e1quia reuniram-se em Bratislava para defender a redu\u00e7\u00e3o dos pre\u00e7os da energia como base da competitividade da ind\u00fastria europeia. Criaram uma declara\u00e7\u00e3o conjunta como ponto de partida para uma coliga\u00e7\u00e3o informal de &quot;amigos da competitividade&quot;, com a exig\u00eancia inicial de baixar os custos energ\u00e9ticos. O primeiro-ministro eslovaco, Robert Fico, criticou pol\u00edticas clim\u00e1ticas ambiciosas consideradas desadequadas para sustentar a ind\u00fastria na UE face \u00e0 \u00c1sia e aos EUA. O presidente-checo, Andrej Babi\u0161, criticou o sistema de licen\u00e7as de emiss\u00f5es de CO2 (ETS) devido \u00e0 especula\u00e7\u00e3o e sugeriu teto de pre\u00e7o ou suspens\u00e3o por quatro a cinco anos; as perdas para setores checos foram estimadas em cerca de 6,36 mil milh\u00f5es de euros. O ministro-presidente austr\u00edaco, Christian Stocker, afirmou que a competitividade \u00e9 essencial ao projeto europeu e que reduzir os pre\u00e7os de energia \u00e9 uma prioridade, para n\u00e3o tornar a Uni\u00e3o Europeia mais pobre.\" \/>\n<meta property=\"og:url\" content=\"https:\/\/portaltela.pt\/noticias\/2026\/02\/10\/tres-lideres-da-europa-central-pedem-energia-mais-barata-para-sustentar-industria\/\" \/>\n<meta property=\"og:site_name\" content=\"Portal Tela Portugal\" \/>\n<meta property=\"article:published_time\" content=\"2026-02-11T00:13:01+00:00\" \/>\n<meta name=\"author\" content=\"Telinha\" \/>\n<meta name=\"twitter:card\" content=\"summary_large_image\" \/>\n<meta name=\"twitter:label1\" content=\"Escrito por\" \/>\n\t<meta name=\"twitter:data1\" content=\"Telinha\" \/>\n\t<meta name=\"twitter:label2\" content=\"Tempo estimado de leitura\" \/>\n\t<meta name=\"twitter:data2\" content=\"1 minuto\" \/>\n<script type=\"application\/ld+json\" class=\"yoast-schema-graph\">{\"@context\":\"https:\/\/schema.org\",\"@graph\":[{\"@type\":\"Article\",\"@id\":\"https:\/\/portaltela.pt\/noticias\/2026\/02\/10\/tres-lideres-da-europa-central-pedem-energia-mais-barata-para-sustentar-industria\/#article\",\"isPartOf\":{\"@id\":\"https:\/\/portaltela.pt\/noticias\/2026\/02\/10\/tres-lideres-da-europa-central-pedem-energia-mais-barata-para-sustentar-industria\/\"},\"author\":{\"name\":\"Telinha\",\"@id\":\"https:\/\/portaltela.pt\/#\/schema\/person\/c4278d4a6028830caff9ee44b42d32ed\"},\"headline\":\"Tr\u00eas l\u00edderes da Europa Central pedem energia mais barata para sustentar ind\u00fastria\",\"datePublished\":\"2026-02-11T00:13:01+00:00\",\"mainEntityOfPage\":{\"@id\":\"https:\/\/portaltela.pt\/noticias\/2026\/02\/10\/tres-lideres-da-europa-central-pedem-energia-mais-barata-para-sustentar-industria\/\"},\"wordCount\":279,\"image\":{\"@id\":\"https:\/\/portaltela.pt\/noticias\/2026\/02\/10\/tres-lideres-da-europa-central-pedem-energia-mais-barata-para-sustentar-industria\/#primaryimage\"},\"thumbnailUrl\":\"https:\/\/portaltela.pt\/s.01k8rhncp4jt1\/2026\/02\/img_1500x1000uu2025-05-21-07-35-37-2210709-2.jpg\",\"keywords\":[\"economia\",\"energia\",\"Europa\",\"Europa Central\",\"ind\u00fastria\",\"pol\u00edtica p\u00fablica\"],\"articleSection\":[\"Economia\",\"Not\u00edcias\"],\"inLanguage\":\"pt-PT\"},{\"@type\":\"WebPage\",\"@id\":\"https:\/\/portaltela.pt\/noticias\/2026\/02\/10\/tres-lideres-da-europa-central-pedem-energia-mais-barata-para-sustentar-industria\/\",\"url\":\"https:\/\/portaltela.pt\/noticias\/2026\/02\/10\/tres-lideres-da-europa-central-pedem-energia-mais-barata-para-sustentar-industria\/\",\"name\":\"Tr\u00eas l\u00edderes da Europa Central pedem energia mais barata para sustentar ind\u00fastria - Portal Tela Portugal\",\"isPartOf\":{\"@id\":\"https:\/\/portaltela.pt\/#website\"},\"primaryImageOfPage\":{\"@id\":\"https:\/\/portaltela.pt\/noticias\/2026\/02\/10\/tres-lideres-da-europa-central-pedem-energia-mais-barata-para-sustentar-industria\/#primaryimage\"},\"image\":{\"@id\":\"https:\/\/portaltela.pt\/noticias\/2026\/02\/10\/tres-lideres-da-europa-central-pedem-energia-mais-barata-para-sustentar-industria\/#primaryimage\"},\"thumbnailUrl\":\"https:\/\/portaltela.pt\/s.01k8rhncp4jt1\/2026\/02\/img_1500x1000uu2025-05-21-07-35-37-2210709-2.jpg\",\"datePublished\":\"2026-02-11T00:13:01+00:00\",\"author\":{\"@id\":\"https:\/\/portaltela.pt\/#\/schema\/person\/c4278d4a6028830caff9ee44b42d32ed\"},\"breadcrumb\":{\"@id\":\"https:\/\/portaltela.pt\/noticias\/2026\/02\/10\/tres-lideres-da-europa-central-pedem-energia-mais-barata-para-sustentar-industria\/#breadcrumb\"},\"inLanguage\":\"pt-PT\",\"potentialAction\":[{\"@type\":\"ReadAction\",\"target\":[\"https:\/\/portaltela.pt\/noticias\/2026\/02\/10\/tres-lideres-da-europa-central-pedem-energia-mais-barata-para-sustentar-industria\/\"]}]},{\"@type\":\"ImageObject\",\"inLanguage\":\"pt-PT\",\"@id\":\"https:\/\/portaltela.pt\/noticias\/2026\/02\/10\/tres-lideres-da-europa-central-pedem-energia-mais-barata-para-sustentar-industria\/#primaryimage\",\"url\":\"https:\/\/portaltela.pt\/s.01k8rhncp4jt1\/2026\/02\/img_1500x1000uu2025-05-21-07-35-37-2210709-2.jpg\",\"contentUrl\":\"https:\/\/portaltela.pt\/s.01k8rhncp4jt1\/2026\/02\/img_1500x1000uu2025-05-21-07-35-37-2210709-2.jpg\",\"width\":796,\"height\":448,\"caption\":\"Sede da Comiss\u00e3o Europeia, Bruxelas\"},{\"@type\":\"BreadcrumbList\",\"@id\":\"https:\/\/portaltela.pt\/noticias\/2026\/02\/10\/tres-lideres-da-europa-central-pedem-energia-mais-barata-para-sustentar-industria\/#breadcrumb\",\"itemListElement\":[{\"@type\":\"ListItem\",\"position\":1,\"name\":\"In\u00edcio\",\"item\":\"https:\/\/portaltela.pt\/\"},{\"@type\":\"ListItem\",\"position\":2,\"name\":\"Tr\u00eas l\u00edderes da Europa Central pedem energia mais barata para sustentar ind\u00fastria\"}]},{\"@type\":\"WebSite\",\"@id\":\"https:\/\/portaltela.pt\/#website\",\"url\":\"https:\/\/portaltela.pt\/\",\"name\":\"Portal Tela Portugal\",\"description\":\"\",\"potentialAction\":[{\"@type\":\"SearchAction\",\"target\":{\"@type\":\"EntryPoint\",\"urlTemplate\":\"https:\/\/portaltela.pt\/?s={search_term_string}\"},\"query-input\":{\"@type\":\"PropertyValueSpecification\",\"valueRequired\":true,\"valueName\":\"search_term_string\"}}],\"inLanguage\":\"pt-PT\"},{\"@type\":\"Person\",\"@id\":\"https:\/\/portaltela.pt\/#\/schema\/person\/c4278d4a6028830caff9ee44b42d32ed\",\"name\":\"Telinha\",\"image\":{\"@type\":\"ImageObject\",\"inLanguage\":\"pt-PT\",\"@id\":\"https:\/\/portaltela.pt\/s.01k8rhncp4jt1\/2025\/11\/talking-bot-125x125.png\",\"url\":\"https:\/\/portaltela.pt\/s.01k8rhncp4jt1\/2025\/11\/talking-bot-125x125.png\",\"contentUrl\":\"https:\/\/portaltela.pt\/s.01k8rhncp4jt1\/2025\/11\/talking-bot-125x125.png\",\"caption\":\"Telinha\"},\"sameAs\":[\"https:\/\/portaltela.pt\/\"],\"url\":\"https:\/\/portaltela.pt\/por\/367410592786\/\"}]}<\/script>\n<!-- \/ Yoast SEO plugin. -->","yoast_head_json":{"title":"Tr\u00eas l\u00edderes da Europa Central pedem energia mais barata para sustentar ind\u00fastria - Portal Tela Portugal","robots":{"index":"index","follow":"follow","max-snippet":"max-snippet:-1","max-image-preview":"max-image-preview:large","max-video-preview":"max-video-preview:-1"},"og_locale":"pt_PT","og_type":"article","og_title":"Tr\u00eas l\u00edderes da Europa Central pedem energia mais barata para sustentar ind\u00fastria - Portal Tela Portugal","og_description":"Tr\u00eas l\u00edderes da Rep\u00fablica Checa, \u00c1ustria e Eslov\u00e1quia reuniram-se em Bratislava para defender a redu\u00e7\u00e3o dos pre\u00e7os da energia como base da competitividade da ind\u00fastria europeia. Criaram uma declara\u00e7\u00e3o conjunta como ponto de partida para uma coliga\u00e7\u00e3o informal de \"amigos da competitividade\", com a exig\u00eancia inicial de baixar os custos energ\u00e9ticos. O primeiro-ministro eslovaco, Robert Fico, criticou pol\u00edticas clim\u00e1ticas ambiciosas consideradas desadequadas para sustentar a ind\u00fastria na UE face \u00e0 \u00c1sia e aos EUA. O presidente-checo, Andrej Babi\u0161, criticou o sistema de licen\u00e7as de emiss\u00f5es de CO2 (ETS) devido \u00e0 especula\u00e7\u00e3o e sugeriu teto de pre\u00e7o ou suspens\u00e3o por quatro a cinco anos; as perdas para setores checos foram estimadas em cerca de 6,36 mil milh\u00f5es de euros. O ministro-presidente austr\u00edaco, Christian Stocker, afirmou que a competitividade \u00e9 essencial ao projeto europeu e que reduzir os pre\u00e7os de energia \u00e9 uma prioridade, para n\u00e3o tornar a Uni\u00e3o Europeia mais pobre.","og_url":"https:\/\/portaltela.pt\/noticias\/2026\/02\/10\/tres-lideres-da-europa-central-pedem-energia-mais-barata-para-sustentar-industria\/","og_site_name":"Portal Tela Portugal","article_published_time":"2026-02-11T00:13:01+00:00","author":"Telinha","twitter_card":"summary_large_image","twitter_misc":{"Escrito por":"Telinha","Tempo estimado de leitura":"1 minuto"},"schema":{"@context":"https:\/\/schema.org","@graph":[{"@type":"Article","@id":"https:\/\/portaltela.pt\/noticias\/2026\/02\/10\/tres-lideres-da-europa-central-pedem-energia-mais-barata-para-sustentar-industria\/#article","isPartOf":{"@id":"https:\/\/portaltela.pt\/noticias\/2026\/02\/10\/tres-lideres-da-europa-central-pedem-energia-mais-barata-para-sustentar-industria\/"},"author":{"name":"Telinha","@id":"https:\/\/portaltela.pt\/#\/schema\/person\/c4278d4a6028830caff9ee44b42d32ed"},"headline":"Tr\u00eas l\u00edderes da Europa Central pedem energia mais barata para sustentar ind\u00fastria","datePublished":"2026-02-11T00:13:01+00:00","mainEntityOfPage":{"@id":"https:\/\/portaltela.pt\/noticias\/2026\/02\/10\/tres-lideres-da-europa-central-pedem-energia-mais-barata-para-sustentar-industria\/"},"wordCount":279,"image":{"@id":"https:\/\/portaltela.pt\/noticias\/2026\/02\/10\/tres-lideres-da-europa-central-pedem-energia-mais-barata-para-sustentar-industria\/#primaryimage"},"thumbnailUrl":"https:\/\/portaltela.pt\/s.01k8rhncp4jt1\/2026\/02\/img_1500x1000uu2025-05-21-07-35-37-2210709-2.jpg","keywords":["economia","energia","Europa","Europa Central","ind\u00fastria","pol\u00edtica p\u00fablica"],"articleSection":["Economia","Not\u00edcias"],"inLanguage":"pt-PT"},{"@type":"WebPage","@id":"https:\/\/portaltela.pt\/noticias\/2026\/02\/10\/tres-lideres-da-europa-central-pedem-energia-mais-barata-para-sustentar-industria\/","url":"https:\/\/portaltela.pt\/noticias\/2026\/02\/10\/tres-lideres-da-europa-central-pedem-energia-mais-barata-para-sustentar-industria\/","name":"Tr\u00eas l\u00edderes da Europa Central pedem energia mais barata para sustentar ind\u00fastria - Portal Tela Portugal","isPartOf":{"@id":"https:\/\/portaltela.pt\/#website"},"primaryImageOfPage":{"@id":"https:\/\/portaltela.pt\/noticias\/2026\/02\/10\/tres-lideres-da-europa-central-pedem-energia-mais-barata-para-sustentar-industria\/#primaryimage"},"image":{"@id":"https:\/\/portaltela.pt\/noticias\/2026\/02\/10\/tres-lideres-da-europa-central-pedem-energia-mais-barata-para-sustentar-industria\/#primaryimage"},"thumbnailUrl":"https:\/\/portaltela.pt\/s.01k8rhncp4jt1\/2026\/02\/img_1500x1000uu2025-05-21-07-35-37-2210709-2.jpg","datePublished":"2026-02-11T00:13:01+00:00","author":{"@id":"https:\/\/portaltela.pt\/#\/schema\/person\/c4278d4a6028830caff9ee44b42d32ed"},"breadcrumb":{"@id":"https:\/\/portaltela.pt\/noticias\/2026\/02\/10\/tres-lideres-da-europa-central-pedem-energia-mais-barata-para-sustentar-industria\/#breadcrumb"},"inLanguage":"pt-PT","potentialAction":[{"@type":"ReadAction","target":["https:\/\/portaltela.pt\/noticias\/2026\/02\/10\/tres-lideres-da-europa-central-pedem-energia-mais-barata-para-sustentar-industria\/"]}]},{"@type":"ImageObject","inLanguage":"pt-PT","@id":"https:\/\/portaltela.pt\/noticias\/2026\/02\/10\/tres-lideres-da-europa-central-pedem-energia-mais-barata-para-sustentar-industria\/#primaryimage","url":"https:\/\/portaltela.pt\/s.01k8rhncp4jt1\/2026\/02\/img_1500x1000uu2025-05-21-07-35-37-2210709-2.jpg","contentUrl":"https:\/\/portaltela.pt\/s.01k8rhncp4jt1\/2026\/02\/img_1500x1000uu2025-05-21-07-35-37-2210709-2.jpg","width":796,"height":448,"caption":"Sede da Comiss\u00e3o Europeia, Bruxelas"},{"@type":"BreadcrumbList","@id":"https:\/\/portaltela.pt\/noticias\/2026\/02\/10\/tres-lideres-da-europa-central-pedem-energia-mais-barata-para-sustentar-industria\/#breadcrumb","itemListElement":[{"@type":"ListItem","position":1,"name":"In\u00edcio","item":"https:\/\/portaltela.pt\/"},{"@type":"ListItem","position":2,"name":"Tr\u00eas l\u00edderes da Europa Central pedem energia mais barata para sustentar ind\u00fastria"}]},{"@type":"WebSite","@id":"https:\/\/portaltela.pt\/#website","url":"https:\/\/portaltela.pt\/","name":"Portal Tela Portugal","description":"","potentialAction":[{"@type":"SearchAction","target":{"@type":"EntryPoint","urlTemplate":"https:\/\/portaltela.pt\/?s={search_term_string}"},"query-input":{"@type":"PropertyValueSpecification","valueRequired":true,"valueName":"search_term_string"}}],"inLanguage":"pt-PT"},{"@type":"Person","@id":"https:\/\/portaltela.pt\/#\/schema\/person\/c4278d4a6028830caff9ee44b42d32ed","name":"Telinha","image":{"@type":"ImageObject","inLanguage":"pt-PT","@id":"https:\/\/portaltela.pt\/s.01k8rhncp4jt1\/2025\/11\/talking-bot-125x125.png","url":"https:\/\/portaltela.pt\/s.01k8rhncp4jt1\/2025\/11\/talking-bot-125x125.png","contentUrl":"https:\/\/portaltela.pt\/s.01k8rhncp4jt1\/2025\/11\/talking-bot-125x125.png","caption":"Telinha"},"sameAs":["https:\/\/portaltela.pt\/"],"url":"https:\/\/portaltela.pt\/por\/367410592786\/"}]}},"_links":{"self":[{"href":"https:\/\/portaltela.pt\/api\/wp\/v2\/posts\/207540","targetHints":{"allow":["GET"]}}],"collection":[{"href":"https:\/\/portaltela.pt\/api\/wp\/v2\/posts"}],"about":[{"href":"https:\/\/portaltela.pt\/api\/wp\/v2\/types\/post"}],"author":[{"embeddable":true,"href":"https:\/\/portaltela.pt\/api\/wp\/v2\/users\/2"}],"replies":[{"embeddable":true,"href":"https:\/\/portaltela.pt\/api\/wp\/v2\/comments?post=207540"}],"version-history":[{"count":0,"href":"https:\/\/portaltela.pt\/api\/wp\/v2\/posts\/207540\/revisions"}],"wp:featuredmedia":[{"embeddable":true,"href":"https:\/\/portaltela.pt\/api\/wp\/v2\/media\/207541"}],"wp:attachment":[{"href":"https:\/\/portaltela.pt\/api\/wp\/v2\/media?parent=207540"}],"wp:term":[{"taxonomy":"category","embeddable":true,"href":"https:\/\/portaltela.pt\/api\/wp\/v2\/categories?post=207540"},{"taxonomy":"post_tag","embeddable":true,"href":"https:\/\/portaltela.pt\/api\/wp\/v2\/tags?post=207540"}],"curies":[{"name":"wp","href":"https:\/\/api.w.org\/{rel}","templated":true}]}}