{"id":207532,"date":"2026-02-10T20:57:07","date_gmt":"2026-02-10T23:57:07","guid":{"rendered":"https:\/\/portaltela.pt\/noticias\/2026\/02\/10\/joao-dinis-silva-vence-a-dobrar-no-algarve-apos-11-meses-de-lesao\/"},"modified":"2026-02-10T20:57:07","modified_gmt":"2026-02-10T23:57:07","slug":"joao-dinis-silva-vence-a-dobrar-no-algarve-apos-11-meses-de-lesao","status":"publish","type":"post","link":"https:\/\/portaltela.pt\/desporto\/2026\/02\/10\/joao-dinis-silva-vence-a-dobrar-no-algarve-apos-11-meses-de-lesao\/","title":{"rendered":"Jo\u00e3o Dinis Silva vence a dobrar no Algarve ap\u00f3s 11 meses de les\u00e3o"},"content":{"rendered":"<p>Jo\u00e3o Dinis Silva, 18 anos, venceu hoje o qualifying do 7.\u00ba Open Internacional de T\u00e9nis de Vila Real de Santo Ant\u00f3nio, no Algarve, o que significa apenas a terceira vez na carreira que entra no quadro principal de um torneio ITF World Tennis Tour. O jogador da Escola de T\u00e9nis da Maia regressou ap\u00f3s 11 meses de les\u00e3o nas costas.<\/p>\n<p>O norte\u2011afastamento ficou para tr\u00e1s desde outubro de 2025, quando regressou \u00e0 competi\u00e7\u00e3o. Hoje eliminou, na ordem, o indiano Rohan Mehra, cabe\u00e7a de s\u00e9rie n\u00ba4, com parciais de 3-6, 7-6 (5) e 10\/7, e depois o espanhol Raul Sanchez Romero, por 6-2, 6-1.<\/p>\n<p>Jo\u00e3o Dinis Silva, antigo campe\u00e3o nacional de v\u00e1rias categorias de base, treinado pela antiga top-200 Neuza Silva e com Bernardo Mota a acompanhar, refor\u00e7am a presen\u00e7a portuguesa no t\u00eanis juvenil que evolui para o circuito profissional. A vit\u00f3ria de hoje ocorreu ap\u00f3s o regresso aos courts em Beloura, em outubro de 2025.<\/p>\n<h3>Progresso e contexto<\/h3>\n<p>Bernardo Mota explicou que o wildcard para o quadro principal foi rejeitado a favor da passagem pelo qualifying, visando dar ritmo ao jogador. O realizador do CAR da FPT real\u00e7ou a aposta como bem\u2011sucedida at\u00e9 ao momento, com o atleta a revelar satisfa\u00e7\u00e3o pela passagem \u00e0 ronda seguinte.<\/p>\n<p>Amanh\u00e3 decorre a primeira ronda do quadro principal de singulares. Os portugueses com hip\u00f3teses de apuramento incluem Daniel Batista, que defronta Adan Freire da Silva ap\u00f3s vencer Tom\u00e1s Vila\u00e7a na segunda ronda, por 3-6, 6-1 e 10\/6. Guilherme Valdoleiros tamb\u00e9m procura manter o n\u00edvel do ano passado, apesar de incidentes de \u00faltima hora.<\/p>\n<h3>Outros encontros e agenda<\/h3>\n<p>Gon\u00e7alo Marques, que venceu Sean Hodkin, ficou a tr\u00eas passos de seguir, perdendo depois diante de Benjamin Hannestad. O quadro principal arranca com os jogos de amanh\u00e3, destacando-se o duelo entre Hugo Maia e Tiago Ca\u00e7\u00e3o para manter a representa\u00e7\u00e3o portuguesa no torneio.<\/p>\n<p>Entre os cabe\u00e7as de s\u00e9rie, Gast\u00e3o Elias (n\u00ba5) enfrenta Rafael Luque Izquierdo; Francisco Rocha mede for\u00e7as com Olle Wallin; Jo\u00e3o Domingues joga contra Carlo Alberto Caniato; e Jo\u00e3o Gra\u00e7a enfrenta Max Basing. O 7.\u00ba Open encerra no dia 15, com organiza\u00e7\u00e3o do Clube de T\u00e9nis de Vila Real de Santo Ant\u00f3nio, em parceria com a FPT e a CM VRSA.<\/p>\n<p>O torneio distribui 30 mil d\u00f3lares em pr\u00e9mios e soma pontos para o ranking ATP, integrando o ITF World Tennis Tour na categoria M25.<\/p>\n","protected":false},"excerpt":{"rendered":"<ul>\n<li>Jo\u00e3o Dinis Silva, 18 anos, passou pela fase de qualifica\u00e7\u00e3o do 7.\u00ba Open Internacional de T\u00e9nis de Vila Real de Santo Ant\u00f3nio, no Algarve, no quadro ITF World Tennis Tour.<\/li>\n<li>Hoje venceu as duas \u00faltimas rondas do qualifying, derrotando primeiro o indiano Rohan Mehra e depois o espanhol Raul Sanchez Romero.<\/li>\n<li>O regresso \u00e0s competi\u00e7\u00f5es veio ap\u00f3s 11 meses de paragem devido a uma les\u00e3o nas costas, com retorno em outubro de 2025.<\/li>\n<li>Acompanham-no Neuza Silva (treinadora) e Bernardo Mota, com a aposta de que o jogador rodasse no qualifying em vez de receber Wild Card.<\/li>\n<li>O quadro principal arrancar\u00e1 amanh\u00e3, com outros portugueses em prova; o torneio distribui 30 mil d\u00f3lares em pr\u00e9mios e integra o ITF World Tennis Tour (categoria M25).<\/li>\n<\/ul>\n","protected":false},"author":2,"featured_media":207535,"comment_status":"closed","ping_status":"closed","sticky":false,"template":"","format":"standard","meta":{"footnotes":""},"categories":[21],"tags":[928,152,5356,1743,1014,94],"class_list":["post-207532","post","type-post","status-publish","format-standard","has-post-thumbnail","hentry","category-desporto","tag-algarve","tag-desporto","tag-itf","tag-maia","tag-portugal","tag-tenis"],"yoast_head":"<!-- This site is optimized with the Yoast SEO plugin v27.2 - https:\/\/yoast.com\/product\/yoast-seo-wordpress\/ -->\n<title>Jo\u00e3o Dinis Silva vence a dobrar no Algarve ap\u00f3s 11 meses de les\u00e3o - Portal Tela Portugal<\/title>\n<meta name=\"robots\" content=\"index, follow, max-snippet:-1, max-image-preview:large, max-video-preview:-1\" \/>\n<meta property=\"og:locale\" content=\"pt_PT\" \/>\n<meta property=\"og:type\" content=\"article\" \/>\n<meta property=\"og:title\" content=\"Jo\u00e3o Dinis Silva vence a dobrar no Algarve ap\u00f3s 11 meses de les\u00e3o - Portal Tela Portugal\" \/>\n<meta property=\"og:description\" content=\"Jo\u00e3o Dinis Silva, 18 anos, passou pela fase de qualifica\u00e7\u00e3o do 7.\u00ba Open Internacional de T\u00e9nis de Vila Real de Santo Ant\u00f3nio, no Algarve, no quadro ITF World Tennis Tour. Hoje venceu as duas \u00faltimas rondas do qualifying, derrotando primeiro o indiano Rohan Mehra e depois o espanhol Raul Sanchez Romero. O regresso \u00e0s competi\u00e7\u00f5es veio ap\u00f3s 11 meses de paragem devido a uma les\u00e3o nas costas, com retorno em outubro de 2025. Acompanham-no Neuza Silva (treinadora) e Bernardo Mota, com a aposta de que o jogador rodasse no qualifying em vez de receber Wild Card. O quadro principal arrancar\u00e1 amanh\u00e3, com outros portugueses em prova; o torneio distribui 30 mil d\u00f3lares em pr\u00e9mios e integra o ITF World Tennis Tour (categoria M25).\" \/>\n<meta property=\"og:url\" content=\"https:\/\/portaltela.pt\/noticias\/2026\/02\/10\/joao-dinis-silva-vence-a-dobrar-no-algarve-apos-11-meses-de-lesao\/\" \/>\n<meta property=\"og:site_name\" content=\"Portal Tela Portugal\" \/>\n<meta property=\"article:published_time\" content=\"2026-02-10T23:57:07+00:00\" \/>\n<meta name=\"author\" content=\"Telinha\" \/>\n<meta name=\"twitter:card\" content=\"summary_large_image\" \/>\n<meta name=\"twitter:label1\" content=\"Escrito por\" \/>\n\t<meta name=\"twitter:data1\" content=\"Telinha\" \/>\n\t<meta name=\"twitter:label2\" content=\"Tempo estimado de leitura\" \/>\n\t<meta name=\"twitter:data2\" content=\"2 minutos\" \/>\n<script type=\"application\/ld+json\" class=\"yoast-schema-graph\">{\"@context\":\"https:\/\/schema.org\",\"@graph\":[{\"@type\":\"Article\",\"@id\":\"https:\/\/portaltela.pt\/noticias\/2026\/02\/10\/joao-dinis-silva-vence-a-dobrar-no-algarve-apos-11-meses-de-lesao\/#article\",\"isPartOf\":{\"@id\":\"https:\/\/portaltela.pt\/noticias\/2026\/02\/10\/joao-dinis-silva-vence-a-dobrar-no-algarve-apos-11-meses-de-lesao\/\"},\"author\":{\"name\":\"Telinha\",\"@id\":\"https:\/\/portaltela.pt\/#\/schema\/person\/c4278d4a6028830caff9ee44b42d32ed\"},\"headline\":\"Jo\u00e3o Dinis Silva vence a dobrar no Algarve ap\u00f3s 11 meses de les\u00e3o\",\"datePublished\":\"2026-02-10T23:57:07+00:00\",\"mainEntityOfPage\":{\"@id\":\"https:\/\/portaltela.pt\/noticias\/2026\/02\/10\/joao-dinis-silva-vence-a-dobrar-no-algarve-apos-11-meses-de-lesao\/\"},\"wordCount\":436,\"image\":{\"@id\":\"https:\/\/portaltela.pt\/noticias\/2026\/02\/10\/joao-dinis-silva-vence-a-dobrar-no-algarve-apos-11-meses-de-lesao\/#primaryimage\"},\"thumbnailUrl\":\"https:\/\/portaltela.pt\/s.01k8rhncp4jt1\/2026\/02\/img_920x518uu2026-02-10-23-55-09-2420889.jpg\",\"keywords\":[\"Algarve\",\"desporto\",\"ITF\",\"Maia\",\"Portugal\",\"t\u00eanis\"],\"articleSection\":[\"Desporto\"],\"inLanguage\":\"pt-PT\"},{\"@type\":\"WebPage\",\"@id\":\"https:\/\/portaltela.pt\/noticias\/2026\/02\/10\/joao-dinis-silva-vence-a-dobrar-no-algarve-apos-11-meses-de-lesao\/\",\"url\":\"https:\/\/portaltela.pt\/noticias\/2026\/02\/10\/joao-dinis-silva-vence-a-dobrar-no-algarve-apos-11-meses-de-lesao\/\",\"name\":\"Jo\u00e3o Dinis Silva vence a dobrar no Algarve ap\u00f3s 11 meses de les\u00e3o - Portal Tela Portugal\",\"isPartOf\":{\"@id\":\"https:\/\/portaltela.pt\/#website\"},\"primaryImageOfPage\":{\"@id\":\"https:\/\/portaltela.pt\/noticias\/2026\/02\/10\/joao-dinis-silva-vence-a-dobrar-no-algarve-apos-11-meses-de-lesao\/#primaryimage\"},\"image\":{\"@id\":\"https:\/\/portaltela.pt\/noticias\/2026\/02\/10\/joao-dinis-silva-vence-a-dobrar-no-algarve-apos-11-meses-de-lesao\/#primaryimage\"},\"thumbnailUrl\":\"https:\/\/portaltela.pt\/s.01k8rhncp4jt1\/2026\/02\/img_920x518uu2026-02-10-23-55-09-2420889.jpg\",\"datePublished\":\"2026-02-10T23:57:07+00:00\",\"author\":{\"@id\":\"https:\/\/portaltela.pt\/#\/schema\/person\/c4278d4a6028830caff9ee44b42d32ed\"},\"breadcrumb\":{\"@id\":\"https:\/\/portaltela.pt\/noticias\/2026\/02\/10\/joao-dinis-silva-vence-a-dobrar-no-algarve-apos-11-meses-de-lesao\/#breadcrumb\"},\"inLanguage\":\"pt-PT\",\"potentialAction\":[{\"@type\":\"ReadAction\",\"target\":[\"https:\/\/portaltela.pt\/noticias\/2026\/02\/10\/joao-dinis-silva-vence-a-dobrar-no-algarve-apos-11-meses-de-lesao\/\"]}]},{\"@type\":\"ImageObject\",\"inLanguage\":\"pt-PT\",\"@id\":\"https:\/\/portaltela.pt\/noticias\/2026\/02\/10\/joao-dinis-silva-vence-a-dobrar-no-algarve-apos-11-meses-de-lesao\/#primaryimage\",\"url\":\"https:\/\/portaltela.pt\/s.01k8rhncp4jt1\/2026\/02\/img_920x518uu2026-02-10-23-55-09-2420889.jpg\",\"contentUrl\":\"https:\/\/portaltela.pt\/s.01k8rhncp4jt1\/2026\/02\/img_920x518uu2026-02-10-23-55-09-2420889.jpg\",\"width\":796,\"height\":448,\"caption\":\"Jo\u00e3o Dinis Silva vence a dobrar no Algarve ap\u00f3s les\u00e3o de 11 meses\"},{\"@type\":\"BreadcrumbList\",\"@id\":\"https:\/\/portaltela.pt\/noticias\/2026\/02\/10\/joao-dinis-silva-vence-a-dobrar-no-algarve-apos-11-meses-de-lesao\/#breadcrumb\",\"itemListElement\":[{\"@type\":\"ListItem\",\"position\":1,\"name\":\"In\u00edcio\",\"item\":\"https:\/\/portaltela.pt\/\"},{\"@type\":\"ListItem\",\"position\":2,\"name\":\"Jo\u00e3o Dinis Silva vence a dobrar no Algarve ap\u00f3s 11 meses de les\u00e3o\"}]},{\"@type\":\"WebSite\",\"@id\":\"https:\/\/portaltela.pt\/#website\",\"url\":\"https:\/\/portaltela.pt\/\",\"name\":\"Portal Tela Portugal\",\"description\":\"\",\"potentialAction\":[{\"@type\":\"SearchAction\",\"target\":{\"@type\":\"EntryPoint\",\"urlTemplate\":\"https:\/\/portaltela.pt\/?s={search_term_string}\"},\"query-input\":{\"@type\":\"PropertyValueSpecification\",\"valueRequired\":true,\"valueName\":\"search_term_string\"}}],\"inLanguage\":\"pt-PT\"},{\"@type\":\"Person\",\"@id\":\"https:\/\/portaltela.pt\/#\/schema\/person\/c4278d4a6028830caff9ee44b42d32ed\",\"name\":\"Telinha\",\"image\":{\"@type\":\"ImageObject\",\"inLanguage\":\"pt-PT\",\"@id\":\"https:\/\/portaltela.pt\/s.01k8rhncp4jt1\/2025\/11\/talking-bot-125x125.png\",\"url\":\"https:\/\/portaltela.pt\/s.01k8rhncp4jt1\/2025\/11\/talking-bot-125x125.png\",\"contentUrl\":\"https:\/\/portaltela.pt\/s.01k8rhncp4jt1\/2025\/11\/talking-bot-125x125.png\",\"caption\":\"Telinha\"},\"sameAs\":[\"https:\/\/portaltela.pt\/\"],\"url\":\"https:\/\/portaltela.pt\/por\/367410592786\/\"}]}<\/script>\n<!-- \/ Yoast SEO plugin. -->","yoast_head_json":{"title":"Jo\u00e3o Dinis Silva vence a dobrar no Algarve ap\u00f3s 11 meses de les\u00e3o - Portal Tela Portugal","robots":{"index":"index","follow":"follow","max-snippet":"max-snippet:-1","max-image-preview":"max-image-preview:large","max-video-preview":"max-video-preview:-1"},"og_locale":"pt_PT","og_type":"article","og_title":"Jo\u00e3o Dinis Silva vence a dobrar no Algarve ap\u00f3s 11 meses de les\u00e3o - Portal Tela Portugal","og_description":"Jo\u00e3o Dinis Silva, 18 anos, passou pela fase de qualifica\u00e7\u00e3o do 7.\u00ba Open Internacional de T\u00e9nis de Vila Real de Santo Ant\u00f3nio, no Algarve, no quadro ITF World Tennis Tour. Hoje venceu as duas \u00faltimas rondas do qualifying, derrotando primeiro o indiano Rohan Mehra e depois o espanhol Raul Sanchez Romero. O regresso \u00e0s competi\u00e7\u00f5es veio ap\u00f3s 11 meses de paragem devido a uma les\u00e3o nas costas, com retorno em outubro de 2025. Acompanham-no Neuza Silva (treinadora) e Bernardo Mota, com a aposta de que o jogador rodasse no qualifying em vez de receber Wild Card. O quadro principal arrancar\u00e1 amanh\u00e3, com outros portugueses em prova; o torneio distribui 30 mil d\u00f3lares em pr\u00e9mios e integra o ITF World Tennis Tour (categoria M25).","og_url":"https:\/\/portaltela.pt\/noticias\/2026\/02\/10\/joao-dinis-silva-vence-a-dobrar-no-algarve-apos-11-meses-de-lesao\/","og_site_name":"Portal Tela Portugal","article_published_time":"2026-02-10T23:57:07+00:00","author":"Telinha","twitter_card":"summary_large_image","twitter_misc":{"Escrito por":"Telinha","Tempo estimado de leitura":"2 minutos"},"schema":{"@context":"https:\/\/schema.org","@graph":[{"@type":"Article","@id":"https:\/\/portaltela.pt\/noticias\/2026\/02\/10\/joao-dinis-silva-vence-a-dobrar-no-algarve-apos-11-meses-de-lesao\/#article","isPartOf":{"@id":"https:\/\/portaltela.pt\/noticias\/2026\/02\/10\/joao-dinis-silva-vence-a-dobrar-no-algarve-apos-11-meses-de-lesao\/"},"author":{"name":"Telinha","@id":"https:\/\/portaltela.pt\/#\/schema\/person\/c4278d4a6028830caff9ee44b42d32ed"},"headline":"Jo\u00e3o Dinis Silva vence a dobrar no Algarve ap\u00f3s 11 meses de les\u00e3o","datePublished":"2026-02-10T23:57:07+00:00","mainEntityOfPage":{"@id":"https:\/\/portaltela.pt\/noticias\/2026\/02\/10\/joao-dinis-silva-vence-a-dobrar-no-algarve-apos-11-meses-de-lesao\/"},"wordCount":436,"image":{"@id":"https:\/\/portaltela.pt\/noticias\/2026\/02\/10\/joao-dinis-silva-vence-a-dobrar-no-algarve-apos-11-meses-de-lesao\/#primaryimage"},"thumbnailUrl":"https:\/\/portaltela.pt\/s.01k8rhncp4jt1\/2026\/02\/img_920x518uu2026-02-10-23-55-09-2420889.jpg","keywords":["Algarve","desporto","ITF","Maia","Portugal","t\u00eanis"],"articleSection":["Desporto"],"inLanguage":"pt-PT"},{"@type":"WebPage","@id":"https:\/\/portaltela.pt\/noticias\/2026\/02\/10\/joao-dinis-silva-vence-a-dobrar-no-algarve-apos-11-meses-de-lesao\/","url":"https:\/\/portaltela.pt\/noticias\/2026\/02\/10\/joao-dinis-silva-vence-a-dobrar-no-algarve-apos-11-meses-de-lesao\/","name":"Jo\u00e3o Dinis Silva vence a dobrar no Algarve ap\u00f3s 11 meses de les\u00e3o - Portal Tela Portugal","isPartOf":{"@id":"https:\/\/portaltela.pt\/#website"},"primaryImageOfPage":{"@id":"https:\/\/portaltela.pt\/noticias\/2026\/02\/10\/joao-dinis-silva-vence-a-dobrar-no-algarve-apos-11-meses-de-lesao\/#primaryimage"},"image":{"@id":"https:\/\/portaltela.pt\/noticias\/2026\/02\/10\/joao-dinis-silva-vence-a-dobrar-no-algarve-apos-11-meses-de-lesao\/#primaryimage"},"thumbnailUrl":"https:\/\/portaltela.pt\/s.01k8rhncp4jt1\/2026\/02\/img_920x518uu2026-02-10-23-55-09-2420889.jpg","datePublished":"2026-02-10T23:57:07+00:00","author":{"@id":"https:\/\/portaltela.pt\/#\/schema\/person\/c4278d4a6028830caff9ee44b42d32ed"},"breadcrumb":{"@id":"https:\/\/portaltela.pt\/noticias\/2026\/02\/10\/joao-dinis-silva-vence-a-dobrar-no-algarve-apos-11-meses-de-lesao\/#breadcrumb"},"inLanguage":"pt-PT","potentialAction":[{"@type":"ReadAction","target":["https:\/\/portaltela.pt\/noticias\/2026\/02\/10\/joao-dinis-silva-vence-a-dobrar-no-algarve-apos-11-meses-de-lesao\/"]}]},{"@type":"ImageObject","inLanguage":"pt-PT","@id":"https:\/\/portaltela.pt\/noticias\/2026\/02\/10\/joao-dinis-silva-vence-a-dobrar-no-algarve-apos-11-meses-de-lesao\/#primaryimage","url":"https:\/\/portaltela.pt\/s.01k8rhncp4jt1\/2026\/02\/img_920x518uu2026-02-10-23-55-09-2420889.jpg","contentUrl":"https:\/\/portaltela.pt\/s.01k8rhncp4jt1\/2026\/02\/img_920x518uu2026-02-10-23-55-09-2420889.jpg","width":796,"height":448,"caption":"Jo\u00e3o Dinis Silva vence a dobrar no Algarve ap\u00f3s les\u00e3o de 11 meses"},{"@type":"BreadcrumbList","@id":"https:\/\/portaltela.pt\/noticias\/2026\/02\/10\/joao-dinis-silva-vence-a-dobrar-no-algarve-apos-11-meses-de-lesao\/#breadcrumb","itemListElement":[{"@type":"ListItem","position":1,"name":"In\u00edcio","item":"https:\/\/portaltela.pt\/"},{"@type":"ListItem","position":2,"name":"Jo\u00e3o Dinis Silva vence a dobrar no Algarve ap\u00f3s 11 meses de les\u00e3o"}]},{"@type":"WebSite","@id":"https:\/\/portaltela.pt\/#website","url":"https:\/\/portaltela.pt\/","name":"Portal Tela Portugal","description":"","potentialAction":[{"@type":"SearchAction","target":{"@type":"EntryPoint","urlTemplate":"https:\/\/portaltela.pt\/?s={search_term_string}"},"query-input":{"@type":"PropertyValueSpecification","valueRequired":true,"valueName":"search_term_string"}}],"inLanguage":"pt-PT"},{"@type":"Person","@id":"https:\/\/portaltela.pt\/#\/schema\/person\/c4278d4a6028830caff9ee44b42d32ed","name":"Telinha","image":{"@type":"ImageObject","inLanguage":"pt-PT","@id":"https:\/\/portaltela.pt\/s.01k8rhncp4jt1\/2025\/11\/talking-bot-125x125.png","url":"https:\/\/portaltela.pt\/s.01k8rhncp4jt1\/2025\/11\/talking-bot-125x125.png","contentUrl":"https:\/\/portaltela.pt\/s.01k8rhncp4jt1\/2025\/11\/talking-bot-125x125.png","caption":"Telinha"},"sameAs":["https:\/\/portaltela.pt\/"],"url":"https:\/\/portaltela.pt\/por\/367410592786\/"}]}},"_links":{"self":[{"href":"https:\/\/portaltela.pt\/api\/wp\/v2\/posts\/207532","targetHints":{"allow":["GET"]}}],"collection":[{"href":"https:\/\/portaltela.pt\/api\/wp\/v2\/posts"}],"about":[{"href":"https:\/\/portaltela.pt\/api\/wp\/v2\/types\/post"}],"author":[{"embeddable":true,"href":"https:\/\/portaltela.pt\/api\/wp\/v2\/users\/2"}],"replies":[{"embeddable":true,"href":"https:\/\/portaltela.pt\/api\/wp\/v2\/comments?post=207532"}],"version-history":[{"count":0,"href":"https:\/\/portaltela.pt\/api\/wp\/v2\/posts\/207532\/revisions"}],"wp:featuredmedia":[{"embeddable":true,"href":"https:\/\/portaltela.pt\/api\/wp\/v2\/media\/207535"}],"wp:attachment":[{"href":"https:\/\/portaltela.pt\/api\/wp\/v2\/media?parent=207532"}],"wp:term":[{"taxonomy":"category","embeddable":true,"href":"https:\/\/portaltela.pt\/api\/wp\/v2\/categories?post=207532"},{"taxonomy":"post_tag","embeddable":true,"href":"https:\/\/portaltela.pt\/api\/wp\/v2\/tags?post=207532"}],"curies":[{"name":"wp","href":"https:\/\/api.w.org\/{rel}","templated":true}]}}