{"id":207527,"date":"2026-02-10T20:54:32","date_gmt":"2026-02-10T23:54:32","guid":{"rendered":"https:\/\/portaltela.pt\/noticias\/2026\/02\/10\/cac-lanca-campanha-de-apoio-a-equipa-de-goalball-na-champions\/"},"modified":"2026-02-10T20:54:32","modified_gmt":"2026-02-10T23:54:32","slug":"cac-lanca-campanha-de-apoio-a-equipa-de-goalball-na-champions","status":"publish","type":"post","link":"https:\/\/portaltela.pt\/desporto\/2026\/02\/10\/cac-lanca-campanha-de-apoio-a-equipa-de-goalball-na-champions\/","title":{"rendered":"CAC lan\u00e7a campanha de apoio \u00e0 equipa de goalball na Champions"},"content":{"rendered":"<p>O Clube Atl\u00e9tico e Cultural (CAC) vai apoiar a sua equipa de Goalball na Champions League, que ter\u00e1 a primeira participa\u00e7\u00e3o e organiza\u00e7\u00e3o de uma fase da competi\u00e7\u00e3o. O evento decorre entre 19 e 22 de fevereiro de 2026, no Pavilh\u00e3o Multiusos de Odivelas. A campanha visa transformar a estreia num momento de orgulho e inclus\u00e3o para a comunidade.<\/p>\n<p>A organiza\u00e7\u00e3o lan\u00e7ou uma mobiliza\u00e7\u00e3o nacional que envolve escolas, associa\u00e7\u00f5es desportivas e entidades locais e nacionais. O objetivo \u00e9 criar uma onda de apoio \u00e0 equipa, promovendo o desporto adaptado e o esp\u00edrito de comunidade em torno do CAC.<\/p>\n<p>A Liga que vai ocorrer em Odivelas resulta de quatro anos de trabalho, dedica\u00e7\u00e3o e paix\u00e3o pela modalidade, segundo Mauro Diogo, diretor do evento. A meta \u00e9 fazer com que todos sintam que particpam nesta conquista hist\u00f3rica.<\/p>\n<p>A campanha, que se estende nas pr\u00f3ximas semanas, aposta em comunica\u00e7\u00e3o digital, redes sociais, colabora\u00e7\u00f5es institucionais e materiais visuais para escolas e associa\u00e7\u00f5es. O CAC pretende incentivar a participa\u00e7\u00e3o e o apoio durante o torneio.<\/p>\n<h3>Apoio e alcance<\/h3>\n<p>O evento Odivelas EGCA Champions League 2026 reunir\u00e1 equipas europeias de alto n\u00edvel de goalball, consolidando Odivelas e o CAC como refer\u00eancias no desporto adaptado. A entrada \u00e9 gratuita, com o patroc\u00ednio de marcas e entidades nacionais.<\/p>\n<p>O CAC prepara-se para enfrentar o Marselha, de Fran\u00e7a, no dia 20 de fevereiro, \u00e0s 10:00, no Pavilh\u00e3o Multiusos de Odivelas. O torneio recebe tamb\u00e9m o jornal Record como media partner oficial, assegurando ampla cobertura.<\/p>\n","protected":false},"excerpt":{"rendered":"<ul>\n<li>O Clube Atl\u00e9tico e Cultural lan\u00e7a uma campanha de apoio \u00e0 sua equipa de goalball, que participa pela primeira vez na Champions League entre 19 e 22 de fevereiro de 2026, no Pavilh\u00e3o Multiusos de Odivelas.<\/li>\n<li>A iniciativa envolve escolas, associa\u00e7\u00f5es desportivas, institui\u00e7\u00f5es sociais e entidades locais e nacionais, com a\u00e7\u00f5es de comunica\u00e7\u00e3o digital e materiais nas escolas.<\/li>\n<li>A Champions League de 2026 marca o culminar de quatro anos de trabalho e envolve v\u00e1rias equipas europeias, destacando o CAC no desporto adaptado de Portugal.<\/li>\n<li>O CAC abre a competi\u00e7\u00e3o frente ao Marselha, Fran\u00e7a, no dia 20 de fevereiro, \u00e0s 10:00, num evento com entrada gratuita e apoio de grandes marcas.<\/li>\n<li>O Jornal Record \u00e9 parceiro medi\u00e1tico oficial, garantindo ampla cobertura do torneio e da participa\u00e7\u00e3o portuguesa.<\/li>\n<\/ul>\n","protected":false},"author":2,"featured_media":207533,"comment_status":"closed","ping_status":"closed","sticky":false,"template":"","format":"standard","meta":{"footnotes":""},"categories":[21],"tags":[3577,152,635,1856,1771,1281],"class_list":["post-207527","post","type-post","status-publish","format-standard","has-post-thumbnail","hentry","category-desporto","tag-champions-league","tag-desporto","tag-desporto-adaptado","tag-franca","tag-marselha","tag-odivelas"],"yoast_head":"<!-- This site is optimized with the Yoast SEO plugin v27.2 - https:\/\/yoast.com\/product\/yoast-seo-wordpress\/ -->\n<title>CAC lan\u00e7a campanha de apoio \u00e0 equipa de goalball na Champions - Portal Tela Portugal<\/title>\n<meta name=\"robots\" content=\"index, follow, max-snippet:-1, max-image-preview:large, max-video-preview:-1\" \/>\n<meta property=\"og:locale\" content=\"pt_PT\" \/>\n<meta property=\"og:type\" content=\"article\" \/>\n<meta property=\"og:title\" content=\"CAC lan\u00e7a campanha de apoio \u00e0 equipa de goalball na Champions - Portal Tela Portugal\" \/>\n<meta property=\"og:description\" content=\"O Clube Atl\u00e9tico e Cultural lan\u00e7a uma campanha de apoio \u00e0 sua equipa de goalball, que participa pela primeira vez na Champions League entre 19 e 22 de fevereiro de 2026, no Pavilh\u00e3o Multiusos de Odivelas. A iniciativa envolve escolas, associa\u00e7\u00f5es desportivas, institui\u00e7\u00f5es sociais e entidades locais e nacionais, com a\u00e7\u00f5es de comunica\u00e7\u00e3o digital e materiais nas escolas. A Champions League de 2026 marca o culminar de quatro anos de trabalho e envolve v\u00e1rias equipas europeias, destacando o CAC no desporto adaptado de Portugal. O CAC abre a competi\u00e7\u00e3o frente ao Marselha, Fran\u00e7a, no dia 20 de fevereiro, \u00e0s 10:00, num evento com entrada gratuita e apoio de grandes marcas. O Jornal Record \u00e9 parceiro medi\u00e1tico oficial, garantindo ampla cobertura do torneio e da participa\u00e7\u00e3o portuguesa.\" \/>\n<meta property=\"og:url\" content=\"https:\/\/portaltela.pt\/noticias\/2026\/02\/10\/cac-lanca-campanha-de-apoio-a-equipa-de-goalball-na-champions\/\" \/>\n<meta property=\"og:site_name\" content=\"Portal Tela Portugal\" \/>\n<meta property=\"article:published_time\" content=\"2026-02-10T23:54:32+00:00\" \/>\n<meta name=\"author\" content=\"Telinha\" \/>\n<meta name=\"twitter:card\" content=\"summary_large_image\" \/>\n<meta name=\"twitter:label1\" content=\"Escrito por\" \/>\n\t<meta name=\"twitter:data1\" content=\"Telinha\" \/>\n\t<meta name=\"twitter:label2\" content=\"Tempo estimado de leitura\" \/>\n\t<meta name=\"twitter:data2\" content=\"1 minuto\" \/>\n<script type=\"application\/ld+json\" class=\"yoast-schema-graph\">{\"@context\":\"https:\/\/schema.org\",\"@graph\":[{\"@type\":\"Article\",\"@id\":\"https:\/\/portaltela.pt\/noticias\/2026\/02\/10\/cac-lanca-campanha-de-apoio-a-equipa-de-goalball-na-champions\/#article\",\"isPartOf\":{\"@id\":\"https:\/\/portaltela.pt\/noticias\/2026\/02\/10\/cac-lanca-campanha-de-apoio-a-equipa-de-goalball-na-champions\/\"},\"author\":{\"name\":\"Telinha\",\"@id\":\"https:\/\/portaltela.pt\/#\/schema\/person\/c4278d4a6028830caff9ee44b42d32ed\"},\"headline\":\"CAC lan\u00e7a campanha de apoio \u00e0 equipa de goalball na Champions\",\"datePublished\":\"2026-02-10T23:54:32+00:00\",\"mainEntityOfPage\":{\"@id\":\"https:\/\/portaltela.pt\/noticias\/2026\/02\/10\/cac-lanca-campanha-de-apoio-a-equipa-de-goalball-na-champions\/\"},\"wordCount\":271,\"image\":{\"@id\":\"https:\/\/portaltela.pt\/noticias\/2026\/02\/10\/cac-lanca-campanha-de-apoio-a-equipa-de-goalball-na-champions\/#primaryimage\"},\"thumbnailUrl\":\"https:\/\/portaltela.pt\/s.01k8rhncp4jt1\/2026\/02\/img_920x518uu2026-02-10-23-52-24-2420888.jpg\",\"keywords\":[\"Champions League\",\"desporto\",\"desporto adaptado\",\"Fran\u00e7a\",\"Marselha\",\"Odivelas\"],\"articleSection\":[\"Desporto\"],\"inLanguage\":\"pt-PT\"},{\"@type\":\"WebPage\",\"@id\":\"https:\/\/portaltela.pt\/noticias\/2026\/02\/10\/cac-lanca-campanha-de-apoio-a-equipa-de-goalball-na-champions\/\",\"url\":\"https:\/\/portaltela.pt\/noticias\/2026\/02\/10\/cac-lanca-campanha-de-apoio-a-equipa-de-goalball-na-champions\/\",\"name\":\"CAC lan\u00e7a campanha de apoio \u00e0 equipa de goalball na Champions - Portal Tela Portugal\",\"isPartOf\":{\"@id\":\"https:\/\/portaltela.pt\/#website\"},\"primaryImageOfPage\":{\"@id\":\"https:\/\/portaltela.pt\/noticias\/2026\/02\/10\/cac-lanca-campanha-de-apoio-a-equipa-de-goalball-na-champions\/#primaryimage\"},\"image\":{\"@id\":\"https:\/\/portaltela.pt\/noticias\/2026\/02\/10\/cac-lanca-campanha-de-apoio-a-equipa-de-goalball-na-champions\/#primaryimage\"},\"thumbnailUrl\":\"https:\/\/portaltela.pt\/s.01k8rhncp4jt1\/2026\/02\/img_920x518uu2026-02-10-23-52-24-2420888.jpg\",\"datePublished\":\"2026-02-10T23:54:32+00:00\",\"author\":{\"@id\":\"https:\/\/portaltela.pt\/#\/schema\/person\/c4278d4a6028830caff9ee44b42d32ed\"},\"breadcrumb\":{\"@id\":\"https:\/\/portaltela.pt\/noticias\/2026\/02\/10\/cac-lanca-campanha-de-apoio-a-equipa-de-goalball-na-champions\/#breadcrumb\"},\"inLanguage\":\"pt-PT\",\"potentialAction\":[{\"@type\":\"ReadAction\",\"target\":[\"https:\/\/portaltela.pt\/noticias\/2026\/02\/10\/cac-lanca-campanha-de-apoio-a-equipa-de-goalball-na-champions\/\"]}]},{\"@type\":\"ImageObject\",\"inLanguage\":\"pt-PT\",\"@id\":\"https:\/\/portaltela.pt\/noticias\/2026\/02\/10\/cac-lanca-campanha-de-apoio-a-equipa-de-goalball-na-champions\/#primaryimage\",\"url\":\"https:\/\/portaltela.pt\/s.01k8rhncp4jt1\/2026\/02\/img_920x518uu2026-02-10-23-52-24-2420888.jpg\",\"contentUrl\":\"https:\/\/portaltela.pt\/s.01k8rhncp4jt1\/2026\/02\/img_920x518uu2026-02-10-23-52-24-2420888.jpg\",\"width\":796,\"height\":448,\"caption\":\"Equipa de desporto alinhada num campo de jogo interior\"},{\"@type\":\"BreadcrumbList\",\"@id\":\"https:\/\/portaltela.pt\/noticias\/2026\/02\/10\/cac-lanca-campanha-de-apoio-a-equipa-de-goalball-na-champions\/#breadcrumb\",\"itemListElement\":[{\"@type\":\"ListItem\",\"position\":1,\"name\":\"In\u00edcio\",\"item\":\"https:\/\/portaltela.pt\/\"},{\"@type\":\"ListItem\",\"position\":2,\"name\":\"CAC lan\u00e7a campanha de apoio \u00e0 equipa de goalball na Champions\"}]},{\"@type\":\"WebSite\",\"@id\":\"https:\/\/portaltela.pt\/#website\",\"url\":\"https:\/\/portaltela.pt\/\",\"name\":\"Portal Tela Portugal\",\"description\":\"\",\"potentialAction\":[{\"@type\":\"SearchAction\",\"target\":{\"@type\":\"EntryPoint\",\"urlTemplate\":\"https:\/\/portaltela.pt\/?s={search_term_string}\"},\"query-input\":{\"@type\":\"PropertyValueSpecification\",\"valueRequired\":true,\"valueName\":\"search_term_string\"}}],\"inLanguage\":\"pt-PT\"},{\"@type\":\"Person\",\"@id\":\"https:\/\/portaltela.pt\/#\/schema\/person\/c4278d4a6028830caff9ee44b42d32ed\",\"name\":\"Telinha\",\"image\":{\"@type\":\"ImageObject\",\"inLanguage\":\"pt-PT\",\"@id\":\"https:\/\/portaltela.pt\/s.01k8rhncp4jt1\/2025\/11\/talking-bot-125x125.png\",\"url\":\"https:\/\/portaltela.pt\/s.01k8rhncp4jt1\/2025\/11\/talking-bot-125x125.png\",\"contentUrl\":\"https:\/\/portaltela.pt\/s.01k8rhncp4jt1\/2025\/11\/talking-bot-125x125.png\",\"caption\":\"Telinha\"},\"sameAs\":[\"https:\/\/portaltela.pt\/\"],\"url\":\"https:\/\/portaltela.pt\/por\/367410592786\/\"}]}<\/script>\n<!-- \/ Yoast SEO plugin. -->","yoast_head_json":{"title":"CAC lan\u00e7a campanha de apoio \u00e0 equipa de goalball na Champions - Portal Tela Portugal","robots":{"index":"index","follow":"follow","max-snippet":"max-snippet:-1","max-image-preview":"max-image-preview:large","max-video-preview":"max-video-preview:-1"},"og_locale":"pt_PT","og_type":"article","og_title":"CAC lan\u00e7a campanha de apoio \u00e0 equipa de goalball na Champions - Portal Tela Portugal","og_description":"O Clube Atl\u00e9tico e Cultural lan\u00e7a uma campanha de apoio \u00e0 sua equipa de goalball, que participa pela primeira vez na Champions League entre 19 e 22 de fevereiro de 2026, no Pavilh\u00e3o Multiusos de Odivelas. A iniciativa envolve escolas, associa\u00e7\u00f5es desportivas, institui\u00e7\u00f5es sociais e entidades locais e nacionais, com a\u00e7\u00f5es de comunica\u00e7\u00e3o digital e materiais nas escolas. A Champions League de 2026 marca o culminar de quatro anos de trabalho e envolve v\u00e1rias equipas europeias, destacando o CAC no desporto adaptado de Portugal. O CAC abre a competi\u00e7\u00e3o frente ao Marselha, Fran\u00e7a, no dia 20 de fevereiro, \u00e0s 10:00, num evento com entrada gratuita e apoio de grandes marcas. O Jornal Record \u00e9 parceiro medi\u00e1tico oficial, garantindo ampla cobertura do torneio e da participa\u00e7\u00e3o portuguesa.","og_url":"https:\/\/portaltela.pt\/noticias\/2026\/02\/10\/cac-lanca-campanha-de-apoio-a-equipa-de-goalball-na-champions\/","og_site_name":"Portal Tela Portugal","article_published_time":"2026-02-10T23:54:32+00:00","author":"Telinha","twitter_card":"summary_large_image","twitter_misc":{"Escrito por":"Telinha","Tempo estimado de leitura":"1 minuto"},"schema":{"@context":"https:\/\/schema.org","@graph":[{"@type":"Article","@id":"https:\/\/portaltela.pt\/noticias\/2026\/02\/10\/cac-lanca-campanha-de-apoio-a-equipa-de-goalball-na-champions\/#article","isPartOf":{"@id":"https:\/\/portaltela.pt\/noticias\/2026\/02\/10\/cac-lanca-campanha-de-apoio-a-equipa-de-goalball-na-champions\/"},"author":{"name":"Telinha","@id":"https:\/\/portaltela.pt\/#\/schema\/person\/c4278d4a6028830caff9ee44b42d32ed"},"headline":"CAC lan\u00e7a campanha de apoio \u00e0 equipa de goalball na Champions","datePublished":"2026-02-10T23:54:32+00:00","mainEntityOfPage":{"@id":"https:\/\/portaltela.pt\/noticias\/2026\/02\/10\/cac-lanca-campanha-de-apoio-a-equipa-de-goalball-na-champions\/"},"wordCount":271,"image":{"@id":"https:\/\/portaltela.pt\/noticias\/2026\/02\/10\/cac-lanca-campanha-de-apoio-a-equipa-de-goalball-na-champions\/#primaryimage"},"thumbnailUrl":"https:\/\/portaltela.pt\/s.01k8rhncp4jt1\/2026\/02\/img_920x518uu2026-02-10-23-52-24-2420888.jpg","keywords":["Champions League","desporto","desporto adaptado","Fran\u00e7a","Marselha","Odivelas"],"articleSection":["Desporto"],"inLanguage":"pt-PT"},{"@type":"WebPage","@id":"https:\/\/portaltela.pt\/noticias\/2026\/02\/10\/cac-lanca-campanha-de-apoio-a-equipa-de-goalball-na-champions\/","url":"https:\/\/portaltela.pt\/noticias\/2026\/02\/10\/cac-lanca-campanha-de-apoio-a-equipa-de-goalball-na-champions\/","name":"CAC lan\u00e7a campanha de apoio \u00e0 equipa de goalball na Champions - Portal Tela Portugal","isPartOf":{"@id":"https:\/\/portaltela.pt\/#website"},"primaryImageOfPage":{"@id":"https:\/\/portaltela.pt\/noticias\/2026\/02\/10\/cac-lanca-campanha-de-apoio-a-equipa-de-goalball-na-champions\/#primaryimage"},"image":{"@id":"https:\/\/portaltela.pt\/noticias\/2026\/02\/10\/cac-lanca-campanha-de-apoio-a-equipa-de-goalball-na-champions\/#primaryimage"},"thumbnailUrl":"https:\/\/portaltela.pt\/s.01k8rhncp4jt1\/2026\/02\/img_920x518uu2026-02-10-23-52-24-2420888.jpg","datePublished":"2026-02-10T23:54:32+00:00","author":{"@id":"https:\/\/portaltela.pt\/#\/schema\/person\/c4278d4a6028830caff9ee44b42d32ed"},"breadcrumb":{"@id":"https:\/\/portaltela.pt\/noticias\/2026\/02\/10\/cac-lanca-campanha-de-apoio-a-equipa-de-goalball-na-champions\/#breadcrumb"},"inLanguage":"pt-PT","potentialAction":[{"@type":"ReadAction","target":["https:\/\/portaltela.pt\/noticias\/2026\/02\/10\/cac-lanca-campanha-de-apoio-a-equipa-de-goalball-na-champions\/"]}]},{"@type":"ImageObject","inLanguage":"pt-PT","@id":"https:\/\/portaltela.pt\/noticias\/2026\/02\/10\/cac-lanca-campanha-de-apoio-a-equipa-de-goalball-na-champions\/#primaryimage","url":"https:\/\/portaltela.pt\/s.01k8rhncp4jt1\/2026\/02\/img_920x518uu2026-02-10-23-52-24-2420888.jpg","contentUrl":"https:\/\/portaltela.pt\/s.01k8rhncp4jt1\/2026\/02\/img_920x518uu2026-02-10-23-52-24-2420888.jpg","width":796,"height":448,"caption":"Equipa de desporto alinhada num campo de jogo interior"},{"@type":"BreadcrumbList","@id":"https:\/\/portaltela.pt\/noticias\/2026\/02\/10\/cac-lanca-campanha-de-apoio-a-equipa-de-goalball-na-champions\/#breadcrumb","itemListElement":[{"@type":"ListItem","position":1,"name":"In\u00edcio","item":"https:\/\/portaltela.pt\/"},{"@type":"ListItem","position":2,"name":"CAC lan\u00e7a campanha de apoio \u00e0 equipa de goalball na Champions"}]},{"@type":"WebSite","@id":"https:\/\/portaltela.pt\/#website","url":"https:\/\/portaltela.pt\/","name":"Portal Tela Portugal","description":"","potentialAction":[{"@type":"SearchAction","target":{"@type":"EntryPoint","urlTemplate":"https:\/\/portaltela.pt\/?s={search_term_string}"},"query-input":{"@type":"PropertyValueSpecification","valueRequired":true,"valueName":"search_term_string"}}],"inLanguage":"pt-PT"},{"@type":"Person","@id":"https:\/\/portaltela.pt\/#\/schema\/person\/c4278d4a6028830caff9ee44b42d32ed","name":"Telinha","image":{"@type":"ImageObject","inLanguage":"pt-PT","@id":"https:\/\/portaltela.pt\/s.01k8rhncp4jt1\/2025\/11\/talking-bot-125x125.png","url":"https:\/\/portaltela.pt\/s.01k8rhncp4jt1\/2025\/11\/talking-bot-125x125.png","contentUrl":"https:\/\/portaltela.pt\/s.01k8rhncp4jt1\/2025\/11\/talking-bot-125x125.png","caption":"Telinha"},"sameAs":["https:\/\/portaltela.pt\/"],"url":"https:\/\/portaltela.pt\/por\/367410592786\/"}]}},"_links":{"self":[{"href":"https:\/\/portaltela.pt\/api\/wp\/v2\/posts\/207527","targetHints":{"allow":["GET"]}}],"collection":[{"href":"https:\/\/portaltela.pt\/api\/wp\/v2\/posts"}],"about":[{"href":"https:\/\/portaltela.pt\/api\/wp\/v2\/types\/post"}],"author":[{"embeddable":true,"href":"https:\/\/portaltela.pt\/api\/wp\/v2\/users\/2"}],"replies":[{"embeddable":true,"href":"https:\/\/portaltela.pt\/api\/wp\/v2\/comments?post=207527"}],"version-history":[{"count":0,"href":"https:\/\/portaltela.pt\/api\/wp\/v2\/posts\/207527\/revisions"}],"wp:featuredmedia":[{"embeddable":true,"href":"https:\/\/portaltela.pt\/api\/wp\/v2\/media\/207533"}],"wp:attachment":[{"href":"https:\/\/portaltela.pt\/api\/wp\/v2\/media?parent=207527"}],"wp:term":[{"taxonomy":"category","embeddable":true,"href":"https:\/\/portaltela.pt\/api\/wp\/v2\/categories?post=207527"},{"taxonomy":"post_tag","embeddable":true,"href":"https:\/\/portaltela.pt\/api\/wp\/v2\/tags?post=207527"}],"curies":[{"name":"wp","href":"https:\/\/api.w.org\/{rel}","templated":true}]}}