{"id":207525,"date":"2026-02-10T20:54:19","date_gmt":"2026-02-10T23:54:19","guid":{"rendered":"https:\/\/portaltela.pt\/noticias\/2026\/02\/10\/marcelo-condecora-lidia-jorge-e-elogia-a-por-defender-o-escritor-como-cidadao\/"},"modified":"2026-02-10T20:54:19","modified_gmt":"2026-02-10T23:54:19","slug":"marcelo-condecora-lidia-jorge-e-elogia-a-por-defender-o-escritor-como-cidadao","status":"publish","type":"post","link":"https:\/\/portaltela.pt\/noticias\/2026\/02\/10\/marcelo-condecora-lidia-jorge-e-elogia-a-por-defender-o-escritor-como-cidadao\/","title":{"rendered":"Marcelo condecora L\u00eddia Jorge e elogia-a por defender o escritor como cidad\u00e3o"},"content":{"rendered":"<p>O Presidente da Rep\u00fablica condecorou L\u00eddia Jorge com a gr\u00e3-cruz da Ordem de Sant&#8217;Apostol da Espada, durante a entrega do Pr\u00e9mio Pessoa 2025. A cerim\u00f3nia decorreu na Culturgest, em Lisboa, onde o chefe de Estado elogiou a autora pela sua liga\u00e7\u00e3o \u00e0 realidade nacional.<\/p>\n<p>A entrega do pr\u00e9mio antecedeu a distin\u00e7\u00e3o, que reconhece m\u00e9rito liter\u00e1rio e cultural. L\u00eddia Jorge agradeceu a presen\u00e7a e as palavras de Marcelo Rebelo de Sousa, destacando a import\u00e2ncia do apoio \u00e0 cultura em Portugal.<\/p>\n<h3>Reconhecimento de uma carreira<\/h3>\n<p>O Presidente sublinhou o envolvimento direto da escritora na vida pol\u00edtica e social portuguesa, como conselheira de Estado e nas comemora\u00e7\u00f5es do 10 de Junho. Disse que o seu discurso p\u00fablico refor\u00e7ou a sua figura p\u00fablica.<\/p>\n<p>O chefe de Estado afirmou que a obra de L\u00eddia Jorge expressa inquietude social e compromisso c\u00edvico, assentes na palavra e na responsabilidade cultural. Enquadrou a sua obra numa vis\u00e3o nacional da Hist\u00f3ria.<\/p>\n<h3>Contexto institucional<\/h3>\n<p>Marcelo Rebelo de Sousa destacou Portugal como pa\u00eds de comunidades migrantes, com muitas hist\u00f3rias por falar. Enfatizou a necessidade de reconhecer a diversidade e rejeitar o divisionismo de mem\u00f3ria.<\/p>\n<p>A cerim\u00f3nia enquadrou-se na atribui\u00e7\u00e3o do Pr\u00e9mio Pessoa pelo Expresso, com patroc\u00ednio da Caixa Geral de Dep\u00f3sitos. O pr\u00e9mio premia talento nacional nas \u00e1reas cultural, liter\u00e1ria, cient\u00edfica ou art\u00edstica.<\/p>\n<h3>Nota final<\/h3>\n<p>O Presidente recordou ainda a mem\u00f3ria de Francisco Pinto Balsem\u00e3o, criador do pr\u00e9mio, associado \u00e0 ideia de reconhecer talento nacional. Marcelo Rebelo de Sousa concluiu o discurso refor\u00e7ando o papel da cultura em Portugal.<\/p>\n","protected":false},"excerpt":{"rendered":"<ul>\n<li>O presidente da Rep\u00fablica condecorou L\u00eddia Jorge com a gr\u00e3-cruz da Ordem de Sant\u2019Iago da Espada, ap\u00f3s lhe entregar o Pr\u00e9mio Pessoa 2025, numa cerim\u00f3nia na Culturgest, em Lisboa.<\/li>\n<li>Marcelo Rebelo de Sousa elogiou a autora pela sua interven\u00e7\u00e3o p\u00fablica e pelo papel de \u201cconselheira de Estado\u201d e nas celebra\u00e7\u00f5es do 10 de Junho.<\/li>\n<li>L\u00eddia Jorge agradeceu ao Presidente, destacando a sua capacidade de explicar a engrenagem da democracia e o valor da cultura ao povo.<\/li>\n<li>O Presidente afirmou que o discurso p\u00fablico da escritora alargou a perce\u00e7\u00e3o da sua figura e do seu empenho, indo al\u00e9m do p\u00fablico da fic\u00e7\u00e3o portuguesa.<\/li>\n<li>Foi sublinhada a diversidade de comunidades em Portugal, o papel de escritores como cidad\u00e3os e o compromisso social e humano presente nos seus livros.<\/li>\n<\/ul>\n","protected":false},"author":2,"featured_media":207528,"comment_status":"closed","ping_status":"closed","sticky":false,"template":"","format":"standard","meta":{"footnotes":""},"categories":[1],"tags":[4263,145,981,106,1014,3545],"class_list":["post-207525","post","type-post","status-publish","format-standard","has-post-thumbnail","hentry","category-noticias","tag-condecoracoes-honorificas","tag-cultura","tag-lisboa","tag-literatura","tag-portugal","tag-premios"],"yoast_head":"<!-- This site is optimized with the Yoast SEO plugin v27.2 - https:\/\/yoast.com\/product\/yoast-seo-wordpress\/ -->\n<title>Marcelo condecora L\u00eddia Jorge e elogia-a por defender o escritor como cidad\u00e3o - Portal Tela Portugal<\/title>\n<meta name=\"robots\" content=\"index, follow, max-snippet:-1, max-image-preview:large, max-video-preview:-1\" \/>\n<meta property=\"og:locale\" content=\"pt_PT\" \/>\n<meta property=\"og:type\" content=\"article\" \/>\n<meta property=\"og:title\" content=\"Marcelo condecora L\u00eddia Jorge e elogia-a por defender o escritor como cidad\u00e3o - Portal Tela Portugal\" \/>\n<meta property=\"og:description\" content=\"O presidente da Rep\u00fablica condecorou L\u00eddia Jorge com a gr\u00e3-cruz da Ordem de Sant\u2019Iago da Espada, ap\u00f3s lhe entregar o Pr\u00e9mio Pessoa 2025, numa cerim\u00f3nia na Culturgest, em Lisboa. Marcelo Rebelo de Sousa elogiou a autora pela sua interven\u00e7\u00e3o p\u00fablica e pelo papel de \u201cconselheira de Estado\u201d e nas celebra\u00e7\u00f5es do 10 de Junho. L\u00eddia Jorge agradeceu ao Presidente, destacando a sua capacidade de explicar a engrenagem da democracia e o valor da cultura ao povo. O Presidente afirmou que o discurso p\u00fablico da escritora alargou a perce\u00e7\u00e3o da sua figura e do seu empenho, indo al\u00e9m do p\u00fablico da fic\u00e7\u00e3o portuguesa. Foi sublinhada a diversidade de comunidades em Portugal, o papel de escritores como cidad\u00e3os e o compromisso social e humano presente nos seus livros.\" \/>\n<meta property=\"og:url\" content=\"https:\/\/portaltela.pt\/noticias\/2026\/02\/10\/marcelo-condecora-lidia-jorge-e-elogia-a-por-defender-o-escritor-como-cidadao\/\" \/>\n<meta property=\"og:site_name\" content=\"Portal Tela Portugal\" \/>\n<meta property=\"article:published_time\" content=\"2026-02-10T23:54:19+00:00\" \/>\n<meta name=\"author\" content=\"Telinha\" \/>\n<meta name=\"twitter:card\" content=\"summary_large_image\" \/>\n<meta name=\"twitter:label1\" content=\"Escrito por\" \/>\n\t<meta name=\"twitter:data1\" content=\"Telinha\" \/>\n\t<meta name=\"twitter:label2\" content=\"Tempo estimado de leitura\" \/>\n\t<meta name=\"twitter:data2\" content=\"1 minuto\" \/>\n<script type=\"application\/ld+json\" class=\"yoast-schema-graph\">{\"@context\":\"https:\/\/schema.org\",\"@graph\":[{\"@type\":\"Article\",\"@id\":\"https:\/\/portaltela.pt\/noticias\/2026\/02\/10\/marcelo-condecora-lidia-jorge-e-elogia-a-por-defender-o-escritor-como-cidadao\/#article\",\"isPartOf\":{\"@id\":\"https:\/\/portaltela.pt\/noticias\/2026\/02\/10\/marcelo-condecora-lidia-jorge-e-elogia-a-por-defender-o-escritor-como-cidadao\/\"},\"author\":{\"name\":\"Telinha\",\"@id\":\"https:\/\/portaltela.pt\/#\/schema\/person\/c4278d4a6028830caff9ee44b42d32ed\"},\"headline\":\"Marcelo condecora L\u00eddia Jorge e elogia-a por defender o escritor como cidad\u00e3o\",\"datePublished\":\"2026-02-10T23:54:19+00:00\",\"mainEntityOfPage\":{\"@id\":\"https:\/\/portaltela.pt\/noticias\/2026\/02\/10\/marcelo-condecora-lidia-jorge-e-elogia-a-por-defender-o-escritor-como-cidadao\/\"},\"wordCount\":296,\"image\":{\"@id\":\"https:\/\/portaltela.pt\/noticias\/2026\/02\/10\/marcelo-condecora-lidia-jorge-e-elogia-a-por-defender-o-escritor-como-cidadao\/#primaryimage\"},\"thumbnailUrl\":\"https:\/\/portaltela.pt\/s.01k8rhncp4jt1\/2026\/02\/img_1500x1000uu2025-06-10-18-50-27-2215439.jpg\",\"keywords\":[\"condecora\u00e7\u00f5es honor\u00edficas\",\"cultura\",\"Lisboa\",\"literatura\",\"Portugal\",\"pr\u00e9mios\"],\"articleSection\":[\"Not\u00edcias\"],\"inLanguage\":\"pt-PT\"},{\"@type\":\"WebPage\",\"@id\":\"https:\/\/portaltela.pt\/noticias\/2026\/02\/10\/marcelo-condecora-lidia-jorge-e-elogia-a-por-defender-o-escritor-como-cidadao\/\",\"url\":\"https:\/\/portaltela.pt\/noticias\/2026\/02\/10\/marcelo-condecora-lidia-jorge-e-elogia-a-por-defender-o-escritor-como-cidadao\/\",\"name\":\"Marcelo condecora L\u00eddia Jorge e elogia-a por defender o escritor como cidad\u00e3o - Portal Tela Portugal\",\"isPartOf\":{\"@id\":\"https:\/\/portaltela.pt\/#website\"},\"primaryImageOfPage\":{\"@id\":\"https:\/\/portaltela.pt\/noticias\/2026\/02\/10\/marcelo-condecora-lidia-jorge-e-elogia-a-por-defender-o-escritor-como-cidadao\/#primaryimage\"},\"image\":{\"@id\":\"https:\/\/portaltela.pt\/noticias\/2026\/02\/10\/marcelo-condecora-lidia-jorge-e-elogia-a-por-defender-o-escritor-como-cidadao\/#primaryimage\"},\"thumbnailUrl\":\"https:\/\/portaltela.pt\/s.01k8rhncp4jt1\/2026\/02\/img_1500x1000uu2025-06-10-18-50-27-2215439.jpg\",\"datePublished\":\"2026-02-10T23:54:19+00:00\",\"author\":{\"@id\":\"https:\/\/portaltela.pt\/#\/schema\/person\/c4278d4a6028830caff9ee44b42d32ed\"},\"breadcrumb\":{\"@id\":\"https:\/\/portaltela.pt\/noticias\/2026\/02\/10\/marcelo-condecora-lidia-jorge-e-elogia-a-por-defender-o-escritor-como-cidadao\/#breadcrumb\"},\"inLanguage\":\"pt-PT\",\"potentialAction\":[{\"@type\":\"ReadAction\",\"target\":[\"https:\/\/portaltela.pt\/noticias\/2026\/02\/10\/marcelo-condecora-lidia-jorge-e-elogia-a-por-defender-o-escritor-como-cidadao\/\"]}]},{\"@type\":\"ImageObject\",\"inLanguage\":\"pt-PT\",\"@id\":\"https:\/\/portaltela.pt\/noticias\/2026\/02\/10\/marcelo-condecora-lidia-jorge-e-elogia-a-por-defender-o-escritor-como-cidadao\/#primaryimage\",\"url\":\"https:\/\/portaltela.pt\/s.01k8rhncp4jt1\/2026\/02\/img_1500x1000uu2025-06-10-18-50-27-2215439.jpg\",\"contentUrl\":\"https:\/\/portaltela.pt\/s.01k8rhncp4jt1\/2026\/02\/img_1500x1000uu2025-06-10-18-50-27-2215439.jpg\",\"width\":796,\"height\":448,\"caption\":\"Presidente da Rep\u00fablica elogiou o \\\"envolvimento mais direto\\\" de L\u00eddia Jorge \\\"com a realidade pol\u00edtica e social portuguesa\\\"\"},{\"@type\":\"BreadcrumbList\",\"@id\":\"https:\/\/portaltela.pt\/noticias\/2026\/02\/10\/marcelo-condecora-lidia-jorge-e-elogia-a-por-defender-o-escritor-como-cidadao\/#breadcrumb\",\"itemListElement\":[{\"@type\":\"ListItem\",\"position\":1,\"name\":\"In\u00edcio\",\"item\":\"https:\/\/portaltela.pt\/\"},{\"@type\":\"ListItem\",\"position\":2,\"name\":\"Marcelo condecora L\u00eddia Jorge e elogia-a por defender o escritor como cidad\u00e3o\"}]},{\"@type\":\"WebSite\",\"@id\":\"https:\/\/portaltela.pt\/#website\",\"url\":\"https:\/\/portaltela.pt\/\",\"name\":\"Portal Tela Portugal\",\"description\":\"\",\"potentialAction\":[{\"@type\":\"SearchAction\",\"target\":{\"@type\":\"EntryPoint\",\"urlTemplate\":\"https:\/\/portaltela.pt\/?s={search_term_string}\"},\"query-input\":{\"@type\":\"PropertyValueSpecification\",\"valueRequired\":true,\"valueName\":\"search_term_string\"}}],\"inLanguage\":\"pt-PT\"},{\"@type\":\"Person\",\"@id\":\"https:\/\/portaltela.pt\/#\/schema\/person\/c4278d4a6028830caff9ee44b42d32ed\",\"name\":\"Telinha\",\"image\":{\"@type\":\"ImageObject\",\"inLanguage\":\"pt-PT\",\"@id\":\"https:\/\/portaltela.pt\/s.01k8rhncp4jt1\/2025\/11\/talking-bot-125x125.png\",\"url\":\"https:\/\/portaltela.pt\/s.01k8rhncp4jt1\/2025\/11\/talking-bot-125x125.png\",\"contentUrl\":\"https:\/\/portaltela.pt\/s.01k8rhncp4jt1\/2025\/11\/talking-bot-125x125.png\",\"caption\":\"Telinha\"},\"sameAs\":[\"https:\/\/portaltela.pt\/\"],\"url\":\"https:\/\/portaltela.pt\/por\/367410592786\/\"}]}<\/script>\n<!-- \/ Yoast SEO plugin. -->","yoast_head_json":{"title":"Marcelo condecora L\u00eddia Jorge e elogia-a por defender o escritor como cidad\u00e3o - Portal Tela Portugal","robots":{"index":"index","follow":"follow","max-snippet":"max-snippet:-1","max-image-preview":"max-image-preview:large","max-video-preview":"max-video-preview:-1"},"og_locale":"pt_PT","og_type":"article","og_title":"Marcelo condecora L\u00eddia Jorge e elogia-a por defender o escritor como cidad\u00e3o - Portal Tela Portugal","og_description":"O presidente da Rep\u00fablica condecorou L\u00eddia Jorge com a gr\u00e3-cruz da Ordem de Sant\u2019Iago da Espada, ap\u00f3s lhe entregar o Pr\u00e9mio Pessoa 2025, numa cerim\u00f3nia na Culturgest, em Lisboa. Marcelo Rebelo de Sousa elogiou a autora pela sua interven\u00e7\u00e3o p\u00fablica e pelo papel de \u201cconselheira de Estado\u201d e nas celebra\u00e7\u00f5es do 10 de Junho. L\u00eddia Jorge agradeceu ao Presidente, destacando a sua capacidade de explicar a engrenagem da democracia e o valor da cultura ao povo. O Presidente afirmou que o discurso p\u00fablico da escritora alargou a perce\u00e7\u00e3o da sua figura e do seu empenho, indo al\u00e9m do p\u00fablico da fic\u00e7\u00e3o portuguesa. Foi sublinhada a diversidade de comunidades em Portugal, o papel de escritores como cidad\u00e3os e o compromisso social e humano presente nos seus livros.","og_url":"https:\/\/portaltela.pt\/noticias\/2026\/02\/10\/marcelo-condecora-lidia-jorge-e-elogia-a-por-defender-o-escritor-como-cidadao\/","og_site_name":"Portal Tela Portugal","article_published_time":"2026-02-10T23:54:19+00:00","author":"Telinha","twitter_card":"summary_large_image","twitter_misc":{"Escrito por":"Telinha","Tempo estimado de leitura":"1 minuto"},"schema":{"@context":"https:\/\/schema.org","@graph":[{"@type":"Article","@id":"https:\/\/portaltela.pt\/noticias\/2026\/02\/10\/marcelo-condecora-lidia-jorge-e-elogia-a-por-defender-o-escritor-como-cidadao\/#article","isPartOf":{"@id":"https:\/\/portaltela.pt\/noticias\/2026\/02\/10\/marcelo-condecora-lidia-jorge-e-elogia-a-por-defender-o-escritor-como-cidadao\/"},"author":{"name":"Telinha","@id":"https:\/\/portaltela.pt\/#\/schema\/person\/c4278d4a6028830caff9ee44b42d32ed"},"headline":"Marcelo condecora L\u00eddia Jorge e elogia-a por defender o escritor como cidad\u00e3o","datePublished":"2026-02-10T23:54:19+00:00","mainEntityOfPage":{"@id":"https:\/\/portaltela.pt\/noticias\/2026\/02\/10\/marcelo-condecora-lidia-jorge-e-elogia-a-por-defender-o-escritor-como-cidadao\/"},"wordCount":296,"image":{"@id":"https:\/\/portaltela.pt\/noticias\/2026\/02\/10\/marcelo-condecora-lidia-jorge-e-elogia-a-por-defender-o-escritor-como-cidadao\/#primaryimage"},"thumbnailUrl":"https:\/\/portaltela.pt\/s.01k8rhncp4jt1\/2026\/02\/img_1500x1000uu2025-06-10-18-50-27-2215439.jpg","keywords":["condecora\u00e7\u00f5es honor\u00edficas","cultura","Lisboa","literatura","Portugal","pr\u00e9mios"],"articleSection":["Not\u00edcias"],"inLanguage":"pt-PT"},{"@type":"WebPage","@id":"https:\/\/portaltela.pt\/noticias\/2026\/02\/10\/marcelo-condecora-lidia-jorge-e-elogia-a-por-defender-o-escritor-como-cidadao\/","url":"https:\/\/portaltela.pt\/noticias\/2026\/02\/10\/marcelo-condecora-lidia-jorge-e-elogia-a-por-defender-o-escritor-como-cidadao\/","name":"Marcelo condecora L\u00eddia Jorge e elogia-a por defender o escritor como cidad\u00e3o - Portal Tela Portugal","isPartOf":{"@id":"https:\/\/portaltela.pt\/#website"},"primaryImageOfPage":{"@id":"https:\/\/portaltela.pt\/noticias\/2026\/02\/10\/marcelo-condecora-lidia-jorge-e-elogia-a-por-defender-o-escritor-como-cidadao\/#primaryimage"},"image":{"@id":"https:\/\/portaltela.pt\/noticias\/2026\/02\/10\/marcelo-condecora-lidia-jorge-e-elogia-a-por-defender-o-escritor-como-cidadao\/#primaryimage"},"thumbnailUrl":"https:\/\/portaltela.pt\/s.01k8rhncp4jt1\/2026\/02\/img_1500x1000uu2025-06-10-18-50-27-2215439.jpg","datePublished":"2026-02-10T23:54:19+00:00","author":{"@id":"https:\/\/portaltela.pt\/#\/schema\/person\/c4278d4a6028830caff9ee44b42d32ed"},"breadcrumb":{"@id":"https:\/\/portaltela.pt\/noticias\/2026\/02\/10\/marcelo-condecora-lidia-jorge-e-elogia-a-por-defender-o-escritor-como-cidadao\/#breadcrumb"},"inLanguage":"pt-PT","potentialAction":[{"@type":"ReadAction","target":["https:\/\/portaltela.pt\/noticias\/2026\/02\/10\/marcelo-condecora-lidia-jorge-e-elogia-a-por-defender-o-escritor-como-cidadao\/"]}]},{"@type":"ImageObject","inLanguage":"pt-PT","@id":"https:\/\/portaltela.pt\/noticias\/2026\/02\/10\/marcelo-condecora-lidia-jorge-e-elogia-a-por-defender-o-escritor-como-cidadao\/#primaryimage","url":"https:\/\/portaltela.pt\/s.01k8rhncp4jt1\/2026\/02\/img_1500x1000uu2025-06-10-18-50-27-2215439.jpg","contentUrl":"https:\/\/portaltela.pt\/s.01k8rhncp4jt1\/2026\/02\/img_1500x1000uu2025-06-10-18-50-27-2215439.jpg","width":796,"height":448,"caption":"Presidente da Rep\u00fablica elogiou o \"envolvimento mais direto\" de L\u00eddia Jorge \"com a realidade pol\u00edtica e social portuguesa\""},{"@type":"BreadcrumbList","@id":"https:\/\/portaltela.pt\/noticias\/2026\/02\/10\/marcelo-condecora-lidia-jorge-e-elogia-a-por-defender-o-escritor-como-cidadao\/#breadcrumb","itemListElement":[{"@type":"ListItem","position":1,"name":"In\u00edcio","item":"https:\/\/portaltela.pt\/"},{"@type":"ListItem","position":2,"name":"Marcelo condecora L\u00eddia Jorge e elogia-a por defender o escritor como cidad\u00e3o"}]},{"@type":"WebSite","@id":"https:\/\/portaltela.pt\/#website","url":"https:\/\/portaltela.pt\/","name":"Portal Tela Portugal","description":"","potentialAction":[{"@type":"SearchAction","target":{"@type":"EntryPoint","urlTemplate":"https:\/\/portaltela.pt\/?s={search_term_string}"},"query-input":{"@type":"PropertyValueSpecification","valueRequired":true,"valueName":"search_term_string"}}],"inLanguage":"pt-PT"},{"@type":"Person","@id":"https:\/\/portaltela.pt\/#\/schema\/person\/c4278d4a6028830caff9ee44b42d32ed","name":"Telinha","image":{"@type":"ImageObject","inLanguage":"pt-PT","@id":"https:\/\/portaltela.pt\/s.01k8rhncp4jt1\/2025\/11\/talking-bot-125x125.png","url":"https:\/\/portaltela.pt\/s.01k8rhncp4jt1\/2025\/11\/talking-bot-125x125.png","contentUrl":"https:\/\/portaltela.pt\/s.01k8rhncp4jt1\/2025\/11\/talking-bot-125x125.png","caption":"Telinha"},"sameAs":["https:\/\/portaltela.pt\/"],"url":"https:\/\/portaltela.pt\/por\/367410592786\/"}]}},"_links":{"self":[{"href":"https:\/\/portaltela.pt\/api\/wp\/v2\/posts\/207525","targetHints":{"allow":["GET"]}}],"collection":[{"href":"https:\/\/portaltela.pt\/api\/wp\/v2\/posts"}],"about":[{"href":"https:\/\/portaltela.pt\/api\/wp\/v2\/types\/post"}],"author":[{"embeddable":true,"href":"https:\/\/portaltela.pt\/api\/wp\/v2\/users\/2"}],"replies":[{"embeddable":true,"href":"https:\/\/portaltela.pt\/api\/wp\/v2\/comments?post=207525"}],"version-history":[{"count":0,"href":"https:\/\/portaltela.pt\/api\/wp\/v2\/posts\/207525\/revisions"}],"wp:featuredmedia":[{"embeddable":true,"href":"https:\/\/portaltela.pt\/api\/wp\/v2\/media\/207528"}],"wp:attachment":[{"href":"https:\/\/portaltela.pt\/api\/wp\/v2\/media?parent=207525"}],"wp:term":[{"taxonomy":"category","embeddable":true,"href":"https:\/\/portaltela.pt\/api\/wp\/v2\/categories?post=207525"},{"taxonomy":"post_tag","embeddable":true,"href":"https:\/\/portaltela.pt\/api\/wp\/v2\/tags?post=207525"}],"curies":[{"name":"wp","href":"https:\/\/api.w.org\/{rel}","templated":true}]}}