{"id":207510,"date":"2026-02-10T20:37:17","date_gmt":"2026-02-10T23:37:17","guid":{"rendered":"https:\/\/portaltela.pt\/noticias\/2026\/02\/10\/moradores-do-bairro-do-matadouro-enfrentam-cortes-de-eletricidade-ha-18-meses\/"},"modified":"2026-02-10T20:37:17","modified_gmt":"2026-02-10T23:37:17","slug":"moradores-do-bairro-do-matadouro-enfrentam-cortes-de-eletricidade-ha-18-meses","status":"publish","type":"post","link":"https:\/\/portaltela.pt\/noticias\/2026\/02\/10\/moradores-do-bairro-do-matadouro-enfrentam-cortes-de-eletricidade-ha-18-meses\/","title":{"rendered":"Moradores do Bairro do Matadouro enfrentam cortes de eletricidade h\u00e1 18 meses"},"content":{"rendered":"<p>Moradores do Bairro do Matadouro, em Almada, afirmam viver h\u00e1 18 meses com cortes frequentes de eletricidade, em casa e na via p\u00fablica, sem perspetivas de resolu\u00e7\u00e3o. As queixas foram apresentadas na Assembleia Municipal de Almada.<\/p>\n<p>O problema j\u00e1 tinha sido discutido na reuni\u00e3o de c\u00e2mara de dezembro de 2025. A E-Redes alegou estar a realizar uma interven\u00e7\u00e3o estrutural na rede: substitui\u00e7\u00e3o e enterramento de rede a\u00e9rea para criar um circuito independente, com conclus\u00e3o prevista para dezembro.<\/p>\n<p>Segundo a empresa, as interrup\u00e7\u00f5es resultam de sobrecargas provocadas por liga\u00e7\u00f5es ilegais vindas do Bairro da Penajoia, o que compromete a estabilidade da rede na zona. A Penajoia \u00e9 um aglomerado habitacional ilegal em terrenos do IHRU.<\/p>\n<h3>Persist\u00eancia do problema<\/h3>\n<p>Poucos meses depois, os moradores dizem que as falhas continuam, incluindo cortes de luz nas pracetas do Matadouro. Em frente, no bairro Penajoia, a eletricidade continua dispon\u00edvel, o que agrava o sentimento de desigualdade entre as comunidades.<\/p>\n<p>Manifestantes destacaram que a interrup\u00e7\u00e3o afeta pelo menos 500 fam\u00edlias. Tamb\u00e9m foi criada uma peti\u00e7\u00e3o online para formar uma comiss\u00e3o parlamentar que analise o acesso \u00e0 energia no Matadouro.<\/p>\n<p>A presidente da C\u00e2mara Municipal de Almada, In\u00eas de Medeiros, referiu que o ministro das Infraestruturas e Habita\u00e7\u00e3o tinha garantido, em janeiro, a apresenta\u00e7\u00e3o de um plano, mas este n\u00e3o chegou. Deputados locais criticaram a autarquia pela aus\u00eancia de solu\u00e7\u00f5es r\u00e1pidas.<\/p>\n","protected":false},"excerpt":{"rendered":"<ul>\n<li>Moradores do Bairro do Matadouro, em Almada, denunciam cortes de luz h\u00e1 18 meses, com falhas quatro vezes por semana entre as 8h00 e as 23h00.<\/li>\n<li>A situa\u00e7\u00e3o foi levada \u00e0 Assembleia Municipal, onde a E-Redes disse estar a realizar uma interven\u00e7\u00e3o estrutural para criar um circuito independente, com conclus\u00e3o prevista para dezembro.<\/li>\n<li>Al\u00e9m dos cortes nas moradias, h\u00e1 falhas nas pracetas do bairro; no entanto, o bairro vizinho Penajoia continua com energia, apesar de ser uma area ilegal.<\/li>\n<li>A rede \u00e9 afetada por liga\u00e7\u00f5es ilegais da Penajoia, com impacto estimado em pelo menos 500 fam\u00edlias; h\u00e1 uma peti\u00e7\u00e3o online para criar uma comiss\u00e3o parlamentar sobre o tema.<\/li>\n<li>A presidente da C\u00e2mara Municipal de Almada, In\u00eas de Medeiros, referiu promessas n\u00e3o cumpridas de planos nacionais para Penajoia e Raposo; cr\u00edticas \u00e0 autarquia foram apresentadas durante o debate.<\/li>\n<\/ul>\n","protected":false},"author":2,"featured_media":207513,"comment_status":"closed","ping_status":"closed","sticky":false,"template":"","format":"standard","meta":{"footnotes":""},"categories":[1],"tags":[4729,1373,5483,5437,3732,150],"class_list":["post-207510","post","type-post","status-publish","format-standard","has-post-thumbnail","hentry","category-noticias","tag-abastecimento-de-energia","tag-almada","tag-assembleia-municipal","tag-desigualdades-sociais","tag-eletricidade","tag-habitacao"],"yoast_head":"<!-- This site is optimized with the Yoast SEO plugin v27.2 - https:\/\/yoast.com\/product\/yoast-seo-wordpress\/ -->\n<title>Moradores do Bairro do Matadouro enfrentam cortes de eletricidade h\u00e1 18 meses - Portal Tela Portugal<\/title>\n<meta name=\"robots\" content=\"index, follow, max-snippet:-1, max-image-preview:large, max-video-preview:-1\" \/>\n<meta property=\"og:locale\" content=\"pt_PT\" \/>\n<meta property=\"og:type\" content=\"article\" \/>\n<meta property=\"og:title\" content=\"Moradores do Bairro do Matadouro enfrentam cortes de eletricidade h\u00e1 18 meses - Portal Tela Portugal\" \/>\n<meta property=\"og:description\" content=\"Moradores do Bairro do Matadouro, em Almada, denunciam cortes de luz h\u00e1 18 meses, com falhas quatro vezes por semana entre as 8h00 e as 23h00. A situa\u00e7\u00e3o foi levada \u00e0 Assembleia Municipal, onde a E-Redes disse estar a realizar uma interven\u00e7\u00e3o estrutural para criar um circuito independente, com conclus\u00e3o prevista para dezembro. Al\u00e9m dos cortes nas moradias, h\u00e1 falhas nas pracetas do bairro; no entanto, o bairro vizinho Penajoia continua com energia, apesar de ser uma area ilegal. A rede \u00e9 afetada por liga\u00e7\u00f5es ilegais da Penajoia, com impacto estimado em pelo menos 500 fam\u00edlias; h\u00e1 uma peti\u00e7\u00e3o online para criar uma comiss\u00e3o parlamentar sobre o tema. A presidente da C\u00e2mara Municipal de Almada, In\u00eas de Medeiros, referiu promessas n\u00e3o cumpridas de planos nacionais para Penajoia e Raposo; cr\u00edticas \u00e0 autarquia foram apresentadas durante o debate.\" \/>\n<meta property=\"og:url\" content=\"https:\/\/portaltela.pt\/noticias\/2026\/02\/10\/moradores-do-bairro-do-matadouro-enfrentam-cortes-de-eletricidade-ha-18-meses\/\" \/>\n<meta property=\"og:site_name\" content=\"Portal Tela Portugal\" \/>\n<meta property=\"article:published_time\" content=\"2026-02-10T23:37:17+00:00\" \/>\n<meta name=\"author\" content=\"Telinha\" \/>\n<meta name=\"twitter:card\" content=\"summary_large_image\" \/>\n<meta name=\"twitter:label1\" content=\"Escrito por\" \/>\n\t<meta name=\"twitter:data1\" content=\"Telinha\" \/>\n\t<meta name=\"twitter:label2\" content=\"Tempo estimado de leitura\" \/>\n\t<meta name=\"twitter:data2\" content=\"1 minuto\" \/>\n<script type=\"application\/ld+json\" class=\"yoast-schema-graph\">{\"@context\":\"https:\/\/schema.org\",\"@graph\":[{\"@type\":\"Article\",\"@id\":\"https:\/\/portaltela.pt\/noticias\/2026\/02\/10\/moradores-do-bairro-do-matadouro-enfrentam-cortes-de-eletricidade-ha-18-meses\/#article\",\"isPartOf\":{\"@id\":\"https:\/\/portaltela.pt\/noticias\/2026\/02\/10\/moradores-do-bairro-do-matadouro-enfrentam-cortes-de-eletricidade-ha-18-meses\/\"},\"author\":{\"name\":\"Telinha\",\"@id\":\"https:\/\/portaltela.pt\/#\/schema\/person\/c4278d4a6028830caff9ee44b42d32ed\"},\"headline\":\"Moradores do Bairro do Matadouro enfrentam cortes de eletricidade h\u00e1 18 meses\",\"datePublished\":\"2026-02-10T23:37:17+00:00\",\"mainEntityOfPage\":{\"@id\":\"https:\/\/portaltela.pt\/noticias\/2026\/02\/10\/moradores-do-bairro-do-matadouro-enfrentam-cortes-de-eletricidade-ha-18-meses\/\"},\"wordCount\":255,\"image\":{\"@id\":\"https:\/\/portaltela.pt\/noticias\/2026\/02\/10\/moradores-do-bairro-do-matadouro-enfrentam-cortes-de-eletricidade-ha-18-meses\/#primaryimage\"},\"thumbnailUrl\":\"https:\/\/portaltela.pt\/s.01k8rhncp4jt1\/2026\/02\/img_1500x1000uu2009-10-12-19-38-00-157267.jpg\",\"keywords\":[\"abastecimento de energia\",\"Almada\",\"Assembleia Municipal\",\"desigualdades sociais\",\"eletricidade\",\"habita\u00e7\u00e3o\"],\"articleSection\":[\"Not\u00edcias\"],\"inLanguage\":\"pt-PT\"},{\"@type\":\"WebPage\",\"@id\":\"https:\/\/portaltela.pt\/noticias\/2026\/02\/10\/moradores-do-bairro-do-matadouro-enfrentam-cortes-de-eletricidade-ha-18-meses\/\",\"url\":\"https:\/\/portaltela.pt\/noticias\/2026\/02\/10\/moradores-do-bairro-do-matadouro-enfrentam-cortes-de-eletricidade-ha-18-meses\/\",\"name\":\"Moradores do Bairro do Matadouro enfrentam cortes de eletricidade h\u00e1 18 meses - Portal Tela Portugal\",\"isPartOf\":{\"@id\":\"https:\/\/portaltela.pt\/#website\"},\"primaryImageOfPage\":{\"@id\":\"https:\/\/portaltela.pt\/noticias\/2026\/02\/10\/moradores-do-bairro-do-matadouro-enfrentam-cortes-de-eletricidade-ha-18-meses\/#primaryimage\"},\"image\":{\"@id\":\"https:\/\/portaltela.pt\/noticias\/2026\/02\/10\/moradores-do-bairro-do-matadouro-enfrentam-cortes-de-eletricidade-ha-18-meses\/#primaryimage\"},\"thumbnailUrl\":\"https:\/\/portaltela.pt\/s.01k8rhncp4jt1\/2026\/02\/img_1500x1000uu2009-10-12-19-38-00-157267.jpg\",\"datePublished\":\"2026-02-10T23:37:17+00:00\",\"author\":{\"@id\":\"https:\/\/portaltela.pt\/#\/schema\/person\/c4278d4a6028830caff9ee44b42d32ed\"},\"breadcrumb\":{\"@id\":\"https:\/\/portaltela.pt\/noticias\/2026\/02\/10\/moradores-do-bairro-do-matadouro-enfrentam-cortes-de-eletricidade-ha-18-meses\/#breadcrumb\"},\"inLanguage\":\"pt-PT\",\"potentialAction\":[{\"@type\":\"ReadAction\",\"target\":[\"https:\/\/portaltela.pt\/noticias\/2026\/02\/10\/moradores-do-bairro-do-matadouro-enfrentam-cortes-de-eletricidade-ha-18-meses\/\"]}]},{\"@type\":\"ImageObject\",\"inLanguage\":\"pt-PT\",\"@id\":\"https:\/\/portaltela.pt\/noticias\/2026\/02\/10\/moradores-do-bairro-do-matadouro-enfrentam-cortes-de-eletricidade-ha-18-meses\/#primaryimage\",\"url\":\"https:\/\/portaltela.pt\/s.01k8rhncp4jt1\/2026\/02\/img_1500x1000uu2009-10-12-19-38-00-157267.jpg\",\"contentUrl\":\"https:\/\/portaltela.pt\/s.01k8rhncp4jt1\/2026\/02\/img_1500x1000uu2009-10-12-19-38-00-157267.jpg\",\"width\":796,\"height\":448,\"caption\":\"Moradores do Bairro do Matadouro h\u00e1 18 meses com cortes de eletricidade dizem viver \\\"um terror na escurid\u00e3o\\\"\"},{\"@type\":\"BreadcrumbList\",\"@id\":\"https:\/\/portaltela.pt\/noticias\/2026\/02\/10\/moradores-do-bairro-do-matadouro-enfrentam-cortes-de-eletricidade-ha-18-meses\/#breadcrumb\",\"itemListElement\":[{\"@type\":\"ListItem\",\"position\":1,\"name\":\"In\u00edcio\",\"item\":\"https:\/\/portaltela.pt\/\"},{\"@type\":\"ListItem\",\"position\":2,\"name\":\"Moradores do Bairro do Matadouro enfrentam cortes de eletricidade h\u00e1 18 meses\"}]},{\"@type\":\"WebSite\",\"@id\":\"https:\/\/portaltela.pt\/#website\",\"url\":\"https:\/\/portaltela.pt\/\",\"name\":\"Portal Tela Portugal\",\"description\":\"\",\"potentialAction\":[{\"@type\":\"SearchAction\",\"target\":{\"@type\":\"EntryPoint\",\"urlTemplate\":\"https:\/\/portaltela.pt\/?s={search_term_string}\"},\"query-input\":{\"@type\":\"PropertyValueSpecification\",\"valueRequired\":true,\"valueName\":\"search_term_string\"}}],\"inLanguage\":\"pt-PT\"},{\"@type\":\"Person\",\"@id\":\"https:\/\/portaltela.pt\/#\/schema\/person\/c4278d4a6028830caff9ee44b42d32ed\",\"name\":\"Telinha\",\"image\":{\"@type\":\"ImageObject\",\"inLanguage\":\"pt-PT\",\"@id\":\"https:\/\/portaltela.pt\/s.01k8rhncp4jt1\/2025\/11\/talking-bot-125x125.png\",\"url\":\"https:\/\/portaltela.pt\/s.01k8rhncp4jt1\/2025\/11\/talking-bot-125x125.png\",\"contentUrl\":\"https:\/\/portaltela.pt\/s.01k8rhncp4jt1\/2025\/11\/talking-bot-125x125.png\",\"caption\":\"Telinha\"},\"sameAs\":[\"https:\/\/portaltela.pt\/\"],\"url\":\"https:\/\/portaltela.pt\/por\/367410592786\/\"}]}<\/script>\n<!-- \/ Yoast SEO plugin. -->","yoast_head_json":{"title":"Moradores do Bairro do Matadouro enfrentam cortes de eletricidade h\u00e1 18 meses - Portal Tela Portugal","robots":{"index":"index","follow":"follow","max-snippet":"max-snippet:-1","max-image-preview":"max-image-preview:large","max-video-preview":"max-video-preview:-1"},"og_locale":"pt_PT","og_type":"article","og_title":"Moradores do Bairro do Matadouro enfrentam cortes de eletricidade h\u00e1 18 meses - Portal Tela Portugal","og_description":"Moradores do Bairro do Matadouro, em Almada, denunciam cortes de luz h\u00e1 18 meses, com falhas quatro vezes por semana entre as 8h00 e as 23h00. A situa\u00e7\u00e3o foi levada \u00e0 Assembleia Municipal, onde a E-Redes disse estar a realizar uma interven\u00e7\u00e3o estrutural para criar um circuito independente, com conclus\u00e3o prevista para dezembro. Al\u00e9m dos cortes nas moradias, h\u00e1 falhas nas pracetas do bairro; no entanto, o bairro vizinho Penajoia continua com energia, apesar de ser uma area ilegal. A rede \u00e9 afetada por liga\u00e7\u00f5es ilegais da Penajoia, com impacto estimado em pelo menos 500 fam\u00edlias; h\u00e1 uma peti\u00e7\u00e3o online para criar uma comiss\u00e3o parlamentar sobre o tema. A presidente da C\u00e2mara Municipal de Almada, In\u00eas de Medeiros, referiu promessas n\u00e3o cumpridas de planos nacionais para Penajoia e Raposo; cr\u00edticas \u00e0 autarquia foram apresentadas durante o debate.","og_url":"https:\/\/portaltela.pt\/noticias\/2026\/02\/10\/moradores-do-bairro-do-matadouro-enfrentam-cortes-de-eletricidade-ha-18-meses\/","og_site_name":"Portal Tela Portugal","article_published_time":"2026-02-10T23:37:17+00:00","author":"Telinha","twitter_card":"summary_large_image","twitter_misc":{"Escrito por":"Telinha","Tempo estimado de leitura":"1 minuto"},"schema":{"@context":"https:\/\/schema.org","@graph":[{"@type":"Article","@id":"https:\/\/portaltela.pt\/noticias\/2026\/02\/10\/moradores-do-bairro-do-matadouro-enfrentam-cortes-de-eletricidade-ha-18-meses\/#article","isPartOf":{"@id":"https:\/\/portaltela.pt\/noticias\/2026\/02\/10\/moradores-do-bairro-do-matadouro-enfrentam-cortes-de-eletricidade-ha-18-meses\/"},"author":{"name":"Telinha","@id":"https:\/\/portaltela.pt\/#\/schema\/person\/c4278d4a6028830caff9ee44b42d32ed"},"headline":"Moradores do Bairro do Matadouro enfrentam cortes de eletricidade h\u00e1 18 meses","datePublished":"2026-02-10T23:37:17+00:00","mainEntityOfPage":{"@id":"https:\/\/portaltela.pt\/noticias\/2026\/02\/10\/moradores-do-bairro-do-matadouro-enfrentam-cortes-de-eletricidade-ha-18-meses\/"},"wordCount":255,"image":{"@id":"https:\/\/portaltela.pt\/noticias\/2026\/02\/10\/moradores-do-bairro-do-matadouro-enfrentam-cortes-de-eletricidade-ha-18-meses\/#primaryimage"},"thumbnailUrl":"https:\/\/portaltela.pt\/s.01k8rhncp4jt1\/2026\/02\/img_1500x1000uu2009-10-12-19-38-00-157267.jpg","keywords":["abastecimento de energia","Almada","Assembleia Municipal","desigualdades sociais","eletricidade","habita\u00e7\u00e3o"],"articleSection":["Not\u00edcias"],"inLanguage":"pt-PT"},{"@type":"WebPage","@id":"https:\/\/portaltela.pt\/noticias\/2026\/02\/10\/moradores-do-bairro-do-matadouro-enfrentam-cortes-de-eletricidade-ha-18-meses\/","url":"https:\/\/portaltela.pt\/noticias\/2026\/02\/10\/moradores-do-bairro-do-matadouro-enfrentam-cortes-de-eletricidade-ha-18-meses\/","name":"Moradores do Bairro do Matadouro enfrentam cortes de eletricidade h\u00e1 18 meses - Portal Tela Portugal","isPartOf":{"@id":"https:\/\/portaltela.pt\/#website"},"primaryImageOfPage":{"@id":"https:\/\/portaltela.pt\/noticias\/2026\/02\/10\/moradores-do-bairro-do-matadouro-enfrentam-cortes-de-eletricidade-ha-18-meses\/#primaryimage"},"image":{"@id":"https:\/\/portaltela.pt\/noticias\/2026\/02\/10\/moradores-do-bairro-do-matadouro-enfrentam-cortes-de-eletricidade-ha-18-meses\/#primaryimage"},"thumbnailUrl":"https:\/\/portaltela.pt\/s.01k8rhncp4jt1\/2026\/02\/img_1500x1000uu2009-10-12-19-38-00-157267.jpg","datePublished":"2026-02-10T23:37:17+00:00","author":{"@id":"https:\/\/portaltela.pt\/#\/schema\/person\/c4278d4a6028830caff9ee44b42d32ed"},"breadcrumb":{"@id":"https:\/\/portaltela.pt\/noticias\/2026\/02\/10\/moradores-do-bairro-do-matadouro-enfrentam-cortes-de-eletricidade-ha-18-meses\/#breadcrumb"},"inLanguage":"pt-PT","potentialAction":[{"@type":"ReadAction","target":["https:\/\/portaltela.pt\/noticias\/2026\/02\/10\/moradores-do-bairro-do-matadouro-enfrentam-cortes-de-eletricidade-ha-18-meses\/"]}]},{"@type":"ImageObject","inLanguage":"pt-PT","@id":"https:\/\/portaltela.pt\/noticias\/2026\/02\/10\/moradores-do-bairro-do-matadouro-enfrentam-cortes-de-eletricidade-ha-18-meses\/#primaryimage","url":"https:\/\/portaltela.pt\/s.01k8rhncp4jt1\/2026\/02\/img_1500x1000uu2009-10-12-19-38-00-157267.jpg","contentUrl":"https:\/\/portaltela.pt\/s.01k8rhncp4jt1\/2026\/02\/img_1500x1000uu2009-10-12-19-38-00-157267.jpg","width":796,"height":448,"caption":"Moradores do Bairro do Matadouro h\u00e1 18 meses com cortes de eletricidade dizem viver \"um terror na escurid\u00e3o\""},{"@type":"BreadcrumbList","@id":"https:\/\/portaltela.pt\/noticias\/2026\/02\/10\/moradores-do-bairro-do-matadouro-enfrentam-cortes-de-eletricidade-ha-18-meses\/#breadcrumb","itemListElement":[{"@type":"ListItem","position":1,"name":"In\u00edcio","item":"https:\/\/portaltela.pt\/"},{"@type":"ListItem","position":2,"name":"Moradores do Bairro do Matadouro enfrentam cortes de eletricidade h\u00e1 18 meses"}]},{"@type":"WebSite","@id":"https:\/\/portaltela.pt\/#website","url":"https:\/\/portaltela.pt\/","name":"Portal Tela Portugal","description":"","potentialAction":[{"@type":"SearchAction","target":{"@type":"EntryPoint","urlTemplate":"https:\/\/portaltela.pt\/?s={search_term_string}"},"query-input":{"@type":"PropertyValueSpecification","valueRequired":true,"valueName":"search_term_string"}}],"inLanguage":"pt-PT"},{"@type":"Person","@id":"https:\/\/portaltela.pt\/#\/schema\/person\/c4278d4a6028830caff9ee44b42d32ed","name":"Telinha","image":{"@type":"ImageObject","inLanguage":"pt-PT","@id":"https:\/\/portaltela.pt\/s.01k8rhncp4jt1\/2025\/11\/talking-bot-125x125.png","url":"https:\/\/portaltela.pt\/s.01k8rhncp4jt1\/2025\/11\/talking-bot-125x125.png","contentUrl":"https:\/\/portaltela.pt\/s.01k8rhncp4jt1\/2025\/11\/talking-bot-125x125.png","caption":"Telinha"},"sameAs":["https:\/\/portaltela.pt\/"],"url":"https:\/\/portaltela.pt\/por\/367410592786\/"}]}},"_links":{"self":[{"href":"https:\/\/portaltela.pt\/api\/wp\/v2\/posts\/207510","targetHints":{"allow":["GET"]}}],"collection":[{"href":"https:\/\/portaltela.pt\/api\/wp\/v2\/posts"}],"about":[{"href":"https:\/\/portaltela.pt\/api\/wp\/v2\/types\/post"}],"author":[{"embeddable":true,"href":"https:\/\/portaltela.pt\/api\/wp\/v2\/users\/2"}],"replies":[{"embeddable":true,"href":"https:\/\/portaltela.pt\/api\/wp\/v2\/comments?post=207510"}],"version-history":[{"count":0,"href":"https:\/\/portaltela.pt\/api\/wp\/v2\/posts\/207510\/revisions"}],"wp:featuredmedia":[{"embeddable":true,"href":"https:\/\/portaltela.pt\/api\/wp\/v2\/media\/207513"}],"wp:attachment":[{"href":"https:\/\/portaltela.pt\/api\/wp\/v2\/media?parent=207510"}],"wp:term":[{"taxonomy":"category","embeddable":true,"href":"https:\/\/portaltela.pt\/api\/wp\/v2\/categories?post=207510"},{"taxonomy":"post_tag","embeddable":true,"href":"https:\/\/portaltela.pt\/api\/wp\/v2\/tags?post=207510"}],"curies":[{"name":"wp","href":"https:\/\/api.w.org\/{rel}","templated":true}]}}